{"id":2319,"date":"2023-02-21T11:55:55","date_gmt":"2023-02-21T11:55:55","guid":{"rendered":"https:\/\/megnyitasa.com\/blog\/?p=2319"},"modified":"2023-02-21T11:55:55","modified_gmt":"2023-02-21T11:55:55","slug":"mi-a-google-plus-google","status":"publish","type":"post","link":"https:\/\/megnyitasa.com\/blog\/mi-a-google-plus-google\/","title":{"rendered":"Mi a Google Plus &#8211; Google+?"},"content":{"rendered":"<p>A Google+ le\u00e1llt, \u00e9s 2019 \u00e1prilis\u00e1ra \u00e1ltal\u00e1nosan hozz\u00e1f\u00e9rhetetlenn\u00e9 v\u00e1lt, b\u00e1r alkot\u00f3 term\u00e9keinek darabjai m\u00e1s n\u00e9ven is kitartanak a G Suite-ban. Ezt a cikket 2011-t\u0151l meg\u0151rizz\u00fck, csak t\u00f6rt\u00e9nelmi hivatkoz\u00e1s c\u00e9lj\u00e1b\u00f3l.<\/p>\n<p>\nA Google Plus - n\u00e9ha a Google + st\u00edlus\u00fa - k\u00f6z\u00f6ss\u00e9gi h\u00e1l\u00f3zati szolg\u00e1ltat\u00e1s volt a Google-t\u00f3l. A Google+ 2011-ben indult sok rajong\u00e1ssal, mint a Facebook lehets\u00e9ges versenyt\u00e1rsa. Az \u00f6tlet meglehet\u0151sen hasonl\u00edt m\u00e1s k\u00f6z\u00f6ss\u00e9gi h\u00e1l\u00f3zati szolg\u00e1ltat\u00e1sokra, de a Google megpr\u00f3b\u00e1lta megk\u00fcl\u00f6nb\u00f6ztetni a Google+ szolg\u00e1ltat\u00e1st az\u00e1ltal, hogy nagyobb \u00e1tl\u00e1that\u00f3s\u00e1got biztos\u00edtott abban, hogy kivel oszt meg \u00e9s hogyan kommunik\u00e1l. Ezenk\u00edv\u00fcl integr\u00e1lta az \u00f6sszes Google-szolg\u00e1ltat\u00e1st, \u00e9s \u00faj Google-men\u00fcsort jelen\u00edt meg a t\u00f6bbi Google-szolg\u00e1ltat\u00e1sban, amikor be van jelentkezve egy Google-fi\u00f3kba.\n<\/p>\n<p class=\"gt-block\">\nA Google+ haszn\u00e1lja a Google keres\u0151motort, a Google profilokat \u00e9s a +1 gombot. A Google+ eredetileg a&nbsp;<strong>K\u00f6r\u00f6k<\/strong>, <strong>\u00d6sszeb\u00fajik<\/strong>, <strong>Hangouts,<\/strong> \u00e9s <strong>Sparks<\/strong>. A Huddle \u00e9s a Sparks v\u00e9g\u00fcl megsz\u0171nt.&nbsp;\n<\/p>\n<h2>  K\u00f6r\u00f6k  <\/h2>\n<p><img decoding=\"async\" class=\"postimg\" src=\"https:\/\/www.lifewire.com\/thmb\/pJS9NLQ3BR79lLB4-iwWkaDVf28=\/2400x1600\/filters:no_upscale():max_bytes(150000):strip_icc()\/g-plus-logo-d93f702abf37428e96d05d2449931030.jpg\"><\/p>\n<p>Google&nbsp;<\/p>\n<p>\nA k\u00f6r\u00f6k csak a szem\u00e9lyre szabott t\u00e1rsadalmi k\u00f6r\u00f6k l\u00e9trehoz\u00e1s\u00e1nak egyik m\u00f3dja, f\u00fcggetlen\u00fcl att\u00f3l, hogy a munka vagy a szem\u00e9lyes tev\u00e9kenys\u00e9gek k\u00f6z\u00e9ppontj\u00e1ban \u00e1llnak-e. Ahelyett, hogy az \u00f6sszes friss\u00edt\u00e9st t\u00f6bb sz\u00e1z vagy ezres k\u00f6z\u00f6ns\u00e9ggel megosztan\u00e1, a szolg\u00e1ltat\u00e1s c\u00e9lja a kisebb csoportokkal val\u00f3 megoszt\u00e1s szem\u00e9lyre szab\u00e1sa. Hasonl\u00f3 funkci\u00f3k m\u00e1r el\u00e9rhet\u0151k a Facebook sz\u00e1m\u00e1ra, b\u00e1r a Facebook n\u00e9ha kev\u00e9sb\u00e9 \u00e1tl\u00e1that\u00f3 a megoszt\u00e1si be\u00e1ll\u00edt\u00e1saiban.\n<\/p>\n<p>\nP\u00e9ld\u00e1ul valaki m\u00e1s bejegyz\u00e9s\u00e9nek komment\u00e1l\u00e1sa a Facebookon gyakran lehet\u0151v\u00e9 teszi a bar\u00e1tok bar\u00e1tai sz\u00e1m\u00e1ra, hogy megn\u00e9zzenek egy bejegyz\u00e9st, \u00e9s kommenteket is k\u00edn\u00e1lnak. A Google+ szolg\u00e1ltat\u00e1sban egy bejegyz\u00e9s alap\u00e9rtelmez\u00e9s szerint nem v\u00e1lik l\u00e1that\u00f3v\u00e1 azok sz\u00e1m\u00e1ra, akik eredetileg nem szerepeltek abban a k\u00f6rben, amelyben megosztott\u00e1k \u0151ket. A Google+ felhaszn\u00e1l\u00f3i d\u00f6nthetnek \u00fagy is, hogy a nyilv\u00e1nos h\u00edrcsatorn\u00e1kat mindenki sz\u00e1m\u00e1ra l\u00e1that\u00f3v\u00e1 teszik (m\u00e9g a fi\u00f3k n\u00e9lk\u00fcliok sz\u00e1m\u00e1ra is), \u00e9s nyitottak a t\u00f6bbi Google+ felhaszn\u00e1l\u00f3 megjegyz\u00e9s\u00e9re.\n<\/p>\n<h2>  Hangouts  <\/h2>\n<p>\nA Hangouts csak videocseveg\u00e9s \u00e9s azonnali \u00fczenetk\u00fcld\u00e9s. Ind\u00edtson t\u00e1rsalg\u00f3t telefonj\u00e1r\u00f3l vagy asztali g\u00e9p\u00e9r\u0151l. A Hangouts ak\u00e1r t\u00edz felhaszn\u00e1l\u00f3 sz\u00e1m\u00e1ra is lehet\u0151v\u00e9 teszi a sz\u00f6veges vagy videocsoportos cseveg\u00e9st. Ez szint\u00e9n nem a Google+ egyedi jellemz\u0151je, de a megval\u00f3s\u00edt\u00e1s k\u00f6nnyebben haszn\u00e1lhat\u00f3, mint sok hasonl\u00f3 term\u00e9kn\u00e9l.\n<\/p>\n<p>\nA Google Hangouts nyilv\u00e1nosan is k\u00f6zvet\u00edthet\u0151 a YouTube-ra a Google Hangouts on Air seg\u00edts\u00e9g\u00e9vel.&nbsp;\n<\/p>\n<p>A Google szerint a Google Hangouts is le\u00e1ll 2020-ban. Teh\u00e1t, ha \u00fagy d\u00f6nt, hogy kipr\u00f3b\u00e1lja, ne ragaszkodjon hozz\u00e1 t\u00fals\u00e1gosan.<\/p>\n<h2>  Huddle and Sparks (t\u00f6r\u00f6lt funkci\u00f3k)  <\/h2>\n<p>\nA Huddle telefonos csoportos cseveg\u00e9s volt. A Sparks egy olyan funkci\u00f3 volt, amely alapvet\u00f5en mentett keres\u00e9st hozott l\u00e9tre, hogy a nyilv\u00e1nos h\u00edrcsatorn\u00e1kban megtal\u00e1lj\u00e1k az \u00e9rdekl\u00f5d\u00f5 \"szikr\u00e1kat\". Indul\u00e1skor er\u0151sen n\u00e9pszer\u0171s\u00edtett\u00e9k, de laposra esett.&nbsp;\n<\/p>\n<h2>  Google Fot\u00f3k  <\/h2>\n<p>\nA Google+ egyik legn\u00e9pszer\u0171bb funkci\u00f3ja az azonnali felt\u00f6lt\u00e9s kamer\u00e1s telefonokr\u00f3l \u00e9s a fot\u00f3szerkeszt\u00e9si lehet\u0151s\u00e9gek voltak. A Google sz\u00e1mos online k\u00e9pszerkeszt\u0151 c\u00e9get kannibaliz\u00e1lta ennek a funkci\u00f3nak a fejleszt\u00e9se \u00e9rdek\u00e9ben, de v\u00e9g\u00fcl a Google Fot\u00f3kat elv\u00e1lasztott\u00e1k a Google+-t\u00f3l, \u00e9s saj\u00e1t term\u00e9kk\u00e9 v\u00e1lt. A felt\u00f6lt\u00f6tt Google Fot\u00f3kat tov\u00e1bbra is haszn\u00e1lhatja \u00e9s k\u00f6zz\u00e9teheti a Google+ szolg\u00e1ltat\u00e1sban, \u00e9s megoszthatja azokat a be\u00e1ll\u00edtott k\u00f6r\u00f6k alapj\u00e1n. Ugyanakkor a Google Fot\u00f3k seg\u00edts\u00e9g\u00e9vel f\u00e9nyk\u00e9peket is megoszthat m\u00e1s k\u00f6z\u00f6ss\u00e9gi h\u00e1l\u00f3zatokkal, p\u00e9ld\u00e1ul a Facebook-szal \u00e9s az Instagram-szal.&nbsp;\n<\/p>\n<h2>  Bejelentkez\u00e9sek  <\/h2>\n<p>\nA Google+ lehet\u0151v\u00e9 teszi a helymeghat\u00e1roz\u00e1st telefonj\u00e1r\u00f3l. Ez hasonl\u00edt a Facebook vagy m\u00e1s k\u00f6z\u00f6ss\u00e9gi alkalmaz\u00e1sok helysz\u00edni bejelentkez\u00e9s\u00e9hez. Ugyanakkor a Google+ helymegoszt\u00e1sa \u00fagy is be\u00e1ll\u00edthat\u00f3, hogy bizonyos szem\u00e9lyek megn\u00e9zhess\u00e9k, hol tart\u00f3zkodnak, an\u00e9lk\u00fcl, hogy megv\u00e1rn\u00e1k, am\u00edg konkr\u00e9tan bejelentkezik az adott helyre. Mi\u00e9rt akarja ezt megtenni? K\u00fcl\u00f6n\u00f6sen hasznos a csal\u00e1dtagok sz\u00e1m\u00e1ra.\n<\/p>\n<h2>  A Google+ hossz\u00fa lass\u00fa hal\u00e1llal hal meg  <\/h2>\n<p>\nA Google+ ir\u00e1nti korai \u00e9rdekl\u0151d\u00e9s er\u0151s volt. Larry Page, a Google vez\u00e9rigazgat\u00f3ja bejelentette, hogy a szolg\u00e1ltat\u00e1s m\u00e1r csak k\u00e9t h\u00e9ttel az indul\u00e1s ut\u00e1n t\u00f6bb mint 10 milli\u00f3 felhaszn\u00e1l\u00f3val rendelkezik. A Google lemaradt a k\u00f6z\u00f6ss\u00e9gi term\u00e9kekr\u0151l, \u00e9s ez a term\u00e9k elk\u00e9sett a bulib\u00f3l. A v\u00e1llalat t\u00f6rt\u00e9nelmileg nem l\u00e1tta, merre halad a piac, elvesztette az innovat\u00edv alkalmazottait, vagy hagyta, hogy az \u00edg\u00e9retes term\u00e9kek elsorvadjanak, mik\u00f6zben m\u00e1s c\u00e9gek indul\u00f3 v\u00e1llalkoz\u00e1sai gyarapodnak (ezek egy r\u00e9sz\u00e9t a Google kor\u00e1bbi alkalmazottai alap\u00edtott\u00e1k).\n<\/p>\n<p>\nMindezek ut\u00e1n a Google+ nem el\u0151zte meg a Facebookot. A blogok \u00e9s a sajt\u00f3org\u00e1numok csendesen elkezdt\u00e9k elt\u00e1vol\u00edtani a G + megoszt\u00e1si lehet\u0151s\u00e9get cikkeik \u00e9s bejegyz\u00e9seik alj\u00e1r\u00f3l. Jelent\u0151s energia- \u00e9s m\u00e9rn\u00f6ki id\u0151 ut\u00e1n Vic Gundotra, a Google+ projekt vezet\u0151je elhagyta a Google-t.&nbsp;\n<\/p>\n<p>\nA Google m\u00e1s t\u00e1rsadalmi projektjeihez hasonl\u00f3an a Google+ is szenvedhet a Google kutyat\u00e1pl\u00e1lkoz\u00e1si probl\u00e9m\u00e1j\u00e1t\u00f3l. A Google el\u0151szeretettel haszn\u00e1lja saj\u00e1t term\u00e9keit annak \u00e9rdek\u00e9ben, hogy megtudja, mennyire m\u0171k\u00f6dnek, \u00e9s arra \u00f6szt\u00f6nzik m\u00e9rn\u00f6keiket, hogy oldj\u00e1k meg a tal\u00e1lt probl\u00e9m\u00e1kat, ahelyett, hogy m\u00e1sra hagyatkozn\u00e1nak. Ez j\u00f3 gyakorlat, \u00e9s k\u00fcl\u00f6n\u00f6sen j\u00f3l m\u0171k\u00f6dik olyan term\u00e9keken, mint a Gmail \u00e9s a Chrome.\n<\/p>\n<p>\nA szoci\u00e1lis term\u00e9kekben azonban val\u00f3ban ki kell terjeszteni\u00fck ezt a k\u00f6rt. El\u0151sz\u00f6r is, a Google Buzz adatv\u00e9delmi probl\u00e9m\u00e1kat szenvedett, a Google+ pedig k\u00e9t nagy API-felt\u00f6r\u00e9st tapasztalt, amelyek a felhaszn\u00e1l\u00f3k adatainak milli\u00f3it vesz\u00e9lyeztetik.\n<\/p>\n<p>\nA m\u00e1sik probl\u00e9ma az, hogy b\u00e1r a Google alkalmazottai a vil\u00e1g minden t\u00e1j\u00e1r\u00f3l \u00e9rkeznek, szinte mind egyenesen A-szint\u0171, technikai h\u00e1tt\u00e9rrel rendelkez\u0151 hallgat\u00f3k, akik hasonl\u00f3 t\u00e1rsadalmi k\u00f6r\u00f6ket k\u00e9pviselnek. \u0150k nem a f\u00e9lig sz\u00e1m\u00edt\u00f3g\u00e9pes \u00edr\u00e1stud\u00f3 nagymam\u00e1d, a szomsz\u00e9dod vagy a tin\u00e9dzserek. A Google+ tesztel\u00e9s megnyit\u00e1sa a v\u00e1llalaton k\u00edv\u00fcli felhaszn\u00e1l\u00f3k sz\u00e1m\u00e1ra megoldhatja a haszn\u00e1lati \u00e9s adatv\u00e9delmi probl\u00e9m\u00e1kat, \u00e9s sokkal jobb term\u00e9ket eredm\u00e9nyezhet.\n<\/p>\n<p>\nA Google t\u00fcrelmetlen a term\u00e9kn\u00f6veked\u00e9s ter\u00e9n is. A Google Wave elk\u00e9peszt\u0151en j\u00f3l hangzott, amikor h\u00e1zon tesztelt\u00e9k, de a rendszer meghib\u00e1sodott, amikor az ig\u00e9nyek n\u00f6veked\u00e9s\u00e9vel gyorsan b\u0151v\u00fclt, \u00e9s a felhaszn\u00e1l\u00f3k zavarosnak tal\u00e1lt\u00e1k az \u00faj kezel\u0151fel\u00fcletet. Az Orkut kezdeti sikere volt, de nem siker\u00fclt utol\u00e9rnie az Egyes\u00fclt \u00c1llamokban.&nbsp;<\/p>\n","protected":false},"excerpt":{"rendered":"<p>A Google+ le\u00e1llt, \u00e9s 2019 \u00e1prilis\u00e1ra \u00e1ltal\u00e1nosan hozz\u00e1f\u00e9rhetetlenn\u00e9 v\u00e1lt, b\u00e1r alkot\u00f3 term\u00e9keinek darabjai m\u00e1s n\u00e9ven is kitartanak a G Suite-ban. Ezt a cikket 2011-t\u0151l meg\u0151rizz\u00fck, csak t\u00f6rt\u00e9nelmi hivatkoz\u00e1s c\u00e9lj\u00e1b\u00f3l. A Google Plus &#8211; n\u00e9ha a Google + st\u00edlus\u00fa &#8211; k\u00f6z\u00f6ss\u00e9gi h\u00e1l\u00f3zati szolg\u00e1ltat\u00e1s volt a Google-t\u00f3l. A Google+ 2011-ben indult sok rajong\u00e1ssal, mint a Facebook lehets\u00e9ges &#8230; <a title=\"Mi a Google Plus &#8211; Google+?\" class=\"read-more\" href=\"https:\/\/megnyitasa.com\/blog\/mi-a-google-plus-google\/\" aria-label=\"Read more about Mi a Google Plus &#8211; Google+?\">Olvass tov\u00e1bb<\/a><\/p>\n","protected":false},"author":1078,"featured_media":0,"comment_status":"open","ping_status":"open","sticky":false,"template":"","format":"standard","meta":{"footnotes":""},"categories":[2],"tags":[],"class_list":["post-2319","post","type-post","status-publish","format-standard","hentry","category-wiki"],"_links":{"self":[{"href":"https:\/\/megnyitasa.com\/blog\/wp-json\/wp\/v2\/posts\/2319","targetHints":{"allow":["GET"]}}],"collection":[{"href":"https:\/\/megnyitasa.com\/blog\/wp-json\/wp\/v2\/posts"}],"about":[{"href":"https:\/\/megnyitasa.com\/blog\/wp-json\/wp\/v2\/types\/post"}],"author":[{"embeddable":true,"href":"https:\/\/megnyitasa.com\/blog\/wp-json\/wp\/v2\/users\/1078"}],"replies":[{"embeddable":true,"href":"https:\/\/megnyitasa.com\/blog\/wp-json\/wp\/v2\/comments?post=2319"}],"version-history":[{"count":0,"href":"https:\/\/megnyitasa.com\/blog\/wp-json\/wp\/v2\/posts\/2319\/revisions"}],"wp:attachment":[{"href":"https:\/\/megnyitasa.com\/blog\/wp-json\/wp\/v2\/media?parent=2319"}],"wp:term":[{"taxonomy":"category","embeddable":true,"href":"https:\/\/megnyitasa.com\/blog\/wp-json\/wp\/v2\/categories?post=2319"},{"taxonomy":"post_tag","embeddable":true,"href":"https:\/\/megnyitasa.com\/blog\/wp-json\/wp\/v2\/tags?post=2319"}],"curies":[{"name":"wp","href":"https:\/\/api.w.org\/{rel}","templated":true}]}}