{"id":2611,"date":"2022-11-18T11:59:36","date_gmt":"2022-11-18T11:59:36","guid":{"rendered":"https:\/\/megnyitasa.com\/blog\/?p=2611"},"modified":"2022-11-18T11:59:36","modified_gmt":"2022-11-18T11:59:36","slug":"az-itunes-visszaallitasa-biztonsagi-masolat-hasznalataval","status":"publish","type":"post","link":"https:\/\/megnyitasa.com\/blog\/az-itunes-visszaallitasa-biztonsagi-masolat-hasznalataval\/","title":{"rendered":"Az iTunes vissza\u00e1ll\u00edt\u00e1sa biztons\u00e1gi m\u00e1solat haszn\u00e1lat\u00e1val"},"content":{"rendered":"<p>\nHallotta az adatok biztons\u00e1gi ment\u00e9s\u00e9nek tan\u00e1cs\u00e1t, de \u00e9rt\u00e9kelni fogja, hogy betartotta ezeket a tan\u00e1csokat, ha a sz\u00e1m\u00edt\u00f3g\u00e9p merevlemeze meghib\u00e1sodik vagy az adatok megs\u00e9r\u00fclnek. Ez k\u00fcl\u00f6n\u00f6sen igaz, ha a meghajt\u00f3 hatalmas iTunes k\u00f6nyvt\u00e1rat tartalmaz - vagy annak cser\u00e9j\u00e9t a MacOS Catalina, a Zenek\u00f6nyvt\u00e1rban - olyan dalokb\u00f3l \u00e1ll, amelyekhez sehol m\u00e1shol nem f\u00e9rhet hozz\u00e1.\n<\/p>\n<p>\nHa a merevlemez meghib\u00e1sodik, vagy \u00faj sz\u00e1m\u00edt\u00f3g\u00e9pre kell \u00e1thelyeznie az iTunes k\u00f6nyvt\u00e1rat, \u00f6r\u00fclni fog, ha el\u0151rel\u00e1t\u00e1sa volt arra, hogy biztons\u00e1gi m\u00e1solatot k\u00e9sz\u00edtsen az iTunes k\u00f6nyvt\u00e1r\u00e1r\u00f3l egy k\u00fcls\u0151 merevlemezen. Ha rendelkezik biztons\u00e1gi m\u00e1solattal, akkor egyszer\u0171 vissza\u00e1ll\u00edtani az iTunes k\u00f6nyvt\u00e1rat egy k\u00fcls\u0151 merevlemezr\u0151l. \u00cdgy teheti meg:\n<\/p>\n<p><img decoding=\"async\" class=\"postimg\" src=\"https:\/\/www.lifewire.com\/thmb\/4vWIgFWUNqUkRMTqSzwj3gxsc6k=\/2128x1409\/filters:no_upscale():max_bytes(150000):strip_icc()\/GettyImages-879348734-5af5ed9c312834003792eaa4.jpg\"><\/p>\n<p>k\u00e9p j\u00f3v\u00e1\u00edr\u00e1s: simpson33 \/ iStock \/ Getty Images Plus<\/p>\n<p>A cikkben szerepl\u0151 inform\u00e1ci\u00f3k a MacOS Catalina (10.15) rendszert futtat\u00f3 Mac sz\u00e1m\u00edt\u00f3g\u00e9pek zenealkalmaz\u00e1s\u00e1ra, valamint a MacOS Mojave (10.14), a macOS High Sierra (10.13), a macOS Sierra (10.12) \u00e9s az OS Leopard (10.5) oper\u00e1ci\u00f3s rendszeren fut\u00f3 iTunes alkalmaz\u00e1sra vonatkoznak az OS X El rendszeren kereszt\u00fcl. Capitan (10.11), valamint Windows 10 PC-k.<\/p>\n<h2>  Az iTunes vagy a zenei k\u00f6nyvt\u00e1r biztons\u00e1gi ment\u00e9s\u00e9nek vissza\u00e1ll\u00edt\u00e1sa  <\/h2>\n<ol>\n<li>\n<p class=\"gt-block\">\nKil\u00e9p\u00e9s <strong>iTunes <\/strong>(<strong>zene <\/strong>a macOS 10.15-en)<strong> <\/strong>azon a sz\u00e1m\u00edt\u00f3g\u00e9pen, ahol az iTunes k\u00f6nyvt\u00e1r biztons\u00e1gi m\u00e1solat\u00e1nak vissza\u00e1ll\u00edt\u00e1s\u00e1t tervezi.\n<\/p>\n<\/li>\n<li>\n<p class=\"gt-block\">\nCsatlakoztassa a sz\u00e1m\u00edt\u00f3g\u00e9phez az iTunes biztons\u00e1gi m\u00e1solatot tartalmaz\u00f3 k\u00fcls\u0151 merevlemezt. A k\u00fcls\u0151 merevlemez ikonj\u00e1nak az asztalon vagy a <strong>Keres\u0151<\/strong> Mac-en vagy in <strong>Saj\u00e1tg\u00e9p<\/strong> a Windows rendszerben. Kattintson dupl\u00e1n a k\u00fcls\u0151 merevlemez ikonj\u00e1ra a megnyit\u00e1s\u00e1hoz.\n<\/p>\n<p><img decoding=\"async\" class=\"postimg\" src=\"https:\/\/www.lifewire.com\/thmb\/AmD1UlG-CZXWUG_L5pi3t9S79_8=\/1500x1000\/filters:no_upscale():max_bytes(150000):strip_icc()\/001-how-to-restore-your-itunes-using-a-backup-7beb444ea6e24b52885eb07a608b7547.jpg\"><\/p>\n<\/li>\n<li>\n<p class=\"gt-block\">\nNavig\u00e1ljon a merevlemezen, hogy megtal\u00e1lja a <strong>iTunes <\/strong>biztons\u00e1gi ment\u00e9s.\n<\/p>\n<p><img decoding=\"async\" class=\"postimg\" src=\"https:\/\/www.lifewire.com\/thmb\/ysoNUvmHodi6tb3k69qDQhMn63E=\/1500x1000\/filters:no_upscale():max_bytes(150000):strip_icc()\/002-how-to-restore-your-itunes-using-a-backup-b0cbf7edeef8487087f322157d2f742d.jpg\"><\/p>\n<\/li>\n<li>\n<p>\nNyissa meg a sz\u00e1m\u00edt\u00f3g\u00e9p\u00e9n azt a helyet, ahol az iTunes k\u00f6nyvt\u00e1rat t\u00e1rolja:\n<\/p>\n<ul>\n<li><strong>Windows rendszeren<\/strong> az iTunes k\u00f6nyvt\u00e1r alap\u00e9rtelmezett helye a <strong>My Music<\/strong> mapp\u00e1t.<\/li>\n<li><strong>Mac-en<\/strong> az alap\u00e9rtelmez\u00e9s a Zene mapp\u00e1ban tal\u00e1lhat\u00f3, amely a Finder ablak oldals\u00e1vj\u00e1n kereszt\u00fcl \u00e9rhet\u0151 el, vagy a merevlemezre kattintva v\u00e1lassza a lehet\u0151s\u00e9get <strong>felhaszn\u00e1l\u00f3k<\/strong>&nbsp;\u00e9s r\u00e1kattint a felhaszn\u00e1l\u00f3nev\u00e9re.<\/li>\n<\/ul>\n<p><img decoding=\"async\" class=\"postimg\" src=\"https:\/\/www.lifewire.com\/thmb\/pS6YvZZgOTA6ZyOK0T8zHe5dcWI=\/1500x1000\/filters:no_upscale():max_bytes(150000):strip_icc()\/003-how-to-restore-your-itunes-using-a-backup-ef67c104f0c2434cbd9538d5446c96b6.jpg\"><\/p>\n<\/li>\n<li>\n<p class=\"gt-block\">\nH\u00fazza a<strong> iTunes <\/strong>mapp\u00e1t a k\u00fcls\u0151 merevlemezr\u0151l a sz\u00e1m\u00edt\u00f3g\u00e9p megfelel\u0151 hely\u00e9re.\n<\/p>\n<p><img decoding=\"async\" class=\"postimg\" src=\"https:\/\/www.lifewire.com\/thmb\/Pqtv5JYAZtb2QtEJ7jQeciwUysY=\/1500x1000\/filters:no_upscale():max_bytes(150000):strip_icc()\/004-how-to-restore-your-itunes-using-a-backup-2fffeac664e64e3e81c216df0c4b44bc.jpg\"><\/p>\n<p>\nHa m\u00e1r van egy iTunes k\u00f6nyvt\u00e1r a Zene \/ Saj\u00e1t zen\u00e9k mapp\u00e1ban, akkor a rendszer megk\u00e9rdezi, hogy cser\u00e9lni k\u00edv\u00e1nja-e. Ezzel t\u00f6rli a r\u00e9gi k\u00f6nyvt\u00e1rat \u00e9s a benne tal\u00e1lhat\u00f3 \u00f6sszes zen\u00e9t. Ha \"igen\" v\u00e1laszt ad, a biztons\u00e1gi m\u00e1solat \u00e1tm\u00e1solja \u00e9s az aktu\u00e1lis iTunes vagy Music alkalmaz\u00e1sk\u00f6nyvt\u00e1r lesz. K\u00e9sz vagy.\n<\/p>\n<p>\nHa azonban nem k\u00edv\u00e1nja lecser\u00e9lni a megl\u00e9v\u0151 iTunes vagy Zenek\u00f6nyvt\u00e1rat, akkor m\u00e9g n\u00e9h\u00e1ny l\u00e9p\u00e9st meg kell tennie.\n<\/p>\n<\/li>\n<li>\n<p class=\"gt-block\">\nHa nem cser\u00e9li le a k\u00f6nyvt\u00e1rat, \u00e9s m\u00e1solja a biztons\u00e1gi m\u00e1solatot a sz\u00e1m\u00edt\u00f3g\u00e9p egy m\u00e1sik hely\u00e9re, meg kell mondania az iTunes vagy a Music alkalmaz\u00e1snak, hogy melyik k\u00f6nyvt\u00e1rat haszn\u00e1lja. Tartsa lenyomva a <strong>opci\u00f3<\/strong> gombot Mac vagy a <strong>m\u0171szak<\/strong> gombot a Windows rendszeren, \u00e9s ind\u00edtsa el <strong>iTunes<\/strong>.\n<\/p>\n<\/li>\n<li>\n<p class=\"gt-block\">\nMegjelenik egy ablak, amelyben a Kil\u00e9p\u00e9s, a K\u00f6nyvt\u00e1r l\u00e9trehoz\u00e1sa vagy a K\u00f6nyvt\u00e1r kiv\u00e1laszt\u00e1sa lehet\u0151s\u00e9get k\u00e9ri. Kattintson a gombra <strong>V\u00e1lasszon K\u00f6nyvt\u00e1r<\/strong>.\n<\/p>\n<p><img decoding=\"async\" class=\"postimg\" src=\"https:\/\/www.lifewire.com\/thmb\/8m2rzxjFgJD2zzK2NpWyNEPwDK8=\/1500x612\/filters:no_upscale():max_bytes(150000):strip_icc()\/003-restore-iTunes-2000589-1d84d77756cd47fcab815d7b0c8f9a4a.jpg\"><\/p>\n<\/li>\n<li>\n<p class=\"gt-block\">\nB\u00f6ng\u00e9sszen a merevlemezen az el\u0151ugr\u00f3 ablakban, \u00e9s keresse meg az im\u00e9nt m\u00e1solt iTunes k\u00f6nyvt\u00e1rat a k\u00fcls\u0151 merevlemezr\u0151l. Mac g\u00e9pen v\u00e1lassza a ikont <strong>iTunes Music<\/strong> mapp\u00e1ba. Windows rendszeren v\u00e1lassza a ikont <strong>.itl<\/strong> f\u00e1jl a mapp\u00e1ban.\n<\/p>\n<\/li>\n<li>\n<p class=\"gt-block\">\nKattints <strong>V\u00e1lasszon <\/strong>Mac-en vagy <strong>Nyisd ki <\/strong>Windows rendszeren ind\u00edtsa el az iTunes alkalmaz\u00e1st a biztons\u00e1gi m\u00e1solatb\u00f3l vissza\u00e1ll\u00edtott \u00faj k\u00f6nyvt\u00e1r haszn\u00e1lat\u00e1val.\n<\/p>\n<\/li>\n<li>\n<p>\nH\u00fazza ki a k\u00fcls\u0151 merevlemezt a sz\u00e1m\u00edt\u00f3g\u00e9pb\u0151l.\n<\/p>\n<\/li>\n<\/ol>\n<h2>  Tippek az iTunes k\u00f6nyvt\u00e1r vissza\u00e1ll\u00edt\u00e1s\u00e1hoz a biztons\u00e1gi ment\u00e9sb\u0151l  <\/h2>\n<p>\nHa r\u00e9gebbi iTunes k\u00f6nyvt\u00e1rad van, amelyet m\u00e1r nem haszn\u00e1lsz, \u00e9rdemes t\u00f6r\u00f6lni, hogy ne foglaljon helyet a lemezen. Miel\u0151tt ezt megtenn\u00e9, ellen\u0151rizze, hogy az \u00faj k\u00f6nyvt\u00e1r tartalmazza-e a r\u00e9gi tartalm\u00e1t, hogy ne v\u00e9letlen\u00fcl t\u00f6r\u00f6lj\u00f6n valamit.\n<\/p>\n<p>\nManaps\u00e1g a k\u00fcls\u0151 merevlemez nem az egyetlen m\u00f3dja az iTunes k\u00f6nyvt\u00e1r biztons\u00e1gi ment\u00e9s\u00e9nek. El\u0151fordulhat, hogy ink\u00e1bb iCloud biztons\u00e1gi m\u00e1solatot haszn\u00e1l, vagy meg szeretn\u00e9 n\u00e9zni az iTunes Match alkalmaz\u00e1st.<\/p>\n","protected":false},"excerpt":{"rendered":"<p>Hallotta az adatok biztons\u00e1gi ment\u00e9s\u00e9nek tan\u00e1cs\u00e1t, de \u00e9rt\u00e9kelni fogja, hogy betartotta ezeket a tan\u00e1csokat, ha a sz\u00e1m\u00edt\u00f3g\u00e9p merevlemeze meghib\u00e1sodik vagy az adatok megs\u00e9r\u00fclnek. Ez k\u00fcl\u00f6n\u00f6sen igaz, ha a meghajt\u00f3 hatalmas iTunes k\u00f6nyvt\u00e1rat tartalmaz &#8211; vagy annak cser\u00e9j\u00e9t a MacOS Catalina, a Zenek\u00f6nyvt\u00e1rban &#8211; olyan dalokb\u00f3l \u00e1ll, amelyekhez sehol m\u00e1shol nem f\u00e9rhet hozz\u00e1. Ha a merevlemez &#8230; <a title=\"Az iTunes vissza\u00e1ll\u00edt\u00e1sa biztons\u00e1gi m\u00e1solat haszn\u00e1lat\u00e1val\" class=\"read-more\" href=\"https:\/\/megnyitasa.com\/blog\/az-itunes-visszaallitasa-biztonsagi-masolat-hasznalataval\/\" aria-label=\"Read more about Az iTunes vissza\u00e1ll\u00edt\u00e1sa biztons\u00e1gi m\u00e1solat haszn\u00e1lat\u00e1val\">Olvass tov\u00e1bb<\/a><\/p>\n","protected":false},"author":1209,"featured_media":0,"comment_status":"open","ping_status":"open","sticky":false,"template":"","format":"standard","meta":{"footnotes":""},"categories":[2],"tags":[],"class_list":["post-2611","post","type-post","status-publish","format-standard","hentry","category-wiki"],"_links":{"self":[{"href":"https:\/\/megnyitasa.com\/blog\/wp-json\/wp\/v2\/posts\/2611","targetHints":{"allow":["GET"]}}],"collection":[{"href":"https:\/\/megnyitasa.com\/blog\/wp-json\/wp\/v2\/posts"}],"about":[{"href":"https:\/\/megnyitasa.com\/blog\/wp-json\/wp\/v2\/types\/post"}],"author":[{"embeddable":true,"href":"https:\/\/megnyitasa.com\/blog\/wp-json\/wp\/v2\/users\/1209"}],"replies":[{"embeddable":true,"href":"https:\/\/megnyitasa.com\/blog\/wp-json\/wp\/v2\/comments?post=2611"}],"version-history":[{"count":0,"href":"https:\/\/megnyitasa.com\/blog\/wp-json\/wp\/v2\/posts\/2611\/revisions"}],"wp:attachment":[{"href":"https:\/\/megnyitasa.com\/blog\/wp-json\/wp\/v2\/media?parent=2611"}],"wp:term":[{"taxonomy":"category","embeddable":true,"href":"https:\/\/megnyitasa.com\/blog\/wp-json\/wp\/v2\/categories?post=2611"},{"taxonomy":"post_tag","embeddable":true,"href":"https:\/\/megnyitasa.com\/blog\/wp-json\/wp\/v2\/tags?post=2611"}],"curies":[{"name":"wp","href":"https:\/\/api.w.org\/{rel}","templated":true}]}}