{"id":2904,"date":"2020-11-18T00:00:00","date_gmt":"2020-11-18T00:00:00","guid":{"rendered":"https:\/\/megnyitasa.com\/blog\/az-airplay-engedelyezese-iphone-hoz\/"},"modified":"2020-11-18T00:00:00","modified_gmt":"2020-11-18T00:00:00","slug":"az-airplay-engedelyezese-iphone-hoz","status":"publish","type":"post","link":"https:\/\/megnyitasa.com\/blog\/az-airplay-engedelyezese-iphone-hoz\/","title":{"rendered":"Az AirPlay enged\u00e9lyez\u00e9se iPhone-hoz"},"content":{"rendered":"<p>\nEnged\u00e9lyezze az AirPlay alkalmaz\u00e1st iPhone-j\u00e1n, hogy az adatokat vagy a teljes k\u00e9perny\u0151t vezet\u00e9k n\u00e9lk\u00fcl streamelhesse a telefon \u00e9s m\u00e1s kompatibilis eszk\u00f6z\u00f6k k\u00f6z\u00f6tt ugyanazon a Wi-Fi h\u00e1l\u00f3zaton. Az AirPlay iPhone haszn\u00e1lat\u00e1hoz AirPlay vev\u0151 sz\u00fcks\u00e9ges. Ez lehet egy harmadik f\u00e9lt\u0151l sz\u00e1rmaz\u00f3 AirPlay-kompatibilis hangsz\u00f3r\u00f3rendszer, Apple TV vagy p\u00e9ld\u00e1ul az Airport Express hub.\n<\/p>\n<p>A cikk utas\u00edt\u00e1sai az iOS 11 vagy \u00fajabb rendszert futtat\u00f3 eszk\u00f6z\u00f6kre vonatkoznak.<\/p>\n<h2>  Az AirPlay be\u00e1ll\u00edt\u00e1sa iPhone-on  <\/h2>\n<p>\nAz AirPlay be\u00e1ll\u00edt\u00e1sa iPhone-on csak n\u00e9h\u00e1ny \u00e9rint\u00e9st ig\u00e9nyel a k\u00e9perny\u0151n.\n<\/p>\n<ol>\n<li>\n<p>\nGy\u0151z\u0151dj\u00f6n meg arr\u00f3l, hogy mind az iPhone, mind az AirPlay vev\u0151 be van kapcsolva \u00e9s csatlakozik ugyanahhoz a vezet\u00e9k n\u00e9lk\u00fcli h\u00e1l\u00f3zathoz.\n<\/p>\n<\/li>\n<li>\n<p>\nAz iPhone k\u00e9sz\u00fcl\u00e9ken cs\u00fasztassa ujj\u00e1t felfel\u00e9 a Vez\u00e9rl\u0151k\u00f6zpont megnyit\u00e1s\u00e1hoz.\n<\/p>\n<\/li>\n<li>\n<p class=\"gt-block\">\n\u00c9rintse meg \u00e9s tartsa lenyomva a zene vez\u00e9rl\u0151 ter\u00fclet\u00e9t, majd \u00e9rintse meg a ikont <strong>AirPlay <\/strong>gombot.\n<\/p>\n<p>IPhone 6s vagy \u00fajabb rendszeren haszn\u00e1lja a 3D Touch funkci\u00f3t a Zene szakasz megnyom\u00e1s\u00e1val.<\/p>\n<\/li>\n<li>\n<p>\nKoppintson egy eszk\u00f6zre, hogy csatlakozzon hozz\u00e1 az AirPlay seg\u00edts\u00e9g\u00e9vel.\n<\/p>\n<p>Ha olyan Apple TV-hez csatlakozik, amely nem ugyanazon a Wi-Fi h\u00e1l\u00f3zaton m\u0171k\u00f6dik, mint az iPhone, akkor \u00edrja be a telefonon a t\u00e9v\u00e9ken megjelen\u00edtett k\u00f3dot.<\/p>\n<p><img decoding=\"async\" class=\"postimg\" src=\"https:\/\/www.lifewire.com\/thmb\/QB0HPPX--YoI1PgBzvwbKboYq7k=\/2290x1334\/filters:no_upscale():max_bytes(150000):strip_icc()\/002-enable-airplay-for-iphone-ios-6-2438634-70f403267e004d16baf1dded78e2849f.jpg\"><\/p>\n<\/li>\n<li>\n<p class=\"gt-block\">\nEgyes eszk\u00f6z\u00f6k\u00f6n koppintson a ikonra <strong>csin\u00e1lt<\/strong> a kapcsolat l\u00e9trehoz\u00e1s\u00e1hoz.\n<\/p>\n<\/li>\n<\/ol>\n<h2>  Az iPhone kijelz\u0151j\u00e9nek t\u00fckr\u00f6z\u00e9se  <\/h2>\n<p>\nEnged\u00e9lyezve az AirPlay-t \u00e9s az iPhone be\u00e9p\u00edtett K\u00e9perny\u0151-t\u00fckr\u00f6z\u00e9s funkci\u00f3j\u00e1val mutassa meg telefonja k\u00e9perny\u0151j\u00e9t az Apple TV-n.\n<\/p>\n<ol>\n<li>\n<p>\nNyissa meg a Vez\u00e9rl\u0151k\u00f6zpontot.\n<\/p>\n<\/li>\n<li>\n<p class=\"gt-block\">\n\u00c9rintse <strong>k\u00e9perny\u0151 t\u00fckr\u00f6z\u00e9s <\/strong>or <strong>AirPlay t\u00fckr\u00f6z\u00e9s<\/strong>, az iOS verzi\u00f3j\u00e1t\u00f3l f\u00fcgg\u0151en.\n<\/p>\n<\/li>\n<li>\n<p>\nV\u00e1lassza ki az Apple TV-t.\n<\/p>\n<p><img decoding=\"async\" class=\"postimg\" src=\"https:\/\/www.lifewire.com\/thmb\/nFmWwHA3vMEpnlLtCLFNyX-8E2c=\/1700x1334\/filters:no_upscale():max_bytes(150000):strip_icc()\/003-enable-airplay-for-iphone-ios-6-2438634-80150142746f4c838dd9e47d9c7f5df1.jpg\"><\/p>\n<\/li>\n<li>\n<p>\n\u00cdrja be a TV-j\u00e9n megjelen\u0151 AirPlay jelsz\u00f3t, ha l\u00e1tja, az iPhone k\u00e9sz\u00fcl\u00e9k\u00e9be.\n<\/p>\n<\/li>\n<\/ol>\n","protected":false},"excerpt":{"rendered":"<p>Enged\u00e9lyezze az AirPlay alkalmaz\u00e1st iPhone-j\u00e1n, hogy az adatokat vagy a teljes k\u00e9perny\u0151t vezet\u00e9k n\u00e9lk\u00fcl streamelhesse a telefon \u00e9s m\u00e1s kompatibilis eszk\u00f6z\u00f6k k\u00f6z\u00f6tt ugyanazon a Wi-Fi h\u00e1l\u00f3zaton. Az AirPlay iPhone haszn\u00e1lat\u00e1hoz AirPlay vev\u0151 sz\u00fcks\u00e9ges. Ez lehet egy harmadik f\u00e9lt\u0151l sz\u00e1rmaz\u00f3 AirPlay-kompatibilis hangsz\u00f3r\u00f3rendszer, Apple TV vagy p\u00e9ld\u00e1ul az Airport Express hub. A cikk utas\u00edt\u00e1sai az iOS 11 &#8230; <a title=\"Az AirPlay enged\u00e9lyez\u00e9se iPhone-hoz\" class=\"read-more\" href=\"https:\/\/megnyitasa.com\/blog\/az-airplay-engedelyezese-iphone-hoz\/\" aria-label=\"Read more about Az AirPlay enged\u00e9lyez\u00e9se iPhone-hoz\">Olvass tov\u00e1bb<\/a><\/p>\n","protected":false},"author":1331,"featured_media":0,"comment_status":"open","ping_status":"open","sticky":false,"template":"","format":"standard","meta":{"footnotes":""},"categories":[2],"tags":[],"class_list":["post-2904","post","type-post","status-publish","format-standard","hentry","category-wiki"],"_links":{"self":[{"href":"https:\/\/megnyitasa.com\/blog\/wp-json\/wp\/v2\/posts\/2904","targetHints":{"allow":["GET"]}}],"collection":[{"href":"https:\/\/megnyitasa.com\/blog\/wp-json\/wp\/v2\/posts"}],"about":[{"href":"https:\/\/megnyitasa.com\/blog\/wp-json\/wp\/v2\/types\/post"}],"author":[{"embeddable":true,"href":"https:\/\/megnyitasa.com\/blog\/wp-json\/wp\/v2\/users\/1331"}],"replies":[{"embeddable":true,"href":"https:\/\/megnyitasa.com\/blog\/wp-json\/wp\/v2\/comments?post=2904"}],"version-history":[{"count":0,"href":"https:\/\/megnyitasa.com\/blog\/wp-json\/wp\/v2\/posts\/2904\/revisions"}],"wp:attachment":[{"href":"https:\/\/megnyitasa.com\/blog\/wp-json\/wp\/v2\/media?parent=2904"}],"wp:term":[{"taxonomy":"category","embeddable":true,"href":"https:\/\/megnyitasa.com\/blog\/wp-json\/wp\/v2\/categories?post=2904"},{"taxonomy":"post_tag","embeddable":true,"href":"https:\/\/megnyitasa.com\/blog\/wp-json\/wp\/v2\/tags?post=2904"}],"curies":[{"name":"wp","href":"https:\/\/api.w.org\/{rel}","templated":true}]}}