{"id":3095,"date":"2021-06-21T12:07:31","date_gmt":"2021-06-21T12:07:31","guid":{"rendered":"https:\/\/megnyitasa.com\/blog\/?p=3095"},"modified":"2021-06-21T12:07:31","modified_gmt":"2021-06-21T12:07:31","slug":"a-hibas-tolto-javitasa","status":"publish","type":"post","link":"https:\/\/megnyitasa.com\/blog\/a-hibas-tolto-javitasa\/","title":{"rendered":"A hib\u00e1s t\u00f6lt\u0151 jav\u00edt\u00e1sa"},"content":{"rendered":"<p>\nAk\u00e1r okostelefont, laptopot, t\u00e1blag\u00e9pet vagy m\u00e1s eszk\u00f6zt kell t\u00f6ltenie, a megszakadt t\u00f6lt\u0151 frusztr\u00e1l\u00f3 \u00e9s k\u00e9nyelmetlen tud lenni. An\u00e9lk\u00fcl, hogy villanyszerel\u0151i enged\u00e9lyre lenne sz\u00fcks\u00e9ge, a probl\u00e9ma megold\u00e1s\u00e1hoz sz\u00e1mos dolgot \u00e1ttekinthet.\n<\/p>\n<p><img decoding=\"async\" class=\"postimg\" src=\"https:\/\/www.lifewire.com\/thmb\/OSlPDHJOlqwwBmCN9j83Hr93x1U=\/2000x1333\/filters:no_upscale():max_bytes(150000):strip_icc()\/fix-broken-charger-hand-holding-plug-5c5807d0c9e77c00016b36e0.jpg\"><\/p>\n<p>CSA Images \/ Getty Images<\/p>\n<h2>  A t\u00f6lt\u0151 nem m\u0171k\u00f6dik  <\/h2>\n<p>\nN\u00e9h\u00e1ny alapvet\u0151 oka annak, hogy a t\u00f6lt\u0151je nem m\u0171k\u00f6dik:\n<\/p>\n<ul>\n<li>A fali aljzat ki van kapcsolva vagy s\u00e9r\u00fclt.<\/li>\n<li>S\u00e9r\u00fclt t\u00f6lt\u0151.<\/li>\n<li>A k\u00e9sz\u00fcl\u00e9k t\u00e1pcsatlakoz\u00f3ja megs\u00e9r\u00fclt.<\/li>\n<\/ul>\n<h2>  A hib\u00e1s t\u00f6lt\u0151 jav\u00edt\u00e1sa  <\/h2>\n<p>\nM\u00edg egyes jav\u00edt\u00e1sokhoz sz\u00fcks\u00e9g lehet egy kis vezet\u00e9kez\u00e9sre, sz\u00e1mos jav\u00edt\u00e1ssal megpr\u00f3b\u00e1lhatja \u00fajra m\u0171k\u00f6d\u00e9sbe hozni a megszakadt t\u00f6lt\u0151t.\n<\/p>\n<ol>\n<li>\n<p>\nEllen\u0151rizze, hogy a kimenet be van-e kapcsolva. Egyes eur\u00f3pai st\u00edlus\u00fa \u00fczletekben egyedi kapcsol\u00f3k vannak. Az amerikai otthonok haszn\u00e1lhatnak v\u00e1ltott t\u00falfesz\u00fclts\u00e9g-v\u00e9d\u0151ket, a fali aljzatokat vez\u00e9rl\u0151 villanykapcsol\u00f3t vagy megszak\u00edt\u00f3t. Lehet, hogy vissza kell \u00e1ll\u00edtania egy kioldott megszak\u00edt\u00f3t.\n<\/p>\n<\/li>\n<li>\n<p>\nEllen\u0151rizze, hogy a k\u00e1belek megfelel\u0151en vannak-e csatlakoztatva. H\u00fazza ki a rendszer \u00f6sszes k\u00e1bel\u00e9t, v\u00e1rjon n\u00e9h\u00e1ny percet, majd gondosan \u00e9s megfelel\u0151en csatlakoztassa \u00fajra a k\u00e1beleket. \u00dajratelep\u00edt\u00e9skor ellen\u0151rizze, hogy minden csatlakoz\u00e1s szoros \u00e9s pontos-e.\n<\/p>\n<\/li>\n<li>\n<p>\nKeresse meg a f\u00e9nyeket. Ha egy t\u00f6r\u00f6tt Mac t\u00f6lt\u0151vel dolgozik, vil\u00e1g\u00edt az \u00e1llapotjelz\u0151 l\u00e1mpa? Ugyanez vonatkozik a laptop sz\u00e1m\u00edt\u00f3g\u00e9p t\u00f6lt\u0151inek \u00e9s hordozhat\u00f3 t\u00f6lt\u0151 akkumul\u00e1torainak \u00e1llapotjelz\u0151ire.\n<\/p>\n<\/li>\n<li>\n<p>\nInd\u00edtsa \u00fajra a t\u00f6lt\u0151eszk\u00f6zt. Az eszk\u00f6z a t\u00f6lt\u00e9si viselked\u00e9s\u00e9nek nagy r\u00e9sz\u00e9t ellen\u0151rzi, ez\u00e9rt az eszk\u00f6z \u00fajraind\u00edt\u00e1sa seg\u00edt a t\u00f6lt\u00e9s \u00e9szlel\u00e9s\u00e9vel kapcsolatos probl\u00e9m\u00e1kban.\n<\/p>\n<\/li>\n<li>\n<p>\nPr\u00f3b\u00e1lkozzon m\u00e1s konnektorral. Az \u00fczletek robusztusak, de meghib\u00e1sodhatnak. A konnektor m\u0171k\u00f6d\u00e9s\u00e9nek ellen\u0151rz\u00e9s\u00e9hez olvassa el az al\u00e1bbi multim\u00e9ter tippjeinket.\n<\/p>\n<\/li>\n<li>\n<p>\nEllen\u0151rizze, hogy nem s\u00e9r\u00fclt-e a t\u00f6lt\u0151. Ha csupasz huzalt, lecsupasz\u00edtott szigetel\u00e9st vagy huzal\u00e1rny\u00e9kol\u00e1st l\u00e1t, ez okozhatja a probl\u00e9m\u00e1t. Ezenk\u00edv\u00fcl dugja be a k\u00e1belt, majd tekerje meg a k\u00e1belt mindk\u00e9t v\u00e9g\u00e9n. Ha a t\u00f6lt\u0151 a k\u00e1bel mozgat\u00e1sakor szakaszosan m\u0171k\u00f6dik, a k\u00e1bel r\u00e9zhuzaloz\u00e1sa megs\u00e9r\u00fcl. Ha lehets\u00e9ges, cser\u00e9lje ki a vezet\u00e9ket egy \u00fajra.\n<\/p>\n<p>Ha csupasz vagy s\u00e9r\u00fclt vezet\u00e9kek vannak, ne pr\u00f3b\u00e1lja meg a k\u00e1belt egyik v\u00e9g\u00e9n sem megingatni. Ez \u00e1ram\u00fct\u00e9st okozhat.<\/p>\n<\/li>\n<li>\n<p>\nEllen\u0151rizze az alkatr\u00e9szeket. Ideiglenesen t\u00e1vol\u00edtsa el az adaptert, az aljzat eloszt\u00f3j\u00e1t, az eloszt\u00f3t vagy a t\u00falfesz\u00fclts\u00e9g-v\u00e9d\u0151t \u00e9s az esetleges tov\u00e1bbi alkatr\u00e9szeket, hogy csak a t\u00f6lt\u0151 legyen csatlakoztatva egy ismerten m\u0171k\u00f6d\u0151 aljzatba. Ha az aljzat m\u0171k\u00f6dik, de a t\u00f6lt\u0151 nem kapcsol be, akkor a probl\u00e9ma nem a fali konnektorban van.\n<\/p>\n<p>\nHa a t\u00f6lt\u0151 a falhoz csatlakoztatva m\u0171k\u00f6dik, akkor a probl\u00e9ma az egyik elt\u00e1vol\u00edtott alkatr\u00e9szben rejlik. Add hozz\u00e1 a t\u00f6bbi darabot egyenk\u00e9nt, am\u00edg a rendszer meghib\u00e1sodik, de ne \u00e1llj meg itt. Pr\u00f3b\u00e1lja meg a darabokat m\u00e1s sorrendben vagy m\u00e1s helyen felvenni.&nbsp;\n<\/p>\n<\/li>\n<li>\n<p>\nEllen\u0151rizze a biztos\u00edt\u00e9kokat. Amikor kinyitja a biztos\u00edt\u00e9kdobozt, keressen egy megford\u00edtott megszak\u00edt\u00f3t, \u00e9s ford\u00edtsa vissza. Az egyik oszlopban vagy sorban l\u00e9v\u0151 kapcsol\u00f3k \u00e1ltal\u00e1ban ugyanabba az ir\u00e1nyba mutatnak. Ha l\u00e1t egy biztos\u00edt\u00e9kot, amelynek markolata a m\u00e1sik ir\u00e1nyba mutat, akkor val\u00f3sz\u00edn\u0171leg kioldott. Keresse meg a haszn\u00e1lt aljzathoz tartoz\u00f3 biztos\u00edt\u00e9kot, \u00e9s \u00e1ll\u00edtsa alaphelyzetbe. Rug\u00f3s hanggal pattan vissza a hely\u00e9re.\n<\/p>\n<p>Az Egyes\u00fclt \u00c1llamok modellj\u00e9t k\u00f6vet\u00f5 orsz\u00e1gokban egy biztos\u00edt\u00e9kdoboz olyan biztos\u00edt\u00e9kokat tartalmaz, amelyek mindegyike vez\u00e9rli az otthon elektromos csatlakoz\u00f3inak egy r\u00e9sz\u00e9t. M\u00e1s orsz\u00e1gokban a biztos\u00edt\u00e9k a fali csatlakoz\u00f3ba van be\u00e9p\u00edtve. Ha ismeretlen orsz\u00e1gban foglalkozik villamos energi\u00e1val, ellen\u0151rizze a r\u00e9szleteket, miel\u0151tt b\u00e1rmilyen elektromos jav\u00edt\u00e1st megk\u00eds\u00e9relne.<\/p>\n<\/li>\n<li>\n<p>\nTiszt\u00edtsa meg a t\u00f6lt\u0151portot. Ha a t\u00f6lt\u0151k\u00e1bel csatlakoztat\u00e1sakor nem \u00e9r egy kattan\u00e1st, n\u00e9zzen be a t\u00f6lt\u0151eszk\u00f6z belsej\u00e9be. A Lightning \u00e9s az USB-C t\u00f6lt\u0151portokkal egyar\u00e1nt a felhaszn\u00e1l\u00f3k azt tapasztalt\u00e1k, hogy a zsebsz\u00f6szt\u0151l a kik\u00f6t\u0151ben kifogott rizsszemig b\u00e1rmi megakad\u00e1lyozhatja a telefon t\u00f6lt\u00e9s\u00e9t. T\u00e1vol\u00edtsa el a szemetet m\u0171anyag csipesszel, pamut t\u00f6rl\u0151vel vagy fogpiszk\u00e1l\u00f3val.\n<\/p>\n<p>Soha ne ragasszon f\u00e9met a t\u00f6lt\u0151ny\u00edl\u00e1sba. Ha rosszul ragaszt egy f\u00e9mdarabot a t\u00f6lt\u0151ny\u00edl\u00e1sba, r\u00f6vidz\u00e1rlatot hozhat l\u00e9tre, \u00e9s t\u00f6nkreteheti az eszk\u00f6zt.<\/p>\n<\/li>\n<li>\n<p>\nPr\u00f3b\u00e1ljon meg egy m\u00e1sik k\u00e1belt \u00e9s h\u00e1l\u00f3zati adaptert haszn\u00e1lni. A t\u00f6lt\u0151 meghib\u00e1sod\u00e1s\u00e1nak legnagyobb hib\u00e1ja a t\u00f6lt\u0151k\u00e1bel meghib\u00e1sod\u00e1sa. A k\u00e1bel az id\u0151 m\u00fal\u00e1s\u00e1val viseli a legnagyobb fesz\u00fclts\u00e9get, ez\u00e9rt el\u0151bb meghib\u00e1sodik. A vezet\u00e9ket a falhoz \u00f6sszek\u00f6t\u0151 t\u00f6lt\u0151t\u00e9gla szint\u00e9n meghib\u00e1sodhat, b\u00e1r ez nem olyan \u00e1ltal\u00e1nos. Haszn\u00e1ljon m\u00e1sik USB-t\u00f6lt\u0151k\u00e1belt \u00e9s -adaptert, \u00e9s ellen\u0151rizze, hogy a probl\u00e9ma megold\u00f3dik-e. Cser\u00e9ljen egyet-egyet, hogy kider\u00fclj\u00f6n a tettes.\n<\/p>\n<\/li>\n<li>\n<p>\nT\u00f6r\u00f6lje az USB portot. Ha az USB-port fizikailag megakad\u00e1lyozza a j\u00f3 kapcsolatot \u00e1rny\u00e9kol\u00e1ssal, k\u00e1bel kialak\u00edt\u00e1ssal, portb\u00fatorokkal vagy valami m\u00e1ssal, akkor a korl\u00e1t elt\u00e1vol\u00edt\u00e1sa megoldhatja a probl\u00e9m\u00e1t. K\u00f6nny\u0171 visszahajl\u00edtani az USB-port f\u00e9mlemez-h\u00e1z\u00e1t, ha az id\u0151vel deform\u00e1l\u00f3dott. A modern USB Micro \u00e9s USB-C eszk\u00f6z\u00f6kkel hajl\u00edtsa meg a kis nyelvet a t\u00f6lt\u0151port belsej\u00e9ben, ha nincs a hely\u00e9n.\n<\/p>\n<p>Az \u00e1ram\u00fct\u00e9s elker\u00fcl\u00e9se \u00e9rdek\u00e9ben a fizikai elektromos jav\u00edt\u00e1sok megkezd\u00e9se el\u0151tt ellen\u0151rizze, hogy a k\u00e9sz\u00fcl\u00e9k ki van-e kapcsolva.<\/p>\n<\/li>\n<li>\n<p>\nEllen\u0151rizze az akkumul\u00e1tor \u00e9letkor\u00e1t \u00e9s \u00e1llapot\u00e1t. M\u00edg az akkumul\u00e1tor hosszabb ideig tarthat, mint a k\u00e9sz\u00fcl\u00e9k \u00e9lettartama, n\u00e9ha a kapcsolat megfordul. Ellen\u0151rizze az akkumul\u00e1tor \u00e1llapot\u00e1t \u00e9s \u00e9letkor\u00e1t, hogy meg kell-e cser\u00e9lni. Ha eszk\u00f6z\u00e9nek cser\u00e9lhet\u0151 akkumul\u00e1tora van, cser\u00e9lje ki az akkumul\u00e1tort, \u00e9s n\u00e9zze meg, hogy a probl\u00e9ma tov\u00e1bbra is fenn\u00e1ll-e. Kalibr\u00e1lhat egy r\u00e9gebbi akkumul\u00e1tort is.\n<\/p>\n<\/li>\n<li>\n<p>\nEllen\u0151rizze a t\u00f6lt\u0151 kompatibilit\u00e1s\u00e1t. K\u00f6nny\u0171 t\u00e9vesen haszn\u00e1lni egy fizikailag kompatibilis k\u00e1belt, amely nem m\u0171k\u00f6dik teljesen. A laptop t\u00f6lt\u0151k v\u00e1logat\u00f3sabbak, mivel ritk\u00e1n lehet probl\u00e9mamentesen cser\u00e9lni egyet. Ezenk\u00edv\u00fcl csak az adapter \u00e9s a k\u00e1bel megfelel\u0151 kombin\u00e1ci\u00f3ja k\u00e9pes kihaszn\u00e1lni a k\u00e9sz\u00fcl\u00e9k \u00f6sszes funkci\u00f3j\u00e1t. Ha \u00fagy gondolja, hogy inkompatibilis k\u00e1belt haszn\u00e1l, szerezzen be egy, az eszk\u00f6z\u00e9vel kompatibilis k\u00e1belt.\n<\/p>\n<\/li>\n<li>\n<p>\nTeszt multim\u00e9terrel. Multim\u00e9terrel ellen\u0151rizheti a k\u00e1belt \u00e9s a fali aljzatot a lehets\u00e9ges probl\u00e9m\u00e1k sz\u0171k\u00edt\u00e9se \u00e9rdek\u00e9ben.\n<\/p>\n<ul>\n<li>A kimenet ellen\u0151rz\u00e9s\u00e9hez csatlakoztassa a szond\u00e1kat a multim\u00e9terhez, \u00e9s \u00e1ll\u00edtsa azt v\u00e1lt\u00f3\u00e1ram\u00fa fesz\u00fclts\u00e9gre, majd helyezze a fekete szond\u00e1t a semleges portba, a piros szond\u00e1t pedig a kimenet forr\u00f3 vagy pozit\u00edv oldal\u00e1ba. Ha a kimenet m\u0171k\u00f6dik, ellen\u0151rizze a k\u00e1belt.<\/li>\n<li>A k\u00e1bel ellen\u0151rz\u00e9s\u00e9hez ford\u00edtsa a multim\u00e9ter k\u00f6zponti gombj\u00e1t az ellen\u00e1ll\u00e1s be\u00e1ll\u00edt\u00e1s\u00e1ra (Ohm vagy \u03a9). Ezut\u00e1n \u00e9rintse meg ugyanazt a csapot a k\u00e1bel ellent\u00e9tes v\u00e9g\u00e9n a multim\u00e9ter k\u00e9t szond\u00e1j\u00e1val. Ha a multim\u00e9ter \u00e9rt\u00e9ke 0, akkor a vezet\u00e9k m\u0171k\u00f6d\u0151k\u00e9pes. A v\u00e9gtelen azt jelenti, hogy a vezet\u00e9k megszakadt, \u00e9s r\u00f6gz\u00edteni vagy cser\u00e9lni kell.<\/li>\n<li>Ellen\u0151rizze az adaptert. Ha a multim\u00e9ter \u00fagy van be\u00e1ll\u00edtva, hogy \u00e9rz\u00e9kelje az AC fesz\u00fclts\u00e9get, dugja be az adaptert a falba, \u00e9s ellen\u0151rizze az \u00e1ramell\u00e1t\u00e1st biztos\u00edt\u00f3 \u00e9rintkez\u0151ket. Ha nem kap m\u00e9rhet\u0151 fesz\u00fclts\u00e9get az adaptert\u0151l, akkor lehet, hogy nem szolg\u00e1ltat \u00e1ramot, \u00e9s ki kell cser\u00e9lnie.<\/li>\n<\/ul>\n<p>Az USB-hez hasonl\u00f3 adathordoz\u00f3 k\u00e1belt csak a k\u00e9t t\u00e1pk\u00e1bel\u00e9n, f\u00f6ld- \u00e9s fesz\u00fclts\u00e9gcsapokon lehet tesztelni. N\u00e9zzen meg egy csatlakoz\u00f3t\u00edpust \u00e9s keresse meg az \u00e1br\u00e1n ezeket az \u00e1ramell\u00e1t\u00f3 csapokat (gyakran f\u00f6ldelt, GND, V + vagy 5V felirattal).<\/p>\n<\/li>\n<li>\n<p>\nVegye fel a kapcsolatot az \u00fcgyf\u00e9lszolg\u00e1lattal. Ha nem tudja kijav\u00edtani az eszk\u00f6zt, l\u00e9pjen kapcsolatba a gy\u00e1rt\u00f3val, hogy megtudja a lehet\u0151s\u00e9geket. Ha az eszk\u00f6zre nincs garancia, vagy t\u00fal sokba ker\u00fcl a jav\u00edt\u00e1sa, akkor \u00faj k\u00e9sz\u00fcl\u00e9ket kell v\u00e1s\u00e1rolnia.\n<\/p>\n<\/li>\n<\/ol>\n","protected":false},"excerpt":{"rendered":"<p>Ak\u00e1r okostelefont, laptopot, t\u00e1blag\u00e9pet vagy m\u00e1s eszk\u00f6zt kell t\u00f6ltenie, a megszakadt t\u00f6lt\u0151 frusztr\u00e1l\u00f3 \u00e9s k\u00e9nyelmetlen tud lenni. An\u00e9lk\u00fcl, hogy villanyszerel\u0151i enged\u00e9lyre lenne sz\u00fcks\u00e9ge, a probl\u00e9ma megold\u00e1s\u00e1hoz sz\u00e1mos dolgot \u00e1ttekinthet. CSA Images \/ Getty Images A t\u00f6lt\u0151 nem m\u0171k\u00f6dik N\u00e9h\u00e1ny alapvet\u0151 oka annak, hogy a t\u00f6lt\u0151je nem m\u0171k\u00f6dik: A fali aljzat ki van kapcsolva vagy s\u00e9r\u00fclt. &#8230; <a title=\"A hib\u00e1s t\u00f6lt\u0151 jav\u00edt\u00e1sa\" class=\"read-more\" href=\"https:\/\/megnyitasa.com\/blog\/a-hibas-tolto-javitasa\/\" aria-label=\"Read more about A hib\u00e1s t\u00f6lt\u0151 jav\u00edt\u00e1sa\">Olvass tov\u00e1bb<\/a><\/p>\n","protected":false},"author":1410,"featured_media":0,"comment_status":"open","ping_status":"open","sticky":false,"template":"","format":"standard","meta":{"footnotes":""},"categories":[2],"tags":[],"class_list":["post-3095","post","type-post","status-publish","format-standard","hentry","category-wiki"],"_links":{"self":[{"href":"https:\/\/megnyitasa.com\/blog\/wp-json\/wp\/v2\/posts\/3095","targetHints":{"allow":["GET"]}}],"collection":[{"href":"https:\/\/megnyitasa.com\/blog\/wp-json\/wp\/v2\/posts"}],"about":[{"href":"https:\/\/megnyitasa.com\/blog\/wp-json\/wp\/v2\/types\/post"}],"author":[{"embeddable":true,"href":"https:\/\/megnyitasa.com\/blog\/wp-json\/wp\/v2\/users\/1410"}],"replies":[{"embeddable":true,"href":"https:\/\/megnyitasa.com\/blog\/wp-json\/wp\/v2\/comments?post=3095"}],"version-history":[{"count":0,"href":"https:\/\/megnyitasa.com\/blog\/wp-json\/wp\/v2\/posts\/3095\/revisions"}],"wp:attachment":[{"href":"https:\/\/megnyitasa.com\/blog\/wp-json\/wp\/v2\/media?parent=3095"}],"wp:term":[{"taxonomy":"category","embeddable":true,"href":"https:\/\/megnyitasa.com\/blog\/wp-json\/wp\/v2\/categories?post=3095"},{"taxonomy":"post_tag","embeddable":true,"href":"https:\/\/megnyitasa.com\/blog\/wp-json\/wp\/v2\/tags?post=3095"}],"curies":[{"name":"wp","href":"https:\/\/api.w.org\/{rel}","templated":true}]}}