{"id":3215,"date":"2021-12-24T12:09:35","date_gmt":"2021-12-24T12:09:35","guid":{"rendered":"https:\/\/megnyitasa.com\/blog\/?p=3215"},"modified":"2021-12-24T12:09:35","modified_gmt":"2021-12-24T12:09:35","slug":"rejtett-fajlok-es-mappak-megjelenitese-vagy-elrejtese-mac-rendszeren","status":"publish","type":"post","link":"https:\/\/megnyitasa.com\/blog\/rejtett-fajlok-es-mappak-megjelenitese-vagy-elrejtese-mac-rendszeren\/","title":{"rendered":"Rejtett f\u00e1jlok \u00e9s mapp\u00e1k megjelen\u00edt\u00e9se vagy elrejt\u00e9se Mac rendszeren"},"content":{"rendered":"<h3>\nMit kell tudni<\/h3>\n<ul>\n<li>A termin\u00e1l parancssori parancssor\u00e1ba \u00edrja be <strong>alap\u00e9rtelmez\u00e9sek: com.apple.finder AppleShowAllFiles -boolean true; killall Finder<\/strong>. <\/li>\n<li>Alap\u00e9rtelmez\u00e9s szerint a macOS elrejti a kritikus rendszerf\u00e1jlokat \u00e9s mapp\u00e1kat, hogy megakad\u00e1lyozza a v\u00e9letlen t\u00f6rl\u00e9st vagy m\u00f3dos\u00edt\u00e1st.<\/li>\n<\/ul>\n<p>\nEz a cikk bemutatja, hogy mik\u00e9nt jelen\u00edtheti meg ezeket a rejtett f\u00e1jlokat, \u00e9s hogyan rejtheti el \u0151ket \u00fajra.\n<\/p>\n<p>A cikkben szerepl\u0151 inform\u00e1ci\u00f3k a MacOS Catalina (10.15) oper\u00e1ci\u00f3s rendszert futtat\u00f3 Mac sz\u00e1m\u00edt\u00f3g\u00e9pekre vonatkoznak az OS X Lion (10.7) rendszeren kereszt\u00fcl.<\/p>\n<h2>  Rejtett f\u00e1jlok megjelen\u00edt\u00e9se a macOS-ban  <\/h2>\n<p>\nA rejtett f\u00e1jlok Mac-en val\u00f3 megjelen\u00edt\u00e9s\u00e9hez haszn\u00e1lja a Terminal alkalmaz\u00e1st.\n<\/p>\n<p>A legt\u00f6bb rejtett f\u00e1jl oper\u00e1ci\u00f3s rendszer \u00e9s konfigur\u00e1ci\u00f3s f\u00e1jl. Ezeket nem szabad t\u00f6r\u00f6lni vagy m\u00f3dos\u00edtani, hacsak nem biztos abban, hogy mit csin\u00e1lnak.<\/p>\n<ol>\n<li>\n<p class=\"gt-block\">\nNyissa meg a&nbsp;<strong>termin\u00e1l&nbsp;<\/strong>kb. Ezt megteheti nyit\u00e1ssal&nbsp;<strong>reflektorf\u00e9ny<\/strong>&nbsp;\u00e9s be\u00edrjuk a \"termin\u00e1l\" sz\u00f3t a keres\u0151mez\u0151be. A Termin\u00e1lt \u00fagy is el\u00e9rheti, hogy megnyit egy Finder ablakot, \u00e9s navig\u00e1l a <strong>alkalmaz\u00e1sok<\/strong> &gt; <strong>Utilities<\/strong> &gt; <strong>termin\u00e1l<\/strong>.\n<\/p>\n<\/li>\n<li>\n<p>\n\u00cdrja be a k\u00f6vetkez\u0151 parancsot a termin\u00e1l parancssor\u00e1ba:\n<\/p>\n<p>alap\u00e9rtelmez\u00e9sek: com.apple.finder AppleShowAllFiles -boolean true; killall Finder<\/p>\n<p>\nHa OS X 10.8 vagy kor\u00e1bbi verzi\u00f3t haszn\u00e1l, \u00edrja be helyette ezt a parancsot:\n<\/p>\n<p>alap\u00e9rtelmez\u00e9sek: com.apple.finder AppleShowAllFiles IGAZ; killall Finder<\/p>\n<\/li>\n<\/ol>\n<p>\nA parancssorok k\u00e9t c\u00e9lt \u00e9rnek el. Az els\u0151 r\u00e9sz megv\u00e1ltoztatja a f\u00e1jlbe\u00e1ll\u00edt\u00e1st a rejtett f\u00e1jlok megjelen\u00edt\u00e9s\u00e9hez. A m\u00e1sodik r\u00e9sz \u00fajraind\u00edtja a keres\u0151t, \u00edgy a f\u00e1jlok megjelennek.\n<\/p>\n<p>\nLegt\u00f6bbsz\u00f6r ezeket a rejtett f\u00e1jlokat \u00e9s mapp\u00e1kat szeretn\u00e9 t\u00e1vol tartani, de vannak olyan esetek, amikor \u00e9rdemes megn\u00e9zni \u0151ket. P\u00e9ld\u00e1ul a rosszindulat\u00fa programok \u00e9s a v\u00edrusok probl\u00e9m\u00e1kat okozhatnak a rendszerf\u00e1jlok megv\u00e1ltoztat\u00e1s\u00e1val vagy a fontos mapp\u00e1k \u00e1tnevez\u00e9s\u00e9vel. Ilyen esetekben manu\u00e1lisan kell vissza\u00e1ll\u00edtania ezeket a f\u00e1jlokat, \u00e9s ezt nem lehet megtenni, ha l\u00e1thatatlanok.\n<\/p>\n<p>\nNe feledje, hogy sok rejtett f\u00e1jl \u00e9s mappa tal\u00e1lhat\u00f3. Ha rejtett f\u00e1jlokat mutat \u00e9s b\u00f6ng\u00e9szi a f\u00e1jlokat a Finder ablakban, a f\u00e1jllista fekv\u00e9se eg\u00e9szen m\u00e1s.\n<\/p>\n<h2>  F\u00e1jlok elrejt\u00e9se a macOS-ban  <\/h2>\n<p>\nHa elk\u00e9sz\u00fclt a rejtett f\u00e1jlokkal \u00e9s mapp\u00e1kkal, c\u00e9lszer\u0171 ezeket a f\u00e1jlokat visszaadni rejtett \u00e1llapotukba.\n<\/p>\n<ol>\n<li>\n<p class=\"gt-block\">\nNyissa meg a&nbsp;<strong>termin\u00e1l&nbsp;<\/strong>kb. Ezt megteheti nyit\u00e1ssal&nbsp;<strong>reflektorf\u00e9ny<\/strong>&nbsp;\u00e9s be\u00edrjuk a \"termin\u00e1l\" sz\u00f3t a keres\u0151mez\u0151be, vagy megnyitjuk a Finder ablakot \u00e9s navig\u00e1lunk a <strong>alkalmaz\u00e1sok<\/strong> &gt; <strong>Utilities<\/strong> &gt; <strong>termin\u00e1l<\/strong>.\n<\/p>\n<\/li>\n<li>\n<p>\n\u00cdrja be a k\u00f6vetkez\u0151 parancsot a termin\u00e1l parancssor\u00e1ba:\n<\/p>\n<p>alap\u00e9rtelmez\u00e9sek \u00edr\u00e1sa com.apple.finder AppleShowAllFiles -boolean false; killall Finder<\/p>\n<p>\nHa OS X 10.8 vagy kor\u00e1bbi verzi\u00f3t haszn\u00e1l, akkor \u00edrja be helyette ezt a parancsot:\n<\/p>\n<p>alap\u00e9rtelmez\u00e9sek \u00edr\u00e1sa com.apple.finder AppleShowAllFiles FALSE; killall Finder<\/p>\n<\/li>\n<\/ol>\n<p>\nA rejtett f\u00e1jlok felt\u00e1r\u00e1s\u00e1nak visszaford\u00edt\u00e1sa, a f\u00e1jlok rejtett \u00e1llapotba \u00e1ll\u00edt\u00e1sa, \u00e9s a Finder \u00fajraindul, hogy t\u00fckr\u00f6zze a v\u00e1ltoz\u00e1st.\n<\/p>\n<h2>  Egy sz\u00f3 a Terminal Appr\u00f3l  <\/h2>\n<p>\nA Termin\u00e1l haszn\u00e1lata olyan, mintha bekukucsk\u00e1ln\u00e1nk a megszokott grafikus felhaszn\u00e1l\u00f3i fel\u00fclet ablakai \u00e9s men\u00fci m\u00f6g\u00e9. Amikor megnyit egy alkalmaz\u00e1st, form\u00e1zza az USB flash meghajt\u00f3t, vagy a Spotlight haszn\u00e1lat\u00e1val keres a sz\u00e1m\u00edt\u00f3g\u00e9p\u00e9n, akkor l\u00e9nyeg\u00e9ben a Terminal parancsokat hajtja v\u00e9gre; A k\u00fcl\u00f6nbs\u00e9g az, hogy a parancsokat automatiz\u00e1lt\u00e1k, \u00e9s grafikusan bemutatt\u00e1k \u0151ket, hogy m\u0171k\u00f6d\u00e9s\u00fck felhaszn\u00e1l\u00f3bar\u00e1tabb legyen.<\/p>\n","protected":false},"excerpt":{"rendered":"<p>Mit kell tudni A termin\u00e1l parancssori parancssor\u00e1ba \u00edrja be alap\u00e9rtelmez\u00e9sek: com.apple.finder AppleShowAllFiles -boolean true; killall Finder. Alap\u00e9rtelmez\u00e9s szerint a macOS elrejti a kritikus rendszerf\u00e1jlokat \u00e9s mapp\u00e1kat, hogy megakad\u00e1lyozza a v\u00e9letlen t\u00f6rl\u00e9st vagy m\u00f3dos\u00edt\u00e1st. Ez a cikk bemutatja, hogy mik\u00e9nt jelen\u00edtheti meg ezeket a rejtett f\u00e1jlokat, \u00e9s hogyan rejtheti el \u0151ket \u00fajra. A cikkben szerepl\u0151 inform\u00e1ci\u00f3k &#8230; <a title=\"Rejtett f\u00e1jlok \u00e9s mapp\u00e1k megjelen\u00edt\u00e9se vagy elrejt\u00e9se Mac rendszeren\" class=\"read-more\" href=\"https:\/\/megnyitasa.com\/blog\/rejtett-fajlok-es-mappak-megjelenitese-vagy-elrejtese-mac-rendszeren\/\" aria-label=\"Read more about Rejtett f\u00e1jlok \u00e9s mapp\u00e1k megjelen\u00edt\u00e9se vagy elrejt\u00e9se Mac rendszeren\">Olvass tov\u00e1bb<\/a><\/p>\n","protected":false},"author":1456,"featured_media":0,"comment_status":"open","ping_status":"open","sticky":false,"template":"","format":"standard","meta":{"footnotes":""},"categories":[4],"tags":[],"class_list":["post-3215","post","type-post","status-publish","format-standard","hentry","category-fajlokat"],"_links":{"self":[{"href":"https:\/\/megnyitasa.com\/blog\/wp-json\/wp\/v2\/posts\/3215","targetHints":{"allow":["GET"]}}],"collection":[{"href":"https:\/\/megnyitasa.com\/blog\/wp-json\/wp\/v2\/posts"}],"about":[{"href":"https:\/\/megnyitasa.com\/blog\/wp-json\/wp\/v2\/types\/post"}],"author":[{"embeddable":true,"href":"https:\/\/megnyitasa.com\/blog\/wp-json\/wp\/v2\/users\/1456"}],"replies":[{"embeddable":true,"href":"https:\/\/megnyitasa.com\/blog\/wp-json\/wp\/v2\/comments?post=3215"}],"version-history":[{"count":0,"href":"https:\/\/megnyitasa.com\/blog\/wp-json\/wp\/v2\/posts\/3215\/revisions"}],"wp:attachment":[{"href":"https:\/\/megnyitasa.com\/blog\/wp-json\/wp\/v2\/media?parent=3215"}],"wp:term":[{"taxonomy":"category","embeddable":true,"href":"https:\/\/megnyitasa.com\/blog\/wp-json\/wp\/v2\/categories?post=3215"},{"taxonomy":"post_tag","embeddable":true,"href":"https:\/\/megnyitasa.com\/blog\/wp-json\/wp\/v2\/tags?post=3215"}],"curies":[{"name":"wp","href":"https:\/\/api.w.org\/{rel}","templated":true}]}}