{"id":3238,"date":"2021-05-20T12:10:03","date_gmt":"2021-05-20T12:10:03","guid":{"rendered":"https:\/\/megnyitasa.com\/blog\/?p=3238"},"modified":"2021-05-20T12:10:03","modified_gmt":"2021-05-20T12:10:03","slug":"psd-fajlok-mentese-regebbi-photoshop-verziokhoz","status":"publish","type":"post","link":"https:\/\/megnyitasa.com\/blog\/psd-fajlok-mentese-regebbi-photoshop-verziokhoz\/","title":{"rendered":"PSD f\u00e1jlok ment\u00e9se r\u00e9gebbi Photoshop verzi\u00f3khoz"},"content":{"rendered":"<p>\nTekintettel arra, hogy az Adobe a Photoshopot az \u00e9vek sor\u00e1n sz\u00e1mos m\u00f3don \u00e1talak\u00edtotta, a PSD f\u00e1jlok visszamen\u0151leges kompatibilit\u00e1s\u00e1nak k\u00e9rd\u00e9se bonyolultabb, mint a legt\u00f6bb m\u00e1s alkalmaz\u00e1sn\u00e1l.\n<\/p>\n<p>Az al\u00e1bbiakban ismertetett elj\u00e1r\u00e1sok az Adobe Photoshop for Creative Cloud for Windows \u00e9s macOS \u00f6sszes jelenleg t\u00e1mogatott verzi\u00f3j\u00e1ra \u00e9rv\u00e9nyesek.<\/p>\n<h2>  Photoshop-f\u00e1jl ment\u00e9se r\u00e9gebbi verzi\u00f3hoz  <\/h2>\n<p class=\"gt-block\">\n\u00c1ll\u00edtsa be az alap\u00e9rtelmezett be\u00e1ll\u00edt\u00e1st a Photoshop be\u00e1ll\u00edt\u00e1sokban <strong>Maximaliz\u00e1lja a PSD \u00e9s a PSB f\u00e1jlok kompatibilit\u00e1s\u00e1t<\/strong>&nbsp;(men\u00fc alatt <strong>szerkeszt\u00e9se<\/strong> &gt;<strong> preferenci\u00e1k<\/strong> &gt;<strong> F\u00e1jlkezel\u00e9s)<\/strong>. Ez a be\u00e1ll\u00edt\u00e1s \u00e1lland\u00f3, ez\u00e9rt csak egyszer kell be\u00e1ll\u00edtania.\n<\/p>\n<p class=\"gt-block\">\nGy\u0151z\u0151dj\u00f6n meg arr\u00f3l, hogy a F\u00e1jlkompatibilit\u00e1s ter\u00fclet alj\u00e1n ez a ter\u00fclet \u00e9rt\u00e9ke <strong>Mindig<\/strong> or<strong> K\u00e9rdez<\/strong>. Ennek az opci\u00f3nak a bekapcsol\u00e1sa azonban nagyobb f\u00e1jlm\u00e9retet eredm\u00e9nyez. Ha csak alkalmank\u00e9nt van sz\u00fcks\u00e9ge erre a szolg\u00e1ltat\u00e1sra, \u00e1ll\u00edtsa a k\u00f6vetkez\u0151re: <strong>K\u00e9rdez<\/strong>. \u00cdgy a Photoshop minden f\u00e1jlment\u00e9skor megk\u00e9rdezi, hogy maximaliz\u00e1lni szeretn\u00e9-e a kompatibilit\u00e1st. Ha erre a kompatibilit\u00e1si lehet\u0151s\u00e9gre hivatkozik, a r\u00e9tegek a k\u00e9p lap\u00edtott kompozitj\u00e1val egy\u00fctt ment\u00e9sre ker\u00fclnek.\n<\/p>\n<p><img decoding=\"async\" class=\"postimg\" src=\"https:\/\/www.lifewire.com\/thmb\/KuzhYUkYym235zuElXItkO37f1w=\/823x603\/filters:no_upscale():max_bytes(150000):strip_icc()\/001-save-photoshop-file-for-older-version-1702241-8602e5b9de1e469f9c5085ed1010fcb7.jpg\"><\/p>\n<p>A f\u00e1jlok legegyszer\u0171bb m\u00f3dja a r\u00e9gebbi verzi\u00f3k ment\u00e9se, ha egy JPG-, GIF- vagy Png-k\u00e9pk\u00e9nt t\u00f6rt\u00e9n\u0151 ment\u00e9ssel sim\u00edtja. Az \u00fajabb verzi\u00f3val hozz\u00e1adott effektusokat a kapott f\u00e1jl tartalmazza.<\/p>\n<h2>  Nyissa meg az \u00fajabb PSD f\u00e1jlokat r\u00e9gebbi szoftverekkel  <\/h2>\n<p>\nHa egy \u00fajabb Photoshop PSD f\u00e1jlt nyit meg egy r\u00e9gebbi Photoshop verzi\u00f3ban, a Photoshop \u00faj szolg\u00e1ltat\u00e1sai nem terjednek \u00e1t, ha a f\u00e1jlt olyan verzi\u00f3ban nyitj\u00e1k meg, amely nem tartalmazza ezeket a szolg\u00e1ltat\u00e1sokat. Ha a f\u00e1jlt szerkeszti \u00e9s a r\u00e9gebbi verzi\u00f3ba menti, a nem t\u00e1mogatott funkci\u00f3kat elveti.\n<\/p>\n<p><img decoding=\"async\" class=\"postimg\" src=\"https:\/\/www.lifewire.com\/thmb\/59eeZZGG9pHBDaxUexbiIuCO_ns=\/1246x907\/filters:no_upscale():max_bytes(150000):strip_icc()\/adobe-photoshop-cs2-56a3247a3df78cf7727c0060.png\"><\/p>\n<p>\nP\u00e9ld\u00e1ul n\u00e9h\u00e1ny \u00faj kever\u00e9si m\u00f3dot felvettek a Creative Cloud szolg\u00e1ltat\u00e1sba, mi\u00f3ta megjelent a Photoshop 6. Ha ezeket haszn\u00e1lja a f\u00e1jlj\u00e1ban, majd a r\u00e9gebbi verzi\u00f3ban szerkeszti, akkor a k\u00e9p m\u00e1sk\u00e9pp n\u00e9zhet ki. M\u00e1s \u00faj funkci\u00f3k, p\u00e9ld\u00e1ul az intelligens objektumok, bizonyos effektusr\u00e9tegek, r\u00e9tegk\u00e9szletek vagy -csoportok, valamint a r\u00e9teg-t\u00f6m\u00f6r\u00edt\u0151k nem viszik \u00e1t. K\u00e9sz\u00edtsen m\u00e1solatot a f\u00e1jlr\u00f3l, \u00e9s a lehet\u0151 legnagyobb m\u00e9rt\u00e9kben egyszer\u0171s\u00edtse meg, miel\u0151tt megnyitja egy r\u00e9gebbi verzi\u00f3ban.\n<\/p>\n<p>\nUgyanez vonatkozik a Photoshop f\u00e1jlok megnyit\u00e1s\u00e1ra m\u00e1s, nem Adobe szoftverben, amely PSD f\u00e1jlokat olvas.\n<\/p>\n<p class=\"gt-block\">Egyes programok a <strong>Ment\u00e9s PSD-k\u00e9nt<\/strong> v\u00e1laszt\u00e1si lehet\u0151s\u00e9g. Minden program elment egy PSD f\u00e1jl egy adott verzi\u00f3j\u00e1t. Hacsak nem tudja pontosan, hogy a PSD melyik verzi\u00f3j\u00e1ra optimaliz\u00e1lta a PSD ment\u00e9st opci\u00f3k\u00e9nt, kompatibilit\u00e1si probl\u00e9m\u00e1kba \u00fctk\u00f6zhet, ha megnyitja ezeket a dokumentumokat a Photoshop r\u00e9gi verzi\u00f3iban.<\/p>\n","protected":false},"excerpt":{"rendered":"<p>Tekintettel arra, hogy az Adobe a Photoshopot az \u00e9vek sor\u00e1n sz\u00e1mos m\u00f3don \u00e1talak\u00edtotta, a PSD f\u00e1jlok visszamen\u0151leges kompatibilit\u00e1s\u00e1nak k\u00e9rd\u00e9se bonyolultabb, mint a legt\u00f6bb m\u00e1s alkalmaz\u00e1sn\u00e1l. Az al\u00e1bbiakban ismertetett elj\u00e1r\u00e1sok az Adobe Photoshop for Creative Cloud for Windows \u00e9s macOS \u00f6sszes jelenleg t\u00e1mogatott verzi\u00f3j\u00e1ra \u00e9rv\u00e9nyesek. Photoshop-f\u00e1jl ment\u00e9se r\u00e9gebbi verzi\u00f3hoz \u00c1ll\u00edtsa be az alap\u00e9rtelmezett be\u00e1ll\u00edt\u00e1st a Photoshop &#8230; <a title=\"PSD f\u00e1jlok ment\u00e9se r\u00e9gebbi Photoshop verzi\u00f3khoz\" class=\"read-more\" href=\"https:\/\/megnyitasa.com\/blog\/psd-fajlok-mentese-regebbi-photoshop-verziokhoz\/\" aria-label=\"Read more about PSD f\u00e1jlok ment\u00e9se r\u00e9gebbi Photoshop verzi\u00f3khoz\">Olvass tov\u00e1bb<\/a><\/p>\n","protected":false},"author":1343,"featured_media":0,"comment_status":"open","ping_status":"open","sticky":false,"template":"","format":"standard","meta":{"footnotes":""},"categories":[4],"tags":[],"class_list":["post-3238","post","type-post","status-publish","format-standard","hentry","category-fajlokat"],"_links":{"self":[{"href":"https:\/\/megnyitasa.com\/blog\/wp-json\/wp\/v2\/posts\/3238","targetHints":{"allow":["GET"]}}],"collection":[{"href":"https:\/\/megnyitasa.com\/blog\/wp-json\/wp\/v2\/posts"}],"about":[{"href":"https:\/\/megnyitasa.com\/blog\/wp-json\/wp\/v2\/types\/post"}],"author":[{"embeddable":true,"href":"https:\/\/megnyitasa.com\/blog\/wp-json\/wp\/v2\/users\/1343"}],"replies":[{"embeddable":true,"href":"https:\/\/megnyitasa.com\/blog\/wp-json\/wp\/v2\/comments?post=3238"}],"version-history":[{"count":0,"href":"https:\/\/megnyitasa.com\/blog\/wp-json\/wp\/v2\/posts\/3238\/revisions"}],"wp:attachment":[{"href":"https:\/\/megnyitasa.com\/blog\/wp-json\/wp\/v2\/media?parent=3238"}],"wp:term":[{"taxonomy":"category","embeddable":true,"href":"https:\/\/megnyitasa.com\/blog\/wp-json\/wp\/v2\/categories?post=3238"},{"taxonomy":"post_tag","embeddable":true,"href":"https:\/\/megnyitasa.com\/blog\/wp-json\/wp\/v2\/tags?post=3238"}],"curies":[{"name":"wp","href":"https:\/\/api.w.org\/{rel}","templated":true}]}}