{"id":3364,"date":"2023-01-16T12:12:14","date_gmt":"2023-01-16T12:12:14","guid":{"rendered":"https:\/\/megnyitasa.com\/blog\/?p=3364"},"modified":"2023-01-16T12:12:14","modified_gmt":"2023-01-16T12:12:14","slug":"mobil-fotozas-konnyu-palyak-bemutatoja","status":"publish","type":"post","link":"https:\/\/megnyitasa.com\/blog\/mobil-fotozas-konnyu-palyak-bemutatoja\/","title":{"rendered":"Mobil fot\u00f3z\u00e1s: k\u00f6nny\u0171 p\u00e1ly\u00e1k bemutat\u00f3ja"},"content":{"rendered":"<p>\nA mobilfot\u00f3z\u00e1sban nincs semmi sz\u00f3rakoztat\u00f3bb, mint a k\u00f6nny\u0171 \u00f6sv\u00e9nyek f\u00e9nyk\u00e9pez\u00e9se. Az \u00f6tlet egyszer\u0171: Stabiliz\u00e1lja okostelefonj\u00e1t \u00e9s f\u00e9nyk\u00e9pezze az aut\u00f3kat, mik\u00f6zben \u00e9jszaka elhaladnak. A fot\u00f3z\u00e1sban ezt hossz\u00fa expoz\u00edci\u00f3s f\u00e9nyk\u00e9pez\u00e9snek nevezik. Ha saj\u00e1t f\u00e9ny\u00fat f\u00e9nyk\u00e9peit szeretn\u00e9 elk\u00e9sz\u00edteni, a k\u00e9sz\u00fcl\u00e9k stabiliz\u00e1l\u00e1s\u00e1hoz a telefonj\u00e1ra tervezett \u00e1llv\u00e1nyra van sz\u00fcks\u00e9ge. Min\u00e9l stabilabb a telefonja, ann\u00e1l jobb az eredm\u00e9nye a kamer\u00e1j\u00e1nak. A mobil fot\u00f3z\u00e1sn\u00e1l a f\u00e9nyk\u00e9pez\u0151g\u00e9p remeg\u00e9se vagy k\u00e9zfog\u00e1s t\u00f6nkreteheti a j\u00f3l megtervezett felv\u00e9teleket.\n<\/p>\n<p><img decoding=\"async\" class=\"postimg\" src=\"https:\/\/www.lifewire.com\/thmb\/r4fKYYakcjEls2n3avY64nLa8Po=\/3000x2000\/filters:no_upscale():max_bytes(150000):strip_icc()\/light-trails-on-road-against-sky-at-night-928301234-72e1abde1bb2402d891f73074a10edfb.jpg\"><\/p>\n<p>Vishal Thakur \/ EyeEm \/ Getty Images<\/p>\n<p>\nA leg\u00e1ltal\u00e1nosabb szinten a k\u00f6nny\u0171 p\u00e1ly\u00e1k f\u00e9nyk\u00e9pez\u00e9se mag\u00e1ban foglal egy olyan hely megtal\u00e1l\u00e1s\u00e1t, ahol az aut\u00f3k \u00e1ltal l\u00e9trehozott k\u00f6nny\u0171 p\u00e1ly\u00e1kat l\u00e1thatja. Biztos\u00edtja a mobiltelefonj\u00e1t, be\u00e1ll\u00edt egy hossz\u00fa expoz\u00edci\u00f3s be\u00e1ll\u00edt\u00e1st a telefonon egy alkalmaz\u00e1ssal, \u00e9s akkor f\u00e9nyk\u00e9pez, amikor az aut\u00f3k mennek, hogy l\u00e9trehozz\u00e1k a f\u00e9ny nyom\u00e1t. Kicsit bonyolultabb, mint amilyennek hangzik, de az az \u00f6tlet rejlik benne, hogy a hosszabb expoz\u00edci\u00f3 lehet\u0151v\u00e9 teszi, hogy a p\u00e1ly\u00e1kat l\u00e9trehoz\u00f3 aut\u00f3k a k\u00e9pen mozogjanak. Eleinte egy kis gyakorl\u00e1s sz\u00fcks\u00e9ges, de el\u00e9gedett leszel az eredm\u00e9nyekkel.\n<\/p>\n<h2>  Lass\u00fa expon\u00e1l\u00f3 kamera alkalmaz\u00e1s  <\/h2>\n<p>\nT\u00f6ltse le iPhone-j\u00e1hoz a Slow Shutter Cam alkalmaz\u00e1st az App Store-b\u00f3l, vagy t\u00f6lts\u00f6n le egy hasonl\u00f3 alkalmaz\u00e1st a Google Play Android-telefonokhoz. A Slow Shutter Cam alkalmaz\u00e1s n\u00e9h\u00e1ny j\u00f3 funkci\u00f3t k\u00edn\u00e1l, amelyekkel j\u00e1tszhatsz, hogy megszerezhesd ezeket a fantasztikus k\u00f6nny\u0171 p\u00e1ly\u00e1kat.\n<\/p>\n<p class=\"gt-block\">\nA Slow Shutter Cam alkalmaz\u00e1s<strong> <\/strong>fot\u00f3sorozatot k\u00e9sz\u00edt \u00e9s egyetlen k\u00e9pp\u00e9 varrja \u00f6ssze \u0151ket. Ez az egyetlen k\u00e9p a folyamatos f\u00e9nys\u00e1vot mutatja. Fontos a mobiltelefon stabiliz\u00e1l\u00e1sa, hogy ez a k\u00e9psor ne okozzon rendelleness\u00e9geket. Az el\u0151k\u00e9sz\u00fcletek fontosak. \u00cdgy k\u00e9sz\u00edtheti el az els\u0151 f\u00e9nyutak k\u00e9p\u00e9t:\n<\/p>\n<ol>\n<li>\n<p class=\"gt-block\">\ntorony<strong> <\/strong>a mobiltelefon kamer\u00e1ja kikapcsol.\n<\/p>\n<\/li>\n<li>\n<p class=\"gt-block\">\nInd\u00edtsa el a <strong>Lass\u00fa red\u0151nykamera<\/strong> alkalmaz\u00e1st, \u00e9s hozz\u00e1f\u00e9r\u00e9st biztos\u00edt a kamer\u00e1j\u00e1hoz, ha erre k\u00e9rik.\n<\/p>\n<\/li>\n<li>\n<p class=\"gt-block\">\n\u00c9rintse meg a <strong>be\u00e1ll\u00edt\u00e1sok<\/strong> ikonra a Slow Shutter Cam alkalmaz\u00e1sban. Fogasker\u00e9kre hasonl\u00edt.\n<\/p>\n<\/li>\n<li>\n<p class=\"gt-block\">\n\u00c9rintse <strong>K\u00f6nny\u0171 \u00f6sv\u00e9ny<\/strong> a R\u00f6gz\u00edt\u00e9si m\u00f3d r\u00e9szben.\n<\/p>\n<\/li>\n<li>\n<p class=\"gt-block\">\nMozgassa a <strong>Z\u00e1rsebess\u00e9g<\/strong> cs\u00fasztassa eg\u00e9szen jobbra, am\u00edg meg nem sz\u00f3l <strong>izz\u00f3<\/strong>. Ez a be\u00e1ll\u00edt\u00e1s lehet\u0151v\u00e9 teszi, hogy vez\u00e9relje, amikor a red\u0151ny manu\u00e1lisan ny\u00edlik \u00e9s z\u00e1r\u00f3dik.\n<\/p>\n<\/li>\n<li>\n<p class=\"gt-block\">\nV\u00e1lasszon egy be\u00e1ll\u00edt\u00e1st a <strong>F\u00e9ny\u00e9rz\u00e9kenys\u00e9g <\/strong>\u00e9s <strong>JELENT\u0150SEBB. <\/strong>Am\u00edg jobban meg nem ismeri az alkalmaz\u00e1st \u00e9s a k\u00f6nny\u0171 \u00f6sv\u00e9nyeket, v\u00e1lasszon mindegyikhez k\u00f6z\u00e9ptartom\u00e1nyt.\n<\/p>\n<\/li>\n<li>\n<p>\nHelyezze a telefont \u00e1llv\u00e1nyra vagy stabil fel\u00fcletre, \u00e9s keretezze be a k\u00e9pet.\n<\/p>\n<\/li>\n<li>\n<p class=\"gt-block\">\n\u00c9rintse meg a <strong>Red\u0151ny<\/strong> gombot a r\u00f6gz\u00edt\u00e9s megkezd\u00e9s\u00e9hez.\n<\/p>\n<\/li>\n<li>\n<p class=\"gt-block\">\n\u00c9rintse meg a <strong>Red\u0151ny<\/strong> gombot a r\u00f6gz\u00edt\u00e9s le\u00e1ll\u00edt\u00e1s\u00e1hoz.\n<\/p>\n<\/li>\n<li>\n<p class=\"gt-block\">\n\u00c9rintse <strong>Megtakar\u00edt\u00e1s<\/strong>.\n<\/p>\n<\/li>\n<li>\n<p>\nAz id\u0151z\u00edt\u00e9s minden, ez\u00e9rt \u00e1ll\u00edtsa be az \u00f6sszeset, miel\u0151tt aut\u00f3ra sz\u00e1m\u00edtana. Ezut\u00e1n, amikor l\u00e1tja, hogy az aut\u00f3k k\u00f6zelednek, koppintson az expon\u00e1l\u00f3 gombra.\n<\/p>\n<\/li>\n<\/ol>\n<h2>  Egy sz\u00f3 az expoz\u00edci\u00f3r\u00f3l  <\/h2>\n<p>\nMivel a red\u0151nyt manu\u00e1lisan aktiv\u00e1lja \u00e9s deaktiv\u00e1lja, l\u00e9tre kell hoznia egy \"\u00e9rzetet\", hogy meddig kell v\u00e1rnia a k\u00e9t m\u0171velet k\u00f6z\u00f6tt. Ha aut\u00f3kat f\u00e9nyk\u00e9pez, akkor nyitva kell hagynia, am\u00edg egy aut\u00f3 a t\u00e1volban elhalad a telefonja el\u00e9 egy teljes nyom r\u00f6gz\u00edt\u00e9s\u00e9hez.\n<\/p>\n<p>\nHa a hossz\u00fa expoz\u00edci\u00f3s be\u00e1ll\u00edt\u00e1st valami pisl\u00e1kol\u00f3 t\u0171z filmez\u00e9s\u00e9hez haszn\u00e1lja, r\u00f6videbb expoz\u00edci\u00f3s id\u0151t haszn\u00e1lhat. A hossz\u00fa expoz\u00edci\u00f3s fot\u00f3z\u00e1s sz\u00f3rakoz\u00e1s\u00e1nak r\u00e9sze a legimpoz\u00e1nsabb k\u00e9pet eredm\u00e9nyez\u0151 be\u00e1ll\u00edt\u00e1sok megk\u00eds\u00e9rl\u00e9se.<\/p>\n","protected":false},"excerpt":{"rendered":"<p>A mobilfot\u00f3z\u00e1sban nincs semmi sz\u00f3rakoztat\u00f3bb, mint a k\u00f6nny\u0171 \u00f6sv\u00e9nyek f\u00e9nyk\u00e9pez\u00e9se. Az \u00f6tlet egyszer\u0171: Stabiliz\u00e1lja okostelefonj\u00e1t \u00e9s f\u00e9nyk\u00e9pezze az aut\u00f3kat, mik\u00f6zben \u00e9jszaka elhaladnak. A fot\u00f3z\u00e1sban ezt hossz\u00fa expoz\u00edci\u00f3s f\u00e9nyk\u00e9pez\u00e9snek nevezik. Ha saj\u00e1t f\u00e9ny\u00fat f\u00e9nyk\u00e9peit szeretn\u00e9 elk\u00e9sz\u00edteni, a k\u00e9sz\u00fcl\u00e9k stabiliz\u00e1l\u00e1s\u00e1hoz a telefonj\u00e1ra tervezett \u00e1llv\u00e1nyra van sz\u00fcks\u00e9ge. Min\u00e9l stabilabb a telefonja, ann\u00e1l jobb az eredm\u00e9nye a kamer\u00e1j\u00e1nak. A &#8230; <a title=\"Mobil fot\u00f3z\u00e1s: k\u00f6nny\u0171 p\u00e1ly\u00e1k bemutat\u00f3ja\" class=\"read-more\" href=\"https:\/\/megnyitasa.com\/blog\/mobil-fotozas-konnyu-palyak-bemutatoja\/\" aria-label=\"Read more about Mobil fot\u00f3z\u00e1s: k\u00f6nny\u0171 p\u00e1ly\u00e1k bemutat\u00f3ja\">Olvass tov\u00e1bb<\/a><\/p>\n","protected":false},"author":1008,"featured_media":0,"comment_status":"open","ping_status":"open","sticky":false,"template":"","format":"standard","meta":{"footnotes":""},"categories":[2],"tags":[],"class_list":["post-3364","post","type-post","status-publish","format-standard","hentry","category-wiki"],"_links":{"self":[{"href":"https:\/\/megnyitasa.com\/blog\/wp-json\/wp\/v2\/posts\/3364","targetHints":{"allow":["GET"]}}],"collection":[{"href":"https:\/\/megnyitasa.com\/blog\/wp-json\/wp\/v2\/posts"}],"about":[{"href":"https:\/\/megnyitasa.com\/blog\/wp-json\/wp\/v2\/types\/post"}],"author":[{"embeddable":true,"href":"https:\/\/megnyitasa.com\/blog\/wp-json\/wp\/v2\/users\/1008"}],"replies":[{"embeddable":true,"href":"https:\/\/megnyitasa.com\/blog\/wp-json\/wp\/v2\/comments?post=3364"}],"version-history":[{"count":0,"href":"https:\/\/megnyitasa.com\/blog\/wp-json\/wp\/v2\/posts\/3364\/revisions"}],"wp:attachment":[{"href":"https:\/\/megnyitasa.com\/blog\/wp-json\/wp\/v2\/media?parent=3364"}],"wp:term":[{"taxonomy":"category","embeddable":true,"href":"https:\/\/megnyitasa.com\/blog\/wp-json\/wp\/v2\/categories?post=3364"},{"taxonomy":"post_tag","embeddable":true,"href":"https:\/\/megnyitasa.com\/blog\/wp-json\/wp\/v2\/tags?post=3364"}],"curies":[{"name":"wp","href":"https:\/\/api.w.org\/{rel}","templated":true}]}}