{"id":3403,"date":"2020-11-18T00:00:00","date_gmt":"2020-11-18T00:00:00","guid":{"rendered":"https:\/\/megnyitasa.com\/blog\/mi-a-tomoritett-fajl-meghatarozasa\/"},"modified":"2020-11-18T00:00:00","modified_gmt":"2020-11-18T00:00:00","slug":"mi-a-tomoritett-fajl-meghatarozasa","status":"publish","type":"post","link":"https:\/\/megnyitasa.com\/blog\/mi-a-tomoritett-fajl-meghatarozasa\/","title":{"rendered":"Mi a t\u00f6m\u00f6r\u00edtett f\u00e1jl meghat\u00e1roz\u00e1sa?"},"content":{"rendered":"<p>\nT\u00f6m\u00f6r\u00edtett f\u00e1jl minden olyan f\u00e1jl, amelynek be van kapcsolva a t\u00f6m\u00f6r\u00edtett attrib\u00fatum.\n<\/p>\n<p>\nA t\u00f6m\u00f6r\u00edtett attrib\u00fatum haszn\u00e1lata az egyik m\u00f3dja annak, hogy egy f\u00e1jlt kisebb m\u00e9retre t\u00f6m\u00f6r\u00edtsen a merevlemezen val\u00f3 megtakar\u00edt\u00e1s \u00e9rdek\u00e9ben, \u00e9s ez t\u00f6bbf\u00e9le m\u00f3don alkalmazhat\u00f3 (amir\u0151l az al\u00e1bbiakban besz\u00e9l\u00fcnk).\n<\/p>\n<p>\nA legt\u00f6bb Windows sz\u00e1m\u00edt\u00f3g\u00e9p alap\u00e9rtelmez\u00e9s szerint \u00fagy van konfigur\u00e1lva, hogy a t\u00f6m\u00f6r\u00edtett f\u00e1jlokat k\u00e9k sz\u00f6veggel jelen\u00edtse meg a norm\u00e1l f\u00e1jlkeres\u00e9sek \u00e9s a mappan\u00e9zetek k\u00f6z\u00f6tt.\n<\/p>\n<h2>  Hogyan m\u0171k\u00f6dik a t\u00f6m\u00f6r\u00edt\u00e9s?  <\/h2>\n<p>\nSz\u00f3val, mit csin\u00e1l a f\u00e1jl t\u00f6m\u00f6r\u00edt\u00e9se? A f\u00e1jl t\u00f6m\u00f6r\u00edtett f\u00e1jlattrib\u00fatum\u00e1nak bekapcsol\u00e1sa cs\u00f6kkenti a f\u00e1jl m\u00e9ret\u00e9t, de a Windows tov\u00e1bbra is haszn\u00e1lhatja ugyan\u00fagy, mint b\u00e1rmely m\u00e1s f\u00e1jlt.\n<\/p>\n<p>\nA t\u00f6m\u00f6r\u00edt\u00e9s \u00e9s a dekompresszi\u00f3 menet k\u00f6zben t\u00f6rt\u00e9nik. Amikor egy t\u00f6m\u00f6r\u00edtett f\u00e1jlt megnyit, a Windows automatikusan kicsomagolja azt. Amikor becsuk\u00f3dik, \u00fajra \u00f6sszenyom\u00f3dik. Ez \u00fajra \u00e9s \u00fajra megt\u00f6rt\u00e9nik, ah\u00e1nyszor megnyit egy t\u00f6m\u00f6r\u00edtett f\u00e1jlt.\n<\/p>\n<p>\nBekapcsoltuk a 25 MB TXT f\u00e1jl t\u00f6m\u00f6r\u00edt\u00e9si attrib\u00fatum\u00e1t, hogy tesztelj\u00fck a Windows \u00e1ltal haszn\u00e1lt algoritmus hat\u00e9konys\u00e1g\u00e1t. A t\u00f6m\u00f6r\u00edt\u00e9s ut\u00e1n a f\u00e1jl csak 5 MB lemezter\u00fcletet haszn\u00e1lt fel.\n<\/p>\n<p>\nM\u00e9g ezzel az egyetlen p\u00e9ld\u00e1val is l\u00e1thatja, hogy mennyi lemezter\u00fclet takar\u00edthat\u00f3 meg, ha ezt egyszerre sok f\u00e1jlra alkalmazz\u00e1k.\n<\/p>\n<h2>  T\u00f6m\u00f6r\u00edtsek egy teljes merevlemezt?  <\/h2>\n<p>\nAmint a TXT f\u00e1jl p\u00e9ld\u00e1ban l\u00e1tta, a t\u00f6m\u00f6r\u00edtett f\u00e1jlattrib\u00fatum be\u00e1ll\u00edt\u00e1sa egy f\u00e1jlra jelent\u0151sen cs\u00f6kkentheti annak m\u00e9ret\u00e9t. A t\u00f6m\u00f6r\u00edtett f\u00e1jlokkal val\u00f3 munka azonban t\u00f6bb processzort ig\u00e9nyel, mint egy t\u00f6m\u00f6r\u00edtetlen f\u00e1jl haszn\u00e1lata, mert a Windows-nak le kell t\u00f6m\u00f6r\u00edtenie \u00e9s \u00fajra kell t\u00f6m\u00f6r\u00edtenie a f\u00e1jlt a haszn\u00e1lata sor\u00e1n.\n<\/p>\n<p>\nMivel a legt\u00f6bb sz\u00e1m\u00edt\u00f3g\u00e9pben rengeteg hely van a merevlemezen, a t\u00f6m\u00f6r\u00edt\u00e9st \u00e1ltal\u00e1ban nem javasoljuk, f\u0151leg, hogy a kompromisszum \u00e1ltal\u00e1ban lassabb sz\u00e1m\u00edt\u00f3g\u00e9p a sz\u00fcks\u00e9ges extra processzorhaszn\u00e1latnak k\u00f6sz\u00f6nhet\u0151en.\n<\/p>\n<p>\nMindezek mellett hasznos lehet bizonyos f\u00e1jlokat vagy f\u00e1jlcsoportokat t\u00f6m\u00f6r\u00edteni, ha alig haszn\u00e1lja \u0151ket. Ha nem tervezi, hogy gyakran, s\u0151t egy\u00e1ltal\u00e1n nem nyitja meg \u0151ket, akkor az a t\u00e9ny, hogy a nyit\u00e1shoz feldolgoz\u00e1si er\u0151re lesz sz\u00fcks\u00e9g\u00fck, val\u00f3sz\u00edn\u0171leg mindennap nagyon kev\u00e9s aggodalomra ad okot.\n<\/p>\n<p>Az egyes f\u00e1jlok t\u00f6m\u00f6r\u00edt\u00e9se a t\u00f6m\u00f6r\u00edtett attrib\u00fatumnak k\u00f6sz\u00f6nhet\u0151en el\u00e9g egyszer\u0171 a Windows rendszerben, de archiv\u00e1l\u00e1shoz vagy megoszt\u00e1shoz a legjobb egy harmadik f\u00e9lt\u0151l sz\u00e1rmaz\u00f3 f\u00e1jlt\u00f6m\u00f6r\u00edt\u0151 program haszn\u00e1lata. Ha \u00e9rdekli, tekintse meg az ingyenes f\u00e1jlkivon\u00f3 eszk\u00f6z\u00f6k list\u00e1j\u00e1t<\/p>\n<h2>  F\u00e1jlok \u00e9s mapp\u00e1k t\u00f6m\u00f6r\u00edt\u00e9se a Windows rendszerben  <\/h2>\n<p>\nAz Explorer \u00e9s a compact parancssori parancs egyar\u00e1nt haszn\u00e1lhat\u00f3 a f\u00e1jlok \u00e9s mapp\u00e1k t\u00f6m\u00f6r\u00edt\u00e9s\u00e9re a Windows rendszerben a t\u00f6m\u00f6r\u00edtett attrib\u00fatum enged\u00e9lyez\u00e9s\u00e9vel.\n<\/p>\n<p>\nA Microsoft rendelkezik ezzel az oktat\u00f3anyaggal, amely elmagyar\u00e1zza a f\u00e1jlok t\u00f6m\u00f6r\u00edt\u00e9s\u00e9t a File \/ Windows Explorer m\u00f3dszerrel, m\u00edg p\u00e9ld\u00e1kat mutat be a f\u00e1jlok t\u00f6m\u00f6r\u00edt\u00e9s\u00e9hez a Parancssorb\u00f3l, \u00e9s a parancssori parancs megfelel\u0151 szintaxis\u00e1t.\n<\/p>\n<p>\nEgyetlen f\u00e1jl t\u00f6m\u00f6r\u00edt\u00e9se term\u00e9szetesen a t\u00f6m\u00f6r\u00edt\u00e9st csak arra az egyetlen f\u00e1jlra alkalmazza. Egy mappa (vagy egy teljes part\u00edci\u00f3) t\u00f6m\u00f6r\u00edt\u00e9sekor megadhatja a lehet\u0151s\u00e9get, hogy csak azt az egy mapp\u00e1t, vagy a mapp\u00e1t, valamint annak almapp\u00e1it \u00e9s az azokban tal\u00e1lhat\u00f3 \u00f6sszes f\u00e1jlt t\u00f6m\u00f6r\u00edtse.\n<\/p>\n<p>\nMint az al\u00e1bbiakban l\u00e1thatja, egy mappa t\u00f6m\u00f6r\u00edt\u00e9se az Explorer seg\u00edts\u00e9g\u00e9vel k\u00e9t lehet\u0151s\u00e9get k\u00edn\u00e1l: V\u00e1ltoztat\u00e1sokat csak erre a mapp\u00e1ra, \u00e9s V\u00e1ltoztat\u00e1sokat alkalmazhat erre a mapp\u00e1ra, almapp\u00e1kra \u00e9s f\u00e1jlokra.\n<\/p>\n<p><img decoding=\"async\" class=\"postimg\" src=\"https:\/\/www.lifewire.com\/thmb\/GUIM-B-wVgQ12qra2h98u_T0ogs=\/960x640\/filters:no_upscale():max_bytes(150000):strip_icc()\/compress-folders-windows-10-5accdfa243a1030037e27a8b.PNG\"><\/p>\n<p>Mappa t\u00f6m\u00f6r\u00edt\u00e9se Windows 10 rendszerben.<\/p>\n<p>\nAz els\u0151 opci\u00f3 a m\u00f3dos\u00edt\u00e1sok alkalmaz\u00e1s\u00e1ra az egyetlen mapp\u00e1ban csak a mapp\u00e1ba helyezett \u00faj f\u00e1jlokhoz \u00e1ll\u00edtja be a t\u00f6m\u00f6r\u00edt\u00e9si attrib\u00fatumot. Ez azt jelenti, hogy a jelenleg a mapp\u00e1ban l\u00e9v\u0151 f\u00e1jlok nem lesznek benne, de a j\u00f6v\u0151ben hozz\u00e1adott \u00faj f\u00e1jlok t\u00f6m\u00f6r\u00edt\u00e9sre ker\u00fclnek. Ez csak az egyetlen mapp\u00e1ra vonatkozik, ahov\u00e1 alkalmazza, nem pedig az esetleges almapp\u00e1kra.\n<\/p>\n<p>\nA m\u00e1sodik lehet\u0151s\u00e9g - a m\u00f3dos\u00edt\u00e1sok alkalmaz\u00e1sa a mapp\u00e1ra, az almapp\u00e1kra \u00e9s az \u00f6sszes f\u00e1jljukra - pontosan \u00fagy m\u0171k\u00f6dik, ahogy hangzik. Az aktu\u00e1lis mapp\u00e1ban tal\u00e1lhat\u00f3 \u00f6sszes f\u00e1jl, valamint annak b\u00e1rmely almapp\u00e1j\u00e1ban tal\u00e1lhat\u00f3 \u00f6sszes f\u00e1jl be van kapcsolva a t\u00f6m\u00f6r\u00edtett attrib\u00fatummal. Ez nem csak azt jelenti, hogy az aktu\u00e1lis f\u00e1jlok t\u00f6m\u00f6r\u00edt\u00e9sre ker\u00fclnek, hanem azt is, hogy a t\u00f6m\u00f6r\u00edtett attrib\u00fatumot minden \u00faj f\u00e1jlra, amelyet hozz\u00e1ad az aktu\u00e1lis mapp\u00e1hoz, valamint az almapp\u00e1khoz, itt van a k\u00fcl\u00f6nbs\u00e9g ennek az opci\u00f3nak a m\u00e1sik k\u00f6z\u00f6tt.\n<\/p>\n<p>\nA C meghajt\u00f3 vagy b\u00e1rmely m\u00e1s merevlemez t\u00f6m\u00f6r\u00edt\u00e9sekor ugyanazokat a lehet\u0151s\u00e9geket kapja meg, mint egy mappa t\u00f6m\u00f6r\u00edt\u00e9sekor, de a l\u00e9p\u00e9sek kiss\u00e9 elt\u00e9rnek. Nyissa meg a meghajt\u00f3 tulajdons\u00e1gait az Explorerben, \u00e9s a lemezter\u00fclet megtakar\u00edt\u00e1sa \u00e9rdek\u00e9ben jel\u00f6lje be a Meghajt\u00f3 t\u00f6m\u00f6r\u00edt\u00e9se jel\u00f6l\u0151n\u00e9gyzetet. Ezut\u00e1n megadhatja azt a lehet\u0151s\u00e9get, hogy a t\u00f6m\u00f6r\u00edt\u00e9st csak a meghajt\u00f3 gy\u00f6ker\u00e9re vagy annak \u00f6sszes almapp\u00e1j\u00e1ra \u00e9s f\u00e1jlj\u00e1ra alkalmazza.\n<\/p>\n<h2>  A t\u00f6m\u00f6r\u00edtett f\u00e1jlattrib\u00fatum korl\u00e1tai  <\/h2>\n<p>\nAz NTFS f\u00e1jlrendszer az egyetlen Windows f\u00e1jlrendszer, amely t\u00e1mogatja a t\u00f6m\u00f6r\u00edtett f\u00e1jlokat. Ez azt jelenti, hogy a FAT f\u00e1jlrendszerben form\u00e1zott part\u00edci\u00f3k nem haszn\u00e1lhatj\u00e1k a f\u00e1jlt\u00f6m\u00f6r\u00edt\u00e9st.\n<\/p>\n<p>\nN\u00e9h\u00e1ny merevlemez form\u00e1zhat\u00f3 \u00fagy, hogy az alap\u00e9rtelmezett 4 KB m\u00e9retn\u00e9l nagyobb f\u00fcrtm\u00e9reteket haszn\u00e1ljon (err\u0151l b\u0151vebben itt olvashat). B\u00e1rmely f\u00e1jlrendszer, amely enn\u00e9l az alap\u00e9rtelmezettn\u00e9l nagyobb f\u00fcrtm\u00e9retet haszn\u00e1l, nem tudja haszn\u00e1lni a t\u00f6m\u00f6r\u00edtett f\u00e1jlattrib\u00fatum szolg\u00e1ltat\u00e1sait.\n<\/p>\n<p>\nT\u00f6bb f\u00e1jlt nem lehet egyszerre t\u00f6m\u00f6r\u00edteni, hacsak nem egy mapp\u00e1ban tal\u00e1lhat\u00f3k, \u00e9s akkor a mappa tartalm\u00e1nak t\u00f6m\u00f6r\u00edt\u00e9s\u00e9re opci\u00f3t v\u00e1laszt. Ellenkez\u0151 esetben, ha egyszerre egyetlen f\u00e1jlt v\u00e1laszt ki (pl. K\u00e9t vagy t\u00f6bb k\u00e9pf\u00e1jlt kiemel), akkor a t\u00f6m\u00f6r\u00edt\u00e9si attrib\u00fatum enged\u00e9lyez\u00e9s\u00e9nek lehet\u0151s\u00e9ge nem lesz el\u00e9rhet\u0151.\n<\/p>\n<p>\nEgyes f\u00e1jlok a Windows-ban probl\u00e9m\u00e1t okoznak, ha t\u00f6m\u00f6r\u00edtik, mert sz\u00fcks\u00e9gesek a Windows ind\u00edt\u00e1s\u00e1hoz. A BOOTMGR \u00e9s az NTLDR k\u00e9t p\u00e9lda olyan f\u00e1jlokra, amelyeket nem szabad t\u00f6m\u00f6r\u00edteni. A Windows \u00fajabb verzi\u00f3i nem is engedik t\u00f6m\u00f6r\u00edteni az ilyen t\u00edpus\u00fa f\u00e1jlokat.\n<\/p>\n<h2>  Tov\u00e1bbi inform\u00e1ci\u00f3 a f\u00e1jlt\u00f6m\u00f6r\u00edt\u00e9sr\u0151l  <\/h2>\n<p>\nB\u00e1r val\u00f3sz\u00edn\u0171leg nem meglep\u0151, a nagyobb f\u00e1jlok t\u00f6m\u00f6r\u00edt\u00e9se hosszabb ideig tart, mint a kisebbek\u00e9. Ha egy teljes f\u00e1jlk\u00f6tetet t\u00f6m\u00f6r\u00edtenek, val\u00f3sz\u00edn\u0171leg el\u00e9g sok\u00e1ig tart a befejez\u00e9se, a teljes id\u0151 a k\u00f6tetben l\u00e9v\u0151 f\u00e1jlok sz\u00e1m\u00e1t\u00f3l, a f\u00e1jlok m\u00e9ret\u00e9t\u0151l \u00e9s a sz\u00e1m\u00edt\u00f3g\u00e9p \u00e1ltal\u00e1nos sebess\u00e9g\u00e9t\u0151l f\u00fcgg.\n<\/p>\n<p>\nEgyes f\u00e1jlok egy\u00e1ltal\u00e1n nem t\u00fal t\u00f6m\u00f6r\u00edtenek, m\u00edg m\u00e1sok az eredeti m\u00e9ret\u00fck legfeljebb 10% -\u00e1ig t\u00f6m\u00f6r\u00edthet\u0151k. Egyes f\u00e1jlok ugyanis m\u00e1r a Windows t\u00f6m\u00f6r\u00edt\u0151 eszk\u00f6z haszn\u00e1lata el\u0151tt bizonyos m\u00e9rt\u00e9kig t\u00f6m\u00f6r\u00edtve vannak.\n<\/p>\n<p>\nEnnek egyik p\u00e9ld\u00e1ja l\u00e1that\u00f3, ha megpr\u00f3b\u00e1l t\u00f6m\u00f6r\u00edteni egy ISO f\u00e1jlt. A legt\u00f6bb ISO-f\u00e1jlt az els\u0151 \u00e9p\u00edt\u00e9skor t\u00f6m\u00f6r\u00edtik, \u00edgy a Windows-t\u00f6m\u00f6r\u00edt\u00e9ssel t\u00f6rt\u00e9n\u0151 \u00fajb\u00f3li t\u00f6m\u00f6r\u00edt\u00e9s val\u00f3sz\u00edn\u0171leg nem sok mindent hoz a teljes f\u00e1jlm\u00e9rethez.\n<\/p>\n<p>\nA f\u00e1jl tulajdons\u00e1gainak megtekint\u00e9sekor egy f\u00e1jlm\u00e9ret szerepel a f\u00e1jl t\u00e9nyleges m\u00e9ret\u00e9hez (csak m\u00e9retnek h\u00edvj\u00e1k), egy m\u00e1sik pedig annak m\u00e9ret\u00e9hez, hogy mekkora a f\u00e1jl a merevlemezen (m\u00e9ret a lemezen).\n<\/p>\n<p>\nAz els\u0151 sz\u00e1m nem v\u00e1ltozik, f\u00fcggetlen\u00fcl att\u00f3l, hogy egy f\u00e1jl t\u00f6m\u00f6r\u00edtve van-e, mert ez megmondja a f\u00e1jl val\u00f3di, t\u00f6m\u00f6r\u00edtetlen m\u00e9ret\u00e9t. A m\u00e1sodik sz\u00e1m azonban az, hogy a f\u00e1jl mekkora helyet foglal el a merevlemezen. Teh\u00e1t, ha a f\u00e1jl t\u00f6m\u00f6r\u00edtve van, akkor a Size on disk melletti sz\u00e1m term\u00e9szetesen kisebb lesz, mint a m\u00e1sik sz\u00e1m.\n<\/p>\n<p>\nHa egy f\u00e1jlt m\u00e1s merevlemezre m\u00e1sol, akkor a t\u00f6m\u00f6r\u00edt\u00e9s attrib\u00fatum t\u00f6rl\u0151dik. P\u00e9ld\u00e1ul, ha az els\u0151dleges merevlemezen l\u00e9v\u0151 videof\u00e1jl t\u00f6m\u00f6r\u00edtve van, de azt akkor k\u00fcls\u0151 merevlemezre m\u00e1solja, akkor a f\u00e1jl m\u00e1r nem lesz t\u00f6m\u00f6r\u00edtve az \u00faj meghajt\u00f3n, kiv\u00e9ve, ha \u00fajra manu\u00e1lisan t\u00f6m\u00f6r\u00edti.\n<\/p>\n<p>\nA f\u00e1jlok t\u00f6m\u00f6r\u00edt\u00e9se n\u00f6velheti a k\u00f6tet t\u00f6redezetts\u00e9g\u00e9t. Emiatt a t\u00f6redezetts\u00e9gmentes\u00edt\u0151 eszk\u00f6z\u00f6k hosszabb ideig tarthatnak a sok t\u00f6m\u00f6r\u00edtett f\u00e1jlt tartalmaz\u00f3 merevlemez t\u00f6redezetts\u00e9g\u00e9nek felold\u00e1s\u00e1hoz.<\/p>\n","protected":false},"excerpt":{"rendered":"<p>T\u00f6m\u00f6r\u00edtett f\u00e1jl minden olyan f\u00e1jl, amelynek be van kapcsolva a t\u00f6m\u00f6r\u00edtett attrib\u00fatum. A t\u00f6m\u00f6r\u00edtett attrib\u00fatum haszn\u00e1lata az egyik m\u00f3dja annak, hogy egy f\u00e1jlt kisebb m\u00e9retre t\u00f6m\u00f6r\u00edtsen a merevlemezen val\u00f3 megtakar\u00edt\u00e1s \u00e9rdek\u00e9ben, \u00e9s ez t\u00f6bbf\u00e9le m\u00f3don alkalmazhat\u00f3 (amir\u0151l az al\u00e1bbiakban besz\u00e9l\u00fcnk). A legt\u00f6bb Windows sz\u00e1m\u00edt\u00f3g\u00e9p alap\u00e9rtelmez\u00e9s szerint \u00fagy van konfigur\u00e1lva, hogy a t\u00f6m\u00f6r\u00edtett f\u00e1jlokat k\u00e9k sz\u00f6veggel &#8230; <a title=\"Mi a t\u00f6m\u00f6r\u00edtett f\u00e1jl meghat\u00e1roz\u00e1sa?\" class=\"read-more\" href=\"https:\/\/megnyitasa.com\/blog\/mi-a-tomoritett-fajl-meghatarozasa\/\" aria-label=\"Read more about Mi a t\u00f6m\u00f6r\u00edtett f\u00e1jl meghat\u00e1roz\u00e1sa?\">Olvass tov\u00e1bb<\/a><\/p>\n","protected":false},"author":1534,"featured_media":0,"comment_status":"open","ping_status":"open","sticky":false,"template":"","format":"standard","meta":{"footnotes":""},"categories":[4],"tags":[],"class_list":["post-3403","post","type-post","status-publish","format-standard","hentry","category-fajlokat"],"_links":{"self":[{"href":"https:\/\/megnyitasa.com\/blog\/wp-json\/wp\/v2\/posts\/3403","targetHints":{"allow":["GET"]}}],"collection":[{"href":"https:\/\/megnyitasa.com\/blog\/wp-json\/wp\/v2\/posts"}],"about":[{"href":"https:\/\/megnyitasa.com\/blog\/wp-json\/wp\/v2\/types\/post"}],"author":[{"embeddable":true,"href":"https:\/\/megnyitasa.com\/blog\/wp-json\/wp\/v2\/users\/1534"}],"replies":[{"embeddable":true,"href":"https:\/\/megnyitasa.com\/blog\/wp-json\/wp\/v2\/comments?post=3403"}],"version-history":[{"count":0,"href":"https:\/\/megnyitasa.com\/blog\/wp-json\/wp\/v2\/posts\/3403\/revisions"}],"wp:attachment":[{"href":"https:\/\/megnyitasa.com\/blog\/wp-json\/wp\/v2\/media?parent=3403"}],"wp:term":[{"taxonomy":"category","embeddable":true,"href":"https:\/\/megnyitasa.com\/blog\/wp-json\/wp\/v2\/categories?post=3403"},{"taxonomy":"post_tag","embeddable":true,"href":"https:\/\/megnyitasa.com\/blog\/wp-json\/wp\/v2\/tags?post=3403"}],"curies":[{"name":"wp","href":"https:\/\/api.w.org\/{rel}","templated":true}]}}