{"id":3524,"date":"2022-02-23T12:15:09","date_gmt":"2022-02-23T12:15:09","guid":{"rendered":"https:\/\/megnyitasa.com\/blog\/?p=3524"},"modified":"2022-02-23T12:15:09","modified_gmt":"2022-02-23T12:15:09","slug":"a-mac-dokkolojanak-elrejtese-vagy-megjelenitese","status":"publish","type":"post","link":"https:\/\/megnyitasa.com\/blog\/a-mac-dokkolojanak-elrejtese-vagy-megjelenitese\/","title":{"rendered":"A Mac dokkol\u00f3j\u00e1nak elrejt\u00e9se vagy megjelen\u00edt\u00e9se"},"content":{"rendered":"<h3>\nMit kell tudni<\/h3>\n<ul>\n<li>Alap\u00e9rtelmez\u00e9s szerint a Dock a k\u00e9perny\u0151 alj\u00e1n helyezkedik el, \u00edgy gyorsan el\u00e9rheti kedvenc \u00e9s leggyakrabban haszn\u00e1lt alkalmaz\u00e1sait.<\/li>\n<li>A Dock be\u00e1ll\u00edt\u00e1sait a Rendszerbe\u00e1ll\u00edt\u00e1sok alatt m\u00f3dos\u00edthatja, \u00edgy azok csak akkor jelennek meg, amikor a kurzort \u00e1thelyezi r\u00e1.<\/li>\n<li>A billenty\u0171parancs <strong>parancs<\/strong>(<strong>\u2318<\/strong>)+<strong>opci\u00f3<\/strong>+<strong>D <\/strong>megjelen\u00edti vagy elrejti a Dockot is.<\/li>\n<\/ul>\n<p>\nEz a cikk elmagyar\u00e1zza, hogyan lehet a Dockot megjelen\u00edteni vagy elrejteni a be\u00e1ll\u00edt\u00e1sok, a billenty\u0171parancs vagy az eg\u00e9r \/ trackpad seg\u00edts\u00e9g\u00e9vel. Kit\u00e9r arra is, hogyan lehet kisebbre \u00e1ll\u00edtani a dokkol\u00f3t a k\u00e9perny\u0151n, mik\u00f6zben l\u00e1that\u00f3 marad.\n<\/p>\n<p>A cikkben szerepl\u0151 inform\u00e1ci\u00f3k azokra a Mac sz\u00e1m\u00edt\u00f3g\u00e9pekre vonatkoznak, amelyek OS X 10.8 Mountain Lion rendszert futtatnak a macOS 10.14 Mojave rendszeren kereszt\u00fcl.<\/p>\n<h2>  A dokk elrejt\u00e9se vagy megjelen\u00edt\u00e9se Mac-en  <\/h2>\n<p>\nAk\u00e1r egy mindig bekapcsolt dokkol\u00f3t szeretne, ak\u00e1r egyet, amely elm\u00falik, amikor nincs r\u00e1 sz\u00fcks\u00e9ge, a Mac rendszerbe\u00e1ll\u00edt\u00e1sai ott val\u00f3s\u00edtj\u00e1k meg.\n<\/p>\n<ol>\n<li>\n<p class=\"gt-block\">\nv\u00e1laszt <strong>System Preferences<\/strong> az Apple men\u00fcb\u0151l, vagy kattintson a gombra <strong>System Preferences<\/strong> ikon a dokkban.\n<\/p>\n<p><img decoding=\"async\" class=\"postimg\" src=\"https:\/\/www.lifewire.com\/thmb\/jhcOFBJyXLiT332YNtMmAyzjtUE=\/1500x707\/filters:no_upscale():max_bytes(150000):strip_icc()\/001-hide-mac-dock-2260724-076bdd2d91204d618cd06e7b33d439e2.jpg\"><\/p>\n<\/li>\n<li>\n<p class=\"gt-block\">\nKattintson az <strong>Dokk <\/strong>ikon a Rendszerbe\u00e1ll\u00edt\u00e1sok ablak els\u0151 sor\u00e1ban.A\n<\/p>\n<p><img decoding=\"async\" class=\"postimg\" src=\"https:\/\/www.lifewire.com\/thmb\/z5HqXLe4b1hszykKN-42Jdnvbcs=\/1500x1000\/filters:no_upscale():max_bytes(150000):strip_icc()\/002-hide-mac-dock-2260724-8402a80c6e0f477cac5bc77a03affaed.jpg\"><\/p>\n<\/li>\n<li>\n<p class=\"gt-block\">\nTegyen pip\u00e1t a <strong>Automatikusan elrejti \u00e9s megmutatja a dokkol\u00f3t<\/strong> n\u00e9gyzetet, ha azt szeretn\u00e9, hogy a dokk elt\u0171nj\u00f6n, amikor nem haszn\u00e1lja. T\u00e1vol\u00edtsa el a pip\u00e1t, ha azt szeretn\u00e9, hogy a dokk folyamatosan l\u00e1that\u00f3 maradjon.\n<\/p>\n<p><img decoding=\"async\" class=\"postimg\" src=\"https:\/\/www.lifewire.com\/thmb\/QN7bdN6gShKg9CYIYJkRfn89z0U=\/1500x1000\/filters:no_upscale():max_bytes(150000):strip_icc()\/003-hide-mac-dock-2260724-4d43cbd7c422430b85fddf697d5040fb.jpg\"><\/p>\n<\/li>\n<li>\n<p>\nZ\u00e1rja be a Dock be\u00e1ll\u00edt\u00e1sai ablakt\u00e1bl\u00e1t.\n<\/p>\n<\/li>\n<\/ol>\n<p>\nHa a Dokk automatikus elrejt\u00e9se \u00e9s megjelen\u00edt\u00e9se opci\u00f3t v\u00e1lasztja, a dokk elt\u0171nik, ha nem haszn\u00e1lja. Sz\u00fcks\u00e9g szerint \u00fajra megjelenhet, ha az eg\u00e9rmutat\u00f3t a k\u00e9perny\u0151 alj\u00e1ra viszi, ahol a dokkol\u00f3 \u00e1ltal\u00e1ban lakik. Ha a dokkol\u00f3t a k\u00e9perny\u0151 bal vagy jobb sz\u00e9l\u00e9re helyezte, vigye az egeret a k\u00e9perny\u0151 arra az oldal\u00e1ra.\n<\/p>\n<h2>  A dokk megjelen\u00edt\u00e9s\u00e9hez vagy elrejt\u00e9s\u00e9hez haszn\u00e1lja a billenty\u0171zetet  <\/h2>\n<p>\nAmellett, hogy a Dock be\u00e1ll\u00edt\u00e1sok haszn\u00e1lat\u00e1val konfigur\u00e1lhatja, hogy a Dock megjelenjen-e vagy rejtve legyen-e, a l\u00e1that\u00f3s\u00e1g\u00e1t k\u00f6zvetlen\u00fcl a billenty\u0171zetr\u0151l is vez\u00e9relheti, an\u00e9lk\u00fcl, hogy a Rendszerbe\u00e1ll\u00edt\u00e1sok men\u00fcpontra l\u00e9pne.\n<\/p>\n<p class=\"gt-block\">\nHaszn\u00e1lja a <strong>parancs<\/strong>(<strong>\u2318<\/strong>)+<strong>opci\u00f3<\/strong>+<strong>D<\/strong> billenty\u0171parancs a Dock megjelen\u00edt\u00e9s\u00e9hez vagy elrejt\u00e9s\u00e9hez. Ennek a m\u00f3dszernek az az el\u0151nye, hogy a l\u00e1that\u00f3s\u00e1gi be\u00e1ll\u00edt\u00e1st azonnal megv\u00e1ltoztathatja a Rendszerbe\u00e1ll\u00edt\u00e1sok megad\u00e1sa n\u00e9lk\u00fcl.\n<\/p>\n<h2>  Haszn\u00e1lja az egeret vagy a trackpadot a dokk megjelen\u00edt\u00e9s\u00e9hez vagy elrejt\u00e9s\u00e9hez  <\/h2>\n<p>\nAz utols\u00f3 m\u00f3dszer a Dock l\u00e1that\u00f3s\u00e1gi be\u00e1ll\u00edt\u00e1sainak megv\u00e1ltoztat\u00e1s\u00e1ra az, ha az eg\u00e9rrel vagy az \u00e9rint\u0151paddal el\u00e9r egy titkos men\u00fct a Dockban. Vigye a kurzort a Dock elv\u00e1laszt\u00f3ra, arra a kis f\u00fcgg\u0151leges vonalra, amely a Dock alkalmaz\u00e1sok \u00e9s a Dockba telep\u00edtett mapp\u00e1k vagy dokumentumok k\u00f6z\u00f6tt helyezkedik el.\n<\/p>\n<p class=\"gt-block\">\nA Dock elv\u00e1laszt\u00f3 kurzor\u00e1val kattintson a jobb gombbal, \u00e9s v\u00e1lassza a lehet\u0151s\u00e9get <strong>Kapcsolja be a rejt\u0151z\u00e9st<\/strong> hogy elrejtse a Dockot. Ha a dokk \u00e1ltal\u00e1ban rejtve van, vigye a kurzort a dokk ter\u00fcletre, hogy megjelenjen a dokk, majd kattintson a jobb gombbal a <strong>Dokkelv\u00e1laszt\u00f3<\/strong> \u00e9s v\u00e1lassza ki a <strong>Kapcsolja ki a rejt\u0151z\u00e9st<\/strong>.\n<\/p>\n<p><img decoding=\"async\" class=\"postimg\" src=\"https:\/\/www.lifewire.com\/thmb\/ezU0uubabw9D2wI5ZvxKu5CoOdE=\/1500x910\/filters:no_upscale():max_bytes(150000):strip_icc()\/004-hide-mac-dock-2260724-00713fd5198c4b148ef96728f07b6d7e.jpg\"><\/p>\n<p class=\"gt-block\">\nA Dock elv\u00e1laszt\u00f3 seg\u00edts\u00e9g\u00e9vel gyorsan el\u00e9rheti a Dock b\u00e1rmely be\u00e1ll\u00edt\u00e1s\u00e1t. Csak kattintson a jobb gombbal a <strong>Dokkelv\u00e1laszt\u00f3<\/strong> \u00e9s v\u00e1lassza ki a <strong>Dock Preferences<\/strong>.\n<\/p>\n<h2>  A Dock Real Estate cs\u00f6kkent\u00e9se  <\/h2>\n<p class=\"gt-block\">\nHa azt szeretn\u00e9, hogy a dokkol\u00f3 a k\u00e9perny\u0151n maradjon, de azt szeretn\u00e9, hogy a lehet\u0151 legkevesebb helyet foglalja el, akkor haszn\u00e1lja a Dock be\u00e1ll\u00edt\u00e1si ablakt\u00e1bl\u00e1t a m\u00e9ret \u00e9s a nagy\u00edt\u00e1s vez\u00e9rl\u00e9s\u00e9hez. A m\u00e9ret nyilv\u00e1nval\u00f3; haszn\u00e1lja a <strong>M\u00e9ret<\/strong> cs\u00faszk\u00e1val v\u00e1ltoztathatja meg a Dock teljes m\u00e9ret\u00e9t. Olyan kicsibe \u00e1ll\u00edthatja, hogy neh\u00e9z meg\u00e9rteni, hogy mire szolg\u00e1lnak az egyes Dock ikonok.\n<\/p>\n<p class=\"gt-block\">\nA nagy\u00edt\u00e1s a lehet\u0151 legkisebb Dock haszn\u00e1lat\u00e1nak titka. Enged\u00e9lyezve a nagy\u00edt\u00e1st - jel\u00f6lje be a pip\u00e1t a <strong>Nagyobb\u00edt\u00e1s <\/strong>mez\u0151 a Dokk be\u00e1ll\u00edt\u00e1sai k\u00f6z\u00f6tt - a nagy\u00edt\u00e1s cs\u00faszk\u00e1j\u00e1val \u00e1ll\u00edthatja be a Dock kib\u0151v\u00edtett n\u00e9zetm\u00e9ret\u00e9t. Amikor a kurzor \u00e1thalad az apr\u00f3 Dock b\u00e1rmely szakasz\u00e1n, a kurzor alatti poz\u00edci\u00f3 felnagyul, \u00edgy a Dock ezen r\u00e9sze k\u00f6nnyen olvashat\u00f3, mik\u00f6zben a teljes Dock kicsi marad.\n<\/p>\n<p><img decoding=\"async\" class=\"postimg\" src=\"https:\/\/www.lifewire.com\/thmb\/4ktuaTtbTzOzrOaO9UNpmvmSpOg=\/1500x707\/filters:no_upscale():max_bytes(150000):strip_icc()\/005-hide-mac-dock-2260724-66b236ad5c8a4ae7a9419ec7efad26f3.jpg\"><\/p>\n<h2>  V\u00e1rj, m\u00e9g t\u00f6bb van  <\/h2>\n<p>\nA dokkban t\u00f6bb is van, mint csak elb\u00fajni \u00e9s megmutatni. Amellett, hogy a dokkol\u00f3t a k\u00e9perny\u0151 bal vagy jobb oldal\u00e1ra mozgathatja, finom v\u00e1ltoztat\u00e1sokat hajthat v\u00e9gre, amelyek hat\u00e1ssal vannak a dokkol\u00f3ra, mind a dokk megjelen\u00e9s\u00e9nek vagy elt\u0171n\u00e9s\u00e9nek sebess\u00e9g\u00e9nek szab\u00e1lyoz\u00e1s\u00e1ban, mind a dokk anim\u00e1ci\u00f3j\u00e1nak felgyors\u00edt\u00e1s\u00e1nak megsz\u00fcntet\u00e9s\u00e9ben. a dolgok m\u00e9g egy kicsit feljebb. Pr\u00f3b\u00e1lkozzon Mac sz\u00e1m\u00edt\u00f3g\u00e9p\u00e9nek \u00fagy, hogy a Dock l\u00e1that\u00f3, majd l\u00e1thatatlan legyen, \u00e9s n\u00e9zze meg, melyik m\u00f3don tetszik a legjobban.<\/p>\n","protected":false},"excerpt":{"rendered":"<p>Mit kell tudni Alap\u00e9rtelmez\u00e9s szerint a Dock a k\u00e9perny\u0151 alj\u00e1n helyezkedik el, \u00edgy gyorsan el\u00e9rheti kedvenc \u00e9s leggyakrabban haszn\u00e1lt alkalmaz\u00e1sait. A Dock be\u00e1ll\u00edt\u00e1sait a Rendszerbe\u00e1ll\u00edt\u00e1sok alatt m\u00f3dos\u00edthatja, \u00edgy azok csak akkor jelennek meg, amikor a kurzort \u00e1thelyezi r\u00e1. A billenty\u0171parancs parancs(\u2318)+opci\u00f3+D megjelen\u00edti vagy elrejti a Dockot is. Ez a cikk elmagyar\u00e1zza, hogyan lehet a Dockot &#8230; <a title=\"A Mac dokkol\u00f3j\u00e1nak elrejt\u00e9se vagy megjelen\u00edt\u00e9se\" class=\"read-more\" href=\"https:\/\/megnyitasa.com\/blog\/a-mac-dokkolojanak-elrejtese-vagy-megjelenitese\/\" aria-label=\"Read more about A Mac dokkol\u00f3j\u00e1nak elrejt\u00e9se vagy megjelen\u00edt\u00e9se\">Olvass tov\u00e1bb<\/a><\/p>\n","protected":false},"author":1584,"featured_media":0,"comment_status":"open","ping_status":"open","sticky":false,"template":"","format":"standard","meta":{"footnotes":""},"categories":[2],"tags":[],"class_list":["post-3524","post","type-post","status-publish","format-standard","hentry","category-wiki"],"_links":{"self":[{"href":"https:\/\/megnyitasa.com\/blog\/wp-json\/wp\/v2\/posts\/3524","targetHints":{"allow":["GET"]}}],"collection":[{"href":"https:\/\/megnyitasa.com\/blog\/wp-json\/wp\/v2\/posts"}],"about":[{"href":"https:\/\/megnyitasa.com\/blog\/wp-json\/wp\/v2\/types\/post"}],"author":[{"embeddable":true,"href":"https:\/\/megnyitasa.com\/blog\/wp-json\/wp\/v2\/users\/1584"}],"replies":[{"embeddable":true,"href":"https:\/\/megnyitasa.com\/blog\/wp-json\/wp\/v2\/comments?post=3524"}],"version-history":[{"count":0,"href":"https:\/\/megnyitasa.com\/blog\/wp-json\/wp\/v2\/posts\/3524\/revisions"}],"wp:attachment":[{"href":"https:\/\/megnyitasa.com\/blog\/wp-json\/wp\/v2\/media?parent=3524"}],"wp:term":[{"taxonomy":"category","embeddable":true,"href":"https:\/\/megnyitasa.com\/blog\/wp-json\/wp\/v2\/categories?post=3524"},{"taxonomy":"post_tag","embeddable":true,"href":"https:\/\/megnyitasa.com\/blog\/wp-json\/wp\/v2\/tags?post=3524"}],"curies":[{"name":"wp","href":"https:\/\/api.w.org\/{rel}","templated":true}]}}