{"id":3590,"date":"2021-05-07T12:16:12","date_gmt":"2021-05-07T12:16:12","guid":{"rendered":"https:\/\/megnyitasa.com\/blog\/?p=3590"},"modified":"2021-05-07T12:16:12","modified_gmt":"2021-05-07T12:16:12","slug":"bevezetes-a-gimp-retegcsoportjaiba","status":"publish","type":"post","link":"https:\/\/megnyitasa.com\/blog\/bevezetes-a-gimp-retegcsoportjaiba\/","title":{"rendered":"Bevezet\u00e9s a GIMP r\u00e9tegcsoportjaiba"},"content":{"rendered":"<p class=\"gt-block\">\nEz a cikk bemutatja \u00d6nt a <strong>R\u00e9tegcsoportok<\/strong> funkci\u00f3 a GIMP-ben. Ez a funkci\u00f3 sok felhaszn\u00e1l\u00f3 sz\u00e1m\u00e1ra nem t\u0171nhet nagy gondnak, de b\u00e1rki, aki sok r\u00e9teget tartalmaz\u00f3 k\u00e9pekkel dolgozott, \u00e9rt\u00e9kelni fogja, hogy ez hogyan seg\u00edtheti a munkafolyamatot \u00e9s sokkal k\u00f6nnyebb\u00e9 teheti az \u00f6sszetett kompozit k\u00e9pek haszn\u00e1lat\u00e1t.\n<\/p>\n<p class=\"gt-block\">\nM\u00e9g akkor is, ha nem dolgozik r\u00e9tegek t\u00f6meg\u00e9vel a GIMP-f\u00e1jlokban, hasznot h\u00fazhat annak meg\u00e9rt\u00e9s\u00e9b\u0151l <strong>R\u00e9tegcsoportok<\/strong> m\u0171k\u00f6dik, mivel seg\u00edtenek a f\u00e1jlok kezelhet\u0151bb\u00e9 t\u00e9tel\u00e9ben, k\u00fcl\u00f6n\u00f6sen, ha megosztja m\u00e1sokkal a f\u00e1jlokat.\n<\/p>\n<p class=\"gt-block\">\nA <strong>R\u00e9tegcsoportok<\/strong> A funkci\u00f3t a GIMP 2.8-mal vezett\u00e9k be, \u00e9s a r\u00e9tegek haszn\u00e1lat\u00e1t k\u00e9nyelmesebb\u00e9 \u00e9s k\u00f6nnyebben haszn\u00e1lhat\u00f3v\u00e1 tette. Van egy praktikus funkci\u00f3 is, amely seg\u00edti a GIMP haszn\u00e1lat\u00e1t, az \u00fagynevezett&nbsp;<strong>Egyablakos m\u00f3d<\/strong>&nbsp;ami koherensebb\u00e9 teszi az interf\u00e9szt.\n<\/p>\n<h2>  Mi\u00e9rt \u00e9rdemes haszn\u00e1lni a r\u00e9tegcsoportokat?  <\/h2>\n<p><img decoding=\"async\" class=\"postimg\" src=\"https:\/\/www.lifewire.com\/thmb\/XnA9RVSO1WqHZxMzkrd2b5mK7pw=\/1600x870\/filters:no_upscale():max_bytes(150000):strip_icc()\/01-introduction-to-layer-groups-in-GIMP-d16fec32894a4d42823246377d3c08b2.jpg\"><\/p>\n<p class=\"gt-block\">\nMiel\u0151tt arra koncentr\u00e1lna, hogy mi\u00e9rt \u00e9rdemes haszn\u00e1lni <strong>R\u00e9tegcsoportok<\/strong>, Vegy\u00fck \u00e1t a GIMP r\u00e9tegeit azoknak a felhaszn\u00e1l\u00f3knak, akik nem ismerik a funkci\u00f3t.\n<\/p>\n<p>\n\u00dagy gondolhatja, hogy a r\u00e9tegek olyanok, mint az \u00e1tl\u00e1tsz\u00f3 acet\u00e1t egyes lapjai, amelyek mindegyik\u00e9n m\u00e1s a k\u00e9p. Ha egym\u00e1sra rakn\u00e1 ezeket a lapokat, akkor a tiszta \u00e1tl\u00e1tsz\u00f3 ter\u00fcletek lehet\u0151v\u00e9 tenn\u00e9k, hogy a verem als\u00f3 r\u00e9sz\u00e9n l\u00e9v\u0151 r\u00e9tegek egyetlen \u00f6sszetett k\u00e9p benyom\u00e1s\u00e1t kelts\u00e9k. A r\u00e9tegek k\u00f6nnyen mozgathat\u00f3k k\u00fcl\u00f6nb\u00f6z\u0151 eredm\u00e9nyek el\u00e9r\u00e9se \u00e9rdek\u00e9ben.\n<\/p>\n<p>\nA GIMP-ben a r\u00e9tegek gyakorlatilag egym\u00e1sra is halmoz\u00f3dnak, \u00e9s \u00e1tl\u00e1tsz\u00f3 ter\u00fclet\u0171 r\u00e9tegek haszn\u00e1lat\u00e1val az als\u00f3 r\u00e9tegek \u00e1t fognak mutatkozni, \u00e9s egy \u00f6sszetett k\u00e9pet eredm\u00e9nyeznek, amelyet lapos f\u00e1jlk\u00e9nt lehet export\u00e1lni, p\u00e9ld\u00e1ul JPEG vagy PNG form\u00e1tumban. Ha az \u00f6sszetett k\u00e9p k\u00fcl\u00f6n\u00e1ll\u00f3 elemeit k\u00fcl\u00f6n r\u00e9tegeken tartja, k\u00e9s\u0151bb visszat\u00e9rhet a r\u00e9teges f\u00e1jlhoz, \u00e9s k\u00f6nnyed\u00e9n szerkesztheti azt, miel\u0151tt \u00faj lap\u00edtott f\u00e1jlt mentene. K\u00fcl\u00f6n\u00f6sen nagyra fogja \u00e9rt\u00e9kelni ezt azokon az alkalmakon, amikor az \u00fcgyf\u00e9l kijelenti, hogy szereti, de meg tudn\u00e1 tenni egy kicsit nagyobb log\u00f3j\u00e1t.\n<\/p>\n<p class=\"gt-block\">\nHa valaha is csak a GIMP-et haszn\u00e1lta az alapvet\u0151 k\u00e9pjav\u00edt\u00e1shoz, akkor lehets\u00e9ges, hogy \u00d6n soha nem volt tiszt\u00e1ban ezzel a funkci\u00f3val, \u00e9s nem haszn\u00e1lta a <strong>R\u00e9tegek <\/strong>paletta.\n<\/p>\n<h2>  R\u00e9tegcsoportok haszn\u00e1lata a R\u00e9tegek palett\u00e1n  <\/h2>\n<p class=\"gt-block\">\nA <strong>R\u00e9tegek <\/strong>paletta nyitva megy a <strong>A windows<\/strong> &gt; <strong>Dokkolhat\u00f3 p\u00e1rbesz\u00e9dpanelek<\/strong> &gt; <strong>R\u00e9tegek<\/strong>, b\u00e1r \u00e1ltal\u00e1ban alap\u00e9rtelmez\u00e9s szerint nyitva lesz.\n<\/p>\n<p class=\"gt-block\">\nA <strong>R\u00e9tegek Csoport <\/strong>gomb tal\u00e1lhat\u00f3 a <strong>R\u00e9tegek <\/strong>paletta, a <strong>\u00daj r\u00e9teg<\/strong> gombot, \u00e9s egy kis mappa ikon jel\u00f6li. Ha kiv\u00e1lasztja, akkor egy \u00fcres <strong>R\u00e9tegcsoport<\/strong> hozz\u00e1ad\u00f3dik a <strong>R\u00e9tegek <\/strong>paletta. Megnevezheti az \u00faj R\u00e9tegcsoportot, ha dupl\u00e1n kattint a c\u00edmk\u00e9j\u00e9re, \u00e9s be\u00edrja az \u00faj nevet. Ne felejtsd el megnyomni <strong>bel\u00e9p <\/strong>a billenty\u0171zeten az \u00faj n\u00e9v ment\u00e9s\u00e9hez.\n<\/p>\n<p class=\"gt-block\">\nMost m\u00e1r h\u00fazhatja a r\u00e9tegeket az \u00fajba <strong>R\u00e9tegcsoport <\/strong>\u00e9s l\u00e1tni fogja, hogy a csoport miniat\u0171rje az \u00f6sszes benne l\u00e9v\u0151 r\u00e9teg \u00f6sszetettj\u00e9v\u00e9 v\u00e1lik.\n<\/p>\n<p class=\"gt-block\">\nCsak\u00fagy, mint a f\u00f3li\u00e1kn\u00e1l, csoportokat is duplik\u00e1lhat, ha kiv\u00e1laszt egyet \u00e9s kiv\u00e1laszt <strong>Duplicate <\/strong>alj\u00e1n <strong>R\u00e9tegek <\/strong>paletta. A r\u00e9tegekkel is k\u00f6z\u00f6s, az a l\u00e1that\u00f3s\u00e1ga <strong>R\u00e9tegcsoport <\/strong>kikapcsolhat\u00f3, vagy az \u00e1tl\u00e1tszatlans\u00e1g cs\u00faszka seg\u00edts\u00e9g\u00e9vel f\u00e9lig \u00e1tl\u00e1tsz\u00f3v\u00e1 teheti a csoportot.\n<\/p>\n<p class=\"gt-block\">\nV\u00e9g\u00fcl \u00e9szre kell vennie, hogy mindegyik <strong>R\u00e9tegcsoport<\/strong> mellette van egy kis gomb, plusz vagy m\u00ednusz szimb\u00f3lummal. Ezeket fel lehet haszn\u00e1lni a r\u00e9tegcsoportok kib\u0151v\u00edt\u00e9s\u00e9re \u00e9s \u00f6sszeh\u00faz\u00e1s\u00e1ra, \u00e9s csak a k\u00e9t be\u00e1ll\u00edt\u00e1s k\u00f6z\u00f6tt v\u00e1lthatnak.\n<\/p>\n<h2>  Pr\u00f3b\u00e1ld ki magad  <\/h2>\n<p class=\"gt-block\">\nHa kor\u00e1bban m\u00e9g nem haszn\u00e1lt\u00e1l r\u00e9tegeket a GIMP-ben, soha nem volt jobb alkalom arra, hogy megadd nekik, \u00e9s megn\u00e9zhesd, hogyan seg\u00edthetnek neked kreat\u00edv eredm\u00e9nyek el\u00e9r\u00e9s\u00e9ben. Ha viszont nem ismeri a GIMP r\u00e9tegeit, akkor nem kell felsz\u00f3l\u00edtania, hogy a lehet\u0151 legt\u00f6bbet kihozza a <strong>R\u00e9tegcsoportok<\/strong> hozza el ezt a n\u00e9pszer\u0171 k\u00e9pszerkeszt\u0151t.<\/p>\n","protected":false},"excerpt":{"rendered":"<p>Ez a cikk bemutatja \u00d6nt a R\u00e9tegcsoportok funkci\u00f3 a GIMP-ben. Ez a funkci\u00f3 sok felhaszn\u00e1l\u00f3 sz\u00e1m\u00e1ra nem t\u0171nhet nagy gondnak, de b\u00e1rki, aki sok r\u00e9teget tartalmaz\u00f3 k\u00e9pekkel dolgozott, \u00e9rt\u00e9kelni fogja, hogy ez hogyan seg\u00edtheti a munkafolyamatot \u00e9s sokkal k\u00f6nnyebb\u00e9 teheti az \u00f6sszetett kompozit k\u00e9pek haszn\u00e1lat\u00e1t. M\u00e9g akkor is, ha nem dolgozik r\u00e9tegek t\u00f6meg\u00e9vel a GIMP-f\u00e1jlokban, &#8230; <a title=\"Bevezet\u00e9s a GIMP r\u00e9tegcsoportjaiba\" class=\"read-more\" href=\"https:\/\/megnyitasa.com\/blog\/bevezetes-a-gimp-retegcsoportjaiba\/\" aria-label=\"Read more about Bevezet\u00e9s a GIMP r\u00e9tegcsoportjaiba\">Olvass tov\u00e1bb<\/a><\/p>\n","protected":false},"author":1609,"featured_media":0,"comment_status":"open","ping_status":"open","sticky":false,"template":"","format":"standard","meta":{"footnotes":""},"categories":[2],"tags":[],"class_list":["post-3590","post","type-post","status-publish","format-standard","hentry","category-wiki"],"_links":{"self":[{"href":"https:\/\/megnyitasa.com\/blog\/wp-json\/wp\/v2\/posts\/3590","targetHints":{"allow":["GET"]}}],"collection":[{"href":"https:\/\/megnyitasa.com\/blog\/wp-json\/wp\/v2\/posts"}],"about":[{"href":"https:\/\/megnyitasa.com\/blog\/wp-json\/wp\/v2\/types\/post"}],"author":[{"embeddable":true,"href":"https:\/\/megnyitasa.com\/blog\/wp-json\/wp\/v2\/users\/1609"}],"replies":[{"embeddable":true,"href":"https:\/\/megnyitasa.com\/blog\/wp-json\/wp\/v2\/comments?post=3590"}],"version-history":[{"count":0,"href":"https:\/\/megnyitasa.com\/blog\/wp-json\/wp\/v2\/posts\/3590\/revisions"}],"wp:attachment":[{"href":"https:\/\/megnyitasa.com\/blog\/wp-json\/wp\/v2\/media?parent=3590"}],"wp:term":[{"taxonomy":"category","embeddable":true,"href":"https:\/\/megnyitasa.com\/blog\/wp-json\/wp\/v2\/categories?post=3590"},{"taxonomy":"post_tag","embeddable":true,"href":"https:\/\/megnyitasa.com\/blog\/wp-json\/wp\/v2\/tags?post=3590"}],"curies":[{"name":"wp","href":"https:\/\/api.w.org\/{rel}","templated":true}]}}