{"id":3604,"date":"2022-01-28T12:16:35","date_gmt":"2022-01-28T12:16:35","guid":{"rendered":"https:\/\/megnyitasa.com\/blog\/?p=3604"},"modified":"2022-01-28T12:16:35","modified_gmt":"2022-01-28T12:16:35","slug":"utmutato-az-ipad-kisegito-lehetosegeinek-beallitasahoz","status":"publish","type":"post","link":"https:\/\/megnyitasa.com\/blog\/utmutato-az-ipad-kisegito-lehetosegeinek-beallitasahoz\/","title":{"rendered":"\u00datmutat\u00f3 az iPad kiseg\u00edt\u0151 lehet\u0151s\u00e9geinek be\u00e1ll\u00edt\u00e1s\u00e1hoz"},"content":{"rendered":"<p>\nAz iPad kiseg\u00edt\u0151 lehet\u0151s\u00e9gei hasznosabb\u00e1 tehetik a l\u00e1t\u00e1si vagy hall\u00e1si probl\u00e9m\u00e1kkal k\u00fczd\u0151k sz\u00e1m\u00e1ra, \u00e9s egyes esetekben ak\u00e1r fizikai vagy motoros probl\u00e9m\u00e1kkal k\u00fczd\u0151knek is. Ezek a kiseg\u00edt\u0151 lehet\u0151s\u00e9gek megn\u00f6velhetik az alap\u00e9rtelmezett bet\u0171m\u00e9retet, nagy\u00edthatj\u00e1k a k\u00e9perny\u0151t, \u00e9s ak\u00e1r sz\u00f6veget is besz\u00e9lhetnek, vagy aktiv\u00e1lhatj\u00e1k a feliratoz\u00e1st.\n<\/p>\n<p>Ezek az utas\u00edt\u00e1sok az iOS 10 vagy \u00fajabb rendszert futtat\u00f3 eszk\u00f6z\u00f6kre vonatkoznak.<\/p>\n<h2>  Az iPad kiseg\u00edt\u0151 lehet\u0151s\u00e9geinek megnyit\u00e1sa  <\/h2>\n<p>\n\u00cdgy tal\u00e1lhatja meg az iPad kiseg\u00edt\u0151 lehet\u0151s\u00e9geit:\n<\/p>\n<ol>\n<li>\n<p>\nNyissa meg az iPad be\u00e1ll\u00edt\u00e1sait.\n<\/p>\n<p><img decoding=\"async\" class=\"postimg\" src=\"https:\/\/www.lifewire.com\/thmb\/3ZXhlbN3EN1EzCxLkMfLwAO3NIw=\/2048x1455\/filters:no_upscale():max_bytes(150000):strip_icc()\/001-check-ipad-app-usage-4103797-9c3d46fdb9e941c4aadc709364ac03d0.jpg\"><\/p>\n<\/li>\n<li>\n<p class=\"gt-block\">\n\u00c9rintse&nbsp;<strong>\u00e1ltal\u00e1nos<\/strong>.&nbsp;\n<\/p>\n<p><img decoding=\"async\" class=\"postimg\" src=\"https:\/\/www.lifewire.com\/thmb\/YJB5S2LV_7JCWDZpyrT17_BV9DI=\/2048x1481\/filters:no_upscale():max_bytes(150000):strip_icc()\/009-managing-ipad-storage-4103812-a5af041ec71d4f5baae3215aff951db3.jpg\"><\/p>\n<\/li>\n<li>\n<p class=\"gt-block\">\nAz \u00c1ltal\u00e1nos be\u00e1ll\u00edt\u00e1sok k\u00f6z\u00f6tt keresse meg a <strong>megk\u00f6zel\u00edthet\u0151s\u00e9g<\/strong> opci\u00f3t.\n<\/p>\n<p><img decoding=\"async\" class=\"postimg\" src=\"https:\/\/www.lifewire.com\/thmb\/-WJVrlI6PhQzqrCb2ynWlGEHPnI=\/2048x1485\/filters:no_upscale():max_bytes(150000):strip_icc()\/002b-how-to-turn-off-the-ipad-s-zoom-feature-4103759-7192c5d865634a0cb4388c18a7f94c0d.jpg\"><\/p>\n<\/li>\n<li>\n<p class=\"gt-block\">\nA <strong>megk\u00f6zel\u00edthet\u0151s\u00e9g<\/strong> gomb megny\u00edlik egy k\u00e9perny\u0151, amely felsorolja az iPad funkci\u00f3inak n\u00f6vel\u00e9s\u00e9re szolg\u00e1l\u00f3 \u00f6sszes lehet\u0151s\u00e9get.\n<\/p>\n<\/li>\n<\/ol>\n<p>\nAz iPad kiseg\u00edt\u0151 lehet\u0151s\u00e9gei l\u00e1t\u00e1sseg\u00edt\u00e9st, hall\u00e1sseg\u00edt\u00e9st, tanul\u00e1salap\u00fa ir\u00e1ny\u00edtott hozz\u00e1f\u00e9r\u00e9st, valamint fizikai \u00e9s motoros seg\u00edts\u00e9get ny\u00fajtanak. Ezek a be\u00e1ll\u00edt\u00e1sok seg\u00edthetnek azoknak, akiknek egy\u00e9bk\u00e9nt probl\u00e9m\u00e1i lehetnek egy t\u00e1blag\u00e9p m\u0171k\u00f6dtet\u00e9s\u00e9vel, \u00e9lvezhetik az iPad alkalmaz\u00e1st.\n<\/p>\n<h2>  Vision Settings  <\/h2>\n<p>\nA l\u00e1t\u00e1s akad\u00e1lymentess\u00e9g\u00e9nek be\u00e1ll\u00edt\u00e1sai n\u00f6velhetik a k\u00e9perny\u0151n megjelen\u0151 sz\u00f6veg m\u00e9ret\u00e9t, vagy elolvashatj\u00e1k azt \u00d6nnek.\n<\/p>\n<h3>  N\u00f6velje a bet\u0171m\u00e9retet  <\/h3>\n<p class=\"gt-block\">\nHa probl\u00e9m\u00e1i vannak a k\u00e9perny\u0151n megjelen\u0151 sz\u00f6vegolvas\u00e1ssal, a ikon meg\u00e9rint\u00e9s\u00e9vel n\u00f6velheti az alap\u00e9rtelmezett bet\u0171m\u00e9retet <strong>Nagyobb sz\u00f6veg<\/strong> gombot a l\u00e1t\u00e1sbe\u00e1ll\u00edt\u00e1sok m\u00e1sodik sorozat\u00e1ban. Ez a bet\u0171m\u00e9ret el\u0151seg\u00edtheti, hogy az iPad k\u00f6nnyebben olvashat\u00f3 legyen.\n<\/p>\n<p class=\"gt-block\">Ezek a be\u00e1ll\u00edt\u00e1sok csak az alap\u00e9rtelmezett bet\u0171t\u00edpust t\u00e1mogat\u00f3 alkalmaz\u00e1sokkal m\u0171k\u00f6dnek. N\u00e9h\u00e1ny egyedi bet\u0171t\u00edpust haszn\u00e1l, \u00e9s a Safari b\u00f6ng\u00e9sz\u0151ben megtekintett webhelyek nem f\u00e9rhetnek hozz\u00e1 ehhez a funkci\u00f3hoz, ez\u00e9rt a webb\u00f6ng\u00e9sz\u00e9s sor\u00e1n tov\u00e1bbra is sz\u00fcks\u00e9g lehet a csipet-nagy\u00edt\u00e1s gesztus haszn\u00e1lat\u00e1ra. Be is kapcsolhatja <strong>F\u00e9lk\u00f6v\u00e9r sz\u00f6veg<\/strong> a norm\u00e1l bet\u0171t\u00edpusok alap\u00e9rtelmez\u00e9s szerint f\u00e9lk\u00f6v\u00e9r bet\u0171kkel.<\/p>\n<p><img decoding=\"async\" class=\"postimg\" src=\"https:\/\/www.lifewire.com\/thmb\/4UEENV3DH-1VRHW60CI52AwEQxI=\/2048x1491\/filters:no_upscale():max_bytes(150000):strip_icc()\/002-make-text-bigger-on-ipad-4103757-3e0f1a3e03074230a3cc37cc9e13f8fd.jpg\"><\/p>\n<h3>  Sz\u00f6vegfelolvas\u00e1s  <\/h3>\n<p class=\"gt-block\">\nHa aktiv\u00e1lni szeretn\u00e9 a sz\u00f6vegfelolvas\u00f3t, \u00e9rintse meg a ikont <strong>Besz\u00e9d<\/strong> opci\u00f3t, \u00e9s kapcsolja be <strong>Speak Selection<\/strong>. Ez a be\u00e1ll\u00edt\u00e1s azok sz\u00e1m\u00e1ra, akik tiszt\u00e1n l\u00e1tj\u00e1k az iPad-et, de nehezen tudnak rajta sz\u00f6veget olvasni.\n<\/p>\n<p class=\"gt-block\">\nA Speak Selection lehet\u0151v\u00e9 teszi, hogy kiemelje a sz\u00f6veget a k\u00e9perny\u0151n \u00fagy, hogy meg\u00e9rinti az ujj\u00e1t, majd a sz\u00f6veg kiv\u00e1laszt\u00e1s\u00e1val a <strong>Besz\u00e9l<\/strong> gomb, amely a jobb sz\u00e9ls\u0151 gomb, amikor kijel\u00f6li a sz\u00f6veget a k\u00e9perny\u0151n. Koppintson arra is <strong>G\u00e9pel\u00e9s Visszajelz\u00e9s<\/strong> bekapcsolni <strong>Besz\u00e9lj szavakat<\/strong>, amely a be\u00edrt szavakat mondja ki, vagy <strong>Besz\u00e9ljen automatikus sz\u00f6veget<\/strong>, amely tudatja \u00d6nnel, amikor az automatikus jav\u00edt\u00e1s kijav\u00edtja a helyes\u00edr\u00e1st.\n<\/p>\n<p><img decoding=\"async\" class=\"postimg\" src=\"https:\/\/www.lifewire.com\/thmb\/zOQVWwzKR35ZDASeh8Z8mIsm56o=\/2048x1485\/filters:no_upscale():max_bytes(150000):strip_icc()\/001-ipad-accessibility-guide-1994516-4b8ebc72d3d84505af043598400a3972.jpg\"><\/p>\n<h3>  Zoomol\u00e1s  <\/h3>\n<p class=\"gt-block\">\nHa nehezen l\u00e1tja az iPad-et, bekapcsolhatja a Nagy\u00edt\u00e1s m\u00f3dot. A <strong>Zoomol\u00e1s<\/strong> gomb bekapcsolja az iPad Zoom \u00fczemm\u00f3dba \u00e1ll\u00edt\u00e1s\u00e1nak lehet\u0151s\u00e9g\u00e9t, amely nagy\u00edtja a k\u00e9perny\u0151t, hogy k\u00f6nnyebben l\u00e1ssa.\n<\/p>\n<p class=\"gt-block\">\nNagy\u00edt\u00e1s m\u00f3dban nem fogja l\u00e1tni az iPad teljes k\u00e9perny\u0151j\u00e9t. A nagy\u00edt\u00e1shoz vagy kicsiny\u00edt\u00e9shez h\u00e1rom ujjal dupl\u00e1n koppintva \u00e1ll\u00edthatja az iPad Zoom m\u00f3dba. H\u00e1rom ujj\u00e1t h\u00fazva mozgathatja a k\u00e9perny\u0151t. A Zoom m\u00f3d aktiv\u00e1l\u00e1s\u00e1t a Zoom bekapcsol\u00e1s\u00e1val is megk\u00f6nny\u00edtheti <strong>Hozz\u00e1f\u00e9rhet\u0151s\u00e9g Parancsikon<\/strong> az akad\u00e1lymentess\u00e9gi be\u00e1ll\u00edt\u00e1sok alj\u00e1n.\n<\/p>\n<p><img decoding=\"async\" class=\"postimg\" src=\"https:\/\/www.lifewire.com\/thmb\/qsG3klDdRS2NhEzNGjQHYk2vlws=\/2048x1501\/filters:no_upscale():max_bytes(150000):strip_icc()\/006-how-to-turn-off-the-ipad-s-zoom-feature-4103759-2780aab4960249eb9180bc09a42d4da4.jpg\"><\/p>\n<h3>  VoiceOver  <\/h3>\n<p class=\"gt-block\">\nA sz\u00f6vegfelolvas\u00f3 opci\u00f3 kiv\u00e1l\u00f3an alkalmas szavak visszaolvas\u00e1s\u00e1ra, de ha nehezen l\u00e1tja a gombokat vagy m\u00e1s k\u00e9perny\u0151elemeket, akkor a&nbsp;<strong>VoiceOver<\/strong> opci\u00f3 megv\u00e1ltoztatja az iPad viselked\u00e9s\u00e9t annak \u00e9rdek\u00e9ben, hogy jobban hozz\u00e1f\u00e9rhet\u0151v\u00e9 v\u00e1ljon. Ebben a m\u00f3dban az iPad azt mondja, amit meg\u00e9rint, lehet\u0151v\u00e9 t\u00e9ve a felhaszn\u00e1l\u00f3 sz\u00e1m\u00e1ra, hogy \u00e9rint\u00e9s \u00e9s navig\u00e1l\u00e1s helyett navig\u00e1ljon.\n<\/p>\n<p><img decoding=\"async\" class=\"postimg\" src=\"https:\/\/www.lifewire.com\/thmb\/EtUk7yU7zeLLB9EzXnejWGINZLA=\/2048x1485\/filters:no_upscale():max_bytes(150000):strip_icc()\/002-ipad-accessibility-guide-1994516-cd48b075fc254d7ab5632d49c55e3208.jpg\"><\/p>\n<h3>  A sz\u00ednek megford\u00edt\u00e1sa \u00e9s a kontraszt m\u00f3dos\u00edt\u00e1sa  <\/h3>\n<p class=\"gt-block\">\nKoppint\u00e1ssal invert\u00e1lhatja a sz\u00edneket <strong>Megjelen\u00edti a sz\u00e1ll\u00e1sokat<\/strong>. Ezek a be\u00e1ll\u00edt\u00e1sok tartalmazz\u00e1k a <strong>Sz\u00ednes sz\u0171r\u0151k<\/strong> azok sz\u00e1m\u00e1ra, akik sz\u00ednvakok. A f\u0151 Kiseg\u00edt\u0151 lehet\u0151s\u00e9gek be\u00e1ll\u00edt\u00e1sainak lehet\u0151s\u00e9ge is van <strong>n\u00f6velje Contrast <\/strong>amihez haszn\u00e1lhatja <strong>cs\u00f6kkentik az \u00e1tl\u00e1that\u00f3s\u00e1got<\/strong> or <strong>S\u00f6t\u00e9t\u00edtsd a sz\u00edneket.<\/strong>\n<\/p>\n<p class=\"gt-block\">Bekapcsol <strong>Intelligens ford\u00edt\u00e1s<\/strong> hogy ne ford\u00edtsa meg a k\u00e9pek \u00e9s bizonyos alkalmaz\u00e1sok megjelen\u00edt\u00e9si sz\u00edneit. <strong>Classic Invert<\/strong> minden sz\u00edn\u00e9t megv\u00e1ltoztatja az iPad k\u00e9sz\u00fcl\u00e9k\u00e9n.<\/p>\n<p><img decoding=\"async\" class=\"postimg\" src=\"https:\/\/www.lifewire.com\/thmb\/j8GyLWIpwti17-wDZxgfZmaFZ9Y=\/2048x1477\/filters:no_upscale():max_bytes(150000):strip_icc()\/003-ipad-accessibility-guide-1994516-f75bc646cf954a018ee5cf74989f875b.jpg\"><\/p>\n<h2>  Hall\u00e1sbe\u00e1ll\u00edt\u00e1sok  <\/h2>\n<p class=\"gt-block\">\nAz iPad t\u00e1mogatja az MFi szabv\u00e1ny szerint k\u00e9sz\u00fclt hall\u00f3k\u00e9sz\u00fcl\u00e9keket, amelyek a \"Made For iOS\" kifejez\u00e9st jelentik. Ezek az eszk\u00f6z\u00f6k Bluetooth-on kereszt\u00fcl csatlakoznak. Be is kapcsolhatja&nbsp;<strong>Mono Audio<\/strong>&nbsp;\u00e9s balra vagy jobbra \u00e1ll\u00edtsa be a hangm\u00e9rleget.\n<\/p>\n<p class=\"gt-block\">\nA vide\u00f3lej\u00e1tsz\u00e1s akad\u00e1lymentess\u00e9g\u00e9nek hall\u00e1sa a <strong>M\u00e9dia<\/strong> szakasz <strong>Feliratok \u00e9s feliratok<\/strong>. Bekapcsolhatja&nbsp;<strong>Z\u00e1rt feliratok \u00e9s SDH<\/strong> a&nbsp;<strong>Feliratok \u00e9s feliratok<\/strong> szakasz. A feliratok st\u00edlus\u00e1t \u00e1tl\u00e1tsz\u00f3 h\u00e1tt\u00e9rb\u0151l nagyobb sz\u00f6vegg\u00e9 is m\u00f3dos\u00edthatja. Ak\u00e1r saj\u00e1t st\u00edlust is l\u00e9trehozhat.\n<\/p>\n<p><img decoding=\"async\" class=\"postimg\" src=\"https:\/\/www.lifewire.com\/thmb\/h5WK5wO75Kv9YZvndruzw3vf_Ys=\/2048x1489\/filters:no_upscale():max_bytes(150000):strip_icc()\/004-ipad-accessibility-guide-1994516-3ba18da6cdeb41e18c647de789593e0c.jpg\"><\/p>\n<p>\nAz iPad a videokonferenci\u00e1kat a FaceTime alkalmaz\u00e1son kereszt\u00fcl is t\u00e1mogatja. Ez az alkalmaz\u00e1s nagyszer\u0171 azok sz\u00e1m\u00e1ra, akiknek hall\u00e1si probl\u00e9m\u00e1i el\u00e9g s\u00falyosak ahhoz, hogy akad\u00e1lyozz\u00e1k a hangh\u00edv\u00e1sokat. A nagyobb k\u00e9perny\u0151 miatt pedig az iPad ide\u00e1lis a FaceTime sz\u00e1m\u00e1ra.\n<\/p>\n<h2>  Ir\u00e1ny\u00edtott hozz\u00e1f\u00e9r\u00e9s  <\/h2>\n<p>\nAz Ir\u00e1ny\u00edtott Hozz\u00e1f\u00e9r\u00e9s be\u00e1ll\u00edt\u00e1s nagyszer\u0171 azok sz\u00e1m\u00e1ra, akiknek tanul\u00e1si kih\u00edv\u00e1sai vannak, bele\u00e9rtve az autizmust, a figyelmet \u00e9s az \u00e9rz\u00e9kszervi kih\u00edv\u00e1sokat. Az Ir\u00e1ny\u00edtott hozz\u00e1f\u00e9r\u00e9s be\u00e1ll\u00edt\u00e1ssal az iPad az alkalmaz\u00e1sokon bel\u00fcl maradhat, kikapcsolva a Home gombot, amelyet \u00e1ltal\u00e1ban az alkalmaz\u00e1sb\u00f3l val\u00f3 kil\u00e9p\u00e9shez haszn\u00e1l. L\u00e9nyeg\u00e9ben egyetlen alkalmaz\u00e1ssal r\u00f6gz\u00edti a hely\u00e9n az iPad-et.\n<\/p>\n<p>\nHaszn\u00e1lhatja az iPad Guided Access funkci\u00f3j\u00e1t a kisgyermekes alkalmaz\u00e1sokkal is, hogy sz\u00f3rakoz\u00e1st ny\u00fajtson csecsem\u0151knek \u00e9s kisgyermekeknek, b\u00e1r az iPad haszn\u00e1lat\u00e1t korl\u00e1tozni kell a k\u00e9t \u00e9v alatti kisgyermekek sz\u00e1m\u00e1ra.\n<\/p>\n<p><img decoding=\"async\" class=\"postimg\" src=\"https:\/\/www.lifewire.com\/thmb\/JvrNPs4QtohKRx2AHUB2JIXvE8Q=\/2048x1489\/filters:no_upscale():max_bytes(150000):strip_icc()\/005-ipad-accessibility-guide-1994516-85634823b9eb42ef98f2fc71d203848c.jpg\"><\/p>\n<p>\nAz iPad emellett nagyszer\u0171 alkalmaz\u00e1sokat is tervezett autizmussal \u00e9l\u0151k sz\u00e1m\u00e1ra, bele\u00e9rtve azokat is, amelyek seg\u00edtenek a kommunik\u00e1ci\u00f3ban.\n<\/p>\n<h2>  Fizikai \/ motorbe\u00e1ll\u00edt\u00e1sok  <\/h2>\n<p>\nAlap\u00e9rtelmez\u00e9s szerint az iPad m\u00e1r rendelkezik be\u00e9p\u00edtett seg\u00edts\u00e9ggel azok sz\u00e1m\u00e1ra, akiknek neh\u00e9zs\u00e9geik vannak a t\u00e1blag\u00e9p bizonyos aspektusainak kezel\u00e9s\u00e9ben. A Siri digit\u00e1lis asszisztens olyan feladatokat hajthat v\u00e9gre, mint egy esem\u00e9ny \u00fctemez\u00e9se vagy eml\u00e9keztet\u0151 be\u00e1ll\u00edt\u00e1sa hanggal, \u00e9s a Siri besz\u00e9dfelismer\u00e9se hangdikt\u00e1tumk\u00e1 v\u00e1lhat, ha meg\u00e9rinti a k\u00e9perny\u0151n megjelen\u0151 billenty\u0171zet mikrofon gombj\u00e1t.\n<\/p>\n<p class=\"gt-block\">\nA&nbsp;<strong>Seg\u00edt\u0151 \u00e9rint\u00e9s <\/strong>be\u00e1ll\u00edt\u00e1s szint\u00e9n n\u00f6velheti az iPad funkcionalit\u00e1s\u00e1t. Ez a be\u00e1ll\u00edt\u00e1s gyors \u00e9s k\u00f6nny\u0171 hozz\u00e1f\u00e9r\u00e9st biztos\u00edt a Sirihez. Azt is elv\u00e9gzi \u00e9s testre szabhatja a gesztusokat a k\u00e9perny\u0151n megjelen\u0151 men\u00fc seg\u00edts\u00e9g\u00e9vel.\n<\/p>\n<p>\nAz AssistiveTouch aktiv\u00e1l\u00e1sa ut\u00e1n egy gomb jelenik meg az iPad jobb als\u00f3 sark\u00e1ban. Ez a gomb aktiv\u00e1lja a men\u00fcrendszert, \u00e9s kil\u00e9phet a kezd\u0151k\u00e9perny\u0151r\u0151l, vez\u00e9relheti az eszk\u00f6z be\u00e1ll\u00edt\u00e1sait, aktiv\u00e1lhatja a Siri-t \u00e9s v\u00e9grehajthat egy kedvenc gesztust.\n<\/p>\n<p>Az AssistiveTouch gombot \u00faj poz\u00edci\u00f3ba h\u00fazhatja a k\u00e9perny\u0151 sz\u00e9l\u00e9n.<\/p>\n<p><img decoding=\"async\" class=\"postimg\" src=\"https:\/\/www.lifewire.com\/thmb\/y3sQRVblLxmn6YsQ5-sB_LY5WOE=\/2048x1466\/filters:no_upscale():max_bytes(150000):strip_icc()\/006-ipad-accessibility-guide-1994516-8f8673d2b1d04116b25f5314d5dd9568.jpg\"><\/p>\n<p class=\"gt-block\">\nAz iPad is t\u00e1mogatja&nbsp;<strong>Switch vez\u00e9rl\u00e9s<\/strong>, amely lehet\u0151v\u00e9 teszi k\u00fcls\u0151 kapcsol\u00f3-hozz\u00e1f\u00e9r\u00e9si kieg\u00e9sz\u00edt\u0151k sz\u00e1m\u00e1ra az iPad vez\u00e9rl\u00e9s\u00e9t. Az iPad be\u00e1ll\u00edt\u00e1sai lehet\u0151v\u00e9 teszik a kapcsol\u00f3 vez\u00e9rl\u00e9s\u00e9nek testreszab\u00e1s\u00e1t, bele\u00e9rtve a finomhangol\u00e1st, valamint a hangeffektusok \u00e9s az elmentett gesztusok be\u00e1ll\u00edt\u00e1s\u00e1t.\n<\/p>\n<p class=\"gt-block\">\nA <strong>\u00c9rintse meg a Sz\u00e1ll\u00e1shelyek elemet<\/strong> A be\u00e1ll\u00edt\u00e1s be\u00e1ll\u00edtja, hogy mennyi ideig \u00e9rintse meg a k\u00e9perny\u0151t, miel\u0151tt az iPad regisztr\u00e1l egy parancsot. Haszn\u00e1lja ezt a sz\u00e1ll\u00e1st az ism\u00e9telt \u00e9rint\u00e9sek figyelmen k\u00edv\u00fcl hagy\u00e1s\u00e1hoz, valamint az els\u0151 vagy az utols\u00f3 \u00e9rint\u00e9s hely\u00e9nek haszn\u00e1lat\u00e1hoz.\n<\/p>\n<p class=\"gt-block\">\nAzok az emberek, akik seg\u00edts\u00e9get szeretn\u00e9nek kapni a Kezd\u0151lap gomb haszn\u00e1lat\u00e1val, be\u00e1ll\u00edthatj\u00e1k a <strong>Kattintson a Kezd\u0151lap gombra a Sebess\u00e9g elemre<\/strong> be\u00e1ll\u00edt\u00e1s, amely miatt az iPad kett\u0151s \u00e9s h\u00e1romszoros kattint\u00e1st regisztr\u00e1l, \u00e9s a szok\u00e1sosn\u00e1l nagyobb sz\u00f3k\u00f6z\u00f6k vannak k\u00f6z\u00f6tt\u00fck.\n<\/p>\n<h2>  A Kiseg\u00edt\u0151 lehet\u0151s\u00e9gek parancsikonja  <\/h2>\n<p>\nA Kiseg\u00edt\u0151 lehet\u0151s\u00e9gek parancsikon seg\u00edts\u00e9g\u00e9vel olyan be\u00e1ll\u00edt\u00e1sokat rendelhet, mint a VoiceOver, a Nagy\u00edt\u00e1s vagy a Sz\u00ednek megford\u00edt\u00e1sa a kezd\u0151lap h\u00e1romszoros kattint\u00e1s\u00e1ra.\n<\/p>\n<p><img decoding=\"async\" class=\"postimg\" src=\"https:\/\/www.lifewire.com\/thmb\/yFXl42uScYiYmCJ-J1rcT5g6fRw=\/2048x1497\/filters:no_upscale():max_bytes(150000):strip_icc()\/007-ipad-accessibility-guide-1994516-66dd3cecf46740b69fbeec8c284ebd27.jpg\"><\/p>\n<h2>  A kezel\u0151panel parancsikonjai:  <\/h2>\n<p>\nA kiseg\u00edt\u0151 lehet\u0151s\u00e9geket az iPad Vez\u00e9rl\u0151k\u00f6zpontj\u00e1n kereszt\u00fcl is enged\u00e9lyezheti. Nyissa meg a Vez\u00e9rl\u0151k\u00f6zpontot \u00fagy, hogy az ujj\u00e1t felfel\u00e9 cs\u00fasztatja az iPad alj\u00e1t\u00f3l. A kiseg\u00edt\u0151 lehet\u0151s\u00e9gek vez\u00e9rl\u00e9s\u00e9nek testreszab\u00e1sa ebben a men\u00fcben:\n<\/p>\n<p>IOS 12-es \u00e9s \u00fajabb verzi\u00f3kban \u00fagy \u00e9rheti el az iPad Vez\u00e9rl\u0151k\u00f6zpontj\u00e1t, hogy ujj\u00e1t lefel\u00e9 cs\u00fasztatja a k\u00e9perny\u0151 jobb fels\u0151 sark\u00e1b\u00f3l.<\/p>\n<ol>\n<li>\n<p>\nEl\u0151sz\u00f6r ind\u00edtsa el a Be\u00e1ll\u00edt\u00e1sok alkalmaz\u00e1st.\n<\/p>\n<p><img decoding=\"async\" class=\"postimg\" src=\"https:\/\/www.lifewire.com\/thmb\/3ZXhlbN3EN1EzCxLkMfLwAO3NIw=\/2048x1455\/filters:no_upscale():max_bytes(150000):strip_icc()\/001-check-ipad-app-usage-4103797-9c3d46fdb9e941c4aadc709364ac03d0.jpg\"><\/p>\n<\/li>\n<li>\n<p class=\"gt-block\">\nV\u00e1lasszon <strong>K\u00f6z\u00e9pre<\/strong> a bal oldali men\u00fcb\u0151l.\n<\/p>\n<p><img decoding=\"async\" class=\"postimg\" src=\"https:\/\/www.lifewire.com\/thmb\/_-fOT4FEUxRYop6e3SeoRwj04RY=\/2048x1502\/filters:no_upscale():max_bytes(150000):strip_icc()\/008-ipad-accessibility-guide-1994516-fc18dcece42e42a3a84cfa5abed594e2.jpg\"><\/p>\n<\/li>\n<li>\n<p class=\"gt-block\">\n\u00c9rintse <strong>A vez\u00e9rl\u0151k testreszab\u00e1sa<\/strong>.\n<\/p>\n<p><img decoding=\"async\" class=\"postimg\" src=\"https:\/\/www.lifewire.com\/thmb\/xrDv7MJkw3DyQ557apVsMq1K9N8=\/2048x1502\/filters:no_upscale():max_bytes(150000):strip_icc()\/009-ipad-accessibility-guide-1994516-0f8bb5aff551446e885e292ee3d533be.jpg\"><\/p>\n<\/li>\n<li>\n<p>\nA Vez\u00e9rl\u0151k\u00f6zpontba felvehet\u0151 kiseg\u00edt\u0151 lehet\u0151s\u00e9gek a k\u00f6vetkez\u0151k:\n<\/p>\n<ul>\n<li>Kiseg\u00edt\u0151 lehet\u0151s\u00e9gek parancsikonjai<\/li>\n<li>Ir\u00e1ny\u00edtott hozz\u00e1f\u00e9r\u00e9s<\/li>\n<li>Hall\u00e1s<\/li>\n<li>Nagy\u00edt\u00f3\u00fcveg<\/li>\n<li>Text Size<\/li>\n<\/ul>\n<\/li>\n<li>\n<p class=\"gt-block\">\n\u00c9rintse meg a <strong>Plusz jel<\/strong> az egyes opci\u00f3k mellett, hogy hozz\u00e1adja azokat a Vez\u00e9rl\u0151k\u00f6zponthoz.\n<\/p>\n<p><img decoding=\"async\" class=\"postimg\" src=\"https:\/\/www.lifewire.com\/thmb\/gTnndFeHN7QE7RIWTRdu6gDF3uw=\/2048x1494\/filters:no_upscale():max_bytes(150000):strip_icc()\/010-ipad-accessibility-guide-1994516-e60c8c14c23947a2a0e88e361bd25b30.jpg\"><\/p>\n<\/li>\n<li>\n<p>\nA hozz\u00e1adott kezel\u0151szervek a Vez\u00e9rl\u0151k\u00f6zpontban jelennek meg legk\u00f6zelebb, amikor megnyitja.\n<\/p>\n<\/li>\n<\/ol>\n","protected":false},"excerpt":{"rendered":"<p>Az iPad kiseg\u00edt\u0151 lehet\u0151s\u00e9gei hasznosabb\u00e1 tehetik a l\u00e1t\u00e1si vagy hall\u00e1si probl\u00e9m\u00e1kkal k\u00fczd\u0151k sz\u00e1m\u00e1ra, \u00e9s egyes esetekben ak\u00e1r fizikai vagy motoros probl\u00e9m\u00e1kkal k\u00fczd\u0151knek is. Ezek a kiseg\u00edt\u0151 lehet\u0151s\u00e9gek megn\u00f6velhetik az alap\u00e9rtelmezett bet\u0171m\u00e9retet, nagy\u00edthatj\u00e1k a k\u00e9perny\u0151t, \u00e9s ak\u00e1r sz\u00f6veget is besz\u00e9lhetnek, vagy aktiv\u00e1lhatj\u00e1k a feliratoz\u00e1st. Ezek az utas\u00edt\u00e1sok az iOS 10 vagy \u00fajabb rendszert futtat\u00f3 eszk\u00f6z\u00f6kre vonatkoznak. &#8230; <a title=\"\u00datmutat\u00f3 az iPad kiseg\u00edt\u0151 lehet\u0151s\u00e9geinek be\u00e1ll\u00edt\u00e1s\u00e1hoz\" class=\"read-more\" href=\"https:\/\/megnyitasa.com\/blog\/utmutato-az-ipad-kisegito-lehetosegeinek-beallitasahoz\/\" aria-label=\"Read more about \u00datmutat\u00f3 az iPad kiseg\u00edt\u0151 lehet\u0151s\u00e9geinek be\u00e1ll\u00edt\u00e1s\u00e1hoz\">Olvass tov\u00e1bb<\/a><\/p>\n","protected":false},"author":1614,"featured_media":0,"comment_status":"open","ping_status":"open","sticky":false,"template":"","format":"standard","meta":{"footnotes":""},"categories":[2],"tags":[],"class_list":["post-3604","post","type-post","status-publish","format-standard","hentry","category-wiki"],"_links":{"self":[{"href":"https:\/\/megnyitasa.com\/blog\/wp-json\/wp\/v2\/posts\/3604","targetHints":{"allow":["GET"]}}],"collection":[{"href":"https:\/\/megnyitasa.com\/blog\/wp-json\/wp\/v2\/posts"}],"about":[{"href":"https:\/\/megnyitasa.com\/blog\/wp-json\/wp\/v2\/types\/post"}],"author":[{"embeddable":true,"href":"https:\/\/megnyitasa.com\/blog\/wp-json\/wp\/v2\/users\/1614"}],"replies":[{"embeddable":true,"href":"https:\/\/megnyitasa.com\/blog\/wp-json\/wp\/v2\/comments?post=3604"}],"version-history":[{"count":0,"href":"https:\/\/megnyitasa.com\/blog\/wp-json\/wp\/v2\/posts\/3604\/revisions"}],"wp:attachment":[{"href":"https:\/\/megnyitasa.com\/blog\/wp-json\/wp\/v2\/media?parent=3604"}],"wp:term":[{"taxonomy":"category","embeddable":true,"href":"https:\/\/megnyitasa.com\/blog\/wp-json\/wp\/v2\/categories?post=3604"},{"taxonomy":"post_tag","embeddable":true,"href":"https:\/\/megnyitasa.com\/blog\/wp-json\/wp\/v2\/tags?post=3604"}],"curies":[{"name":"wp","href":"https:\/\/api.w.org\/{rel}","templated":true}]}}