{"id":3765,"date":"2021-06-30T12:20:12","date_gmt":"2021-06-30T12:20:12","guid":{"rendered":"https:\/\/megnyitasa.com\/blog\/?p=3765"},"modified":"2021-06-30T12:20:12","modified_gmt":"2021-06-30T12:20:12","slug":"rejtett-fajlok-es-mappak-megtekintese-a-mac-terminallal","status":"publish","type":"post","link":"https:\/\/megnyitasa.com\/blog\/rejtett-fajlok-es-mappak-megtekintese-a-mac-terminallal\/","title":{"rendered":"Rejtett f\u00e1jlok \u00e9s mapp\u00e1k megtekint\u00e9se a Mac termin\u00e1llal"},"content":{"rendered":"<p>\nA Mac n\u00e9h\u00e1ny titkot, rejtett mapp\u00e1t \u00e9s f\u00e1jlt tartalmaz, amelyek l\u00e1thatatlanok sz\u00e1modra. Lehet, hogy k\u00f6z\u00fcletek sokan fel sem fogj\u00e1k, mennyi rejtett adat van a Mac-en, az alapvet\u0151 dolgokt\u00f3l kezdve, p\u00e9ld\u00e1ul a felhaszn\u00e1l\u00f3i adatok \u00e9s alkalmaz\u00e1sok preferenciaf\u00e1jljain \u00e1t az alapvet\u0151 rendszeradatokig, amelyeknek a Mac-nek megfelel\u0151 futtat\u00e1shoz van sz\u00fcks\u00e9ge. Az Apple elrejti ezeket a f\u00e1jlokat \u00e9s mapp\u00e1kat, hogy megakad\u00e1lyozza v\u00e9letlen\u00fcl a Mac-nek sz\u00fcks\u00e9ges fontos adatok m\u00f3dos\u00edt\u00e1s\u00e1t vagy t\u00f6rl\u00e9s\u00e9t.\n<\/p>\n<p>\nAz Apple \u00e9rvel\u00e9se j\u00f3, de van, amikor el\u0151fordulhat, hogy meg kell tekintenie a Mac f\u00e1jlrendszer\u00e9nek ezeket az elmaradt zugait. Val\u00f3j\u00e1ban azt tapasztalja, hogy a Mac ezen rejtett zugaihoz val\u00f3 hozz\u00e1f\u00e9r\u00e9s az egyik l\u00e9p\u00e9s sz\u00e1mos Mac hibaelh\u00e1r\u00edt\u00e1si \u00fatmutat\u00f3nkban, valamint a fontos adatok, p\u00e9ld\u00e1ul az e-mail \u00fczenetek vagy a Safari k\u00f6nyvjelz\u0151inek biztons\u00e1gi m\u00e1solat\u00e1ra vonatkoz\u00f3 \u00fatmutat\u00f3inkban. Szerencs\u00e9re az Apple lehet\u0151s\u00e9get k\u00edn\u00e1l e rejtett finoms\u00e1gok el\u00e9r\u00e9s\u00e9re az OS X-ben \u00e9s a leg\u00fajabb MacOS-ban. Ebben az \u00fatmutat\u00f3ban a Terminal alkalmaz\u00e1s haszn\u00e1lat\u00e1ra fogunk koncentr\u00e1lni, amely parancssori szer\u0171 fel\u00fcletet biztos\u00edt a Mac sz\u00e1mos alapvet\u0151 funkci\u00f3j\u00e1hoz.\n<\/p>\n<p><img decoding=\"async\" class=\"postimg\" src=\"https:\/\/www.lifewire.com\/thmb\/r2NOVuarlGCOBJ2_Ub1BA_vWKW8=\/2880x1800\/filters:no_upscale():max_bytes(150000):strip_icc()\/ScreenShot2019-01-03at3.13.16PM-5c2ea61c46e0fb0001abc508-fb8027cc5efa44e2a3c858234aac1ae3.jpg\"><\/p>\n<p>\nA Termin\u00e1l seg\u00edts\u00e9g\u00e9vel csak egy egyszer\u0171 parancsra van sz\u00fcks\u00e9g ahhoz, hogy a Mac el\u00e1rulja a titkait.\n<\/p>\n<h2>  A termin\u00e1l a bar\u00e1tod  <\/h2>\n<ol>\n<li>\n<p class=\"gt-block\">\nInd\u00edt <strong>termin\u00e1l<\/strong>, tal\u00e1lhat\u00f3 <strong>\/ Applications \/ Utilities \/<\/strong>.\n<\/p>\n<p><img decoding=\"async\" class=\"postimg\" src=\"https:\/\/www.lifewire.com\/thmb\/LAPo9tQgbb80xZ-Pjva3FhLWWs4=\/1540x871\/filters:no_upscale():max_bytes(150000):strip_icc()\/001_view-hidden-mac-folders-using-terminal-2260776-5c2ea70b46e0fb000123c164.jpg\"><\/p>\n<\/li>\n<li>\n<p class=\"gt-block\">\n\u00cdrja be, vagy m\u00e1solja \/ illessze be az al\u00e1bbi parancsokat a Terminal ablakba, egyenk\u00e9nt, nyomja meg <strong>meg az ENTER<\/strong> mindegyik ut\u00e1n.\n<\/p>\n<p><strong>alap\u00e9rtelmez\u00e9sek: com.apple.finder AppleShowAllFi<\/p>\n<p><strong>gyilkos<\/p>\n<p><img decoding=\"async\" class=\"postimg\" src=\"https:\/\/www.lifewire.com\/thmb\/R7zJaf-IMp-nsDSEejB2h9eJ55k=\/2068x1246\/filters:no_upscale():max_bytes(150000):strip_icc()\/002_view-hidden-mac-folders-using-terminal-2260776-5c2ea73546e0fb0001415cda.jpg\"><\/p>\n<p><\/strong><\/strong><\/li>\n<p><strong><strong><\/p>\n<li>\n<p>\nHa a fenti k\u00e9t sort be\u00edrja a termin\u00e1lba, akkor a Finder seg\u00edts\u00e9g\u00e9vel megjelen\u00edtheti az \u00f6sszes rejtett f\u00e1jlt a Mac-en. Az els\u0151 sor azt mondja a Findernek, hogy jelen\u00edtse meg az \u00f6sszes f\u00e1jlt, f\u00fcggetlen\u00fcl a rejtett z\u00e1szl\u00f3 be\u00e1ll\u00edt\u00e1s\u00e1t\u00f3l. A m\u00e1sodik sor le\u00e1ll\u00edtja \u00e9s \u00fajraind\u00edtja a keres\u0151t, \u00edgy a v\u00e1ltoztat\u00e1sok \u00e9letbe l\u00e9phetnek. L\u00e1thatja, hogy az asztal elt\u0171nik \u00e9s \u00fajra megjelenik, amikor v\u00e9grehajtja ezeket a parancsokat; ez norm\u00e1lis.\n<\/p>\n<\/li>\n<p><\/strong><\/strong><\/ol>\n<p><strong><strong><\/p>\n<h2>  Ami rejtve volt, most megn\u00e9zhet\u0151  <\/h2>\n<p class=\"gt-block\">\nMost, hogy a Finder rejtett f\u00e1jlokat \u00e9s mapp\u00e1kat jelen\u00edt meg, mit l\u00e1that? A v\u00e1lasz a keresett mapp\u00e1t\u00f3l f\u00fcgg, de szinte minden mapp\u00e1ban meg fog jelenni egy megnevezett f\u00e1jl <strong>.DS_Store<\/strong>. A DS_Store f\u00e1jl inform\u00e1ci\u00f3kat tartalmaz az aktu\u00e1lis mapp\u00e1r\u00f3l, bele\u00e9rtve a mappa ikonj\u00e1t, a hely\u00e9t, ahol az ablaka megny\u00edlik, \u00e9s a rendszernek tov\u00e1bbi inform\u00e1ci\u00f3kat.\n<\/p>\n<p>\nA minden\u00fctt elterjedt .DS_Store f\u00e1jln\u00e1l fontosabbak azok a rejtett mapp\u00e1k, amelyekhez a Mac-felhaszn\u00e1l\u00f3k kor\u00e1bban hozz\u00e1f\u00e9rhettek, p\u00e9ld\u00e1ul a Home mapp\u00e1ban tal\u00e1lhat\u00f3 Library mappa. A K\u00f6nyvt\u00e1r mappa sok f\u00e1jlt \u00e9s mapp\u00e1t tartalmaz, amelyek a Mac-en haszn\u00e1lt alkalmaz\u00e1sokhoz \u00e9s szolg\u00e1ltat\u00e1sokhoz kapcsol\u00f3dnak. Gondolkodt\u00e1l m\u00e1r azon, hogy hol vannak az e-mail \u00fczeneteid? Ha a Mail programot haszn\u00e1lja, a rejtett K\u00f6nyvt\u00e1r mapp\u00e1ban tal\u00e1lja meg \u0151ket. Hasonl\u00f3k\u00e9ppen, a K\u00f6nyvt\u00e1r mappa tartalmazza a Napt\u00e1rat, a Jegyzeteket, a N\u00e9vjegyeket, a Mentett alkalmaz\u00e1s\u00e1llapotokat \u00e9s m\u00e9g sok minden m\u00e1st.\n<\/p>\n<p>\nMenjen el\u0151re, \u00e9s n\u00e9zzen k\u00f6r\u00fcl a K\u00f6nyvt\u00e1r mapp\u00e1ban, de ne v\u00e9gezzen v\u00e1ltoztat\u00e1sokat, hacsak nincs olyan speci\u00e1lis probl\u00e9m\u00e1ja, amelyet megpr\u00f3b\u00e1l kijav\u00edtani.\n<\/p>\n<p>\nMost, hogy l\u00e1thatja az \u00f6sszes rejtett mapp\u00e1t \u00e9s f\u00e1jlt a Finderben (mondjuk ezt h\u00e1romszor gyorsan), val\u00f3sz\u00edn\u0171leg \u00fajra el akarja rejteni \u0151ket, m\u00e1r csak az\u00e9rt is, mert hajlamosak elt\u00f6m\u00edteni a Finder ablakokat idegen elemekkel.\n<\/p>\n<h2>  Elrejteni a rendetlens\u00e9get  <\/h2>\n<ol>\n<li>\n<p class=\"gt-block\">\nInd\u00edt <strong>termin\u00e1l<\/strong>, tal\u00e1lhat\u00f3 <strong>\/ Applications \/ Utilities \/<\/strong>.\n<\/p>\n<\/li>\n<li>\n<p class=\"gt-block\">\n\u00cdrja be, vagy m\u00e1solja \/ illessze be az al\u00e1bbi parancsokat a Terminal ablakba, egyenk\u00e9nt, nyomja meg <strong>meg az ENTER<\/strong> mindegyik ut\u00e1n.\n<\/p>\n<p><strong>alap\u00e9rtelmez\u00e9sek: com.apple.finder AppleShowAllFil<\/p>\n<p><strong>gyilkos<\/p>\n<p><img decoding=\"async\" class=\"postimg\" src=\"https:\/\/www.lifewire.com\/thmb\/QbCuQ-uFhY6ucR4tULu-jHdsIIc=\/1698x1066\/filters:no_upscale():max_bytes(150000):strip_icc()\/003_view-hidden-mac-folders-using-terminal-2260776-5c2ea75e46e0fb0001a438c8.jpg\"><\/p>\n<p><\/strong><\/strong><\/li>\n<p><strong><strong><\/p>\n<li>\n<p>\nHopp\u00e1! A rejtett f\u00e1jlok ism\u00e9t el vannak rejtve. A Mac tipp elk\u00e9sz\u00edt\u00e9se sor\u00e1n egyetlen rejtett mappa vagy f\u00e1jl sem s\u00e9r\u00fclt.\n<\/p>\n<\/li>\n<p><\/strong><\/strong><\/ol>\n<p><strong><strong><\/p>\n<h2>  Tov\u00e1bbi inform\u00e1ci\u00f3 a termin\u00e1lr\u00f3l  <\/h2>\n<p>\nHa a Terminal alkalmaz\u00e1s ereje felkeltette az \u00e9rdekl\u0151d\u00e9s\u00e9t, az \u00fatmutat\u00f3nkban t\u00f6bbet megtudhat arr\u00f3l, hogy a Terminal milyen titkokat t\u00e1rhat fel: Haszn\u00e1lja a Terminal alkalmaz\u00e1st a rejtett funkci\u00f3k el\u00e9r\u00e9s\u00e9hez.\n<\/p>\n<p><\/strong><\/strong><\/strong><\/strong><\/p>\n","protected":false},"excerpt":{"rendered":"<p>A Mac n\u00e9h\u00e1ny titkot, rejtett mapp\u00e1t \u00e9s f\u00e1jlt tartalmaz, amelyek l\u00e1thatatlanok sz\u00e1modra. Lehet, hogy k\u00f6z\u00fcletek sokan fel sem fogj\u00e1k, mennyi rejtett adat van a Mac-en, az alapvet\u0151 dolgokt\u00f3l kezdve, p\u00e9ld\u00e1ul a felhaszn\u00e1l\u00f3i adatok \u00e9s alkalmaz\u00e1sok preferenciaf\u00e1jljain \u00e1t az alapvet\u0151 rendszeradatokig, amelyeknek a Mac-nek megfelel\u0151 futtat\u00e1shoz van sz\u00fcks\u00e9ge. Az Apple elrejti ezeket a f\u00e1jlokat \u00e9s mapp\u00e1kat, &#8230; <a title=\"Rejtett f\u00e1jlok \u00e9s mapp\u00e1k megtekint\u00e9se a Mac termin\u00e1llal\" class=\"read-more\" href=\"https:\/\/megnyitasa.com\/blog\/rejtett-fajlok-es-mappak-megtekintese-a-mac-terminallal\/\" aria-label=\"Read more about Rejtett f\u00e1jlok \u00e9s mapp\u00e1k megtekint\u00e9se a Mac termin\u00e1llal\">Olvass tov\u00e1bb<\/a><\/p>\n","protected":false},"author":887,"featured_media":0,"comment_status":"open","ping_status":"open","sticky":false,"template":"","format":"standard","meta":{"footnotes":""},"categories":[4],"tags":[],"class_list":["post-3765","post","type-post","status-publish","format-standard","hentry","category-fajlokat"],"_links":{"self":[{"href":"https:\/\/megnyitasa.com\/blog\/wp-json\/wp\/v2\/posts\/3765","targetHints":{"allow":["GET"]}}],"collection":[{"href":"https:\/\/megnyitasa.com\/blog\/wp-json\/wp\/v2\/posts"}],"about":[{"href":"https:\/\/megnyitasa.com\/blog\/wp-json\/wp\/v2\/types\/post"}],"author":[{"embeddable":true,"href":"https:\/\/megnyitasa.com\/blog\/wp-json\/wp\/v2\/users\/887"}],"replies":[{"embeddable":true,"href":"https:\/\/megnyitasa.com\/blog\/wp-json\/wp\/v2\/comments?post=3765"}],"version-history":[{"count":0,"href":"https:\/\/megnyitasa.com\/blog\/wp-json\/wp\/v2\/posts\/3765\/revisions"}],"wp:attachment":[{"href":"https:\/\/megnyitasa.com\/blog\/wp-json\/wp\/v2\/media?parent=3765"}],"wp:term":[{"taxonomy":"category","embeddable":true,"href":"https:\/\/megnyitasa.com\/blog\/wp-json\/wp\/v2\/categories?post=3765"},{"taxonomy":"post_tag","embeddable":true,"href":"https:\/\/megnyitasa.com\/blog\/wp-json\/wp\/v2\/tags?post=3765"}],"curies":[{"name":"wp","href":"https:\/\/api.w.org\/{rel}","templated":true}]}}