{"id":4050,"date":"2020-11-18T00:00:00","date_gmt":"2020-11-18T00:00:00","guid":{"rendered":"https:\/\/megnyitasa.com\/blog\/hasznalja-a-photoshop-beepulo-modulokat-az-irfanview-alkalmazasban\/"},"modified":"2020-11-18T00:00:00","modified_gmt":"2020-11-18T00:00:00","slug":"hasznalja-a-photoshop-beepulo-modulokat-az-irfanview-alkalmazasban","status":"publish","type":"post","link":"https:\/\/megnyitasa.com\/blog\/hasznalja-a-photoshop-beepulo-modulokat-az-irfanview-alkalmazasban\/","title":{"rendered":"Haszn\u00e1lja a Photoshop be\u00e9p\u00fcl\u0151 modulokat az Irfanview alkalmaz\u00e1sban"},"content":{"rendered":"<p>\nAz IrfanView n\u00e9pszer\u0171, ingyenes k\u00e9pmegjelen\u00edt\u0151 alkalmaz\u00e1s sok olyan Adobe Photoshop be\u00e9p\u00fcl\u0151 modult t\u00e1mogat, amely a 8BF f\u00e1jlt\u00edpust haszn\u00e1lja. Ezeket a b\u0151v\u00edtm\u00e9nyeket azonban k\u00fcl\u00f6n telep\u00edt\u0151f\u00e1jlon kereszt\u00fcl kell hozz\u00e1adni - a legt\u00f6bbet nem a szok\u00e1sos IrfanView programmal sz\u00e1ll\u00edtj\u00e1k.\n<\/p>\n<p>Ezek az utas\u00edt\u00e1sok az IrfavView 4.5.3 verzi\u00f3j\u00e1val m\u0171k\u00f6dnek.<\/p>\n<h2>  T\u00f6ltse le a Photoshop be\u00e9p\u00fcl\u0151 modulokat  <\/h2>\n<p>\nA tov\u00e1bbi b\u0151v\u00edtm\u00e9nyek el\u00e9r\u00e9s\u00e9hez le kell t\u00f6ltenie \u00e9s telep\u00edtenie kell \u0151ket. Az IrfanView mind a 32, mind a 64 bites alkalmaz\u00e1sokat t\u00e1mogatja; v\u00e1lassza ki a be\u00e9p\u00fcl\u0151 modul telep\u00edt\u0151j\u00e9t, amely megegyezik az IrfanView telep\u00edtett verzi\u00f3j\u00e1nak bitm\u00e9lys\u00e9g\u00e9vel.\n<\/p>\n<p>IrfanView be\u00e9p\u00fcl\u0151 modulok (32 bites telep\u00edt\u0151) IrfanView b\u0151v\u00edtm\u00e9nyek (64 bites telep\u00edt\u0151)<\/p>\n<h2>  Haszn\u00e1lja a Photoshop be\u00e9p\u00fcl\u0151 modulokat  <\/h2>\n<p class=\"gt-block\">\nA plugins program telep\u00edt\u00e9se ut\u00e1n hozz\u00e1f\u00e9rjen hozz\u00e1juk a <strong>K\u00e9p <\/strong>&gt; <strong>Adobe 8BF b\u0151v\u00edtm\u00e9nyek<\/strong> men\u00fc. A be\u00e9p\u00fcl\u0151 modulok be\u00e9p\u00fclnek az IrfanView felhaszn\u00e1l\u00f3i fel\u00fclet\u00e9be, a K\u00e9p men\u00fc alatt. Aktiv\u00e1lja \u0151ket, mint b\u00e1rmely m\u00e1s plugint vagy sz\u0171r\u0151t.\n<\/p>\n<p><img decoding=\"async\" class=\"postimg\" src=\"https:\/\/www.lifewire.com\/thmb\/F63ZlYS6TJ92bu6wAA-BBi9YkQw=\/1146x963\/filters:no_upscale():max_bytes(150000):strip_icc()\/001-photoshop-plugins-in-irfanview-1702545-19e7c5e2ce8c42ceb3e34133f2b99f9b.jpg\"><\/p>\n<p class=\"gt-block\">\nHaszn\u00e1lja az Adobe 8BF Filters kezel\u0151panelt - amelyet a gomb megnyom\u00e1s\u00e1val \u00e9rhet el <strong>Ctrl + K<\/strong>- k\u00fcl\u00f6nb\u00f6z\u0151 8BF sz\u0171r\u0151k \u00f6sszekapcsol\u00e1s\u00e1ra \u00f6sszetett sz\u0171r\u0151k l\u00e9trehoz\u00e1s\u00e1ra. Ez a fejlett technika seg\u00edti az olyan \u00e1ltal\u00e1nos projektek automatiz\u00e1l\u00e1s\u00e1t, amelyek k\u00f6vetkezetesen ugyanazokat a be\u00e9p\u00fcl\u0151 modulokat haszn\u00e1lj\u00e1k egy adott sorrendben.\n<\/p>\n<h2>  Adjon hozz\u00e1 tov\u00e1bbi b\u0151v\u00edtm\u00e9nyeket  <\/h2>\n<p class=\"gt-block\">\nTegyen 8BF f\u00e1jlokat m\u00e1s helyekr\u0151l az IrfanView plugins mapp\u00e1ba. Az IrfanView 64 bites verzi\u00f3ja az Adobe-kompatibilis 8BF b\u0151v\u00edtm\u00e9nyeket tartja a <strong>C:  Program Files (x86)  IrfanView  Plugins  Adobe 8BF<\/strong> mapp\u00e1t.\n<\/p>\n<p>Az IrfanView nem t\u00f6k\u00e9letesen t\u00e1mogatja az Adobe Photoshop b\u0151v\u00edtm\u00e9nyeket. Ha 8BF f\u00e1jlokat szerez a j\u00f3v\u00e1hagyott telep\u00edt\u0151n k\u00edv\u00fcl, vegye fel \u0151ket egyenk\u00e9nt a plugins mapp\u00e1ba, hogy biztosan ne \u00fctk\u00f6zzen \u00f6ssze az IrfanView. Ha a program nem szereti a be\u00e9p\u00fcl\u0151 modult, csak t\u00f6r\u00f6lje a mapp\u00e1b\u00f3l.<\/p>\n","protected":false},"excerpt":{"rendered":"<p>Az IrfanView n\u00e9pszer\u0171, ingyenes k\u00e9pmegjelen\u00edt\u0151 alkalmaz\u00e1s sok olyan Adobe Photoshop be\u00e9p\u00fcl\u0151 modult t\u00e1mogat, amely a 8BF f\u00e1jlt\u00edpust haszn\u00e1lja. Ezeket a b\u0151v\u00edtm\u00e9nyeket azonban k\u00fcl\u00f6n telep\u00edt\u0151f\u00e1jlon kereszt\u00fcl kell hozz\u00e1adni &#8211; a legt\u00f6bbet nem a szok\u00e1sos IrfanView programmal sz\u00e1ll\u00edtj\u00e1k. Ezek az utas\u00edt\u00e1sok az IrfavView 4.5.3 verzi\u00f3j\u00e1val m\u0171k\u00f6dnek. T\u00f6ltse le a Photoshop be\u00e9p\u00fcl\u0151 modulokat A tov\u00e1bbi b\u0151v\u00edtm\u00e9nyek el\u00e9r\u00e9s\u00e9hez le &#8230; <a title=\"Haszn\u00e1lja a Photoshop be\u00e9p\u00fcl\u0151 modulokat az Irfanview alkalmaz\u00e1sban\" class=\"read-more\" href=\"https:\/\/megnyitasa.com\/blog\/hasznalja-a-photoshop-beepulo-modulokat-az-irfanview-alkalmazasban\/\" aria-label=\"Read more about Haszn\u00e1lja a Photoshop be\u00e9p\u00fcl\u0151 modulokat az Irfanview alkalmaz\u00e1sban\">Olvass tov\u00e1bb<\/a><\/p>\n","protected":false},"author":1792,"featured_media":0,"comment_status":"open","ping_status":"open","sticky":false,"template":"","format":"standard","meta":{"footnotes":""},"categories":[2],"tags":[],"class_list":["post-4050","post","type-post","status-publish","format-standard","hentry","category-wiki"],"_links":{"self":[{"href":"https:\/\/megnyitasa.com\/blog\/wp-json\/wp\/v2\/posts\/4050","targetHints":{"allow":["GET"]}}],"collection":[{"href":"https:\/\/megnyitasa.com\/blog\/wp-json\/wp\/v2\/posts"}],"about":[{"href":"https:\/\/megnyitasa.com\/blog\/wp-json\/wp\/v2\/types\/post"}],"author":[{"embeddable":true,"href":"https:\/\/megnyitasa.com\/blog\/wp-json\/wp\/v2\/users\/1792"}],"replies":[{"embeddable":true,"href":"https:\/\/megnyitasa.com\/blog\/wp-json\/wp\/v2\/comments?post=4050"}],"version-history":[{"count":0,"href":"https:\/\/megnyitasa.com\/blog\/wp-json\/wp\/v2\/posts\/4050\/revisions"}],"wp:attachment":[{"href":"https:\/\/megnyitasa.com\/blog\/wp-json\/wp\/v2\/media?parent=4050"}],"wp:term":[{"taxonomy":"category","embeddable":true,"href":"https:\/\/megnyitasa.com\/blog\/wp-json\/wp\/v2\/categories?post=4050"},{"taxonomy":"post_tag","embeddable":true,"href":"https:\/\/megnyitasa.com\/blog\/wp-json\/wp\/v2\/tags?post=4050"}],"curies":[{"name":"wp","href":"https:\/\/api.w.org\/{rel}","templated":true}]}}