{"id":537,"date":"2021-02-25T11:29:34","date_gmt":"2021-02-25T11:29:34","guid":{"rendered":"https:\/\/megnyitasa.com\/blog\/?p=537"},"modified":"2021-02-25T11:29:34","modified_gmt":"2021-02-25T11:29:34","slug":"rejtett-fajlok-megtekintese-a-mac-megnyitasa-es-mentese-parbeszedpanelekben","status":"publish","type":"post","link":"https:\/\/megnyitasa.com\/blog\/rejtett-fajlok-megtekintese-a-mac-megnyitasa-es-mentese-parbeszedpanelekben\/","title":{"rendered":"Rejtett f\u00e1jlok megtekint\u00e9se a Mac megnyit\u00e1sa \u00e9s ment\u00e9se p\u00e1rbesz\u00e9dpanelekben"},"content":{"rendered":"<p class=\"gt-block\">\nAz Apple elrejti a Mac egyes f\u00e1jljait \u00e9s mapp\u00e1it, hogy megakad\u00e1lyozza a fontos adatok v\u00e9letlen megv\u00e1ltoztat\u00e1s\u00e1t vagy t\u00f6rl\u00e9s\u00e9t. Ha m\u00f3dos\u00edtania kell valamelyik rejtett f\u00e1jlt, akkor azt a Megnyit\u00e1s vagy Ment\u00e9s p\u00e1rbesz\u00e9dpanelen kell felfednie <strong>parancs<\/strong>+<strong>m\u0171szak<\/strong>+<strong>.<\/strong> ( <strong>id\u0151szak<\/strong> ) kombin\u00e1ci\u00f3, am\u00edg a p\u00e1rbesz\u00e9dablak nyitva van.\n<\/p>\n<h2>  Yosemite (10.10) \u00e9s kor\u00e1bban  <\/h2>\n<p>\nA Megjelen\u00edt\u00e9s vagy Ment\u00e9s p\u00e1rbesz\u00e9dpanelen f\u00e1jlokat megjelen\u00edt\u0151 \u00e9s elrejt\u0151 megjelen\u00edt\u00e9si hiba azt jelenti, hogy a billenty\u0171parancs nem fog m\u0171k\u00f6dni a Finder oszlop n\u00e9zet m\u00f3dj\u00e1ban a macOS Yosemite \u00e9s kor\u00e1bbi verzi\u00f3iban. A t\u00f6bbi Finder n\u00e9zet (ikon, lista, bor\u00edt\u00f3folyamat) j\u00f3l m\u0171k\u00f6dik a rejtett f\u00e1jlok megjelen\u00edt\u00e9s\u00e9hez.\n<\/p>\n<h2>  El Capitan (10.11) \u00e9s k\u00e9s\u0151bb  <\/h2>\n<p>\nA rejtett f\u00e1jlok Megnyit\u00e1s \u00e9s Ment\u00e9s p\u00e1rbesz\u00e9dpanelen t\u00f6rt\u00e9n\u0151 megjelen\u00edt\u00e9s\u00e9hez haszn\u00e1lt billenty\u0171parancs j\u00f3l m\u0171k\u00f6dik az El Capitan \u00e9s a macOS \u00fajabb verzi\u00f3iban. Van azonban m\u00e9g egy r\u00e9szlet. Egyes Megnyit\u00e1s \u00e9s ment\u00e9s p\u00e1rbesz\u00e9dpanelek nem jelen\u00edtik meg az \u00f6sszes ikont a Finder n\u00e9zetekhez a p\u00e1rbesz\u00e9dpanel eszk\u00f6zt\u00e1r\u00e1n.\n<\/p>\n<p>\nHa m\u00e1sik Finder n\u00e9zetre kell v\u00e1ltania, akkor v\u00e1lassza az eszk\u00f6zt\u00e1r Oldals\u00e1v ikonj\u00e1t (az els\u0151 a bal oldalon). Ennek a v\u00e1lt\u00e1snak el\u00e9rhet\u0151v\u00e9 kell tennie az \u00f6sszes Finder n\u00e9zet ikont.\n<\/p>\n<h2>  A l\u00e1thatatlan f\u00e1jlattrib\u00fatum  <\/h2>\n<p>\nA Megnyit\u00e1s vagy a Ment\u00e9s p\u00e1rbesz\u00e9dpanel haszn\u00e1lata a rejtett f\u00e1jlok megtekint\u00e9s\u00e9hez nem v\u00e1ltoztatja meg a f\u00e1jlok l\u00e1thatatlan attrib\u00fatum\u00e1t. Nem haszn\u00e1lhatja ezt a billenty\u0171parancsot egy l\u00e1that\u00f3 f\u00e1jl l\u00e1thatatlan f\u00e1jlk\u00e9nt t\u00f6rt\u00e9n\u0151 ment\u00e9s\u00e9re, \u00e9s nem nyithat meg egy l\u00e1thatatlan f\u00e1jlt, majd mentheti azt l\u00e1that\u00f3k\u00e9nt. B\u00e1rmelyikre is \u00e1ll\u00edtotta a f\u00e1jlok l\u00e1that\u00f3s\u00e1gi attrib\u00fatum\u00e1t, amikor elkezdte dolgozni a f\u00e1jllal, a f\u00e1jl \u00edgy marad.<\/p>\n","protected":false},"excerpt":{"rendered":"<p>Az Apple elrejti a Mac egyes f\u00e1jljait \u00e9s mapp\u00e1it, hogy megakad\u00e1lyozza a fontos adatok v\u00e9letlen megv\u00e1ltoztat\u00e1s\u00e1t vagy t\u00f6rl\u00e9s\u00e9t. Ha m\u00f3dos\u00edtania kell valamelyik rejtett f\u00e1jlt, akkor azt a Megnyit\u00e1s vagy Ment\u00e9s p\u00e1rbesz\u00e9dpanelen kell felfednie parancs+m\u0171szak+. ( id\u0151szak ) kombin\u00e1ci\u00f3, am\u00edg a p\u00e1rbesz\u00e9dablak nyitva van. Yosemite (10.10) \u00e9s kor\u00e1bban A Megjelen\u00edt\u00e9s vagy Ment\u00e9s p\u00e1rbesz\u00e9dpanelen f\u00e1jlokat megjelen\u00edt\u0151 \u00e9s &#8230; <a title=\"Rejtett f\u00e1jlok megtekint\u00e9se a Mac megnyit\u00e1sa \u00e9s ment\u00e9se p\u00e1rbesz\u00e9dpanelekben\" class=\"read-more\" href=\"https:\/\/megnyitasa.com\/blog\/rejtett-fajlok-megtekintese-a-mac-megnyitasa-es-mentese-parbeszedpanelekben\/\" aria-label=\"Read more about Rejtett f\u00e1jlok megtekint\u00e9se a Mac megnyit\u00e1sa \u00e9s ment\u00e9se p\u00e1rbesz\u00e9dpanelekben\">Olvass tov\u00e1bb<\/a><\/p>\n","protected":false},"author":252,"featured_media":0,"comment_status":"open","ping_status":"open","sticky":false,"template":"","format":"standard","meta":{"footnotes":""},"categories":[4],"tags":[],"class_list":["post-537","post","type-post","status-publish","format-standard","hentry","category-fajlokat"],"_links":{"self":[{"href":"https:\/\/megnyitasa.com\/blog\/wp-json\/wp\/v2\/posts\/537","targetHints":{"allow":["GET"]}}],"collection":[{"href":"https:\/\/megnyitasa.com\/blog\/wp-json\/wp\/v2\/posts"}],"about":[{"href":"https:\/\/megnyitasa.com\/blog\/wp-json\/wp\/v2\/types\/post"}],"author":[{"embeddable":true,"href":"https:\/\/megnyitasa.com\/blog\/wp-json\/wp\/v2\/users\/252"}],"replies":[{"embeddable":true,"href":"https:\/\/megnyitasa.com\/blog\/wp-json\/wp\/v2\/comments?post=537"}],"version-history":[{"count":0,"href":"https:\/\/megnyitasa.com\/blog\/wp-json\/wp\/v2\/posts\/537\/revisions"}],"wp:attachment":[{"href":"https:\/\/megnyitasa.com\/blog\/wp-json\/wp\/v2\/media?parent=537"}],"wp:term":[{"taxonomy":"category","embeddable":true,"href":"https:\/\/megnyitasa.com\/blog\/wp-json\/wp\/v2\/categories?post=537"},{"taxonomy":"post_tag","embeddable":true,"href":"https:\/\/megnyitasa.com\/blog\/wp-json\/wp\/v2\/tags?post=537"}],"curies":[{"name":"wp","href":"https:\/\/api.w.org\/{rel}","templated":true}]}}