{"id":726,"date":"2020-11-18T00:00:00","date_gmt":"2020-11-18T00:00:00","guid":{"rendered":"https:\/\/megnyitasa.com\/blog\/a-az-mfc110-dll-hibak-kikuszobolese\/"},"modified":"2020-11-18T00:00:00","modified_gmt":"2020-11-18T00:00:00","slug":"a-az-mfc110-dll-hibak-kikuszobolese","status":"publish","type":"post","link":"https:\/\/megnyitasa.com\/blog\/a-az-mfc110-dll-hibak-kikuszobolese\/","title":{"rendered":"A \/ az Mfc110.dll hib\u00e1k kik\u00fcsz\u00f6b\u00f6l\u00e9se"},"content":{"rendered":"<p>\nAz Mfc110.dll hib\u00e1kat az mfc110 DLL f\u00e1jl elt\u00e1vol\u00edt\u00e1sakor vagy megrong\u00e1l\u00e1sakor okozz\u00e1k. Az Mfc110.dll hiba\u00fczenetek jelentkezhetnek programok haszn\u00e1lata vagy telep\u00edt\u00e9se sor\u00e1n, a Windows ind\u00edt\u00e1sakor vagy le\u00e1ll\u00edt\u00e1sakor, vagy a Windows telep\u00edt\u00e9sekor. Bizonyos esetekben az mfc110.dll hib\u00e1k regisztr\u00e1ci\u00f3s probl\u00e9m\u00e1t, v\u00edrus vagy rosszindulat\u00fa programot vagy hardver hib\u00e1t jeleznek.\n<\/p>\n<p>Vigy\u00e1zzon, ne keverje \u00f6ssze az Msvcr110.dll f\u00e1jl hi\u00e1nyz\u00f3 vagy nem tal\u00e1lt hib\u00e1ival.<\/p>\n<h2>  Az mfc110.dll hib\u00e1k felismer\u00e9se  <\/h2>\n<p>\nAz mfc110.dll hib\u00e1k t\u00f6bbf\u00e9lek\u00e9ppen jelenhetnek meg a sz\u00e1m\u00edt\u00f3g\u00e9pen. \u00cdme n\u00e9h\u00e1ny gyakori mfc110.dll hiba:\n<\/p>\n<ul>\n<li>Az Mfc110.dll nem tal\u00e1lhat\u00f3.<\/li>\n<li>Az alkalmaz\u00e1s nem indult el, mert az mfc110.dll nem tal\u00e1lhat\u00f3. Az alkalmaz\u00e1s \u00fajratelep\u00edt\u00e9se megoldhatja ezt a probl\u00e9m\u00e1t.<\/li>\n<li>Nem tal\u00e1lhat\u00f3 a [PATH]  mfc110.dll f\u00e1jl.<\/li>\n<li>Hi\u00e1nyzik az mfc110.dll f\u00e1jl.<\/li>\n<li>Nem lehet elind\u00edtani az [APPLICATION] alkalmaz\u00e1st. Hi\u00e1nyzik a sz\u00fcks\u00e9ges \u00f6sszetev\u0151: mfc110.dll. K\u00e9rj\u00fck, telep\u00edtse \u00fajra az [APPLICATION] alkalmaz\u00e1st.<\/li>\n<\/ul>\n<p>\nAz mfc110.dll hiba kontextusa fontos inform\u00e1ci\u00f3, amely hasznos a probl\u00e9ma megold\u00e1sa sor\u00e1n. Az mfc110.dll hiba\u00fczenet minden olyan programra vagy rendszerre vonatkozhat, amely a f\u00e1jlt b\u00e1rmely Microsoft oper\u00e1ci\u00f3s rendszeren haszn\u00e1lja, bele\u00e9rtve a Windows 10, Windows 8, Windows 7, Windows Vista, Windows XP \u00e9s Windows 2000 oper\u00e1ci\u00f3s rendszert.\n<\/p>\n<h2>  A \/ az Mfc110.dll hib\u00e1k kik\u00fcsz\u00f6b\u00f6l\u00e9se  <\/h2>\n<p>\nInd\u00edtsa el a Windows rendszert cs\u00f6kkentett m\u00f3dban az al\u00e1bbi l\u00e9p\u00e9sek v\u00e9grehajt\u00e1s\u00e1hoz, ha az mfc110.dll hiba miatt nem tudja norm\u00e1lisan el\u00e9rni a Windows rendszert.\n<\/p>\n<p>Ne t\u00f6ltse le az mfc110.dll f\u00e1jlt egy DLL let\u00f6lt\u0151 webhelyr\u0151l. Sz\u00e1mos oka van annak, hogy a DLL f\u00e1jl let\u00f6lt\u00e9se rossz \u00f6tlet. Ha sz\u00fcks\u00e9ge van az mfc110.dll m\u00e1solat\u00e1ra, szerezze be az eredeti, t\u00f6rv\u00e9nyes forr\u00e1sb\u00f3l.<\/p>\n<ol>\n<li>\n<p>\nT\u00f6ltse le a Visual C ++ Resistributable for Visual Studio 2012 4. friss\u00edt\u00e9s csomagot, \u00e9s futtassa azt. Ez lecser\u00e9li vagy vissza\u00e1ll\u00edtja az mfc110.dll f\u00e1jlt a Microsoft \u00e1ltal biztos\u00edtott leg\u00fajabb p\u00e9ld\u00e1nnyal. A friss\u00edt\u00e9s alkalmaz\u00e1sa szinte mindig megoldja az mfc110.dll hib\u00e1kat.\n<\/p>\n<p>Ehhez a friss\u00edt\u00e9shez a Microsoft sz\u00e1mos let\u00f6lt\u00e9si lehet\u0151s\u00e9get k\u00edn\u00e1l, a telep\u00edtett Windows verzi\u00f3 alapj\u00e1n - x86 (32 bites) vagy x64 (64 bites).<\/p>\n<\/li>\n<li>\n<p>\n\u00c1ll\u00edtsa vissza az mfc110.dll f\u00e1jlt a Lomt\u00e1rb\u00f3l. N\u00e9ha nem hi\u00e1nyzik egy mfc110.dll f\u00e1jl; lehet, hogy t\u00e9vesen t\u00f6r\u00f6lt\u00e9k. Ha gyan\u00edtja, hogy az mfc110.dll f\u00e1jlt t\u00f6r\u00f6lte, de ki\u00fcr\u00edtette a Lomt\u00e1rat, \u00e1ll\u00edtsa helyre az mfc110.dll f\u00e1jlt egy ingyenes f\u00e1jl-helyre\u00e1ll\u00edt\u00f3 programmal.\n<\/p>\n<p>Csak akkor \u00e1ll\u00edtsa helyre az mfc110.dll f\u00e1jl t\u00f6r\u00f6lt p\u00e9ld\u00e1ny\u00e1t egy f\u00e1jl-helyre\u00e1ll\u00edt\u00f3 programmal, ha t\u00f6r\u00f6lte a f\u00e1jlt, \u00e9s a t\u00f6rl\u00e9s el\u0151tt megfelel\u0151en m\u0171k\u00f6d\u00f6tt.<\/p>\n<\/li>\n<li>\n<p>\nFuttasson egy v\u00edrus \/ rosszindulat\u00fa programot az eg\u00e9sz rendszeren. N\u00e9h\u00e1ny mfc110.dll hiba egy v\u00edrushoz vagy m\u00e1s rosszindulat\u00fa programhoz kapcsol\u00f3dik a sz\u00e1m\u00edt\u00f3g\u00e9pen, amely megrong\u00e1lta a DLL f\u00e1jlt. Lehets\u00e9ges, hogy az mfc110.dll hiba egy f\u00e1jlk\u00e9nt \u00e1lc\u00e1zott ellens\u00e9ges programhoz kapcsol\u00f3dik.\n<\/p>\n<\/li>\n<li>\n<p>\nA Rendszer-vissza\u00e1ll\u00edt\u00e1s seg\u00edts\u00e9g\u00e9vel visszavonhatja a legut\u00f3bbi rendszerv\u00e1ltoz\u00e1sokat. Ha \u00fagy gondolja, hogy az mfc110.dll hib\u00e1t egy fontos f\u00e1jl vagy konfigur\u00e1ci\u00f3 m\u00f3dos\u00edt\u00e1sa okozta, a Rendszer-vissza\u00e1ll\u00edt\u00e1s megoldhatja a probl\u00e9m\u00e1t.\n<\/p>\n<\/li>\n<li>\n<p>\nTelep\u00edtse \u00fajra az mfc110.dll hib\u00e1t el\u0151\u00e1ll\u00edt\u00f3 programot. Ha az mfc110.dll hiba egy adott program haszn\u00e1latakor jelentkezik, telep\u00edtse \u00fajra.\n<\/p>\n<p>Haszn\u00e1ljon egy ingyenes elt\u00e1vol\u00edt\u00f3 programot az alkalmaz\u00e1s elt\u00e1vol\u00edt\u00e1s\u00e1hoz, hogy az \u00fajratelep\u00edt\u00e9s el\u0151tt biztos legyen abban, hogy a szoftver minden maradv\u00e1nya elt\u00e1vol\u00edt\u00e1sra ker\u00fclt. Ezek a programok biztos\u00edtj\u00e1k, hogy az elt\u00e1vol\u00edt\u00e1sb\u00f3l semmi ne maradjon, ami m\u00e1s DLL probl\u00e9m\u00e1kat okozhat.<\/p>\n<\/li>\n<li>\n<p>\nTelep\u00edtse az el\u00e9rhet\u0151 Windows friss\u00edt\u00e9seket. Sz\u00e1mos szervizcsomag \u00e9s m\u00e1s jav\u00edt\u00e1s helyettes\u00edti vagy friss\u00edti a sz\u00e1m\u00edt\u00f3g\u00e9pen tal\u00e1lhat\u00f3 Microsoft terjesztett DLL f\u00e1jlokat. Az mfc110.dll f\u00e1jl szerepelhet a friss\u00edt\u00e9sek egyik\u00e9ben.\n<\/p>\n<\/li>\n<li>\n<p>\nTesztelje a sz\u00e1m\u00edt\u00f3g\u00e9p mem\u00f3ri\u00e1j\u00e1t \u00e9s tesztelje a merevlemezt. A sz\u00e1m\u00edt\u00f3g\u00e9p mem\u00f3ri\u00e1ja \u00e9s a merevlemez a legval\u00f3sz\u00edn\u0171bb \u00f6sszetev\u0151k, amelyek mfc110.dll hib\u00e1kat okozhatnak, mert ezek az \u00f6sszetev\u0151k meghib\u00e1sodnak. Ha a hardver nem felel meg egyik teszten sem, akkor a lehet\u0151 leghamarabb cser\u00e9lje ki a mem\u00f3ri\u00e1t vagy cser\u00e9lje ki a merevlemezt.\n<\/p>\n<\/li>\n<li>\n<p>\nJav\u00edtsa meg a Windows telep\u00edt\u00e9s\u00e9t. Ha a fenti, az mfc110.dll f\u00e1jl hibaelh\u00e1r\u00edt\u00e1si tan\u00e1csai sikertelenek, hajtsa v\u00e9gre az ind\u00edt\u00e1s jav\u00edt\u00e1s\u00e1t vagy jav\u00edt\u00e1s\u00e1t, hogy a Windows DLL f\u00e1jlokat m\u0171k\u00f6d\u0151 verzi\u00f3kra \u00e1ll\u00edtsa vissza.\n<\/p>\n<\/li>\n<li>\n<p>\nHaszn\u00e1ljon ingyenes rendszerle\u00edr\u00f3 adatb\u00e1zis-tiszt\u00edt\u00f3t az mfc110.dll f\u00e1jlhoz kapcsol\u00f3d\u00f3 probl\u00e9m\u00e1k jav\u00edt\u00e1s\u00e1hoz. Az ingyenes be\u00e1ll\u00edt\u00e1sjegyz\u00e9k-tiszt\u00edt\u00f3 program elt\u00e1vol\u00edtja az \u00e9rv\u00e9nytelen mfc110.dll be\u00e1ll\u00edt\u00e1sjegyz\u00e9k bejegyz\u00e9seket, melyek DLL hib\u00e1kat okoznak.\n<\/p>\n<p>Ez egy utols\u00f3 megold\u00e1s a k\u00f6vetkez\u0151 puszt\u00edt\u00f3 l\u00e9p\u00e9s el\u0151tt.<\/p>\n<\/li>\n<li>\n<p>\nTiszt\u00e1n telep\u00edtse a Windows rendszert. A Windows tiszta telep\u00edt\u00e9se mindent t\u00f6r\u00f6l a merevlemezr\u0151l, \u00e9s telep\u00edti a Windows friss p\u00e9ld\u00e1ny\u00e1t. Ha a fenti l\u00e9p\u00e9sek egyike sem jav\u00edtja az mfc110.dll hib\u00e1t, akkor ez a k\u00f6vetkez\u0151 teend\u0151.\n<\/p>\n<p>A merevlemezen l\u00e9v\u0151 inform\u00e1ci\u00f3k a tiszta telep\u00edt\u00e9s sor\u00e1n t\u00f6rl\u0151dnek. Tegye a lehet\u0151 legjobban az mfc110.dll hiba kijav\u00edt\u00e1s\u00e1t az ezt megel\u0151z\u0151 hibaelh\u00e1r\u00edt\u00e1si l\u00e9p\u00e9ssel.<\/p>\n<\/li>\n<li>\n<p>\nHardverprobl\u00e9ma elh\u00e1r\u00edt\u00e1sa, ha tov\u00e1bbra is fenn\u00e1ll az mfc110.dll hiba. A Windows tiszta telep\u00edt\u00e9se ut\u00e1n a DLL probl\u00e9ma csak hardverhez kapcsol\u00f3dhat.\n<\/p>\n<\/li>\n<\/ol>\n","protected":false},"excerpt":{"rendered":"<p>Az Mfc110.dll hib\u00e1kat az mfc110 DLL f\u00e1jl elt\u00e1vol\u00edt\u00e1sakor vagy megrong\u00e1l\u00e1sakor okozz\u00e1k. Az Mfc110.dll hiba\u00fczenetek jelentkezhetnek programok haszn\u00e1lata vagy telep\u00edt\u00e9se sor\u00e1n, a Windows ind\u00edt\u00e1sakor vagy le\u00e1ll\u00edt\u00e1sakor, vagy a Windows telep\u00edt\u00e9sekor. Bizonyos esetekben az mfc110.dll hib\u00e1k regisztr\u00e1ci\u00f3s probl\u00e9m\u00e1t, v\u00edrus vagy rosszindulat\u00fa programot vagy hardver hib\u00e1t jeleznek. Vigy\u00e1zzon, ne keverje \u00f6ssze az Msvcr110.dll f\u00e1jl hi\u00e1nyz\u00f3 vagy nem tal\u00e1lt &#8230; <a title=\"A \/ az Mfc110.dll hib\u00e1k kik\u00fcsz\u00f6b\u00f6l\u00e9se\" class=\"read-more\" href=\"https:\/\/megnyitasa.com\/blog\/a-az-mfc110-dll-hibak-kikuszobolese\/\" aria-label=\"Read more about A \/ az Mfc110.dll hib\u00e1k kik\u00fcsz\u00f6b\u00f6l\u00e9se\">Olvass tov\u00e1bb<\/a><\/p>\n","protected":false},"author":346,"featured_media":0,"comment_status":"open","ping_status":"open","sticky":false,"template":"","format":"standard","meta":{"footnotes":""},"categories":[3],"tags":[],"class_list":["post-726","post","type-post","status-publish","format-standard","hentry","category-dll"],"_links":{"self":[{"href":"https:\/\/megnyitasa.com\/blog\/wp-json\/wp\/v2\/posts\/726","targetHints":{"allow":["GET"]}}],"collection":[{"href":"https:\/\/megnyitasa.com\/blog\/wp-json\/wp\/v2\/posts"}],"about":[{"href":"https:\/\/megnyitasa.com\/blog\/wp-json\/wp\/v2\/types\/post"}],"author":[{"embeddable":true,"href":"https:\/\/megnyitasa.com\/blog\/wp-json\/wp\/v2\/users\/346"}],"replies":[{"embeddable":true,"href":"https:\/\/megnyitasa.com\/blog\/wp-json\/wp\/v2\/comments?post=726"}],"version-history":[{"count":0,"href":"https:\/\/megnyitasa.com\/blog\/wp-json\/wp\/v2\/posts\/726\/revisions"}],"wp:attachment":[{"href":"https:\/\/megnyitasa.com\/blog\/wp-json\/wp\/v2\/media?parent=726"}],"wp:term":[{"taxonomy":"category","embeddable":true,"href":"https:\/\/megnyitasa.com\/blog\/wp-json\/wp\/v2\/categories?post=726"},{"taxonomy":"post_tag","embeddable":true,"href":"https:\/\/megnyitasa.com\/blog\/wp-json\/wp\/v2\/tags?post=726"}],"curies":[{"name":"wp","href":"https:\/\/api.w.org\/{rel}","templated":true}]}}