{"id":863,"date":"2023-01-16T11:33:51","date_gmt":"2023-01-16T11:33:51","guid":{"rendered":"https:\/\/megnyitasa.com\/blog\/?p=863"},"modified":"2023-01-16T11:33:51","modified_gmt":"2023-01-16T11:33:51","slug":"javitsa-ki-a-mac-mail-problemait-ezekkel-a-hibaelharitasi-utmutatokkal","status":"publish","type":"post","link":"https:\/\/megnyitasa.com\/blog\/javitsa-ki-a-mac-mail-problemait-ezekkel-a-hibaelharitasi-utmutatokkal\/","title":{"rendered":"Jav\u00edtsa ki a Mac Mail probl\u00e9m\u00e1it ezekkel a hibaelh\u00e1r\u00edt\u00e1si \u00fatmutat\u00f3kkal"},"content":{"rendered":"<p>\nAmikor az Apple Mail - az alap\u00e9rtelmezett e-mail alkalmaz\u00e1s a Mac-en - nem a v\u00e1rt m\u00f3don m\u0171k\u00f6dik, a probl\u00e9m\u00e1t \u00e1ltal\u00e1ban k\u00f6nny\u0171 megoldani. A k\u00f6vetkez\u0151ket kell tennie, hogy az e-mailek a megfelel\u0151 m\u00f3don \u00e9rkezzenek \u00e9s ism\u00e9tl\u0151djenek.\n<\/p>\n<h2>  A Mac Mail nem m\u0171k\u00f6dik  <\/h2>\n<p>\nJellemz\u0151en a Mail-lel kapcsolatos probl\u00e9m\u00e1k a helytelen konfigur\u00e1ci\u00f3k miatt jelentkeznek, \u00e9s az alkalmaz\u00e1s friss friss\u00edt\u00e9s\u00e9nek sz\u00fcks\u00e9gess\u00e9g\u00e9re van sz\u00fcks\u00e9g. A k\u00f6vetkezetlen internetkapcsolatok \u00e9s a postai szolg\u00e1ltat\u00f3 kies\u00e9se miatt a Mail is le\u00e1llhat.\n<\/p>\n<p><img decoding=\"async\" class=\"postimg\" src=\"https:\/\/www.lifewire.com\/thmb\/B8vbbQhYZsvr2kkHj6LhP22BeOA=\/2121x1414\/filters:no_upscale():max_bytes(150000):strip_icc()\/GettyImages-753288519-5be1d41fc9e77c0051e2808b.jpg\"><\/p>\n<p>H\u0151s k\u00e9pek \/ Getty Images<\/p>\n<h2>  Hogyan jav\u00edthat\u00f3 a Mac Mail nem m\u0171k\u00f6dik  <\/h2>\n<p>\nA Mail alkalmaz\u00e1s\u00e1val kapcsolatos probl\u00e9m\u00e1k diagnosztiz\u00e1l\u00e1sakor \u00e9s kijav\u00edt\u00e1sakor a legjobb hely az Apple \u00e1ltal biztos\u00edtott eszk\u00f6z\u00f6k. Innent\u0151l kezdve n\u00e9h\u00e1ny konkr\u00e9tabb megold\u00e1st n\u00e9z\u00fcnk meg az esetlegesen felmer\u00fcl\u0151 probl\u00e9m\u00e1kra.\n<\/p>\n<ol>\n<li>\n<p>\nHaszn\u00e1lja az e-mail szolg\u00e1ltat\u00f3j\u00e1nak megfelel\u0151 be\u00e1ll\u00edt\u00e1sokat. A Mail \u00e1ltal\u00e1ban automatikusan megkapja a megfelel\u0151 be\u00e1ll\u00edt\u00e1sokat, amikor megadja az e-mail fi\u00f3kok adatait, de n\u00e9ha ezeket a be\u00e1ll\u00edt\u00e1sokat m\u00f3dos\u00edtani kell. A helytelen be\u00e1ll\u00edt\u00e1sok probl\u00e9m\u00e1kat okozhatnak, az e-mail k\u00fcld\u00e9s\u00e9nek \u00e9s fogad\u00e1s\u00e1nak sikertelens\u00e9g\u00e9t\u0151l kezdve az olyan furcsas\u00e1gokig, mint a halv\u00e1ny K\u00fcld\u00e9s gomb. (Az SMTP-be\u00e1ll\u00edt\u00e1sok m\u00f3dos\u00edt\u00e1sa az ut\u00f3bbi probl\u00e9m\u00e1t kijav\u00edthatja.) Lehet, hogy az olyan postai szolg\u00e1ltat\u00f3k, mint a Gmail \u00e9s a Yahoo, megv\u00e1ltoztatt\u00e1k a be\u00e1ll\u00edt\u00e1sokat, vagy rosszul konfigur\u00e1lta a be\u00e1ll\u00edt\u00e1sokat.\n<\/p>\n<\/li>\n<li>\n<p>\nHaszn\u00e1lja a Mail hibaelh\u00e1r\u00edt\u00f3 eszk\u00f6zeit. A Mail be\u00e1ll\u00edt\u00e1sa \u00e9s haszn\u00e1lata egyszer\u0171. Az Apple k\u00e9nyelmes \u00fatmutat\u00e1sokat k\u00edn\u00e1l, amelyek v\u00e9gigvezetik a fi\u00f3kok be\u00e1ll\u00edt\u00e1s\u00e1hoz a Mail alkalmaz\u00e1sban. Az Apple n\u00e9h\u00e1ny hibaelh\u00e1r\u00edt\u00e1si \u00fatmutat\u00f3t is tartalmaz, amelyek seg\u00edts\u00e9get ny\u00fajtanak, ha valami nem m\u0171k\u00f6dik.\n<\/p>\n<p>\nA probl\u00e9m\u00e1k diagnosztiz\u00e1l\u00e1s\u00e1nak h\u00e1rom f\u0151 asszisztense az Activity ablak, a Connection Doctor \u00e9s a Mail napl\u00f3k. Ezen hibaelh\u00e1r\u00edt\u00e1si seg\u00e9dletek haszn\u00e1lat\u00e1nak elsaj\u00e1t\u00edt\u00e1sa seg\u00edthet a levelez\u00e9ssel kapcsolatos probl\u00e9m\u00e1k gyors megold\u00e1s\u00e1ban.\n<\/p>\n<\/li>\n<li>\n<p>\nJav\u00edtsa meg a Mac kulcstart\u00f3j\u00e1t, \u00e9s \u00e9p\u00edtse \u00fajra a postafi\u00f3kj\u00e1t. Ez az \u00fatmutat\u00f3 a Mail \u00faj Mac sz\u00e1m\u00edt\u00f3g\u00e9pre t\u00f6rt\u00e9n\u0151 \u00e1tvitel\u00e9hez utas\u00edt\u00e1sokat tartalmaz ezekre az elj\u00e1r\u00e1sokra, amelyek seg\u00edthetnek az elfelejtett jelszavak, a helytelen \u00fczenetek sz\u00e1m\u00e1nak \u00e9s a nem megjelen\u0151 \u00fczeneteknek. Ez seg\u00edthet az e-mailek \u00e1thelyez\u00e9s\u00e9ben is, ha erre valaha sz\u00fcks\u00e9ge lenne.\n<\/p>\n<\/li>\n<li>\n<p>\nK\u00e9sz\u00edtsen biztons\u00e1gi m\u00e1solatot vagy helyezze \u00e1t a n\u00e9vjegyeket. Ha a Mail nem \u00edrja be automatikusan az e-mail c\u00edmeket, amikor be\u00edrja \u0151ket, k\u00e9sz\u00edtsen biztons\u00e1gi m\u00e1solatot vagy helyezze \u00e1t n\u00e9vjegyeit. Ez a probl\u00e9ma akkor mer\u00fclhet fel, ha e-mailjeihez \u00e9s napt\u00e1raihoz az iCloudon k\u00edv\u00fcli Google Drive, Dropbox vagy felh\u0151alap\u00fa szolg\u00e1ltat\u00e1sokat haszn\u00e1l.\n<\/p>\n<\/li>\n<li>\n<p>\nSz\u0171rje a spamet. Ha t\u00fal sok lev\u00e9lszem\u00e9tet kap, finom\u00edtsa a spamsz\u0171r\u0151ket. A Lev\u00e9l lev\u00e9lszem\u00e9t-sz\u0171r\u0151k el\u00e9g j\u00f3l m\u0171k\u00f6dnek a dobozb\u00f3l, de jobb spam-felismer\u00e9st \u00e9rhet el, ha n\u00e9h\u00e1ny m\u00f3dos\u00edt\u00e1st v\u00e9gez, \u00e9s elmondja a lev\u00e9lszem\u00e9t-rendszernek, hogy mely \u00fczenetek helyesen azonos\u00edthat\u00f3k spamk\u00e9nt, \u00e9s melyek nem.\n<\/p>\n<\/li>\n<li>\n<p>\nAz iCloud Mail m\u0171k\u00f6d\u00e9se Mac g\u00e9pen. Az iCloud felh\u0151alap\u00fa szolg\u00e1ltat\u00e1sokat k\u00edn\u00e1l macOS \u00e9s iOS eszk\u00f6z\u00f6kh\u00f6z. Ide tartozik a b\u00f6ng\u00e9sz\u0151 k\u00f6nyvjelz\u0151inek \u00e9s bejelentkez\u00e9si adatainak szinkroniz\u00e1l\u00e1sa, valamint egy iCloud-alap\u00fa e-mail rendszer. A telep\u00edt\u00e9s egyszer\u0171. A Mail ismeri a legt\u00f6bb olyan be\u00e1ll\u00edt\u00e1st, amelyre az iCloud-postafi\u00f3knak sz\u00fcks\u00e9ge van, \u00edgy az iCloud-levelek m\u0171k\u00f6d\u00e9s\u00e9hez nem kell kiszolg\u00e1l\u00f3neveket keresni.\n<\/p>\n<\/li>\n<li>\n<p>\nEllen\u0151rizze az internetkapcsolatot. El\u0151fordulhat, hogy k\u00e9sz\u00fcl\u00e9ke megszak\u00edtotta az internetkapcsolat\u00e1t, vagy az internetszolg\u00e1ltat\u00f3ja kimaradhat.\n<\/p>\n<\/li>\n<\/ol>\n","protected":false},"excerpt":{"rendered":"<p>Amikor az Apple Mail &#8211; az alap\u00e9rtelmezett e-mail alkalmaz\u00e1s a Mac-en &#8211; nem a v\u00e1rt m\u00f3don m\u0171k\u00f6dik, a probl\u00e9m\u00e1t \u00e1ltal\u00e1ban k\u00f6nny\u0171 megoldani. A k\u00f6vetkez\u0151ket kell tennie, hogy az e-mailek a megfelel\u0151 m\u00f3don \u00e9rkezzenek \u00e9s ism\u00e9tl\u0151djenek. A Mac Mail nem m\u0171k\u00f6dik Jellemz\u0151en a Mail-lel kapcsolatos probl\u00e9m\u00e1k a helytelen konfigur\u00e1ci\u00f3k miatt jelentkeznek, \u00e9s az alkalmaz\u00e1s friss friss\u00edt\u00e9s\u00e9nek &#8230; <a title=\"Jav\u00edtsa ki a Mac Mail probl\u00e9m\u00e1it ezekkel a hibaelh\u00e1r\u00edt\u00e1si \u00fatmutat\u00f3kkal\" class=\"read-more\" href=\"https:\/\/megnyitasa.com\/blog\/javitsa-ki-a-mac-mail-problemait-ezekkel-a-hibaelharitasi-utmutatokkal\/\" aria-label=\"Read more about Jav\u00edtsa ki a Mac Mail probl\u00e9m\u00e1it ezekkel a hibaelh\u00e1r\u00edt\u00e1si \u00fatmutat\u00f3kkal\">Olvass tov\u00e1bb<\/a><\/p>\n","protected":false},"author":411,"featured_media":0,"comment_status":"open","ping_status":"open","sticky":false,"template":"","format":"standard","meta":{"footnotes":""},"categories":[2],"tags":[],"class_list":["post-863","post","type-post","status-publish","format-standard","hentry","category-wiki"],"_links":{"self":[{"href":"https:\/\/megnyitasa.com\/blog\/wp-json\/wp\/v2\/posts\/863","targetHints":{"allow":["GET"]}}],"collection":[{"href":"https:\/\/megnyitasa.com\/blog\/wp-json\/wp\/v2\/posts"}],"about":[{"href":"https:\/\/megnyitasa.com\/blog\/wp-json\/wp\/v2\/types\/post"}],"author":[{"embeddable":true,"href":"https:\/\/megnyitasa.com\/blog\/wp-json\/wp\/v2\/users\/411"}],"replies":[{"embeddable":true,"href":"https:\/\/megnyitasa.com\/blog\/wp-json\/wp\/v2\/comments?post=863"}],"version-history":[{"count":0,"href":"https:\/\/megnyitasa.com\/blog\/wp-json\/wp\/v2\/posts\/863\/revisions"}],"wp:attachment":[{"href":"https:\/\/megnyitasa.com\/blog\/wp-json\/wp\/v2\/media?parent=863"}],"wp:term":[{"taxonomy":"category","embeddable":true,"href":"https:\/\/megnyitasa.com\/blog\/wp-json\/wp\/v2\/categories?post=863"},{"taxonomy":"post_tag","embeddable":true,"href":"https:\/\/megnyitasa.com\/blog\/wp-json\/wp\/v2\/tags?post=863"}],"curies":[{"name":"wp","href":"https:\/\/api.w.org\/{rel}","templated":true}]}}