{"id":967,"date":"2022-07-01T11:35:50","date_gmt":"2022-07-01T11:35:50","guid":{"rendered":"https:\/\/megnyitasa.com\/blog\/?p=967"},"modified":"2022-07-01T11:35:50","modified_gmt":"2022-07-01T11:35:50","slug":"4-lepes-a-sajatgep-ikon-engedelyezesehez-a-windows-7-rendszerben","status":"publish","type":"post","link":"https:\/\/megnyitasa.com\/blog\/4-lepes-a-sajatgep-ikon-engedelyezesehez-a-windows-7-rendszerben\/","title":{"rendered":"4 l\u00e9p\u00e9s a \u201eSaj\u00e1tg\u00e9p\u201d ikon enged\u00e9lyez\u00e9s\u00e9hez a Windows 7 rendszerben"},"content":{"rendered":"<p>\nA Windows 7-t\u0151l kezdve val\u00f3sz\u00edn\u0171leg \u00e9szrevette, hogy t\u00f6bb ikon hi\u00e1nyzik az asztalr\u00f3l, k\u00fcl\u00f6n\u00f6sen, ha a Windows r\u00e9gebbi verzi\u00f3j\u00e1r\u00f3l friss\u00edtett, p\u00e9ld\u00e1ul a Windows XP-re. Az egyik hivatkoz\u00e1s, amelyet k\u00fcl\u00f6n\u00f6sen hi\u00e1nyolhat, a Saj\u00e1tg\u00e9p alkalmaz\u00e1s, amely lehet\u0151v\u00e9 teszi a Windows Int\u00e9z\u0151 gyors megnyit\u00e1s\u00e1t, hogy megtekinthesse a rendszer \u00f6sszes merevlemez\u00e9t \u00e9s azokat a mapp\u00e1kat, ahol f\u00e1jljait, programjait \u00e9s egy\u00e9b er\u0151forr\u00e1sait megtal\u00e1lja.\n<\/p>\n<p>\nSzerencs\u00e9re az ikon nem v\u00e9sz el \u00f6r\u00f6kre. Val\u00f3j\u00e1ban csak k\u00f6r\u00fclbel\u00fcl 30 m\u00e1sodpercnek kell eltelnie ahhoz, hogy \u00fajra az asztalra ker\u00fclj\u00f6n.\n<\/p>\n<p>2020 janu\u00e1rj\u00e1t\u00f3l a Microsoft m\u00e1r nem t\u00e1mogatja a Windows 7 rendszert. Javasoljuk, hogy friss\u00edtsen Windows 10 rendszerre, hogy tov\u00e1bbra is kapjon biztons\u00e1gi friss\u00edt\u00e9seket \u00e9s technikai t\u00e1mogat\u00e1st.<\/p>\n<p>A cikk utas\u00edt\u00e1sai a Windows 10, a Windows 8 \u00e9s a Windows 7 rendszerekre vonatkoznak.<\/p>\n<h2>  Adja hozz\u00e1 a Saj\u00e1tg\u00e9p ikont a Windows 10 Asztalhoz  <\/h2>\n<p>\nA Saj\u00e1tg\u00e9p ikon hozz\u00e1ad\u00e1sa az asztalra a Windows 10 rendszerben egyed\u00fcl\u00e1ll\u00f3 m\u00f3don az oper\u00e1ci\u00f3s rendszerre jellemz\u0151.\n<\/p>\n<ol>\n<li>\n<p>\nKattintson a jobb gombbal az asztal b\u00e1rmelyik fel nem haszn\u00e1lt ter\u00fclet\u00e9re a men\u00fc megnyit\u00e1s\u00e1hoz.\n<\/p>\n<\/li>\n<li>\n<p class=\"gt-block\">\nV\u00e1lasszon <strong>megszem\u00e9lyes\u00edt<\/strong> a megjelen\u0151 men\u00fcben.\n<\/p>\n<p><img decoding=\"async\" class=\"postimg\" src=\"https:\/\/www.lifewire.com\/thmb\/g4daQ9ubc4krkutHHBqotecNvG8=\/1920x1080\/filters:no_upscale():max_bytes(150000):strip_icc()\/001-enable-windows-7-my-computer-icon-3506823-b48472a1863743b2b883e4903eed9a2b.jpg\"><\/p>\n<\/li>\n<li>\n<p class=\"gt-block\">\nv\u00e1laszt <strong>t\u00e9m\u00e1k <\/strong>a Testreszab\u00e1s ablak bal oldali panelj\u00e9n.\n<\/p>\n<p><img decoding=\"async\" class=\"postimg\" src=\"https:\/\/www.lifewire.com\/thmb\/fUjbuc1cgRp2r5gjuXQJasHI5N8=\/1920x1040\/filters:no_upscale():max_bytes(150000):strip_icc()\/002-enable-windows-7-my-computer-icon-3506823-49acca561a2f4108848d457ccbc5a018.jpg\"><\/p>\n<\/li>\n<li>\n<p class=\"gt-block\">\nv\u00e1laszt <strong>Asztal ikon be\u00e1ll\u00edt\u00e1sai<\/strong> az Kapcsol\u00f3d\u00f3 be\u00e1ll\u00edt\u00e1sok r\u00e9szben az ablak jobb oldal\u00e1n.\n<\/p>\n<p><img decoding=\"async\" class=\"postimg\" src=\"https:\/\/www.lifewire.com\/thmb\/JIXFH3yNECJL5UkWdFf1fYI1aiQ=\/1920x1040\/filters:no_upscale():max_bytes(150000):strip_icc()\/003-enable-windows-7-my-computer-icon-3506823-ae945001255649e88407d449ce1af900.jpg\"><\/p>\n<\/li>\n<li>\n<p class=\"gt-block\">\nV\u00e1lassza ki a <strong>sz\u00e1m\u00edt\u00f3g\u00e9p <\/strong>jel\u00f6l\u0151n\u00e9gyzetet az Asztal ikon be\u00e1ll\u00edt\u00e1sai ablakban.\n<\/p>\n<p><img decoding=\"async\" class=\"postimg\" src=\"https:\/\/www.lifewire.com\/thmb\/dwQ9PptKHsK9slsJOFsKhpDXiOM=\/1920x1040\/filters:no_upscale():max_bytes(150000):strip_icc()\/004-enable-windows-7-my-computer-icon-3506823-8c7c57d6119e4b55bacec4b9b1c1de5f.jpg\"><\/p>\n<\/li>\n<li>\n<p class=\"gt-block\">\nv\u00e1laszt <strong>alkalmaz<\/strong>. Sz\u00e1m\u00edt\u00f3g\u00e9p ikon jelenik meg az asztalon.\n<\/p>\n<p class=\"gt-block\">Ha az asztali ikonok nem l\u00e1that\u00f3k, kattintson a jobb gombbal az asztalra, \u00e9s v\u00e1lassza a lehet\u0151s\u00e9get <strong>Megn\u00e9zem <\/strong>\u00e9s v\u00e1lassza ki a <strong>Asztali ikonok megjelen\u00edt\u00e9se<\/strong>.<\/p>\n<\/li>\n<\/ol>\n<h2>  A Saj\u00e1tg\u00e9p parancsikon cser\u00e9je a Windows 7 vagy Windows 8 asztalon  <\/h2>\n<ol>\n<li>\n<p class=\"gt-block\">\nKattintson a jobb gombbal az asztalra, \u00e9s v\u00e1lassza a lehet\u0151s\u00e9get <strong>megszem\u00e9lyes\u00edt<\/strong> a men\u00fcb\u0151l.\n<\/p>\n<\/li>\n<li>\n<p class=\"gt-block\">\nAmikor a<strong> <\/strong>Megjelenik a Testreszab\u00e1s Vez\u00e9rl\u0151pult ablak, kattintson a gombra <strong>Asztali ikonok m\u00f3dos\u00edt\u00e1sa<\/strong> link a bal oldalon az Asztal ikon be\u00e1ll\u00edt\u00e1sai p\u00e1rbesz\u00e9dpanel megnyit\u00e1s\u00e1hoz.\n<\/p>\n<\/li>\n<li>\n<p class=\"gt-block\">\nTegyen egy pip\u00e1t a mellette l\u00e9v\u0151 n\u00e9gyzetbe&nbsp;<strong>sz\u00e1m\u00edt\u00f3g\u00e9p<\/strong>. Sz\u00e1mos m\u00e1s lehet\u0151s\u00e9g jelenik meg a p\u00e1rbesz\u00e9dpanelen, \u00e9s a legt\u00f6bb val\u00f3sz\u00edn\u0171leg nincs bejel\u00f6lve, ami azt jelenti, hogy az asztalon sem jelennek meg. Jel\u00f6lje be az enged\u00e9lyezni k\u00edv\u00e1nt egy\u00e9b lehet\u0151s\u00e9geket is.\n<\/p>\n<\/li>\n<li>\n<p class=\"gt-block\">\nKattintson az&nbsp;<strong>OK<\/strong>&nbsp;gombra a m\u00f3dos\u00edt\u00e1sok ment\u00e9s\u00e9hez \u00e9s a p\u00e1rbesz\u00e9dpanel bez\u00e1r\u00e1s\u00e1hoz.\n<\/p>\n<\/li>\n<\/ol>\n<p>\nAmikor visszat\u00e9r a Windows 7 asztalra, a Saj\u00e1tg\u00e9p ikon visszat\u00e9r a hely\u00e9re.\n<\/p>\n<p>A Windows 7 Start men\u00fcj\u00e9ben tal\u00e1lhat\u00f3 egy Saj\u00e1tg\u00e9p parancsikon is. A parancsikon \u00fajb\u00f3li hozz\u00e1ad\u00e1sa az asztalra nem v\u00e1ltoztat ezen; csak k\u00e9tf\u00e9lek\u00e9ppen \u00e9rheti el a f\u00e1jljait \u00e9s mapp\u00e1it.<\/p>\n<h2>  Mi\u00e9rt t\u0171nt el a Saj\u00e1tg\u00e9p ikon?  <\/h2>\n<p>\nA Windows XP-t\u0151l kezdve a Microsoft a Start men\u00fcben hozz\u00e1adott egy linket a Saj\u00e1tg\u00e9phez. Ennek eredm\u00e9nyek\u00e9nt a felhaszn\u00e1l\u00f3knak k\u00e9t parancsikonjuk volt f\u00e1jljaik \u00e9s mapp\u00e1ik el\u00e9r\u00e9s\u00e9hez a Saj\u00e1t sz\u00e1m\u00edt\u00f3g\u00e9pen kereszt\u00fcl: az egyik az asztalon, a m\u00e1sik a Start men\u00fcben volt.\n<\/p>\n<p>\nAz asztal visszavon\u00e1sa \u00e9rdek\u00e9ben a Microsoft \u00fagy d\u00f6nt\u00f6tt, hogy elt\u00e1vol\u00edtja a Saj\u00e1tg\u00e9p ikont a Microsoft Windows Vist\u00e1val kezd\u0151d\u0151en. Ezzel a v\u00e1ltoztat\u00e1ssal egy\u00fctt a Microsoft a \"Saj\u00e1tg\u00e9p\" -et is eldobta a \"Saj\u00e1tg\u00e9p\" -r\u0151l, \u00e9s \"Sz\u00e1m\u00edt\u00f3g\u00e9p\" -re v\u00e1ltoztatta.<\/p>\n","protected":false},"excerpt":{"rendered":"<p>A Windows 7-t\u0151l kezdve val\u00f3sz\u00edn\u0171leg \u00e9szrevette, hogy t\u00f6bb ikon hi\u00e1nyzik az asztalr\u00f3l, k\u00fcl\u00f6n\u00f6sen, ha a Windows r\u00e9gebbi verzi\u00f3j\u00e1r\u00f3l friss\u00edtett, p\u00e9ld\u00e1ul a Windows XP-re. Az egyik hivatkoz\u00e1s, amelyet k\u00fcl\u00f6n\u00f6sen hi\u00e1nyolhat, a Saj\u00e1tg\u00e9p alkalmaz\u00e1s, amely lehet\u0151v\u00e9 teszi a Windows Int\u00e9z\u0151 gyors megnyit\u00e1s\u00e1t, hogy megtekinthesse a rendszer \u00f6sszes merevlemez\u00e9t \u00e9s azokat a mapp\u00e1kat, ahol f\u00e1jljait, programjait \u00e9s egy\u00e9b &#8230; <a title=\"4 l\u00e9p\u00e9s a \u201eSaj\u00e1tg\u00e9p\u201d ikon enged\u00e9lyez\u00e9s\u00e9hez a Windows 7 rendszerben\" class=\"read-more\" href=\"https:\/\/megnyitasa.com\/blog\/4-lepes-a-sajatgep-ikon-engedelyezesehez-a-windows-7-rendszerben\/\" aria-label=\"Read more about 4 l\u00e9p\u00e9s a \u201eSaj\u00e1tg\u00e9p\u201d ikon enged\u00e9lyez\u00e9s\u00e9hez a Windows 7 rendszerben\">Olvass tov\u00e1bb<\/a><\/p>\n","protected":false},"author":461,"featured_media":0,"comment_status":"open","ping_status":"open","sticky":false,"template":"","format":"standard","meta":{"footnotes":""},"categories":[2],"tags":[],"class_list":["post-967","post","type-post","status-publish","format-standard","hentry","category-wiki"],"_links":{"self":[{"href":"https:\/\/megnyitasa.com\/blog\/wp-json\/wp\/v2\/posts\/967","targetHints":{"allow":["GET"]}}],"collection":[{"href":"https:\/\/megnyitasa.com\/blog\/wp-json\/wp\/v2\/posts"}],"about":[{"href":"https:\/\/megnyitasa.com\/blog\/wp-json\/wp\/v2\/types\/post"}],"author":[{"embeddable":true,"href":"https:\/\/megnyitasa.com\/blog\/wp-json\/wp\/v2\/users\/461"}],"replies":[{"embeddable":true,"href":"https:\/\/megnyitasa.com\/blog\/wp-json\/wp\/v2\/comments?post=967"}],"version-history":[{"count":0,"href":"https:\/\/megnyitasa.com\/blog\/wp-json\/wp\/v2\/posts\/967\/revisions"}],"wp:attachment":[{"href":"https:\/\/megnyitasa.com\/blog\/wp-json\/wp\/v2\/media?parent=967"}],"wp:term":[{"taxonomy":"category","embeddable":true,"href":"https:\/\/megnyitasa.com\/blog\/wp-json\/wp\/v2\/categories?post=967"},{"taxonomy":"post_tag","embeddable":true,"href":"https:\/\/megnyitasa.com\/blog\/wp-json\/wp\/v2\/tags?post=967"}],"curies":[{"name":"wp","href":"https:\/\/api.w.org\/{rel}","templated":true}]}}