{"id":995,"date":"2023-01-22T11:36:02","date_gmt":"2023-01-22T11:36:02","guid":{"rendered":"https:\/\/megnyitasa.com\/blog\/?p=995"},"modified":"2023-01-22T11:36:02","modified_gmt":"2023-01-22T11:36:02","slug":"tud-e-szovegszerkesztest-vegezni-az-ipad-en","status":"publish","type":"post","link":"https:\/\/megnyitasa.com\/blog\/tud-e-szovegszerkesztest-vegezni-az-ipad-en\/","title":{"rendered":"Tud-e sz\u00f6vegszerkeszt\u00e9st v\u00e9gezni az iPad-en?"},"content":{"rendered":"<p>\nTud-e sz\u00f6vegszerkeszt\u00e9st v\u00e9gezni iPad-en? Ez egy egyszer\u0171 k\u00e9rd\u00e9s, de k\u00e9rdezz k\u00f6r\u00fcl, \u00e9s val\u00f3sz\u00edn\u0171leg t\u00f6bb \u00fcres b\u00e1mul\u00e1st kapsz v\u00e1laszul. Minden felhajt\u00e1s \u00e9s m\u00e9diafigyelem ellen\u00e9re sok ember m\u00e9g mindig \u00e9rtetlen\u00fcl \u00e1ll az Apple iPad-j\u00e9t\u0151l. Nem eg\u00e9szen biztosak abban, hogy mi ez vagy mit csin\u00e1l. Ez egy teljesen m\u00e1s kateg\u00f3ri\u00e1j\u00fa sz\u00e1m\u00edt\u00f3g\u00e9p.\n<\/p>\n<h2>  K\u00fcl\u00f6nb\u00f6z\u0151 felhaszn\u00e1l\u00e1si lehet\u0151s\u00e9gek iPad-ekhez  <\/h2>\n<p><img decoding=\"async\" class=\"postimg\" src=\"https:\/\/www.lifewire.com\/thmb\/L7o7wqOYN7VWmJxIN0Md_I4tbdE=\/2976x1984\/filters:no_upscale():max_bytes(150000):strip_icc()\/96213460ps-56aa2ccf3df78cf772ad0449-5bef39d146e0fb00517fed2f.jpg\"><\/p>\n<p>Justin Sullivan \/ Getty Images News \/ Getty Images<\/p>\n<p class=\"gt-block\">\nAz iPad sokf\u00e9le felhaszn\u00e1l\u00e1si lehet\u0151s\u00e9ggel rendelkezik. Nagyszer\u0171 filmn\u00e9z\u00e9shez \u00e9s zenehallgat\u00e1shoz. K\u00e9pes e-book olvas\u00f3 is. Az iPad sz\u00e1m\u00e1ra let\u00f6lthet\u0151 alkalmaz\u00e1sok nagyban kib\u0151v\u00edtik k\u00e9pess\u00e9geit. De alkalmas-e a sz\u00f6vegszerkeszt\u0151 dokumentumok feldolgoz\u00e1s\u00e1ra?<br \/>Az iPad nem rendelkezik be\u00e9p\u00edtett alkalmaz\u00e1sokkal a sz\u00f6vegszerkeszt\u00e9shez. A legk\u00f6zelebb a Notes alkalmaz\u00e1st kapja. Lehet\u0151s\u00e9g van azonban sz\u00f6vegszerkeszt\u0151k let\u00f6lt\u00e9s\u00e9re az iTunes \u00e1ruh\u00e1zb\u00f3l. Nevezetesen az Apple \u00e9rt\u00e9kes\u00edti az iWork Pages alkalmaz\u00e1st.<br \/>Az iWork Pages kompatibilis a sz\u00e1m\u00edt\u00f3g\u00e9p\u00e9n l\u00e9trehozott iWork '09 dokumentumokkal. Ez lehet\u0151v\u00e9 teszi a Microsoft Word dokumentumok megnyit\u00e1s\u00e1t \u00e9s szerkeszt\u00e9s\u00e9t is. A program Pages, Word (.DOC) \u00e9s PDF form\u00e1tumban menti (\u00e9s megoszthatja) a dokumentumokat.<br \/>Az iWork Pages iPad alkalmaz\u00e1s sz\u00e9p funkci\u00f3kat k\u00edn\u00e1l egy mobilalkalmaz\u00e1shoz. A halad\u00f3 felhaszn\u00e1l\u00f3k azonban t\u00fal egyszer\u0171nek \u00e9s korl\u00e1tozottnak tal\u00e1lj\u00e1k az alkalmaz\u00e1st. Term\u00e9szetesen nem k\u00edn\u00e1lja ugyanazokat a funkci\u00f3kat, mint az iWork asztali verzi\u00f3ja.\n<\/p>\n<h2>  egy\u00e9b szempontok  <\/h2>\n<p>\nEzenk\u00edv\u00fcl figyelembe kell venni az iPad kialak\u00edt\u00e1s\u00e1t is. A k\u00e9perny\u0151 megfelel\u0151 m\u00e9ret\u0171 a dokumentumok kezel\u00e9s\u00e9hez, annak ellen\u00e9re, hogy kisebb, mint a legt\u00f6bb laptop k\u00e9perny\u0151je. De nem hosszabb g\u00e9pel\u00e9sre tervezt\u00e9k. A virtu\u00e1lis billenty\u0171zet gombjai viszonylag nagyok. Azonban nem t\u00e1maszthatja ujjait a k\u00e9perny\u0151re; ez megnehez\u00edti az \u00e9rint\u00e9ses g\u00e9pel\u00e9st. Ergon\u00f3miailag k\u00edv\u00e1nnival\u00f3t hagy maga ut\u00e1n.\n<\/p>\n<p class=\"gt-block\">\nSzerencs\u00e9re dokkol\u00f3t \u00e9s Bluetooth billenty\u0171zetet haszn\u00e1lhat az iPad k\u00e9sz\u00fcl\u00e9kkel. Ez sokkal k\u00f6nnyebb\u00e9 teszi a dokumentumok \u00f6ssze\u00e1ll\u00edt\u00e1s\u00e1t \u00e9s szerkeszt\u00e9s\u00e9t az iPad-en.<br \/>\u00d6sszess\u00e9g\u00e9ben az iPad nem ide\u00e1lis sz\u00f6vegszerkeszt\u00e9shez. R\u00f6vid dokumentumok \u00f6ssze\u00e1ll\u00edt\u00e1s\u00e1hoz \u00e9s gyors szerkeszt\u00e9shez azonban az iPad nagyszer\u0171. Csak ne sz\u00e1m\u00edtson arra, hogy lecser\u00e9li a laptopj\u00e1t vagy asztali sz\u00e1m\u00edt\u00f3g\u00e9p\u00e9t.<\/p>\n","protected":false},"excerpt":{"rendered":"<p>Tud-e sz\u00f6vegszerkeszt\u00e9st v\u00e9gezni iPad-en? Ez egy egyszer\u0171 k\u00e9rd\u00e9s, de k\u00e9rdezz k\u00f6r\u00fcl, \u00e9s val\u00f3sz\u00edn\u0171leg t\u00f6bb \u00fcres b\u00e1mul\u00e1st kapsz v\u00e1laszul. Minden felhajt\u00e1s \u00e9s m\u00e9diafigyelem ellen\u00e9re sok ember m\u00e9g mindig \u00e9rtetlen\u00fcl \u00e1ll az Apple iPad-j\u00e9t\u0151l. Nem eg\u00e9szen biztosak abban, hogy mi ez vagy mit csin\u00e1l. Ez egy teljesen m\u00e1s kateg\u00f3ri\u00e1j\u00fa sz\u00e1m\u00edt\u00f3g\u00e9p. K\u00fcl\u00f6nb\u00f6z\u0151 felhaszn\u00e1l\u00e1si lehet\u0151s\u00e9gek iPad-ekhez Justin Sullivan \/ &#8230; <a title=\"Tud-e sz\u00f6vegszerkeszt\u00e9st v\u00e9gezni az iPad-en?\" class=\"read-more\" href=\"https:\/\/megnyitasa.com\/blog\/tud-e-szovegszerkesztest-vegezni-az-ipad-en\/\" aria-label=\"Read more about Tud-e sz\u00f6vegszerkeszt\u00e9st v\u00e9gezni az iPad-en?\">Olvass tov\u00e1bb<\/a><\/p>\n","protected":false},"author":474,"featured_media":0,"comment_status":"open","ping_status":"open","sticky":false,"template":"","format":"standard","meta":{"footnotes":""},"categories":[2],"tags":[],"class_list":["post-995","post","type-post","status-publish","format-standard","hentry","category-wiki"],"_links":{"self":[{"href":"https:\/\/megnyitasa.com\/blog\/wp-json\/wp\/v2\/posts\/995","targetHints":{"allow":["GET"]}}],"collection":[{"href":"https:\/\/megnyitasa.com\/blog\/wp-json\/wp\/v2\/posts"}],"about":[{"href":"https:\/\/megnyitasa.com\/blog\/wp-json\/wp\/v2\/types\/post"}],"author":[{"embeddable":true,"href":"https:\/\/megnyitasa.com\/blog\/wp-json\/wp\/v2\/users\/474"}],"replies":[{"embeddable":true,"href":"https:\/\/megnyitasa.com\/blog\/wp-json\/wp\/v2\/comments?post=995"}],"version-history":[{"count":0,"href":"https:\/\/megnyitasa.com\/blog\/wp-json\/wp\/v2\/posts\/995\/revisions"}],"wp:attachment":[{"href":"https:\/\/megnyitasa.com\/blog\/wp-json\/wp\/v2\/media?parent=995"}],"wp:term":[{"taxonomy":"category","embeddable":true,"href":"https:\/\/megnyitasa.com\/blog\/wp-json\/wp\/v2\/categories?post=995"},{"taxonomy":"post_tag","embeddable":true,"href":"https:\/\/megnyitasa.com\/blog\/wp-json\/wp\/v2\/tags?post=995"}],"curies":[{"name":"wp","href":"https:\/\/api.w.org\/{rel}","templated":true}]}}