{"id":10313,"date":"2023-04-24T00:00:00","date_gmt":"2023-04-24T00:00:00","guid":{"rendered":"https:\/\/megnyitasa.com\/tudas\/5-egyszeru-lepes-a-helyi-vallalkozasok-facebook-videokkal-valo-fellenditesehez\/"},"modified":"2023-04-24T00:00:00","modified_gmt":"2023-04-24T00:00:00","slug":"5-egyszeru-lepes-a-helyi-vallalkozasok-facebook-videokkal-valo-fellenditesehez","status":"publish","type":"post","link":"https:\/\/megnyitasa.com\/tudas\/5-egyszeru-lepes-a-helyi-vallalkozasok-facebook-videokkal-valo-fellenditesehez\/","title":{"rendered":"5 egyszer\u0171 l\u00e9p\u00e9s a helyi v\u00e1llalkoz\u00e1sok Facebook-vide\u00f3kkal val\u00f3 fellend\u00edt\u00e9s\u00e9hez"},"content":{"rendered":"<div class=\"articlecontent\">\n<div class=\"newlinediv\"><\/div>\n<p> Ha helyi v\u00e1llalkoz\u00e1st m\u0171k\u00f6dtet, tudja, milyen fontos a k\u00f6z\u00f6ss\u00e9gi m\u00e9dia marketing. A Facebook, mint az egyik legn\u00e9pszer\u0171bb k\u00f6z\u00f6ss\u00e9gi m\u00e9diaplatform, nagyszer\u0171 eszk\u00f6z lehet v\u00e1llalkoz\u00e1sa n\u00e9pszer\u0171s\u00edt\u00e9s\u00e9hez. Ennek egyik leghat\u00e9konyabb m\u00f3dja a vide\u00f3k hozz\u00e1ad\u00e1sa a Facebook-oldal\u00e1hoz. A vide\u00f3k seg\u00edts\u00e9g\u00e9vel bemutathatja term\u00e9keit, szolg\u00e1ltat\u00e1sait \u00e9s ak\u00e1r m\u00e1rk\u00e1ja szem\u00e9lyis\u00e9g\u00e9t is. \u00cdme \u00f6t egyszer\u0171 l\u00e9p\u00e9s, amellyel vide\u00f3kat adhat hozz\u00e1 helyi v\u00e1llalkoz\u00e1s\u00e1hoz a Facebookon. <\/p>\n<div class=\"title\"> 1. l\u00e9p\u00e9s: Hozzon l\u00e9tre egy Facebook-oldalt <\/div>\n<p> Ha m\u00e9g nem tette meg, hozzon l\u00e9tre egy Facebook-oldalt helyi v\u00e1llalkoz\u00e1s\u00e1nak. Gy\u0151z\u0151dj\u00f6n meg r\u00f3la, hogy kit\u00f6lt minden sz\u00fcks\u00e9ges inform\u00e1ci\u00f3t, p\u00e9ld\u00e1ul a v\u00e1llalkoz\u00e1s nev\u00e9t, c\u00edm\u00e9t, telefonsz\u00e1m\u00e1t \u00e9s weboldal\u00e1t. Ez biztos\u00edtja, hogy a potenci\u00e1lis \u00fcgyfelek megtal\u00e1lj\u00e1k \u00d6nt az interneten. <\/p>\n<div class=\"title\"> 2. l\u00e9p\u00e9s: T\u00f6ltse fel a vide\u00f3j\u00e1t <\/div>\n<p> Miut\u00e1n l\u00e9trehozta Facebook-oldal\u00e1t, ideje felt\u00f6lteni a vide\u00f3j\u00e1t. Menjen az oldal\u00e1ra, \u00e9s kattintson a &#8222;Fot\u00f3\/Vide\u00f3&#8221; gombra. V\u00e1lassza ki a felt\u00f6lteni k\u00edv\u00e1nt videof\u00e1jlt a sz\u00e1m\u00edt\u00f3g\u00e9p\u00e9r\u0151l. A Facebook sz\u00e1mos vide\u00f3form\u00e1tumot elfogad, t\u00f6bbek k\u00f6z\u00f6tt az .mp4, .avi, .mov \u00e9s .wmv form\u00e1tumokat. <\/p>\n<div class=\"title\"> 3. l\u00e9p\u00e9s: Vide\u00f3 c\u00edm \u00e9s le\u00edr\u00e1s hozz\u00e1ad\u00e1sa <\/div>\n<p> Miut\u00e1n a vide\u00f3 felt\u00f6lt\u00e9se befejez\u0151d\u00f6tt, hozz\u00e1adhat egy c\u00edmet \u00e9s le\u00edr\u00e1st. A c\u00edmnek r\u00f6vidnek \u00e9s f\u00fclbem\u00e1sz\u00f3nak kell lennie, m\u00edg a le\u00edr\u00e1snak tov\u00e1bbi r\u00e9szleteket kell tartalmaznia a vide\u00f3r\u00f3l. Gy\u0151z\u0151dj\u00f6n meg r\u00f3la, hogy minden olyan relev\u00e1ns kulcssz\u00f3t tartalmaz, amely seg\u00edt az embereknek megtal\u00e1lni a vide\u00f3j\u00e1t a Facebookon. <\/p>\n<div class=\"title\"> 4. l\u00e9p\u00e9s: V\u00e1lasszon miniat\u0171r k\u00e9pet <\/div>\n<p> A Facebook automatikusan l\u00e9trehoz egy miniat\u0171r k\u00e9pet a vide\u00f3j\u00e1hoz, de \u00d6n is v\u00e1laszthat saj\u00e1tot. Kattintson a &#8222;Vide\u00f3 szerkeszt\u00e9se&#8221;, majd az &#8222;Egy\u00e9ni miniat\u0171r&#8221; gombra. V\u00e1laszthat a Facebook \u00e1ltal gener\u00e1lt miniat\u0171r\u00f6k k\u00f6z\u00fcl, vagy felt\u00f6ltheti saj\u00e1t k\u00e9p\u00e9t. <\/p>\n<div class=\"title\"> 5. l\u00e9p\u00e9s: Ossza meg a vide\u00f3j\u00e1t <\/div>\n<p> Miut\u00e1n a vide\u00f3 felt\u00f6lt\u0151d\u00f6tt, c\u00edmet, le\u00edr\u00e1st \u00e9s miniat\u0171r k\u00e9pet kapott, itt az ideje, hogy megossza a vil\u00e1ggal. Kattintson a &#8222;K\u00f6zz\u00e9t\u00e9tel&#8221; gombra, hogy vide\u00f3ja \u00e9l\u0151ben el\u00e9rhet\u0151v\u00e9 v\u00e1ljon a Facebook-oldal\u00e1n. Megoszthatja vide\u00f3j\u00e1t m\u00e1s k\u00f6z\u00f6ss\u00e9gi m\u00e9diaplatformokon, p\u00e9ld\u00e1ul a Twitteren vagy az Instagramon is, hogy sz\u00e9lesebb k\u00f6z\u00f6ns\u00e9ghez jusson el. <\/p>\n<div class=\"newlinediv\"><\/div>\n<p> \u00d6sszefoglalva, a vide\u00f3k hozz\u00e1ad\u00e1sa helyi v\u00e1llalkoz\u00e1s\u00e1hoz a Facebookon er\u0151teljes marketingeszk\u00f6z lehet. Ha k\u00f6veti ezt az \u00f6t egyszer\u0171 l\u00e9p\u00e9st, l\u00e9trehozhat \u00e9s megoszthat mag\u00e1val ragad\u00f3 vide\u00f3kat, amelyek bemutatj\u00e1k m\u00e1rk\u00e1j\u00e1t \u00e9s \u00faj \u00fcgyfeleket vonzanak.<\/p><\/div>\n<div class=\"questions\">\n<div class=\"questionstitle\">FAQ<\/div>\n<div class=\"question\">\n<div class=\"qtitle\"> Hogyan tegyek k\u00f6zz\u00e9 vide\u00f3t az \u00fczleti oldalamon?<\/div>\n<p> Ha vide\u00f3t tesz k\u00f6zz\u00e9 \u00fczleti oldal\u00e1n, az remek m\u00f3dja annak, hogy bevonja k\u00f6z\u00f6ns\u00e9g\u00e9t, \u00e9s bemutassa term\u00e9keit vagy szolg\u00e1ltat\u00e1sait. Az al\u00e1bbi l\u00e9p\u00e9sekkel j\u00e1rjon el: <\/p>\n<div class=\"newlinediv\"><\/div>\n<p> 1. Jelentkezzen be \u00fczleti oldal\u00e1ra azon a k\u00f6z\u00f6ss\u00e9gi m\u00e9diaplatformon, ahol a vide\u00f3t k\u00f6zz\u00e9 szeretn\u00e9 tenni. <\/p>\n<div class=\"newlinediv\"><\/div>\n<p> 2. Kattintson a &#8222;Hozz\u00e1sz\u00f3l\u00e1s l\u00e9trehoz\u00e1sa&#8221; vagy a &#8222;Hozz\u00e1sz\u00f3l\u00e1s hozz\u00e1ad\u00e1sa&#8221; gombra (ez platformt\u00f3l f\u00fcgg\u0151en v\u00e1ltozhat). <\/p>\n<div class=\"newlinediv\"><\/div>\n<p> 3. Keresse meg a lehet\u0151s\u00e9get, hogy vide\u00f3t adjon hozz\u00e1 a posztj\u00e1hoz. A legt\u00f6bb platformon vagy \u00e1th\u00fazza a videof\u00e1jlt, vagy egy gombra kattintva b\u00f6ng\u00e9szheti a sz\u00e1m\u00edt\u00f3g\u00e9p\u00e9t \u00e9s felt\u00f6ltheti a vide\u00f3t. <\/p>\n<div class=\"newlinediv\"><\/div>\n<p> 4. Miut\u00e1n felt\u00f6lt\u00f6tted a vide\u00f3t, hozz\u00e1adhatsz egy feliratot, hashtageket \u00e9s b\u00e1rmilyen m\u00e1s relev\u00e1ns inform\u00e1ci\u00f3t a posztodhoz. Ez egy j\u00f3 alkalom arra is, hogy megjel\u00f6lje a relev\u00e1ns fi\u00f3kokat (p\u00e9ld\u00e1ul a partnereket vagy munkat\u00e1rsakat), vagy hozz\u00e1adjon egy cselekv\u00e9sre val\u00f3 felh\u00edv\u00e1st (p\u00e9ld\u00e1ul &#8222;Kattintson ide, ha t\u00f6bbet szeretne megtudni&#8221;). <\/p>\n<div class=\"newlinediv\"><\/div>\n<p> 5. Tekintse el\u0151n\u00e9zetben a posztot, hogy minden rendben legyen, majd nyomja meg a &#8222;K\u00f6zz\u00e9t\u00e9tel&#8221; vagy a &#8222;Post&#8221; gombot, hogy megoszthassa a vide\u00f3t a k\u00f6z\u00f6ns\u00e9g\u00e9vel. <\/p>\n<div class=\"newlinediv\"><\/div>\n<p> Fontos megjegyezni, hogy a k\u00fcl\u00f6nb\u00f6z\u0151 k\u00f6z\u00f6ss\u00e9gi m\u00e9diaplatformok elt\u00e9r\u0151 k\u00f6vetelm\u00e9nyeket t\u00e1masztanak a vide\u00f3kkal szemben (p\u00e9ld\u00e1ul a m\u00e9ret, a form\u00e1tum \u00e9s a hossz tekintet\u00e9ben), ez\u00e9rt a vide\u00f3 felt\u00f6lt\u00e9se el\u0151tt mindenk\u00e9ppen ellen\u0151rizze az ir\u00e1nyelveket. Ezenk\u00edv\u00fcl \u00e9rdemes megfontolnia egy vide\u00f3szerkeszt\u0151 eszk\u00f6z haszn\u00e1lat\u00e1t, hogy optimaliz\u00e1lja vide\u00f3j\u00e1t a k\u00f6z\u00f6ss\u00e9gi m\u00e9di\u00e1ra, \u00e9s m\u00e9g vonz\u00f3bb\u00e1 tegye azt a n\u00e9z\u0151k sz\u00e1m\u00e1ra. <\/p>\n<\/div>\n<div class=\"question\">\n<div class=\"qtitle\"> Hogyan tegyek k\u00f6zz\u00e9 vide\u00f3t \u00e9s k\u00e9peket a Facebook \u00fczleti oldalon?<\/div>\n<p> Ha vide\u00f3t vagy k\u00e9peket tesz k\u00f6zz\u00e9 Facebook \u00fczleti oldal\u00e1n, az remek m\u00f3dja annak, hogy bevonja k\u00f6z\u00f6ns\u00e9g\u00e9t, \u00e9s bemutassa term\u00e9keit vagy szolg\u00e1ltat\u00e1sait. Itt vannak a k\u00f6vetend\u0151 l\u00e9p\u00e9sek: <\/p>\n<div class=\"newlinediv\"><\/div>\n<p> 1. Jelentkezzen be Facebook-fi\u00f3kj\u00e1ba, \u00e9s navig\u00e1ljon \u00fczleti oldal\u00e1ra. <\/p>\n<div class=\"newlinediv\"><\/div>\n<p> 2. Kattintson az oldal id\u0151vonal\u00e1nak tetej\u00e9n tal\u00e1lhat\u00f3 &#8222;Fot\u00f3\/Vide\u00f3&#8221; gombra. <\/p>\n<div class=\"newlinediv\"><\/div>\n<p> 3. V\u00e1lassza ki a felt\u00f6lteni k\u00edv\u00e1nt vide\u00f3t vagy k\u00e9pet a sz\u00e1m\u00edt\u00f3g\u00e9p\u00e9r\u0151l. <\/p>\n<div class=\"newlinediv\"><\/div>\n<p> 4. Miut\u00e1n felt\u00f6lt\u00f6tte a f\u00e1jlt, hozz\u00e1adhat egy feliratot, a helysz\u00ednt, \u00e9s megjel\u00f6lhet embereket vagy v\u00e1llalkoz\u00e1sokat a posztban. <\/p>\n<div class=\"newlinediv\"><\/div>\n<p> 5. Kiv\u00e1laszthatja azt is, hogy a posztot meg k\u00edv\u00e1nja-e osztani szem\u00e9lyes id\u0151vonal\u00e1n, m\u00e1s, \u00e1ltala kezelt oldalakon vagy csoportokban. <\/p>\n<div class=\"newlinediv\"><\/div>\n<p> 6. Kattintson a &#8222;K\u00f6zz\u00e9t\u00e9tel&#8221; gombra a vide\u00f3 vagy k\u00e9p k\u00f6zz\u00e9t\u00e9tel\u00e9hez az \u00fczleti oldal\u00e1n. <\/p>\n<div class=\"newlinediv\"><\/div>\n<p> Fontos megjegyezni, hogy a Facebooknak konkr\u00e9t ir\u00e1nymutat\u00e1sai vannak a felt\u00f6lthet\u0151 vide\u00f3k \u00e9s k\u00e9pek m\u00e9ret\u00e9re \u00e9s form\u00e1tum\u00e1ra vonatkoz\u00f3an. Gy\u0151z\u0151dj\u00f6n meg r\u00f3la, hogy k\u00f6veti ezeket az ir\u00e1nyelveket, hogy tartalma megfelel\u0151en jelenjen meg. Emellett a Facebook szerkeszt\u00e9si eszk\u00f6zeivel sz\u0171r\u0151ket, sz\u00f6veget \u00e9s egy\u00e9b hat\u00e1sokat is hozz\u00e1adhat a vide\u00f3hoz vagy k\u00e9phez a k\u00f6zz\u00e9t\u00e9tel el\u0151tt. <\/p>\n<\/div>\n<div class=\"question\">\n<div class=\"qtitle\"> Hogyan k\u00fcldhetek vide\u00f3t egy m\u00e1sik Facebook-oldalra?<\/div>\n<p> Ahhoz, hogy vide\u00f3t tegyen k\u00f6zz\u00e9 egy m\u00e1sik Facebook-oldalra, admin- vagy szerkeszt\u0151i jogosults\u00e1gokkal kell rendelkeznie azon az oldalon, ahov\u00e1 a vide\u00f3t k\u00f6zz\u00e9 szeretn\u00e9 tenni. K\u00f6vesse az al\u00e1bbi l\u00e9p\u00e9seket egy vide\u00f3 m\u00e1sik Facebook-oldalra t\u00f6rt\u00e9n\u0151 k\u00f6zz\u00e9t\u00e9tel\u00e9hez: <\/p>\n<div class=\"newlinediv\"><\/div>\n<p> 1. Menjen arra a Facebook-oldalra, ahol a vide\u00f3t k\u00f6zz\u00e9 szeretn\u00e9 tenni. <\/p>\n<div class=\"newlinediv\"><\/div>\n<p> 2. Kattintson az oldal tetej\u00e9n tal\u00e1lhat\u00f3 &#8222;Publik\u00e1l\u00e1si eszk\u00f6z\u00f6k&#8221; f\u00fclre. <\/p>\n<div class=\"newlinediv\"><\/div>\n<p> 3. Kattintson a bal oldali men\u00fcben a &#8222;Vide\u00f3t\u00e1r&#8221; men\u00fcpontra. <\/p>\n<div class=\"newlinediv\"><\/div>\n<p> 4. Kattintson a k\u00e9perny\u0151 jobb fels\u0151 sark\u00e1ban tal\u00e1lhat\u00f3 &#8222;Vide\u00f3 hozz\u00e1ad\u00e1sa&#8221; gombra. <\/p>\n<div class=\"newlinediv\"><\/div>\n<p> 5. V\u00e1lassza ki a felt\u00f6lteni k\u00edv\u00e1nt vide\u00f3t a sz\u00e1m\u00edt\u00f3g\u00e9p\u00e9r\u0151l. <\/p>\n<div class=\"newlinediv\"><\/div>\n<p> 6. Adjon c\u00edmet \u00e9s le\u00edr\u00e1st a vide\u00f3hoz. <\/p>\n<div class=\"newlinediv\"><\/div>\n<p> 7. V\u00e1lassza ki a vide\u00f3 c\u00e9lk\u00f6z\u00f6ns\u00e9g\u00e9t (nyilv\u00e1noss\u00e1g, bar\u00e1tok stb.). <\/p>\n<div class=\"newlinediv\"><\/div>\n<p> 8. V\u00e1lassza a &#8222;Crosspost&#8221; opci\u00f3t, \u00e9s adja meg annak az oldalnak a nev\u00e9t, ahov\u00e1 a vide\u00f3t k\u00f6zz\u00e9 szeretn\u00e9 tenni. <\/p>\n<div class=\"newlinediv\"><\/div>\n<p> 9. Kattintson a &#8222;K\u00f6zz\u00e9t\u00e9tel&#8221; gombra a vide\u00f3nak a m\u00e1sik Facebook-oldalra t\u00f6rt\u00e9n\u0151 k\u00f6zz\u00e9t\u00e9tel\u00e9hez. <\/p>\n<div class=\"newlinediv\"><\/div>\n<p> Fontos megjegyezni, hogy egy vide\u00f3 keresztpostol\u00e1sa lehet\u0151v\u00e9 teszi, hogy a vide\u00f3t mind az az oldal l\u00e1thassa, amelyik k\u00f6zz\u00e9tette, mind pedig az az oldal, ahov\u00e1 keresztpostolt\u00e1k. Ezenk\u00edv\u00fcl a keresztpostol\u00e1s csak olyan oldalak eset\u00e9ben m\u0171k\u00f6dik, amelyek egy \u00dczletmenedzser-fi\u00f3kon kereszt\u00fcl kapcsol\u00f3dnak egym\u00e1shoz.<\/p>\n<\/div>\n<\/div>\n","protected":false},"excerpt":{"rendered":"<p>Ha helyi v\u00e1llalkoz\u00e1st m\u0171k\u00f6dtet, tudja, milyen fontos a k\u00f6z\u00f6ss\u00e9gi m\u00e9dia marketing. A Facebook, mint az egyik legn\u00e9pszer\u0171bb k\u00f6z\u00f6ss\u00e9gi m\u00e9diaplatform, nagyszer\u0171 eszk\u00f6z lehet v\u00e1llalkoz\u00e1sa n\u00e9pszer\u0171s\u00edt\u00e9s\u00e9hez. Ennek egyik leghat\u00e9konyabb m\u00f3dja a vide\u00f3k hozz\u00e1ad\u00e1sa a Facebook-oldal\u00e1hoz. A vide\u00f3k seg\u00edts\u00e9g\u00e9vel bemutathatja term\u00e9keit, szolg\u00e1ltat\u00e1sait \u00e9s ak\u00e1r m\u00e1rk\u00e1ja szem\u00e9lyis\u00e9g\u00e9t is. \u00cdme \u00f6t egyszer\u0171 l\u00e9p\u00e9s, amellyel vide\u00f3kat adhat hozz\u00e1 helyi v\u00e1llalkoz\u00e1s\u00e1hoz a &#8230; <a title=\"5 egyszer\u0171 l\u00e9p\u00e9s a helyi v\u00e1llalkoz\u00e1sok Facebook-vide\u00f3kkal val\u00f3 fellend\u00edt\u00e9s\u00e9hez\" class=\"read-more\" href=\"https:\/\/megnyitasa.com\/tudas\/5-egyszeru-lepes-a-helyi-vallalkozasok-facebook-videokkal-valo-fellenditesehez\/\" aria-label=\"Read more about 5 egyszer\u0171 l\u00e9p\u00e9s a helyi v\u00e1llalkoz\u00e1sok Facebook-vide\u00f3kkal val\u00f3 fellend\u00edt\u00e9s\u00e9hez\">Read more<\/a><\/p>\n","protected":false},"author":456,"featured_media":0,"comment_status":"closed","ping_status":"closed","sticky":false,"template":"","format":"standard","meta":{"footnotes":""},"categories":[41],"tags":[],"class_list":["post-10313","post","type-post","status-publish","format-standard","hentry","category-vallalkozas"],"_links":{"self":[{"href":"https:\/\/megnyitasa.com\/tudas\/wp-json\/wp\/v2\/posts\/10313","targetHints":{"allow":["GET"]}}],"collection":[{"href":"https:\/\/megnyitasa.com\/tudas\/wp-json\/wp\/v2\/posts"}],"about":[{"href":"https:\/\/megnyitasa.com\/tudas\/wp-json\/wp\/v2\/types\/post"}],"author":[{"embeddable":true,"href":"https:\/\/megnyitasa.com\/tudas\/wp-json\/wp\/v2\/users\/456"}],"replies":[{"embeddable":true,"href":"https:\/\/megnyitasa.com\/tudas\/wp-json\/wp\/v2\/comments?post=10313"}],"version-history":[{"count":0,"href":"https:\/\/megnyitasa.com\/tudas\/wp-json\/wp\/v2\/posts\/10313\/revisions"}],"wp:attachment":[{"href":"https:\/\/megnyitasa.com\/tudas\/wp-json\/wp\/v2\/media?parent=10313"}],"wp:term":[{"taxonomy":"category","embeddable":true,"href":"https:\/\/megnyitasa.com\/tudas\/wp-json\/wp\/v2\/categories?post=10313"},{"taxonomy":"post_tag","embeddable":true,"href":"https:\/\/megnyitasa.com\/tudas\/wp-json\/wp\/v2\/tags?post=10313"}],"curies":[{"name":"wp","href":"https:\/\/api.w.org\/{rel}","templated":true}]}}