{"id":10566,"date":"2023-04-24T00:00:00","date_gmt":"2023-04-24T00:00:00","guid":{"rendered":"https:\/\/megnyitasa.com\/tudas\/a-szociokulturalis-erok-rejtett-veszelyei-a-vallalkozasokban\/"},"modified":"2023-04-24T00:00:00","modified_gmt":"2023-04-24T00:00:00","slug":"a-szociokulturalis-erok-rejtett-veszelyei-a-vallalkozasokban","status":"publish","type":"post","link":"https:\/\/megnyitasa.com\/tudas\/a-szociokulturalis-erok-rejtett-veszelyei-a-vallalkozasokban\/","title":{"rendered":"A szociokultur\u00e1lis er\u0151k rejtett vesz\u00e9lyei a v\u00e1llalkoz\u00e1sokban"},"content":{"rendered":"<div class=\"articlecontent\">\n<div class=\"newlinediv\"><\/div>\n<p> A szociokultur\u00e1lis er\u0151k, mint p\u00e9ld\u00e1ul a t\u00e1rsadalmi \u00e9rt\u00e9kek \u00e9s hiedelmek, nagy hat\u00e1ssal lehetnek a v\u00e1llalkoz\u00e1sokra. M\u00edg egyes v\u00e1llalkoz\u00e1sok k\u00e9pesek lehetnek boldogulni az\u00e1ltal, hogy igazodnak ezekhez az er\u0151kh\u00f6z, m\u00e1soknak neh\u00e9zs\u00e9get okozhat, hogy l\u00e9p\u00e9st tartsanak a folyamatosan v\u00e1ltoz\u00f3 t\u00e1rsadalmi elv\u00e1r\u00e1sokkal. Ebben a cikkben n\u00e9h\u00e1ny olyan probl\u00e9m\u00e1t vizsg\u00e1lunk meg, amelyek akkor mer\u00fclnek fel, ha a v\u00e1llalkoz\u00e1sok figyelmen k\u00edv\u00fcl hagyj\u00e1k a t\u00e1rsadalmi-kultur\u00e1lis er\u0151ket, vagy nem alkalmazkodnak azokhoz. <\/p>\n<div class=\"newlinediv\"><\/div>\n<p> A szociokultur\u00e1lis er\u0151k figyelmen k\u00edv\u00fcl hagy\u00e1s\u00e1nak egyik legnagyobb probl\u00e9m\u00e1ja az \u00fcgyfelek elidegen\u00edt\u00e9s\u00e9nek kock\u00e1zata. Ha p\u00e9ld\u00e1ul egy v\u00e1llalkoz\u00e1s tov\u00e1bbra is s\u00e9rt\u0151 vagy elavult nyelvezetet vagy k\u00e9peket haszn\u00e1l, azt kock\u00e1ztatja, hogy elvesz\u00edti azokat a v\u00e1s\u00e1rl\u00f3kat, akik t\u00e1rsadalmilag tudatosabbak \u00e9s \u00e9rz\u00e9kenyebbek ezekre a k\u00e9rd\u00e9sekre. Ez k\u00fcl\u00f6n\u00f6sen k\u00e1ros lehet a visszat\u00e9r\u0151 \u00fcgyfelekre \u00e9s a sz\u00e1jrekl\u00e1mra t\u00e1maszkod\u00f3 v\u00e1llalkoz\u00e1sok sz\u00e1m\u00e1ra, mivel a negat\u00edv visszajelz\u00e9sek gyorsan terjedhetnek a k\u00f6z\u00f6ss\u00e9gi m\u00e9di\u00e1n \u00e9s az online v\u00e9lem\u00e9nyez\u0151 oldalakon kereszt\u00fcl. <\/p>\n<div class=\"newlinediv\"><\/div>\n<p> Egy m\u00e1sik probl\u00e9ma a jogi l\u00e9p\u00e9sek kock\u00e1zata. A t\u00e1rsadalmi-kultur\u00e1lis er\u0151k gyakran vezethetnek a t\u00f6rv\u00e9nyek \u00e9s rendeletek v\u00e1ltoz\u00e1s\u00e1hoz, \u00e9s azok a v\u00e1llalkoz\u00e1sok, amelyek nem tartanak l\u00e9p\u00e9st ezekkel a v\u00e1ltoz\u00e1sokkal, perekkel vagy b\u00edrs\u00e1gokkal tal\u00e1lhatj\u00e1k szembe magukat. Ha p\u00e9ld\u00e1ul egy v\u00e1llalkoz\u00e1s bizonyos embercsoportokat diszkrimin\u00e1l, a diszkrimin\u00e1ci\u00f3ellenes t\u00f6rv\u00e9nyek alapj\u00e1n jogi l\u00e9p\u00e9sekkel szembes\u00fclhet. Hasonl\u00f3k\u00e9ppen, ha egy v\u00e1llalkoz\u00e1s elmulasztja a fogyat\u00e9koss\u00e1ggal \u00e9l\u0151k megfelel\u0151 elhelyez\u00e9s\u00e9t, a fogyat\u00e9koss\u00e1ggal \u00e9l\u0151 amerikaiakr\u00f3l sz\u00f3l\u00f3 t\u00f6rv\u00e9ny (ADA) alapj\u00e1n jogi l\u00e9p\u00e9sekkel szembes\u00fclhet. <\/p>\n<div class=\"newlinediv\"><\/div>\n<p> A jogi probl\u00e9m\u00e1k mellett a szociokultur\u00e1lis er\u0151ket figyelmen k\u00edv\u00fcl hagy\u00f3 v\u00e1llalkoz\u00e1soknak a h\u00edrnev\u00fcknek is \u00e1rthatnak. A mai \u00f6sszekapcsolt vil\u00e1gban egy v\u00e1llalat hib\u00e1ir\u00f3l sz\u00f3l\u00f3 h\u00edrek gyorsan terjedhetnek, \u00e9s hossz\u00fa t\u00e1v\u00fa hat\u00e1ssal lehetnek a v\u00e1llalat h\u00edrnev\u00e9re. Ha p\u00e9ld\u00e1ul kider\u00fcl, hogy egy v\u00e1llalat etik\u00e1tlan gyakorlatot folytat, p\u00e9ld\u00e1ul gyermekmunk\u00e1t alkalmaz vagy kizs\u00e1km\u00e1nyolja a munk\u00e1sokat, akkor a nyilv\u00e1noss\u00e1g visszatetsz\u00e9s\u00e9vel \u00e9s a fogyaszt\u00f3k bojkottj\u00e1val szembes\u00fclhet. <\/p>\n<div class=\"newlinediv\"><\/div>\n<p> V\u00e9g\u00fcl, a szociokultur\u00e1lis er\u0151k figyelmen k\u00edv\u00fcl hagy\u00e1sa negat\u00edv hat\u00e1ssal lehet a munkav\u00e1llal\u00f3k mor\u00e1lj\u00e1ra \u00e9s megtart\u00e1s\u00e1ra is. Azok az alkalmazottak, akik \u00fagy \u00e9rzik, hogy a v\u00e1llalatuk nincs kapcsolatban a t\u00e1rsadalmi \u00e9rt\u00e9kekkel \u00e9s meggy\u0151z\u0151d\u00e9sekkel, demotiv\u00e1ltt\u00e1 v\u00e1lhatnak \u00e9s elszakadhatnak a munk\u00e1t\u00f3l, ami cs\u00f6kkent termel\u00e9kenys\u00e9ghez \u00e9s magasabb fluktu\u00e1ci\u00f3s ar\u00e1nyhoz vezethet. Ezzel szemben azok a v\u00e1llalatok, amelyek elfogadj\u00e1k a szociokultur\u00e1lis er\u0151ket, \u00e9s soksz\u00edn\u0171 \u00e9s befogad\u00f3 munkahelyet teremtenek, val\u00f3sz\u00edn\u0171leg boldogabb \u00e9s elk\u00f6telezettebb alkalmazottakkal rendelkeznek. <\/p>\n<div class=\"newlinediv\"><\/div>\n<p> \u00d6sszefoglalva, a szociokultur\u00e1lis er\u0151k jelent\u0151s hat\u00e1st gyakorolhatnak a v\u00e1llalkoz\u00e1sokra, \u00e9s ha nem alkalmazkodnak ezekhez az er\u0151kh\u00f6z, az sz\u00e1mos probl\u00e9m\u00e1hoz vezethet, t\u00f6bbek k\u00f6z\u00f6tt az \u00fcgyfelek elidegened\u00e9s\u00e9hez, jogi l\u00e9p\u00e9sekhez, h\u00edrn\u00e9vk\u00e1rosod\u00e1shoz, valamint a munkav\u00e1llal\u00f3k mor\u00e1lj\u00e1nak \u00e9s megtart\u00e1s\u00e1nak cs\u00f6kken\u00e9s\u00e9hez. E probl\u00e9m\u00e1k elker\u00fcl\u00e9se \u00e9rdek\u00e9ben a v\u00e1llalkoz\u00e1soknak folyamatosan t\u00e1j\u00e9koz\u00f3dniuk kell a t\u00e1rsadalmi v\u00e1ltoz\u00e1sokr\u00f3l, \u00e9s gyakorlatukat ennek megfelel\u0151en kell kiigaz\u00edtaniuk, ugyanakkor proakt\u00edvan kell fell\u00e9pni\u00fck a soksz\u00edn\u0171s\u00e9g, a befogad\u00e1s \u00e9s az etikus gyakorlatok el\u0151mozd\u00edt\u00e1sa \u00e9rdek\u00e9ben.<\/p><\/div>\n<div class=\"questions\">\n<div class=\"questionstitle\">FAQ<\/div>\n<div class=\"question\">\n<div class=\"qtitle\"> Mi a szociokultur\u00e1lis h\u00e1tr\u00e1nya?<\/div>\n<p> A szociokultur\u00e1lis t\u00e9nyez\u0151k azokra a k\u00fcl\u00f6nb\u00f6z\u0151 t\u00e1rsadalmi \u00e9s kultur\u00e1lis hat\u00e1sokra utalnak, amelyek egy adott t\u00e1rsadalomban vagy kult\u00far\u00e1ban az emberek viselked\u00e9s\u00e9t, preferenci\u00e1it \u00e9s attit\u0171djeit alak\u00edtj\u00e1k. B\u00e1r a szociokultur\u00e1lis t\u00e9nyez\u0151k \u00e9rt\u00e9kes betekint\u00e9st ny\u00fajthatnak a fogyaszt\u00f3i magatart\u00e1sba \u00e9s a piaci trendekbe, sz\u00e1mos h\u00e1tr\u00e1nyt is jelenthetnek a v\u00e1llalkoz\u00e1sok sz\u00e1m\u00e1ra. <\/p>\n<div class=\"newlinediv\"><\/div>\n<p> A szociokultur\u00e1lis t\u00e9nyez\u0151k egyik f\u0151 h\u00e1tr\u00e1nya, hogy gyakran neh\u00e9z m\u00e9rni \u00e9s el\u0151re jelezni \u0151ket. A szociokultur\u00e1lis hat\u00e1sok gyorsan v\u00e1ltozhatnak, ami kih\u00edv\u00e1st jelent a v\u00e1llalkoz\u00e1sok sz\u00e1m\u00e1ra, hogy l\u00e9p\u00e9st tartsanak \u00e9s alkalmazkodjanak. P\u00e9ld\u00e1ul az eg\u00e9szs\u00e9ggel \u00e9s wellness-szel kapcsolatos v\u00e1ltoz\u00f3 attit\u0171d\u00f6k miatt egyre nagyobb a kereslet a bio- \u00e9s nat\u00farterm\u00e9kek ir\u00e1nt. A v\u00e1llalkoz\u00e1sok sz\u00e1m\u00e1ra azonban neh\u00e9z lehet meghat\u00e1rozni ennek a trendnek a m\u00e9rt\u00e9k\u00e9t \u00e9s azt, hogy hossz\u00fa t\u00e1von milyen term\u00e9kek lesznek n\u00e9pszer\u0171ek. <\/p>\n<div class=\"newlinediv\"><\/div>\n<p> A szociokultur\u00e1lis t\u00e9nyez\u0151k m\u00e1sik h\u00e1tr\u00e1nya, hogy szubjekt\u00edvek lehetnek, \u00e9s nagym\u00e9rt\u00e9kben elt\u00e9rhetnek a k\u00fcl\u00f6nb\u00f6z\u0151 r\u00e9gi\u00f3kban \u00e9s kult\u00far\u00e1kban. Ami az egyik kult\u00far\u00e1ban n\u00e9pszer\u0171 vagy elfogadhat\u00f3, az egy m\u00e1sikban teljesen tabu lehet. Ez kih\u00edv\u00e1ss\u00e1 teheti a v\u00e1llalkoz\u00e1sok sz\u00e1m\u00e1ra, hogy olyan univerz\u00e1lis marketingstrat\u00e9gi\u00e1t dolgozzanak ki, amely minden fogyaszt\u00f3t megsz\u00f3l\u00edt. <\/p>\n<div class=\"newlinediv\"><\/div>\n<p> Emellett a szociokultur\u00e1lis t\u00e9nyez\u0151k etikai \u00e9s erk\u00f6lcsi dilemm\u00e1kat is felvethetnek a v\u00e1llalkoz\u00e1sok sz\u00e1m\u00e1ra. P\u00e9ld\u00e1ul bizonyos kultur\u00e1lis gyakorlatok vagy hiedelmek ellent\u00e9tben \u00e1llhatnak a v\u00e1llalat \u00e9rt\u00e9keivel vagy k\u00fcldet\u00e9s\u00e9vel, ami potenci\u00e1lis visszahat\u00e1st \u00e9s negat\u00edv publicit\u00e1st eredm\u00e9nyezhet. <\/p>\n<div class=\"newlinediv\"><\/div>\n<p> \u00d6sszefoglalva, b\u00e1r a szociokultur\u00e1lis t\u00e9nyez\u0151k \u00e9rt\u00e9kes betekint\u00e9st ny\u00fajthatnak a fogyaszt\u00f3i magatart\u00e1sba \u00e9s a piaci trendekbe, sz\u00e1mos h\u00e1tr\u00e1nyt is jelenthetnek a v\u00e1llalkoz\u00e1sok sz\u00e1m\u00e1ra, mint p\u00e9ld\u00e1ul a m\u00e9r\u00e9si neh\u00e9zs\u00e9gek, a szubjektivit\u00e1s \u00e9s az etikai dilemm\u00e1k. <\/p>\n<\/div>\n<div class=\"question\">\n<div class=\"qtitle\"> Mire vannak hat\u00e1ssal a szociokultur\u00e1lis t\u00e9nyez\u0151k?<\/div>\n<p> A szociokultur\u00e1lis t\u00e9nyez\u0151k jelent\u0151s hat\u00e1ssal vannak az \u00fczleti tervez\u00e9s \u00e9s strat\u00e9gia k\u00fcl\u00f6nb\u00f6z\u0151 aspektusaira. Ezek a t\u00e9nyez\u0151k azokra a kultur\u00e1lis \u00e9s t\u00e1rsadalmi hat\u00e1sokra utalnak, amelyek egy adott t\u00e1rsadalomban az egy\u00e9nek attit\u0171djeit, hiedelmeit \u00e9s viselked\u00e9s\u00e9t alak\u00edtj\u00e1k. N\u00e9h\u00e1ny olyan ter\u00fclet, amelyre a szociokultur\u00e1lis t\u00e9nyez\u0151k hat\u00e1ssal vannak: <\/p>\n<div class=\"newlinediv\"><\/div>\n<p> 1. Fogyaszt\u00f3i magatart\u00e1s: Az olyan szociokultur\u00e1lis t\u00e9nyez\u0151k, mint az \u00e9letkor, a nem, a j\u00f6vedelem, az iskolai v\u00e9gzetts\u00e9g \u00e9s a kultur\u00e1lis h\u00e1tt\u00e9r befoly\u00e1solj\u00e1k a fogyaszt\u00f3k v\u00e1s\u00e1rl\u00f3i magatart\u00e1s\u00e1t. A v\u00e1llalkoz\u00e1soknak figyelembe kell venni\u00fck ezeket a t\u00e9nyez\u0151ket a marketingstrat\u00e9gi\u00e1k \u00e9s a term\u00e9kk\u00edn\u00e1lat kialak\u00edt\u00e1sakor. <\/p>\n<div class=\"newlinediv\"><\/div>\n<p> 2. Hum\u00e1ner\u0151forr\u00e1s-gazd\u00e1lkod\u00e1s: A szociokultur\u00e1lis t\u00e9nyez\u0151k az alkalmazottak toborz\u00e1s\u00e1t, megtart\u00e1s\u00e1t \u00e9s ir\u00e1ny\u00edt\u00e1s\u00e1t is befoly\u00e1solj\u00e1k. A szervezeteknek tiszt\u00e1ban kell lenni\u00fck alkalmazottaik kultur\u00e1lis \u00e9s t\u00e1rsadalmi norm\u00e1ival a harmonikus \u00e9s produkt\u00edv munkak\u00f6rnyezet biztos\u00edt\u00e1sa \u00e9rdek\u00e9ben. <\/p>\n<div class=\"newlinediv\"><\/div>\n<p> 3. Nemzetk\u00f6zi \u00fczleti tev\u00e9kenys\u00e9g: A szociokultur\u00e1lis t\u00e9nyez\u0151k jelent\u0151s hat\u00e1ssal vannak a nemzetk\u00f6zi \u00fczleti v\u00e1llalkoz\u00e1sokra. Az elt\u00e9r\u0151 kultur\u00e1lis hiedelmek \u00e9s gyakorlatok befoly\u00e1solhatj\u00e1k egy v\u00e1llalkoz\u00e1s siker\u00e9t egy k\u00fclf\u00f6ldi piacon. A v\u00e1llalatoknak figyelembe kell venni\u00fck ezeket a t\u00e9nyez\u0151ket a bel\u00e9p\u00e9si strat\u00e9gi\u00e1k \u00e9s marketingkamp\u00e1nyok kidolgoz\u00e1sakor. <\/p>\n<div class=\"newlinediv\"><\/div>\n<p> 4. V\u00e1llalati t\u00e1rsadalmi felel\u0151ss\u00e9gv\u00e1llal\u00e1s: A szociokultur\u00e1lis t\u00e9nyez\u0151k befoly\u00e1solj\u00e1k a v\u00e1llalatnak a v\u00e1llalati t\u00e1rsadalmi felel\u0151ss\u00e9gv\u00e1llal\u00e1shoz val\u00f3 hozz\u00e1\u00e1ll\u00e1s\u00e1t is. A v\u00e1llalkoz\u00e1soknak meg kell \u00e9rteni\u00fck azon k\u00f6z\u00f6ss\u00e9gek \u00e9rt\u00e9keit \u00e9s norm\u00e1it, amelyekben m\u0171k\u00f6dnek, hogy etikus \u00e9s t\u00e1rsadalmilag felel\u0151s m\u00f3don j\u00e1rjanak el. <\/p>\n<div class=\"newlinediv\"><\/div>\n<p> \u00d6sszefoglalva, a szociokultur\u00e1lis t\u00e9nyez\u0151k sz\u00e9lesk\u00f6r\u0171 hat\u00e1st gyakorolnak az \u00fczleti tervez\u00e9s \u00e9s strat\u00e9gia k\u00fcl\u00f6nb\u00f6z\u0151 aspektusaira. A v\u00e1llalatoknak tiszt\u00e1ban kell lenni\u00fck ezekkel a t\u00e9nyez\u0151kkel, \u00e9s a hossz\u00fa t\u00e1v\u00fa siker \u00e9rdek\u00e9ben be kell \u00e9p\u00edteni\u00fck azokat a d\u00f6nt\u00e9shozatali folyamataikba.<\/p>\n<\/div>\n<\/div>\n","protected":false},"excerpt":{"rendered":"<p>A szociokultur\u00e1lis er\u0151k, mint p\u00e9ld\u00e1ul a t\u00e1rsadalmi \u00e9rt\u00e9kek \u00e9s hiedelmek, nagy hat\u00e1ssal lehetnek a v\u00e1llalkoz\u00e1sokra. M\u00edg egyes v\u00e1llalkoz\u00e1sok k\u00e9pesek lehetnek boldogulni az\u00e1ltal, hogy igazodnak ezekhez az er\u0151kh\u00f6z, m\u00e1soknak neh\u00e9zs\u00e9get okozhat, hogy l\u00e9p\u00e9st tartsanak a folyamatosan v\u00e1ltoz\u00f3 t\u00e1rsadalmi elv\u00e1r\u00e1sokkal. Ebben a cikkben n\u00e9h\u00e1ny olyan probl\u00e9m\u00e1t vizsg\u00e1lunk meg, amelyek akkor mer\u00fclnek fel, ha a v\u00e1llalkoz\u00e1sok figyelmen k\u00edv\u00fcl &#8230; <a title=\"A szociokultur\u00e1lis er\u0151k rejtett vesz\u00e9lyei a v\u00e1llalkoz\u00e1sokban\" class=\"read-more\" href=\"https:\/\/megnyitasa.com\/tudas\/a-szociokulturalis-erok-rejtett-veszelyei-a-vallalkozasokban\/\" aria-label=\"Read more about A szociokultur\u00e1lis er\u0151k rejtett vesz\u00e9lyei a v\u00e1llalkoz\u00e1sokban\">Read more<\/a><\/p>\n","protected":false},"author":4241,"featured_media":0,"comment_status":"closed","ping_status":"closed","sticky":false,"template":"","format":"standard","meta":{"footnotes":""},"categories":[18],"tags":[],"class_list":["post-10566","post","type-post","status-publish","format-standard","hentry","category-uzleti-tervezes-es-strategia"],"_links":{"self":[{"href":"https:\/\/megnyitasa.com\/tudas\/wp-json\/wp\/v2\/posts\/10566","targetHints":{"allow":["GET"]}}],"collection":[{"href":"https:\/\/megnyitasa.com\/tudas\/wp-json\/wp\/v2\/posts"}],"about":[{"href":"https:\/\/megnyitasa.com\/tudas\/wp-json\/wp\/v2\/types\/post"}],"author":[{"embeddable":true,"href":"https:\/\/megnyitasa.com\/tudas\/wp-json\/wp\/v2\/users\/4241"}],"replies":[{"embeddable":true,"href":"https:\/\/megnyitasa.com\/tudas\/wp-json\/wp\/v2\/comments?post=10566"}],"version-history":[{"count":0,"href":"https:\/\/megnyitasa.com\/tudas\/wp-json\/wp\/v2\/posts\/10566\/revisions"}],"wp:attachment":[{"href":"https:\/\/megnyitasa.com\/tudas\/wp-json\/wp\/v2\/media?parent=10566"}],"wp:term":[{"taxonomy":"category","embeddable":true,"href":"https:\/\/megnyitasa.com\/tudas\/wp-json\/wp\/v2\/categories?post=10566"},{"taxonomy":"post_tag","embeddable":true,"href":"https:\/\/megnyitasa.com\/tudas\/wp-json\/wp\/v2\/tags?post=10566"}],"curies":[{"name":"wp","href":"https:\/\/api.w.org\/{rel}","templated":true}]}}