{"id":10818,"date":"2023-04-24T00:00:00","date_gmt":"2023-04-24T00:00:00","guid":{"rendered":"https:\/\/megnyitasa.com\/tudas\/a-vezetes-muveszete-a-rezonans-es-disszonans-stilusok-dinamikajanak-megertese\/"},"modified":"2023-04-24T00:00:00","modified_gmt":"2023-04-24T00:00:00","slug":"a-vezetes-muveszete-a-rezonans-es-disszonans-stilusok-dinamikajanak-megertese","status":"publish","type":"post","link":"https:\/\/megnyitasa.com\/tudas\/a-vezetes-muveszete-a-rezonans-es-disszonans-stilusok-dinamikajanak-megertese\/","title":{"rendered":"A vezet\u00e9s m\u0171v\u00e9szete: A rezon\u00e1ns \u00e9s disszon\u00e1ns st\u00edlusok dinamik\u00e1j\u00e1nak meg\u00e9rt\u00e9se"},"content":{"rendered":"<div class=\"articlecontent\">\n<div class=\"newlinediv\"><\/div>\n<p> A vezet\u00e9s olyan m\u0171v\u00e9szet, amely hatalmas k\u00e9szs\u00e9get, tud\u00e1st \u00e9s tapasztalatot ig\u00e9nyel. Ez egy olyan folyamat, amely mag\u00e1ban foglalja egy csapat vezet\u00e9s\u00e9t \u00e9s motiv\u00e1l\u00e1s\u00e1t egy k\u00f6z\u00f6s c\u00e9l fel\u00e9, \u00e9s a vezet\u0151 st\u00edlusa d\u00f6nt\u0151 szerepet j\u00e1tszik a csapat siker\u00e9nek meghat\u00e1roz\u00e1s\u00e1ban. K\u00e9t els\u0151dleges vezet\u0151i st\u00edlus l\u00e9tezik &#8211; a rezon\u00e1ns \u00e9s a disszon\u00e1ns, \u00e9s mindkett\u0151 dinamik\u00e1j\u00e1nak meg\u00e9rt\u00e9se elengedhetetlen ahhoz, hogy hat\u00e9kony vezet\u0151v\u00e9 v\u00e1lhassunk. <\/p>\n<div class=\"newlinediv\"><\/div>\n<p> A rezon\u00e1ns vezet\u00e9s olyan st\u00edlus, amely az \u00e9rzelmi intelligenci\u00e1t, az emp\u00e1ti\u00e1t \u00e9s a pozitivit\u00e1st hangs\u00falyozza. A rezon\u00e1ns vezet\u0151k arr\u00f3l ismertek, hogy k\u00e9pesek m\u00e9lyebb szinten kapcsol\u00f3dni a csapattagokhoz, el\u0151seg\u00edtve a bizalom, a tisztelet \u00e9s a lojalit\u00e1s \u00e9rz\u00e9s\u00e9t. P\u00e9ldamutat\u00e1ssal vezetnek, arra inspir\u00e1lj\u00e1k csapatukat, hogy teljes m\u00e9rt\u00e9kben kibontakoztass\u00e1k a benn\u00fck rejl\u0151 lehet\u0151s\u00e9geket, \u00e9s harmonikus munkak\u00f6rnyezetet teremtenek. A rezon\u00e1ns vezet\u0151k a kommunik\u00e1ci\u00f3t, az egy\u00fcttm\u0171k\u00f6d\u00e9st \u00e9s a csapatmunk\u00e1t helyezik el\u0151t\u00e9rbe, ami magasabb szint\u0171 munkahelyi el\u00e9gedetts\u00e9ghez, termel\u00e9kenys\u00e9ghez \u00e9s kreativit\u00e1shoz vezet. <\/p>\n<div class=\"newlinediv\"><\/div>\n<p> Ezzel szemben a disszon\u00e1ns vezet\u00e9st az \u00e9rzelmi intelligencia hi\u00e1nya \u00e9s a negat\u00edv viselked\u00e9s jellemzi. A disszon\u00e1ns vezet\u0151k gyakran tekint\u00e9lyelv\u0171ek, t\u00e1vols\u00e1gtart\u00f3ak \u00e9s megk\u00f6zel\u00edthetetlenek, ami f\u00e9lelmet, bizalmatlans\u00e1got \u00e9s neheztel\u00e9st kelt a csapattagokban. Ink\u00e1bb az eredm\u00e9nyekre koncentr\u00e1lnak, mint a kapcsolatokra, \u00e9s vezet\u0151i st\u00edlusuk gyakran a hatalomra, az ellen\u0151rz\u00e9sre \u00e9s a manipul\u00e1ci\u00f3ra \u00e9p\u00fcl. A disszon\u00e1ns vezet\u0151k el\u00e9rhetik a r\u00f6vid t\u00e1v\u00fa c\u00e9lokat, de gyakran nem k\u00e9pesek arra \u00f6szt\u00f6n\u00f6zni a csapatukat, hogy a legjobb teljes\u00edtm\u00e9nyt ny\u00fajts\u00e1k, ami magas szint\u0171 fluktu\u00e1ci\u00f3hoz \u00e9s ki\u00e9g\u00e9shez vezet. <\/p>\n<div class=\"newlinediv\"><\/div>\n<p> A mai rohan\u00f3 \u00e9s dinamikus \u00fczleti vil\u00e1gban a rezon\u00e1ns vezet\u00e9s egyre fontosabb\u00e1 v\u00e1lt. A rezon\u00e1ns vezet\u0151k meg\u00e9rtik, hogy egy j\u00f3l teljes\u00edt\u0151 csapat l\u00e9trehoz\u00e1s\u00e1hoz szem\u00e9lyes kapcsolatot kell teremteni\u00fck a csapattagokkal, hat\u00e9konyan kell kommunik\u00e1lniuk, \u00e9s pozit\u00edv munkak\u00f6rnyezetet kell teremteni\u00fck. Priorit\u00e1sk\u00e9nt kezelik az alkalmazottak j\u00f3l\u00e9t\u00e9t, \u00f6szt\u00f6nzik a n\u00f6veked\u00e9st \u00e9s a fejl\u0151d\u00e9st, \u00e9s el\u0151seg\u00edtik az \u00f6sszetartoz\u00e1s \u00e9s a c\u00e9ltudatoss\u00e1g \u00e9rz\u00e9s\u00e9t. A rezon\u00e1ns vezet\u0151k nagyobb val\u00f3sz\u00edn\u0171s\u00e9ggel vonzz\u00e1k \u00e9s tartj\u00e1k meg a legjobb tehets\u00e9geket, az innov\u00e1ci\u00f3 \u00e9s a kreativit\u00e1s kult\u00far\u00e1j\u00e1t teremtik meg, \u00e9s fenntarthat\u00f3 n\u00f6veked\u00e9st biztos\u00edtanak. <\/p>\n<div class=\"newlinediv\"><\/div>\n<p> \u00d6sszefoglalva, a vezet\u00e9s m\u0171v\u00e9szete \u00f6sszetett \u00e9s dinamikus folyamat, amely a rezon\u00e1ns \u00e9s disszon\u00e1ns vezet\u00e9si st\u00edlusok m\u00e9ly meg\u00e9rt\u00e9s\u00e9t ig\u00e9nyli. A rezon\u00e1ns vezet\u0151k az \u00e9rzelmi intelligenci\u00e1t, az emp\u00e1ti\u00e1t \u00e9s a pozitivit\u00e1st helyezik el\u0151t\u00e9rbe, m\u00edg a disszon\u00e1ns vezet\u0151k a hatalomra, az ir\u00e1ny\u00edt\u00e1sra \u00e9s a manipul\u00e1ci\u00f3ra \u00f6sszpontos\u00edtanak. A rezon\u00e1ns vezet\u00e9s egyre fontosabb\u00e1 v\u00e1lt a mai \u00fczleti vil\u00e1gban, mivel magas teljes\u00edtm\u00e9ny\u0171 \u00e9s innovat\u00edv csapatot hoz l\u00e9tre, pozit\u00edv munkak\u00f6rnyezetet alak\u00edt ki, \u00e9s fenntarthat\u00f3 n\u00f6veked\u00e9st \u00f6szt\u00f6n\u00f6z. A rezon\u00e1ns \u00e9s disszon\u00e1ns vezet\u00e9s dinamik\u00e1j\u00e1nak meg\u00e9rt\u00e9s\u00e9vel a vezet\u0151k kialak\u00edthatj\u00e1k saj\u00e1t, egyedi st\u00edlusukat, amely rezon\u00e1l a csapattagokkal \u00e9s sikerre sarkall.<\/p><\/div>\n<div class=\"questions\">\n<div class=\"questionstitle\">FAQ<\/div>\n<div class=\"question\">\n<div class=\"qtitle\"> Mi a k\u00fcl\u00f6nbs\u00e9g a rezonancia \u00e9s a disszonancia k\u00f6z\u00f6tt?<\/div>\n<p> A hum\u00e1n er\u0151forr\u00e1s kontextus\u00e1ban a rezonancia \u00e9s a disszonancia a munkav\u00e1llal\u00f3 szem\u00e9lyes \u00e9rt\u00e9kei \u00e9s a szervezet \u00e9rt\u00e9kei k\u00f6z\u00f6tti \u00f6sszhang szintj\u00e9re utal. <\/p>\n<div class=\"newlinediv\"><\/div>\n<p> A rezonancia akkor \u00e1ll fenn, ha a munkav\u00e1llal\u00f3 szem\u00e9lyes \u00e9rt\u00e9kei \u00e9s a szervezet \u00e9rt\u00e9kei k\u00f6z\u00f6tt er\u0151s az \u00f6sszhang. Ez a szervezethez val\u00f3 k\u00f6t\u0151d\u00e9s, tartoz\u00e1s \u00e9s elk\u00f6telezetts\u00e9g \u00e9rz\u00e9s\u00e9t eredm\u00e9nyezi. Azok a munkav\u00e1llal\u00f3k, akik rezonanci\u00e1t tapasztalnak, nagyobb val\u00f3sz\u00edn\u0171s\u00e9ggel lesznek motiv\u00e1ltak, elk\u00f6telezettek \u00e9s el\u00e9gedettek a munk\u00e1jukkal. <\/p>\n<div class=\"newlinediv\"><\/div>\n<p> A disszonancia viszont akkor jelentkezik, ha a munkav\u00e1llal\u00f3 szem\u00e9lyes \u00e9rt\u00e9kei \u00e9s a szervezet \u00e9rt\u00e9kei k\u00f6z\u00f6tt nincs \u00f6sszhang. Ez a szervezet fel\u00e9 az elszak\u00edtotts\u00e1g, a frusztr\u00e1ci\u00f3, s\u0151t a szervezet ir\u00e1nti ellenszenv \u00e9rz\u00e9s\u00e9t is eredm\u00e9nyezheti. Azok a munkav\u00e1llal\u00f3k, akik disszonanci\u00e1t tapasztalnak, nagyobb val\u00f3sz\u00edn\u0171s\u00e9ggel lesznek el\u00e9gedetlenek, nem produkt\u00edvak, \u00e9s ak\u00e1r m\u00e1shol keresnek \u00e1ll\u00e1st. <\/p>\n<div class=\"newlinediv\"><\/div>\n<p> Fontos, hogy a szervezetek meg\u00e9rts\u00e9k a rezonancia \u00e9s a disszonancia fogalm\u00e1t annak \u00e9rdek\u00e9ben, hogy pozit\u00edv munkak\u00f6rnyezetet teremtsenek \u00e9s megtarts\u00e1k a legjobb tehets\u00e9geket. Ezt \u00fagy lehet el\u00e9rni, ha vil\u00e1gosan kommunik\u00e1lj\u00e1k a szervezeti \u00e9rt\u00e9keket, lehet\u0151s\u00e9get biztos\u00edtanak a munkav\u00e1llal\u00f3knak, hogy megossz\u00e1k gondolataikat \u00e9s v\u00e9lem\u00e9ny\u00fcket, \u00e9s biztos\u00edtj\u00e1k, hogy a szervezet \u00e9rt\u00e9kei t\u00fckr\u00f6z\u0151djenek a szervezet politik\u00e1j\u00e1ban \u00e9s gyakorlat\u00e1ban. <\/p>\n<\/div>\n<div class=\"question\">\n<div class=\"qtitle\"> Mi a p\u00e9lda a disszon\u00e1ns vezet\u00e9sre?<\/div>\n<p> A disszon\u00e1ns vezet\u00e9s olyan vezet\u00e9si st\u00edlus, amelyben a vezet\u0151 cselekedetei \u00e9s viselked\u00e9se nincs \u00f6sszhangban a szervezet \u00e9rt\u00e9keivel \u00e9s elveivel. A disszon\u00e1ns vezet\u00e9sre p\u00e9lda lehet egy olyan vezet\u0151, aki a csapatmunka \u00e9s az egy\u00fcttm\u0171k\u00f6d\u00e9s fontoss\u00e1g\u00e1t hirdeti, de azt\u00e1n k\u00f6vetkezetesen a csapattagok v\u00e9lem\u00e9ny\u00e9nek megk\u00e9rdez\u00e9se vagy figyelembev\u00e9tele n\u00e9lk\u00fcl hoz d\u00f6nt\u00e9seket. <\/p>\n<div class=\"newlinediv\"><\/div>\n<p> Az ilyen t\u00edpus\u00fa vezet\u0151 a saj\u00e1t \u00e9rdekeit a szervezet vagy a csapata \u00e9rdekeivel szemben is el\u0151t\u00e9rbe helyezheti, ami a beosztottjai r\u00e9sz\u00e9r\u0151l a bizalom \u00e9s a tisztelet hi\u00e1ny\u00e1hoz vezet. A disszon\u00e1ns vezet\u0151k a f\u00e9lelem \u00e9s a stressz kult\u00far\u00e1j\u00e1t is l\u00e9trehozhatj\u00e1k az\u00e1ltal, hogy k\u00f6vetkezetesen v\u00e1ltoztatj\u00e1k elv\u00e1r\u00e1saikat \u00e9s c\u00e9ljaikat an\u00e9lk\u00fcl, hogy egy\u00e9rtelm\u0171 \u00fatmutat\u00e1st vagy t\u00e1mogat\u00e1st ny\u00fajtan\u00e1nak csapatuknak. <\/p>\n<div class=\"newlinediv\"><\/div>\n<p> \u00d6sszess\u00e9g\u00e9ben a disszon\u00e1ns vezet\u00e9s negat\u00edv hat\u00e1ssal lehet az alkalmazottak mor\u00e1lj\u00e1ra, termel\u00e9kenys\u00e9g\u00e9re \u00e9s megtart\u00e1s\u00e1ra, mivel az alkalmazottak \u00fagy \u00e9rezhetik, hogy vezet\u0151j\u00fck alul\u00e9rt\u00e9keli \u00e9s nem t\u00e1mogatja \u0151ket. Fontos, hogy a vezet\u0151k p\u00e9ld\u00e1t mutassanak a szervezet\u00fck \u00e9rt\u00e9keir\u0151l \u00e9s elveir\u0151l, \u00e9s k\u00f6vetkezetesen kommunik\u00e1lj\u00e1k \u00e9s demonstr\u00e1lj\u00e1k elk\u00f6telezetts\u00e9g\u00fcket csapatuk sikere ir\u00e1nt. <\/p>\n<\/div>\n<div class=\"question\">\n<div class=\"qtitle\"> Mi a rezon\u00e1ns vezet\u00e9si st\u00edlus?<\/div>\n<p> A rezon\u00e1ns vezet\u00e9si st\u00edlus egy olyan vezet\u00e9si megk\u00f6zel\u00edt\u00e9s, amely a vezet\u0151k \u00e9s csapattagjaik k\u00f6z\u00f6tti pozit\u00edv \u00e9rzelmi kapcsolatok kialak\u00edt\u00e1s\u00e1ra \u00f6sszpontos\u00edt. Ez a vezet\u00e9si st\u00edlus azon az elk\u00e9pzel\u00e9sen alapul, hogy azok a vezet\u0151k, akik \u00e9rzelmi szinten tudnak kapcsolatot teremteni csapattagjaikkal, elk\u00f6telezettebb \u00e9s motiv\u00e1ltabb munkaer\u0151t tudnak l\u00e9trehozni. <\/p>\n<div class=\"newlinediv\"><\/div>\n<p> A rezon\u00e1ns vezet\u0151k k\u00e9pzettek abban, hogy emp\u00e1ti\u00e1t, egy\u00fctt\u00e9rz\u00e9st \u00e9s \u00e9rzelmi intelligenci\u00e1t haszn\u00e1ljanak a csapattagjaikkal val\u00f3 kapcsolatteremt\u00e9shez. K\u00e9pesek akt\u00edvan meghallgatni, meg\u00e9rteni a csapattagok ig\u00e9nyeit \u00e9s aggodalmait, \u00e9s olyan m\u00f3don reag\u00e1lni, amely bizalmat \u00e9s tiszteletet \u00e9p\u00edt. <\/p>\n<div class=\"newlinediv\"><\/div>\n<p> A rezon\u00e1ns vezet\u0151k arra is \u00f6sszpontos\u00edtanak, hogy olyan pozit\u00edv munkak\u00f6rnyezetet teremtsenek, amely el\u0151seg\u00edti az egy\u00fcttm\u0171k\u00f6d\u00e9st, a kreativit\u00e1st \u00e9s az innov\u00e1ci\u00f3t. B\u00e1tor\u00edtj\u00e1k a ny\u00edlt kommunik\u00e1ci\u00f3t, visszajelz\u00e9st \u00e9s elismer\u00e9st adnak, \u00e9s lehet\u0151s\u00e9get teremtenek a csapattagok sz\u00e1m\u00e1ra a fejl\u0151d\u00e9sre \u00e9s a fejl\u0151d\u00e9sre. <\/p>\n<div class=\"newlinediv\"><\/div>\n<p> A rezon\u00e1ns vezet\u00e9si st\u00edlust gyakran szembe\u00e1ll\u00edtj\u00e1k a tekint\u00e9lyelv\u0171 vagy tranzakci\u00f3s vezet\u00e9si st\u00edlussal, amely ink\u00e1bb hierarchikus \u00e9s fel\u00fclr\u0151l lefel\u00e9 ir\u00e1nyul\u00f3 megk\u00f6zel\u00edt\u00e9sen alapul. M\u00edg a tranzakci\u00f3s vezet\u0151k jutalmakkal \u00e9s b\u00fcntet\u00e9sekkel motiv\u00e1lhatj\u00e1k csapattagjaikat, addig a rezon\u00e1ns vezet\u0151k a pozit\u00edv \u00e9rzelmi kapcsolatokra t\u00e1maszkodnak, hogy inspir\u00e1lj\u00e1k \u00e9s elk\u00f6telezz\u00e9k csapattagjaikat. <\/p>\n<div class=\"newlinediv\"><\/div>\n<p> \u00d6sszess\u00e9g\u00e9ben a rezon\u00e1ns vezet\u00e9si st\u00edlus rendk\u00edv\u00fcl hat\u00e9kony a pozit\u00edv \u00e9s produkt\u00edv munkak\u00f6rnyezet megteremt\u00e9s\u00e9ben, \u00e9s magasabb szint\u0171 munkav\u00e1llal\u00f3i elk\u00f6telezetts\u00e9ghez, motiv\u00e1ci\u00f3hoz \u00e9s munkahelyi el\u00e9gedetts\u00e9ghez vezethet.<\/p>\n<\/div>\n<\/div>\n","protected":false},"excerpt":{"rendered":"<p>A vezet\u00e9s olyan m\u0171v\u00e9szet, amely hatalmas k\u00e9szs\u00e9get, tud\u00e1st \u00e9s tapasztalatot ig\u00e9nyel. Ez egy olyan folyamat, amely mag\u00e1ban foglalja egy csapat vezet\u00e9s\u00e9t \u00e9s motiv\u00e1l\u00e1s\u00e1t egy k\u00f6z\u00f6s c\u00e9l fel\u00e9, \u00e9s a vezet\u0151 st\u00edlusa d\u00f6nt\u0151 szerepet j\u00e1tszik a csapat siker\u00e9nek meghat\u00e1roz\u00e1s\u00e1ban. K\u00e9t els\u0151dleges vezet\u0151i st\u00edlus l\u00e9tezik &#8211; a rezon\u00e1ns \u00e9s a disszon\u00e1ns, \u00e9s mindkett\u0151 dinamik\u00e1j\u00e1nak meg\u00e9rt\u00e9se elengedhetetlen ahhoz, &#8230; <a title=\"A vezet\u00e9s m\u0171v\u00e9szete: A rezon\u00e1ns \u00e9s disszon\u00e1ns st\u00edlusok dinamik\u00e1j\u00e1nak meg\u00e9rt\u00e9se\" class=\"read-more\" href=\"https:\/\/megnyitasa.com\/tudas\/a-vezetes-muveszete-a-rezonans-es-disszonans-stilusok-dinamikajanak-megertese\/\" aria-label=\"Read more about A vezet\u00e9s m\u0171v\u00e9szete: A rezon\u00e1ns \u00e9s disszon\u00e1ns st\u00edlusok dinamik\u00e1j\u00e1nak meg\u00e9rt\u00e9se\">Read more<\/a><\/p>\n","protected":false},"author":2488,"featured_media":0,"comment_status":"closed","ping_status":"closed","sticky":false,"template":"","format":"standard","meta":{"footnotes":""},"categories":[11],"tags":[],"class_list":["post-10818","post","type-post","status-publish","format-standard","hentry","category-human-resources"],"_links":{"self":[{"href":"https:\/\/megnyitasa.com\/tudas\/wp-json\/wp\/v2\/posts\/10818","targetHints":{"allow":["GET"]}}],"collection":[{"href":"https:\/\/megnyitasa.com\/tudas\/wp-json\/wp\/v2\/posts"}],"about":[{"href":"https:\/\/megnyitasa.com\/tudas\/wp-json\/wp\/v2\/types\/post"}],"author":[{"embeddable":true,"href":"https:\/\/megnyitasa.com\/tudas\/wp-json\/wp\/v2\/users\/2488"}],"replies":[{"embeddable":true,"href":"https:\/\/megnyitasa.com\/tudas\/wp-json\/wp\/v2\/comments?post=10818"}],"version-history":[{"count":0,"href":"https:\/\/megnyitasa.com\/tudas\/wp-json\/wp\/v2\/posts\/10818\/revisions"}],"wp:attachment":[{"href":"https:\/\/megnyitasa.com\/tudas\/wp-json\/wp\/v2\/media?parent=10818"}],"wp:term":[{"taxonomy":"category","embeddable":true,"href":"https:\/\/megnyitasa.com\/tudas\/wp-json\/wp\/v2\/categories?post=10818"},{"taxonomy":"post_tag","embeddable":true,"href":"https:\/\/megnyitasa.com\/tudas\/wp-json\/wp\/v2\/tags?post=10818"}],"curies":[{"name":"wp","href":"https:\/\/api.w.org\/{rel}","templated":true}]}}