{"id":11084,"date":"2023-04-24T00:00:00","date_gmt":"2023-04-24T00:00:00","guid":{"rendered":"https:\/\/megnyitasa.com\/tudas\/hogyan-jutnak-el-az-autok-a-garazsba-a-gepjarmuvek-termekeletciklusanak-megertese-a-marketingben\/"},"modified":"2023-04-24T00:00:00","modified_gmt":"2023-04-24T00:00:00","slug":"hogyan-jutnak-el-az-autok-a-garazsba-a-gepjarmuvek-termekeletciklusanak-megertese-a-marketingben","status":"publish","type":"post","link":"https:\/\/megnyitasa.com\/tudas\/hogyan-jutnak-el-az-autok-a-garazsba-a-gepjarmuvek-termekeletciklusanak-megertese-a-marketingben\/","title":{"rendered":"Hogyan jutnak el az aut\u00f3k a gar\u00e1zsba: A g\u00e9pj\u00e1rm\u0171vek term\u00e9k\u00e9letciklus\u00e1nak meg\u00e9rt\u00e9se a marketingben"},"content":{"rendered":"<div class=\"articlecontent\">\n<div class=\"newlinediv\"><\/div>\n<p> Az aut\u00f3ipar a vil\u00e1g egyik legversenyk\u00e9pesebb piaca. T\u00f6bb ezer m\u00e1rka \u00e9s modell \u00e1ll rendelkez\u00e9sre, az aut\u00f3gy\u00e1rt\u00f3knak k\u00e9pesnek kell lenni\u00fck alkalmazkodni a fogyaszt\u00f3k folyamatosan v\u00e1ltoz\u00f3 ig\u00e9nyeihez, hogy relev\u00e1nsak maradjanak a piacon. A j\u00e1rm\u0171vek term\u00e9k\u00e9letciklus\u00e1nak meg\u00e9rt\u00e9se kulcsfontoss\u00e1g\u00fa az aut\u00f3gy\u00e1rak sz\u00e1m\u00e1ra, hogy sikeresek legyenek ebben az ipar\u00e1gban. <\/p>\n<div class=\"newlinediv\"><\/div>\n<p> A j\u00e1rm\u0171 term\u00e9k\u00e9letciklusa a marketingben n\u00e9gy szakaszb\u00f3l \u00e1ll: bevezet\u00e9s, n\u00f6veked\u00e9s, \u00e9retts\u00e9g \u00e9s hanyatl\u00e1s. A bevezet\u00e9si szakaszban az aut\u00f3gy\u00e1rt\u00f3k \u00faj modelleket \u00e9s formaterveket dobnak piacra. Ezt a szakaszt magas rekl\u00e1m- \u00e9s prom\u00f3ci\u00f3s k\u00f6lts\u00e9gek, valamint korl\u00e1tozott elad\u00e1sok jellemzik. Az aut\u00f3gy\u00e1rak a m\u00e1rkaismerts\u00e9g megteremt\u00e9s\u00e9re \u00e9s az \u00faj modelljeik ir\u00e1nti \u00e9rdekl\u0151d\u00e9s felkelt\u00e9s\u00e9re \u00f6sszpontos\u00edtanak. <\/p>\n<div class=\"newlinediv\"><\/div>\n<p> A n\u00f6veked\u00e9si szakaszban az \u00faj modell elad\u00e1sai n\u00f6vekedni kezdenek, mivel a fogyaszt\u00f3k egyre jobban megismerik a term\u00e9k jellemz\u0151it \u00e9s el\u0151nyeit. Az aut\u00f3gy\u00e1rt\u00f3k sokat fektetnek a kutat\u00e1sba \u00e9s fejleszt\u00e9sbe, hogy jav\u00edts\u00e1k a term\u00e9ket \u00e9s megfeleljenek a fogyaszt\u00f3i ig\u00e9nyeknek. Az \u00e1rk\u00e9pz\u00e9si strat\u00e9gi\u00e1k ebben a szakaszban fontosak, mivel az aut\u00f3gy\u00e1raknak egyens\u00falyt kell teremteni\u00fck a bev\u00e9telszerz\u00e9s \u00e9s a piaci versenyk\u00e9pess\u00e9g meg\u0151rz\u00e9se k\u00f6z\u00f6tt. <\/p>\n<div class=\"newlinediv\"><\/div>\n<p> Az \u00e9retts\u00e9gi szakaszt az \u00e9rt\u00e9kes\u00edt\u00e9s lassabb n\u00f6veked\u00e9se jellemzi, mivel a piac tel\u00edtett\u00e9 v\u00e1lik hasonl\u00f3 term\u00e9kekkel. Az aut\u00f3gy\u00e1rak az \u00fcgyfelek megtart\u00e1s\u00e1ra \u00e9s h\u0171s\u00e9g\u00e9re, valamint a k\u00f6lts\u00e9gek cs\u00f6kkent\u00e9s\u00e9re \u00f6sszpontos\u00edtanak a nyeres\u00e9gess\u00e9g fenntart\u00e1sa \u00e9rdek\u00e9ben. Ebben a szakaszban az aut\u00f3gy\u00e1rt\u00f3k kisebb fejleszt\u00e9seket \u00e9s m\u00f3dos\u00edt\u00e1sokat vezethetnek be modelljeiken, hogy versenyk\u00e9pesek maradjanak. <\/p>\n<div class=\"newlinediv\"><\/div>\n<p> V\u00e9g\u00fcl a hanyatl\u00e1si szakaszban a term\u00e9k elad\u00e1sai cs\u00f6kkenni kezdenek, mivel \u00fajabb \u00e9s innovat\u00edvabb modellek ker\u00fclnek a piacra. Az aut\u00f3gy\u00e1rt\u00f3k d\u00f6nthetnek \u00fagy, hogy megsz\u00fcntetik a modellt, vagy cs\u00f6kkentik a gy\u00e1rt\u00e1st, hogy az \u00fajabb term\u00e9kekre \u00f6sszpontos\u00edtsanak. <\/p>\n<div class=\"newlinediv\"><\/div>\n<p> \u00d6sszefoglalva, egy j\u00e1rm\u0171 term\u00e9k\u00e9letciklus\u00e1nak meg\u00e9rt\u00e9se kulcsfontoss\u00e1g\u00fa az aut\u00f3gy\u00e1rt\u00f3k sz\u00e1m\u00e1ra, hogy sikeresek legyenek a versenyz\u0151 aut\u00f3iparban. Azzal, hogy a ciklus minden egyes szakasz\u00e1ban azonos\u00edtj\u00e1k a fogyaszt\u00f3k ig\u00e9nyeit, \u00e9s alkalmazkodnak azokhoz, az aut\u00f3gy\u00e1rak biztos\u00edthatj\u00e1k, hogy term\u00e9keik relev\u00e1nsak \u00e9s nyeres\u00e9gesek maradjanak. Egy \u00faj modell bevezet\u00e9s\u00e9t\u0151l az esetleges hanyatl\u00e1s\u00e1ig a j\u00e1rm\u0171 term\u00e9k\u00e9letciklusa dinamikus folyamat, amely folyamatos figyelmet \u00e9s alkalmazkod\u00e1st ig\u00e9nyel.<\/p><\/div>\n<div class=\"questions\">\n<div class=\"questionstitle\">FAQ<\/div>\n<div class=\"question\">\n<div class=\"qtitle\"> Mi a term\u00e9k\u00e9letciklus a marketingben?<\/div>\n<p> A term\u00e9k \u00e9letciklusa egy fogalom a marketingben, amely arra utal, hogy egy term\u00e9k milyen k\u00fcl\u00f6nb\u00f6z\u0151 szakaszokon megy kereszt\u00fcl a piacra l\u00e9p\u00e9s\u00e9t\u0151l a v\u00e9gs\u0151 hanyatl\u00e1s\u00e1ig \u00e9s a piacr\u00f3l val\u00f3 kivon\u00e1s\u00e1ig. Egy term\u00e9k \u00e9letciklus\u00e1nak jellemz\u0151en n\u00e9gy szakasza van: bevezet\u00e9s, n\u00f6veked\u00e9s, \u00e9retts\u00e9g \u00e9s hanyatl\u00e1s. <\/p>\n<div class=\"newlinediv\"><\/div>\n<p> A bevezet\u00e9si szakaszban egy \u00faj term\u00e9ket vezetnek be a piacra. Ebben a szakaszban a term\u00e9k jellemz\u0151en \u00faj \u00e9s ismeretlen a fogyaszt\u00f3k sz\u00e1m\u00e1ra, \u00e9s az elad\u00e1sok \u00e1ltal\u00e1ban alacsonyak. A marketing c\u00e9lja ebben a szakaszban a term\u00e9k megismertet\u00e9se \u00e9s az \u00e9rdekl\u0151d\u00e9s felkelt\u00e9se a potenci\u00e1lis v\u00e1s\u00e1rl\u00f3k k\u00f6r\u00e9ben. <\/p>\n<div class=\"newlinediv\"><\/div>\n<p> A n\u00f6veked\u00e9si szakaszban a term\u00e9k \u00e9rt\u00e9kes\u00edt\u00e9se gyorsan n\u00f6vekszik. Ezt jellemz\u0151en a pozit\u00edv sz\u00e1jpropaganda \u00e9s a marketingtev\u00e9kenys\u00e9gek fokoz\u00f3d\u00e1sa eredm\u00e9nyezi. Ebben a szakaszban a marketing c\u00e9lja az ismerts\u00e9g tov\u00e1bbi n\u00f6vel\u00e9se \u00e9s a piaci r\u00e9szesed\u00e9s n\u00f6vel\u00e9se. <\/p>\n<div class=\"newlinediv\"><\/div>\n<p> Az \u00e9retts\u00e9gi szakaszban az \u00e9rt\u00e9kes\u00edt\u00e9s n\u00f6veked\u00e9se lassulni kezd, mivel a term\u00e9k el\u00e9ri a maxim\u00e1lis piaci penetr\u00e1ci\u00f3j\u00e1t. Ebben a szakaszban a marketing c\u00e9lja a piaci r\u00e9szesed\u00e9s megtart\u00e1sa \u00e9s a versenyt\u00e1rsakkal szembeni v\u00e9dekez\u00e9s. Ez mag\u00e1ban foglalhatja a term\u00e9k \u00faj jellemz\u0151inek vagy v\u00e1ltozatainak bevezet\u00e9s\u00e9t, illetve az \u00e1rk\u00e9pz\u00e9si vagy prom\u00f3ci\u00f3s strat\u00e9gi\u00e1k kiigaz\u00edt\u00e1s\u00e1t. <\/p>\n<div class=\"newlinediv\"><\/div>\n<p> V\u00e9g\u00fcl, a hanyatl\u00e1si szakaszban az \u00e9rt\u00e9kes\u00edt\u00e9s cs\u00f6kkenni kezd, mivel a term\u00e9k elavul, vagy \u00fajabb, innovat\u00edvabb term\u00e9kekkel v\u00e1ltj\u00e1k fel. Ebben a szakaszban a marketing c\u00e9lja \u00e1ltal\u00e1ban a term\u00e9k fokozatos kivon\u00e1sa \u00e9s helyettes\u00edt\u00e9se valami \u00fajjal. <\/p>\n<div class=\"newlinediv\"><\/div>\n<p> A term\u00e9k \u00e9letciklus\u00e1nak meg\u00e9rt\u00e9se az\u00e9rt fontos a marketingesek sz\u00e1m\u00e1ra, mert lehet\u0151v\u00e9 teszi sz\u00e1mukra, hogy marketingstrat\u00e9gi\u00e1ikat aszerint tervezz\u00e9k meg \u00e9s igaz\u00edts\u00e1k ki, hogy a term\u00e9k hol tart az \u00e9letciklus\u00e1ban. Ez\u00e1ltal maximaliz\u00e1lhatj\u00e1k az elad\u00e1sokat, fenntarthatj\u00e1k a piaci r\u00e9szesed\u00e9st, \u00e9s v\u00e9gs\u0151 soron meghosszabb\u00edthatj\u00e1k a term\u00e9k \u00e9lettartam\u00e1t. <\/p>\n<\/div>\n<div class=\"question\">\n<div class=\"qtitle\"> Mi a term\u00e9k \u00e9letciklus\u00e1nak 5 szakasza a marketingben?<\/div>\n<p> A term\u00e9k \u00e9letciklusa egy \u00e1ltal\u00e1nosan haszn\u00e1lt marketingfogalom, amely arra utal, hogy egy term\u00e9k milyen szakaszokon megy kereszt\u00fcl a piacra ker\u00fcl\u00e9s\u00e9t\u0151l a v\u00e9gs\u0151 hanyatl\u00e1s\u00e1ig. A term\u00e9k \u00e9letciklus\u00e1nak \u00e1ltal\u00e1ban \u00f6t szakasza van a marketingben: <\/p>\n<div class=\"newlinediv\"><\/div>\n<p> 1. Fejleszt\u00e9s: Ez az a szakasz, amikor a term\u00e9ket kifejlesztik \u00e9s tesztelik, \u00e9s a marketingcsapat megkezdi a bevezet\u00e9si strat\u00e9gia tervez\u00e9s\u00e9t. <\/p>\n<div class=\"newlinediv\"><\/div>\n<p> 2. Bevezet\u00e9s: Ez az a szakasz, amikor a term\u00e9ket bevezetik a piacra, \u00e9s a marketingcsapat a figyelemfelkelt\u00e9sre \u00e9s az \u00e9rdekl\u0151d\u00e9s felkelt\u00e9s\u00e9re \u00f6sszpontos\u00edt a potenci\u00e1lis v\u00e1s\u00e1rl\u00f3k k\u00f6r\u00e9ben. <\/p>\n<div class=\"newlinediv\"><\/div>\n<p> 3. N\u00f6veked\u00e9s: Ez az a szakasz, amikor a term\u00e9k teret nyer a piacon, \u00e9s az elad\u00e1sok gyorsan n\u00f6vekedni kezdenek. A marketingcsapat az \u00fcgyf\u00e9lk\u00f6r b\u0151v\u00edt\u00e9s\u00e9re \u00e9s a piaci r\u00e9szesed\u00e9s n\u00f6vel\u00e9s\u00e9re \u00f6sszpontos\u00edt. <\/p>\n<div class=\"newlinediv\"><\/div>\n<p> 4. \u00c9retts\u00e9g: Ez az a szakasz, amikor az \u00e9rt\u00e9kes\u00edt\u00e9s n\u00f6veked\u00e9se lelassul, \u00e9s a term\u00e9k el\u00e9ri a piaci tel\u00edtetts\u00e9g cs\u00facs\u00e1t. A marketingcsapat a megl\u00e9v\u0151 \u00fcgyf\u00e9lb\u00e1zis fenntart\u00e1s\u00e1ra \u00e9s a haszonkulcs maximaliz\u00e1l\u00e1s\u00e1ra \u00f6sszpontos\u00edt. <\/p>\n<div class=\"newlinediv\"><\/div>\n<p> 5. Hanyatl\u00e1s: Ez az a szakasz, amikor az elad\u00e1sok cs\u00f6kkenni kezdenek, \u00e9s a term\u00e9k elavul, vagy \u00fajabb term\u00e9kekkel v\u00e1ltj\u00e1k fel. A marketingcsapat a k\u00f6lts\u00e9gek cs\u00f6kkent\u00e9s\u00e9re \u00e9s a term\u00e9k fokozatos kivezet\u00e9s\u00e9re \u00f6sszpontos\u00edthat, vagy \u00faj marketingstrat\u00e9gi\u00e1kkal vagy term\u00e9kfejleszt\u00e9sekkel megpr\u00f3b\u00e1lhatja \u00fajj\u00e1\u00e9leszteni a term\u00e9ket. <\/p>\n<div class=\"newlinediv\"><\/div>\n<p> A term\u00e9k \u00e9letciklus\u00e1nak meg\u00e9rt\u00e9se elengedhetetlen a marketingesek sz\u00e1m\u00e1ra a hat\u00e9kony marketingstrat\u00e9gi\u00e1k kidolgoz\u00e1s\u00e1hoz. A term\u00e9k \u00e9letciklus\u00e1nak szakasz\u00e1nak azonos\u00edt\u00e1s\u00e1val a marketingesek a term\u00e9k siker\u00e9nek maximaliz\u00e1l\u00e1sa \u00e9rdek\u00e9ben hozz\u00e1igaz\u00edthatj\u00e1k marketingtev\u00e9kenys\u00e9geiket \u00e9s ennek megfelel\u0151en oszthatj\u00e1k el az er\u0151forr\u00e1sokat.<\/p>\n<\/div>\n<\/div>\n","protected":false},"excerpt":{"rendered":"<p>Az aut\u00f3ipar a vil\u00e1g egyik legversenyk\u00e9pesebb piaca. T\u00f6bb ezer m\u00e1rka \u00e9s modell \u00e1ll rendelkez\u00e9sre, az aut\u00f3gy\u00e1rt\u00f3knak k\u00e9pesnek kell lenni\u00fck alkalmazkodni a fogyaszt\u00f3k folyamatosan v\u00e1ltoz\u00f3 ig\u00e9nyeihez, hogy relev\u00e1nsak maradjanak a piacon. A j\u00e1rm\u0171vek term\u00e9k\u00e9letciklus\u00e1nak meg\u00e9rt\u00e9se kulcsfontoss\u00e1g\u00fa az aut\u00f3gy\u00e1rak sz\u00e1m\u00e1ra, hogy sikeresek legyenek ebben az ipar\u00e1gban. A j\u00e1rm\u0171 term\u00e9k\u00e9letciklusa a marketingben n\u00e9gy szakaszb\u00f3l \u00e1ll: bevezet\u00e9s, n\u00f6veked\u00e9s, \u00e9retts\u00e9g &#8230; <a title=\"Hogyan jutnak el az aut\u00f3k a gar\u00e1zsba: A g\u00e9pj\u00e1rm\u0171vek term\u00e9k\u00e9letciklus\u00e1nak meg\u00e9rt\u00e9se a marketingben\" class=\"read-more\" href=\"https:\/\/megnyitasa.com\/tudas\/hogyan-jutnak-el-az-autok-a-garazsba-a-gepjarmuvek-termekeletciklusanak-megertese-a-marketingben\/\" aria-label=\"Read more about Hogyan jutnak el az aut\u00f3k a gar\u00e1zsba: A g\u00e9pj\u00e1rm\u0171vek term\u00e9k\u00e9letciklus\u00e1nak meg\u00e9rt\u00e9se a marketingben\">Read more<\/a><\/p>\n","protected":false},"author":2404,"featured_media":0,"comment_status":"closed","ping_status":"closed","sticky":false,"template":"","format":"standard","meta":{"footnotes":""},"categories":[6],"tags":[],"class_list":["post-11084","post","type-post","status-publish","format-standard","hentry","category-reklam-es-marketing"],"_links":{"self":[{"href":"https:\/\/megnyitasa.com\/tudas\/wp-json\/wp\/v2\/posts\/11084","targetHints":{"allow":["GET"]}}],"collection":[{"href":"https:\/\/megnyitasa.com\/tudas\/wp-json\/wp\/v2\/posts"}],"about":[{"href":"https:\/\/megnyitasa.com\/tudas\/wp-json\/wp\/v2\/types\/post"}],"author":[{"embeddable":true,"href":"https:\/\/megnyitasa.com\/tudas\/wp-json\/wp\/v2\/users\/2404"}],"replies":[{"embeddable":true,"href":"https:\/\/megnyitasa.com\/tudas\/wp-json\/wp\/v2\/comments?post=11084"}],"version-history":[{"count":0,"href":"https:\/\/megnyitasa.com\/tudas\/wp-json\/wp\/v2\/posts\/11084\/revisions"}],"wp:attachment":[{"href":"https:\/\/megnyitasa.com\/tudas\/wp-json\/wp\/v2\/media?parent=11084"}],"wp:term":[{"taxonomy":"category","embeddable":true,"href":"https:\/\/megnyitasa.com\/tudas\/wp-json\/wp\/v2\/categories?post=11084"},{"taxonomy":"post_tag","embeddable":true,"href":"https:\/\/megnyitasa.com\/tudas\/wp-json\/wp\/v2\/tags?post=11084"}],"curies":[{"name":"wp","href":"https:\/\/api.w.org\/{rel}","templated":true}]}}