{"id":1111,"date":"2023-04-24T00:00:00","date_gmt":"2023-04-24T00:00:00","guid":{"rendered":"https:\/\/megnyitasa.com\/tudas\/a-ter-maximalizalasa\/"},"modified":"2023-04-24T00:00:00","modified_gmt":"2023-04-24T00:00:00","slug":"a-ter-maximalizalasa","status":"publish","type":"post","link":"https:\/\/megnyitasa.com\/tudas\/a-ter-maximalizalasa\/","title":{"rendered":"A t\u00e9r maximaliz\u00e1l\u00e1sa:"},"content":{"rendered":"<div class=\"articlecontent\">\n<div class=\"newlinediv\"><\/div>\n<p> Amikor egy kis kereskedelmi konyha tervez\u00e9s\u00e9r\u0151l van sz\u00f3, minden centim\u00e9ter sz\u00e1m\u00edt. Mivel a hely korl\u00e1tozott, fontos, hogy a lehet\u0151 legt\u00f6bbet hozza ki abb\u00f3l, amije van, ugyanakkor biztos\u00edtsa, hogy a konyha hat\u00e9kony \u00e9s funkcion\u00e1lis legyen. Ak\u00e1r \u00faj \u00e9ttermet ind\u00edt, ak\u00e1r megl\u00e9v\u0151 \u00e9tterm\u00e9t \u00faj\u00edtja fel, \u00edme n\u00e9h\u00e1ny tipp egy kis kereskedelmi konyha kialak\u00edt\u00e1s\u00e1hoz. <\/p>\n<div class=\"title\"> 1. Tervezze meg az elrendez\u00e9st <\/div>\n<p> Miel\u0151tt elkezden\u00e9 a berendez\u00e9sek \u00e9s berendez\u00e9si t\u00e1rgyak beszerz\u00e9s\u00e9t, fontos megtervezni a kis kereskedelmi konyha elrendez\u00e9s\u00e9t. Vegye figyelembe a konyha \u00e1raml\u00e1s\u00e1t \u00e9s azt, hogy a szem\u00e9lyzet hogyan fog mozogni a t\u00e9rben. Gy\u0151z\u0151dj\u00f6n meg r\u00f3la, hogy elegend\u0151 hely \u00e1ll rendelkez\u00e9sre az emberek k\u00e9nyelmes munkav\u00e9gz\u00e9s\u00e9hez, \u00e9s a berendez\u00e9sek strat\u00e9giai helyeken t\u00f6rt\u00e9n\u0151 elhelyez\u00e9s\u00e9hez. \u00c9rdemes konzult\u00e1lnia egy professzion\u00e1lis konyhatervez\u0151vel, hogy seg\u00edtsen a lehet\u0151 legt\u00f6bbet kihozni a t\u00e9rb\u0151l. <\/p>\n<div class=\"title\"> 2. V\u00e1lassza ki a megfelel\u0151 berendez\u00e9seket <\/div>\n<p> Ha a hely korl\u00e1tozott, fontos, hogy olyan berendez\u00e9seket v\u00e1lasszon, amelyek kompaktak \u00e9s hat\u00e9konyak. Keressen olyan k\u00e9sz\u00fcl\u00e9keket \u00e9s berendez\u00e9si t\u00e1rgyakat, amelyeket kifejezetten kis m\u00e9ret\u0171 kereskedelmi konyh\u00e1khoz terveztek. P\u00e9ld\u00e1ul egy pultra szerelhet\u0151 s\u00fct\u0151lap jobb v\u00e1laszt\u00e1s lehet, mint egy teljes m\u00e9ret\u0171 t\u0171zhely. Fontolja meg, hogy olyan multifunkci\u00f3s berendez\u00e9sekbe fektessen be, amelyek t\u00f6bb feladatot is el tudnak l\u00e1tni, mint p\u00e9ld\u00e1ul egy kombin\u00e1lt s\u00fct\u0151 vagy egy be\u00e9p\u00edtett grills\u00fct\u0151vel ell\u00e1tott t\u0171zhely. <\/p>\n<div class=\"title\"> 3. Maximaliz\u00e1lja a t\u00e1rol\u00e1st <\/div>\n<p> Egy kis kereskedelmi konyh\u00e1ban a t\u00e1rol\u00f3hely kih\u00edv\u00e1st jelenthet. A hely maxim\u00e1lis kihaszn\u00e1l\u00e1sa \u00e9rdek\u00e9ben fontolja meg olyan polcok \u00e9s szekr\u00e9nyek beszerel\u00e9s\u00e9t, amelyek eg\u00e9szen a mennyezetig \u00e9rnek. Haszn\u00e1lja ki a rendelkez\u00e9sre \u00e1ll\u00f3 hely minden centim\u00e9ter\u00e9t, bele\u00e9rtve a pult alatti ter\u00fcleteket \u00e9s a sarkokat is. Fontolja meg a mobil t\u00e1rol\u00f3egys\u00e9gek beszerz\u00e9s\u00e9t, amelyek sz\u00fcks\u00e9g szerint mozgathat\u00f3k a konyh\u00e1ban. <\/p>\n<div class=\"title\"> 4. Optimaliz\u00e1lja a vil\u00e1g\u00edt\u00e1st <\/div>\n<p> A vil\u00e1g\u00edt\u00e1s minden konyh\u00e1ban fontos t\u00e9nyez\u0151, de k\u00fcl\u00f6n\u00f6sen fontos egy kis kereskedelmi konyh\u00e1ban. A j\u00f3 megvil\u00e1g\u00edt\u00e1s seg\u00edthet abban, hogy a t\u00e9r nagyobbnak \u00e9s nyitottabbnak t\u0171nj\u00f6n. Gondoskodjon arr\u00f3l, hogy a konyh\u00e1ban sok term\u00e9szetes f\u00e9ny legyen, \u00e9s szereljen fel feladatvil\u00e1g\u00edt\u00e1st azokon a ter\u00fcleteken, ahol a szem\u00e9lyzet dolgozni fog. Az energiak\u00f6lts\u00e9gek megtakar\u00edt\u00e1sa \u00e9rdek\u00e9ben fontolja meg az energiatakar\u00e9kos LED-es vil\u00e1g\u00edt\u00e1s haszn\u00e1lat\u00e1t. <\/p>\n<div class=\"newlinediv\"><\/div>\n<p> \u00d6sszefoglalva, egy kis kereskedelmi konyha kialak\u00edt\u00e1sa gondos tervez\u00e9st \u00e9s megfontol\u00e1st ig\u00e9nyel. A hely maximaliz\u00e1l\u00e1s\u00e1val, a megfelel\u0151 berendez\u00e9sek kiv\u00e1laszt\u00e1s\u00e1val, a t\u00e1rol\u00e1s optimaliz\u00e1l\u00e1s\u00e1val \u00e9s a vil\u00e1g\u00edt\u00e1s optimaliz\u00e1l\u00e1s\u00e1val olyan funkcion\u00e1lis \u00e9s hat\u00e9kony konyh\u00e1t hozhat l\u00e9tre, amely megfelel a v\u00e1llalkoz\u00e1s ig\u00e9nyeinek. Egy kis kreativit\u00e1ssal \u00e9s n\u00e9h\u00e1ny szak\u00e9rt\u0151i tan\u00e1ccsal olyan kis kereskedelmi konyh\u00e1t hozhat l\u00e9tre, amely egyszerre praktikus \u00e9s vizu\u00e1lisan vonz\u00f3.<\/p><\/div>\n<div class=\"questions\">\n<div class=\"questionstitle\">FAQ<\/div>\n<div class=\"question\">\n<div class=\"qtitle\"> Mi a kereskedelmi konyha hat \u00f6sszetev\u0151je?<\/div>\n<p> Egy kereskedelmi konyha jellemz\u0151en hat alapvet\u0151 \u00f6sszetev\u0151b\u0151l \u00e1ll, amelyek z\u00f6kken\u0151mentesen egy\u00fcttm\u0171k\u00f6dve funkcion\u00e1lis \u00e9s hat\u00e9kony munkater\u00fcletet hoznak l\u00e9tre az \u00e9telk\u00e9sz\u00edt\u00e9shez \u00e9s f\u0151z\u00e9shez. Ezek az \u00f6sszetev\u0151k a k\u00f6vetkez\u0151k: <\/p>\n<div class=\"newlinediv\"><\/div>\n<p> 1. F\u0151z\u0151- \u00e9s s\u00fct\u0151berendez\u00e9sek: Ez az \u00f6sszetev\u0151 mag\u00e1ban foglalja a f\u0151z\u00e9shez, s\u00fct\u00e9shez \u00e9s \u00e9telk\u00e9sz\u00edt\u00e9shez sz\u00fcks\u00e9ges \u00f6sszes k\u00e9sz\u00fcl\u00e9ket \u00e9s eszk\u00f6zt, p\u00e9ld\u00e1ul s\u00fct\u0151ket, t\u0171zhelyeket, s\u00fct\u0151lapokat, grillez\u0151ket, frit\u0151z\u00f6ket, kever\u0151ket \u00e9s \u00e9lelmiszer-feldolgoz\u00f3kat. <\/p>\n<div class=\"newlinediv\"><\/div>\n<p> 2. H\u0171t\u0151 \u00e9s fagyaszt\u00f3 berendez\u00e9sek: Ez a komponens mag\u00e1ban foglalja az \u00e9lelmiszerek, italok \u00e9s \u00f6sszetev\u0151k biztons\u00e1gos t\u00e1rol\u00e1s\u00e1hoz sz\u00fcks\u00e9ges \u00f6sszes h\u0171t\u0151- \u00e9s fagyaszt\u00f3egys\u00e9get. Ide tartoznak a h\u0171t\u0151szekr\u00e9nyek, a h\u0171t\u0151szekr\u00e9nyek \u00e9s a fagyaszt\u00f3k. <\/p>\n<div class=\"newlinediv\"><\/div>\n<p> 3. \u00c9lelmiszer-el\u0151k\u00e9sz\u00edt\u0151 \u00e1llom\u00e1sok: Ez a komponens mag\u00e1ban foglalja az \u00f6sszes olyan munka\u00e1llom\u00e1st \u00e9s fel\u00fcletet, ahol az \u00e9lelmiszereket el\u0151k\u00e9sz\u00edtik, feldarabolj\u00e1k \u00e9s \u00f6sszeszerelik. Ide tartoznak az el\u0151k\u00e9sz\u00edt\u0151 asztalok, v\u00e1g\u00f3deszk\u00e1k, mosogat\u00f3k \u00e9s polcok. <\/p>\n<div class=\"newlinediv\"><\/div>\n<p> 4. T\u00e1rol\u00f3ter\u00fcletek: Ez a komponens mag\u00e1ban foglalja az \u00f6sszes olyan t\u00e1rol\u00f3helyet, amely az \u00f6sszetev\u0151k, eszk\u00f6z\u00f6k \u00e9s berendez\u00e9sek rendszerez\u00e9s\u00e9hez \u00e9s t\u00e1rol\u00e1s\u00e1hoz sz\u00fcks\u00e9ges. Ide tartoznak az \u00e9l\u00e9skamra polcai, szekr\u00e9nyei \u00e9s fi\u00f3kjai. <\/p>\n<div class=\"newlinediv\"><\/div>\n<p> 5. Mosogat\u00f3\u00e1llom\u00e1sok: Ez a komponens mag\u00e1ban foglalja az ed\u00e9nyek, eszk\u00f6z\u00f6k \u00e9s f\u0151z\u0151ed\u00e9nyek mosogat\u00e1s\u00e1hoz \u00e9s fert\u0151tlen\u00edt\u00e9s\u00e9hez sz\u00fcks\u00e9ges \u00f6sszes berendez\u00e9st \u00e9s felszerel\u00e9st, p\u00e9ld\u00e1ul mosogat\u00f3g\u00e9peket, mosogat\u00f3kat \u00e9s sz\u00e1r\u00edt\u00f3\u00e1llv\u00e1nyokat. <\/p>\n<div class=\"newlinediv\"><\/div>\n<p> 6. Szell\u0151z\u0151- \u00e9s elsz\u00edv\u00f3rendszer: Ez a komponens mag\u00e1ban foglalja a tiszta \u00e9s biztons\u00e1gos munkak\u00f6rnyezet biztos\u00edt\u00e1s\u00e1hoz sz\u00fcks\u00e9ges \u00f6sszes szell\u0151z\u0151 \u00e9s elsz\u00edv\u00f3 berendez\u00e9st. Ide tartoznak a p\u00e1raelsz\u00edv\u00f3k, ventil\u00e1torok \u00e9s csatornarendszerek, amelyek elt\u00e1vol\u00edtj\u00e1k a h\u0151t, a f\u00fcst\u00f6t \u00e9s a f\u0151z\u00e9si szagokat a konyh\u00e1b\u00f3l. <\/p>\n<\/div>\n<div class=\"question\">\n<div class=\"qtitle\"> Milyen kicsi lehet egy kereskedelmi konyha?<\/div>\n<p> Egy kereskedelmi konyha m\u00e9rete sz\u00e1mos t\u00e9nyez\u0151t\u0151l f\u00fcgg, p\u00e9ld\u00e1ul az \u00e9lelmiszeripari tev\u00e9kenys\u00e9g t\u00edpus\u00e1t\u00f3l, a men\u00fct\u0151l, az \u00fcgyfelek sz\u00e1m\u00e1t\u00f3l \u00e9s a rendelkez\u00e9sre \u00e1ll\u00f3 helyt\u0151l. Vannak azonban bizonyos minim\u00e1lis k\u00f6vetelm\u00e9nyek, amelyeket egy kereskedelmi konyh\u00e1nak teljes\u00edtenie kell, hogy megfeleljen az eg\u00e9szs\u00e9g\u00fcgyi \u00e9s biztons\u00e1gi el\u0151\u00edr\u00e1soknak. <\/p>\n<div class=\"newlinediv\"><\/div>\n<p> A Nemzeti T\u0171zv\u00e9delmi Sz\u00f6vets\u00e9g (NFPA) szerint egy kereskedelmi konyha minim\u00e1lis m\u00e9rete legal\u00e1bb 200 n\u00e9gyzetl\u00e1b. Ez mag\u00e1ban foglal legal\u00e1bb 50 n\u00e9gyzetm\u00e9tert az \u00e9telk\u00e9sz\u00edt\u00e9sre, 50 n\u00e9gyzetm\u00e9tert a f\u0151z\u0151berendez\u00e9sekre, \u00e9s 100 n\u00e9gyzetm\u00e9tert a t\u00e1rol\u00e1sra \u00e9s a h\u0171t\u00e9sre. <\/p>\n<div class=\"newlinediv\"><\/div>\n<p> Ez a minim\u00e1lis m\u00e9ret azonban nem elegend\u0151 a legt\u00f6bb vend\u00e9gl\u00e1t\u00f3ipari tev\u00e9kenys\u00e9ghez. Egy tipikus kis \u00e9tterem vagy k\u00e1v\u00e9z\u00f3 k\u00f6r\u00fclbel\u00fcl 500-1000 n\u00e9gyzetl\u00e1b m\u00e9ret\u0171 konyh\u00e1t ig\u00e9nyel. Ez mag\u00e1ban foglaln\u00e1 az \u00e9telk\u00e9sz\u00edt\u00e9shez, f\u0151z\u00e9shez, t\u00e1rol\u00e1shoz, mosogat\u00e1shoz \u00e9s egy\u00e9b sz\u00fcks\u00e9ges berendez\u00e9sekhez sz\u00fcks\u00e9ges helyet. <\/p>\n<div class=\"newlinediv\"><\/div>\n<p> Fontos megjegyezni, hogy a kereskedelmi konyha m\u00e9ret\u00e9t a vend\u00e9gl\u00e1t\u00f3ipari tev\u00e9kenys\u00e9g egyedi ig\u00e9nyei alapj\u00e1n kell megtervezni. A konyha ide\u00e1lis m\u00e9ret\u00e9nek meghat\u00e1roz\u00e1s\u00e1hoz alaposan elemezni kell a men\u00fct, az \u00fcgyfelek sz\u00e1m\u00e1t \u00e9s a munkafolyamatokat. <\/p>\n<div class=\"newlinediv\"><\/div>\n<p> \u00d6sszefoglalva, egy kereskedelmi konyha minim\u00e1lis m\u00e9rete 200 n\u00e9gyzetl\u00e1b, de a t\u00e9nylegesen sz\u00fcks\u00e9ges m\u00e9ret az \u00e9lelmiszer-szolg\u00e1ltat\u00f3 \u00fczem saj\u00e1tos ig\u00e9nyeit\u0151l f\u00fcgg.<\/p>\n<\/div>\n<\/div>\n","protected":false},"excerpt":{"rendered":"<p>Amikor egy kis kereskedelmi konyha tervez\u00e9s\u00e9r\u0151l van sz\u00f3, minden centim\u00e9ter sz\u00e1m\u00edt. Mivel a hely korl\u00e1tozott, fontos, hogy a lehet\u0151 legt\u00f6bbet hozza ki abb\u00f3l, amije van, ugyanakkor biztos\u00edtsa, hogy a konyha hat\u00e9kony \u00e9s funkcion\u00e1lis legyen. Ak\u00e1r \u00faj \u00e9ttermet ind\u00edt, ak\u00e1r megl\u00e9v\u0151 \u00e9tterm\u00e9t \u00faj\u00edtja fel, \u00edme n\u00e9h\u00e1ny tipp egy kis kereskedelmi konyha kialak\u00edt\u00e1s\u00e1hoz. 1. Tervezze meg az &#8230; <a title=\"A t\u00e9r maximaliz\u00e1l\u00e1sa:\" class=\"read-more\" href=\"https:\/\/megnyitasa.com\/tudas\/a-ter-maximalizalasa\/\" aria-label=\"Read more about A t\u00e9r maximaliz\u00e1l\u00e1sa:\">Read more<\/a><\/p>\n","protected":false},"author":926,"featured_media":0,"comment_status":"closed","ping_status":"closed","sticky":false,"template":"","format":"standard","meta":{"footnotes":""},"categories":[18],"tags":[],"class_list":["post-1111","post","type-post","status-publish","format-standard","hentry","category-uzleti-tervezes-es-strategia"],"_links":{"self":[{"href":"https:\/\/megnyitasa.com\/tudas\/wp-json\/wp\/v2\/posts\/1111","targetHints":{"allow":["GET"]}}],"collection":[{"href":"https:\/\/megnyitasa.com\/tudas\/wp-json\/wp\/v2\/posts"}],"about":[{"href":"https:\/\/megnyitasa.com\/tudas\/wp-json\/wp\/v2\/types\/post"}],"author":[{"embeddable":true,"href":"https:\/\/megnyitasa.com\/tudas\/wp-json\/wp\/v2\/users\/926"}],"replies":[{"embeddable":true,"href":"https:\/\/megnyitasa.com\/tudas\/wp-json\/wp\/v2\/comments?post=1111"}],"version-history":[{"count":0,"href":"https:\/\/megnyitasa.com\/tudas\/wp-json\/wp\/v2\/posts\/1111\/revisions"}],"wp:attachment":[{"href":"https:\/\/megnyitasa.com\/tudas\/wp-json\/wp\/v2\/media?parent=1111"}],"wp:term":[{"taxonomy":"category","embeddable":true,"href":"https:\/\/megnyitasa.com\/tudas\/wp-json\/wp\/v2\/categories?post=1111"},{"taxonomy":"post_tag","embeddable":true,"href":"https:\/\/megnyitasa.com\/tudas\/wp-json\/wp\/v2\/tags?post=1111"}],"curies":[{"name":"wp","href":"https:\/\/api.w.org\/{rel}","templated":true}]}}