{"id":11165,"date":"2023-04-24T00:00:00","date_gmt":"2023-04-24T00:00:00","guid":{"rendered":"https:\/\/megnyitasa.com\/tudas\/az-uzleti-novekedes-maximalizalasa-a-koncentrikus-diverzifikacio-elonyei\/"},"modified":"2023-04-24T00:00:00","modified_gmt":"2023-04-24T00:00:00","slug":"az-uzleti-novekedes-maximalizalasa-a-koncentrikus-diverzifikacio-elonyei","status":"publish","type":"post","link":"https:\/\/megnyitasa.com\/tudas\/az-uzleti-novekedes-maximalizalasa-a-koncentrikus-diverzifikacio-elonyei\/","title":{"rendered":"Az \u00fczleti n\u00f6veked\u00e9s maximaliz\u00e1l\u00e1sa: A koncentrikus diverzifik\u00e1ci\u00f3 el\u0151nyei"},"content":{"rendered":"<div class=\"articlecontent\">\n<div class=\"newlinediv\"><\/div>\n<p> A v\u00e1llalkoz\u00e1soknak sz\u00e1mos kih\u00edv\u00e1ssal kell szemben\u00e9zni\u00fck a mai versenyhelyzetben, a gyorsan v\u00e1ltoz\u00f3 technol\u00f3gi\u00e1kt\u00f3l kezdve a v\u00e1ltoz\u00f3 v\u00e1s\u00e1rl\u00f3i ig\u00e9nyekig. Az \u00e9len marad\u00e1shoz a v\u00e1llalatoknak folyamatosan \u00faj piacokat \u00e9s lehet\u0151s\u00e9geket kell felt\u00e1rniuk. Ennek \u00e9rdek\u00e9ben sok v\u00e1llalat a diverzifik\u00e1ci\u00f3hoz fordul. A diverzifik\u00e1ci\u00f3nak k\u00e9t f\u0151 t\u00edpusa van: a koncentrikus \u00e9s a konglomer\u00e1tum. Ebben a cikkben a koncentrikus diverzifik\u00e1ci\u00f3 el\u0151nyeire \u00f6sszpontos\u00edtunk. <\/p>\n<div class=\"newlinediv\"><\/div>\n<p> A koncentrikus diverzifik\u00e1ci\u00f3 az, amikor egy v\u00e1llalat olyan \u00faj piacokra terjeszkedik, amelyek kapcsol\u00f3dnak a megl\u00e9v\u0151 \u00fczlet\u00e1g\u00e1hoz. P\u00e9ld\u00e1ul egy sportcip\u0151ket gy\u00e1rt\u00f3 v\u00e1llalat diverzifik\u00e1l\u00f3dhat sportruh\u00e1zat gy\u00e1rt\u00e1s\u00e1val. Ez a fajta diverzifik\u00e1ci\u00f3 lehet\u0151v\u00e9 teszi a v\u00e1llalatok sz\u00e1m\u00e1ra, hogy kihaszn\u00e1lj\u00e1k megl\u00e9v\u0151 er\u0151forr\u00e1saikat \u00e9s k\u00e9pess\u00e9geiket, ami sz\u00e1mos el\u0151nnyel j\u00e1rhat. <\/p>\n<div class=\"newlinediv\"><\/div>\n<p> El\u0151sz\u00f6r is, a kapcsol\u00f3d\u00f3 piacokra t\u00f6rt\u00e9n\u0151 diverzifik\u00e1ci\u00f3 r\u00e9v\u00e9n a v\u00e1llalatok kihaszn\u00e1lhatj\u00e1k a m\u00e9retgazdas\u00e1goss\u00e1gi el\u0151ny\u00f6ket. Ez azt jelenti, hogy a v\u00e1llalat felhaszn\u00e1lhatja megl\u00e9v\u0151 er\u0151forr\u00e1sait, p\u00e9ld\u00e1ul a gy\u00e1rt\u00f3\u00fczemeket \u00e9s a forgalmaz\u00e1si csatorn\u00e1kat az \u00faj term\u00e9kek el\u0151\u00e1ll\u00edt\u00e1s\u00e1hoz \u00e9s forgalmaz\u00e1s\u00e1hoz. Ez k\u00f6lts\u00e9gmegtakar\u00edt\u00e1st \u00e9s nagyobb hat\u00e9konys\u00e1got eredm\u00e9nyezhet. <\/p>\n<div class=\"newlinediv\"><\/div>\n<p> M\u00e1sodszor, a koncentrikus diverzifik\u00e1ci\u00f3 seg\u00edthet a v\u00e1llalatoknak a kock\u00e1zat cs\u00f6kkent\u00e9s\u00e9ben. A kapcsol\u00f3d\u00f3 piacokra t\u00f6rt\u00e9n\u0151 diverzifik\u00e1ci\u00f3 r\u00e9v\u00e9n a v\u00e1llalat kev\u00e9sb\u00e9 f\u00fcgg egyetlen term\u00e9kt\u0151l vagy piact\u00f3l. Ez seg\u00edthet cs\u00f6kkenteni a kereslet ingadoz\u00e1s\u00e1nak vagy a fogyaszt\u00f3i preferenci\u00e1k v\u00e1ltoz\u00e1s\u00e1nak hat\u00e1s\u00e1t. <\/p>\n<div class=\"newlinediv\"><\/div>\n<p> Harmadszor, a koncentrikus diverzifik\u00e1ci\u00f3 seg\u00edthet a v\u00e1llalatoknak a piaci r\u00e9szesed\u00e9s n\u00f6vel\u00e9s\u00e9ben. A kapcsol\u00f3d\u00f3 piacokra val\u00f3 terjeszked\u00e9ssel a v\u00e1llalat \u00faj v\u00e1s\u00e1rl\u00f3kat vonzhat, akik esetleg nem \u00e9rdekl\u0151dtek volna a megl\u00e9v\u0151 term\u00e9kei ir\u00e1nt. Ez a bev\u00e9tel \u00e9s a nyeres\u00e9g n\u00f6veked\u00e9s\u00e9hez vezethet. <\/p>\n<div class=\"newlinediv\"><\/div>\n<p> V\u00e9g\u00fcl a koncentrikus diverzifik\u00e1ci\u00f3 seg\u00edthet a v\u00e1llalatoknak a m\u00e1rka\u00e9rt\u00e9k \u00e9p\u00edt\u00e9s\u00e9ben. A kapcsol\u00f3d\u00f3 piacokra val\u00f3 terjeszked\u00e9ssel a v\u00e1llalat meger\u0151s\u00edtheti m\u00e1rk\u00e1j\u00e1t \u00e9s h\u00edrnev\u00e9t. Ez megn\u00f6vekedett bizalomhoz \u00e9s lojalit\u00e1shoz vezethet az \u00fcgyfelek k\u00f6r\u00e9ben, ami seg\u00edthet az \u00e9rt\u00e9kes\u00edt\u00e9s n\u00f6vel\u00e9s\u00e9ben \u00e9s a hossz\u00fa t\u00e1v\u00fa \u00e9rt\u00e9kteremt\u00e9sben. <\/p>\n<div class=\"newlinediv\"><\/div>\n<p> \u00d6sszefoglalva, a koncentrikus diverzifik\u00e1ci\u00f3 sz\u00e1mos el\u0151nnyel j\u00e1rhat a n\u00f6veked\u00e9s \u00e9s a nyeres\u00e9gess\u00e9g maximaliz\u00e1l\u00e1s\u00e1ra t\u00f6rekv\u0151 v\u00e1llalatok sz\u00e1m\u00e1ra. A megl\u00e9v\u0151 er\u0151forr\u00e1sok \u00e9s k\u00e9pess\u00e9gek kihaszn\u00e1l\u00e1s\u00e1val, a kock\u00e1zat cs\u00f6kkent\u00e9s\u00e9vel, a piaci r\u00e9szesed\u00e9s n\u00f6vel\u00e9s\u00e9vel \u00e9s a m\u00e1rka\u00e9rt\u00e9k \u00e9p\u00edt\u00e9s\u00e9vel a v\u00e1llalatok hossz\u00fa t\u00e1von sikeress\u00e9 tehetik magukat.<\/p><\/div>\n<div class=\"questions\">\n<div class=\"questionstitle\">FAQ<\/div>\n<div class=\"question\">\n<div class=\"qtitle\"> Mi az a koncentrikus diverzifik\u00e1ci\u00f3?<\/div>\n<p> A koncentrikus diverzifik\u00e1ci\u00f3 olyan \u00fczleti strat\u00e9gia, amelynek sor\u00e1n egy v\u00e1llalat a term\u00e9kk\u00edn\u00e1lat\u00e1t vagy szolg\u00e1ltat\u00e1sait kapcsol\u00f3d\u00f3 piacokra vagy ipar\u00e1gakra terjeszti ki. Ez a fajta diverzifik\u00e1ci\u00f3 mag\u00e1ban foglalja a megl\u00e9v\u0151 er\u0151forr\u00e1sok \u00e9s k\u00e9pess\u00e9gek kihaszn\u00e1l\u00e1s\u00e1t a v\u00e1llalat jelenlegi tev\u00e9kenys\u00e9g\u00e9hez hasonl\u00f3 \u00faj piacokra val\u00f3 bel\u00e9p\u00e9shez. <\/p>\n<div class=\"newlinediv\"><\/div>\n<p> M\u00e1s sz\u00f3val a koncentrikus diverzifik\u00e1ci\u00f3 olyan \u00faj piacokra val\u00f3 bel\u00e9p\u00e9st jelent, amelyek kieg\u00e9sz\u00edtik a v\u00e1llalat megl\u00e9v\u0151 term\u00e9keit vagy szolg\u00e1ltat\u00e1sait. P\u00e9ld\u00e1ul egy sportcip\u0151ket gy\u00e1rt\u00f3 v\u00e1llalat diverzifik\u00e1lhatja a sportruh\u00e1zat piac\u00e1t az\u00e1ltal, hogy a megl\u00e9v\u0151 term\u00e9kcsal\u00e1dj\u00e1hoz kapcsol\u00f3d\u00f3 ruh\u00e1zatot \u00e9s kieg\u00e9sz\u00edt\u0151ket k\u00edn\u00e1l. Ez a megk\u00f6zel\u00edt\u00e9s lehet\u0151v\u00e9 teszi a v\u00e1llalat sz\u00e1m\u00e1ra, hogy kihaszn\u00e1lja a megl\u00e9v\u0151 m\u00e1rka ismerts\u00e9g\u00e9t \u00e9s \u00fcgyf\u00e9lk\u00f6r\u00e9t, mik\u00f6zben b\u0151v\u00edti bev\u00e9teli forr\u00e1sait. <\/p>\n<div class=\"newlinediv\"><\/div>\n<p> A koncentrikus diverzifik\u00e1ci\u00f3t gyakran a diverzifik\u00e1ci\u00f3 kev\u00e9sb\u00e9 kock\u00e1zatos form\u00e1j\u00e1nak tekintik a nem kapcsol\u00f3d\u00f3 diverzifik\u00e1ci\u00f3hoz k\u00e9pest, amely teljesen \u00faj \u00e9s nem kapcsol\u00f3d\u00f3 piacokra val\u00f3 bel\u00e9p\u00e9st jelent. A kapcsol\u00f3d\u00f3 piacokra \u00f6sszpontos\u00edtva a v\u00e1llalatok gyakran kihaszn\u00e1lhatj\u00e1k a m\u00e9retgazdas\u00e1goss\u00e1gi el\u0151ny\u00f6ket, megoszthatj\u00e1k er\u0151forr\u00e1saikat, \u00e9s hasznot h\u00fazhatnak a kereszt\u00e9rt\u00e9kes\u00edt\u00e9si lehet\u0151s\u00e9gekb\u0151l. <\/p>\n<div class=\"newlinediv\"><\/div>\n<p> \u00d6sszess\u00e9g\u00e9ben a koncentrikus diverzifik\u00e1ci\u00f3 olyan strat\u00e9giai megk\u00f6zel\u00edt\u00e9s, amely a kapcsol\u00f3d\u00f3 piacokon val\u00f3 terjeszked\u00e9s r\u00e9v\u00e9n seg\u00edtheti a v\u00e1llalatokat \u00fczleti tev\u00e9kenys\u00e9g\u00fck n\u00f6vel\u00e9s\u00e9ben \u00e9s versenyel\u0151ny\u00fck n\u00f6vel\u00e9s\u00e9ben. <\/p>\n<\/div>\n<div class=\"question\">\n<div class=\"qtitle\"> Mi\u00e9rt jobb a koncentrikus diverzifik\u00e1ci\u00f3, mint a konglomer\u00e1tum diverzifik\u00e1ci\u00f3?<\/div>\n<p> A koncentrikus diverzifik\u00e1ci\u00f3t gyakran jobbnak tartj\u00e1k a konglomer\u00e1tum-diverzifik\u00e1ci\u00f3n\u00e1l, mivel a v\u00e1llalat term\u00e9kcsal\u00e1dj\u00e1nak vagy szolg\u00e1ltat\u00e1si k\u00edn\u00e1lat\u00e1nak kapcsol\u00f3d\u00f3 ter\u00fcletekre vagy ipar\u00e1gakra val\u00f3 kiterjeszt\u00e9s\u00e9t jelenti. Ez azt jelenti, hogy a v\u00e1llalat a megl\u00e9v\u0151 tud\u00e1s\u00e1t, tapasztalat\u00e1t \u00e9s er\u0151forr\u00e1sait felhaszn\u00e1lva \u00faj piacokra l\u00e9phet be, ami nagyobb hat\u00e9konys\u00e1got \u00e9s nyeres\u00e9gess\u00e9get eredm\u00e9nyezhet. <\/p>\n<div class=\"newlinediv\"><\/div>\n<p> P\u00e9ld\u00e1ul egy bio\u00e9lelmiszereket gy\u00e1rt\u00f3 v\u00e1llalat b\u0151v\u00edtheti term\u00e9kcsal\u00e1dj\u00e1t term\u00e9szetes \u00e9trend-kieg\u00e9sz\u00edt\u0151kkel vagy k\u00f6rnyezetbar\u00e1t h\u00e1ztart\u00e1si tiszt\u00edt\u00f3szerekkel. Mivel ezek a term\u00e9kek kapcsol\u00f3dnak a v\u00e1llalat megl\u00e9v\u0151 k\u00edn\u00e1lat\u00e1hoz, a v\u00e1llalat felhaszn\u00e1lhatja megl\u00e9v\u0151 \u00e9rt\u00e9kes\u00edt\u00e9si csatorn\u00e1it, marketingstrat\u00e9gi\u00e1it \u00e9s \u00fcgyf\u00e9lk\u00f6r\u00e9t ezen \u00faj term\u00e9kek n\u00e9pszer\u0171s\u00edt\u00e9s\u00e9re \u00e9s \u00e9rt\u00e9kes\u00edt\u00e9s\u00e9re. Emellett a v\u00e1llalat megoszthatja tud\u00e1s\u00e1t \u00e9s szak\u00e9rtelm\u00e9t a k\u00fcl\u00f6nb\u00f6z\u0151 term\u00e9kcsal\u00e1dok k\u00f6z\u00f6tt, ami gyorsabb term\u00e9kfejleszt\u00e9st \u00e9s jobb \u00fcgyf\u00e9lkiszolg\u00e1l\u00e1st eredm\u00e9nyezhet. <\/p>\n<div class=\"newlinediv\"><\/div>\n<p> Ezzel szemben a konglomer\u00e1tum-diverzifik\u00e1ci\u00f3 sor\u00e1n a v\u00e1llalat nem kapcsol\u00f3d\u00f3 ipar\u00e1gakba vagy piacokra terjeszkedik. Ez kock\u00e1zatosabb lehet, mivel a v\u00e1llalat nem felt\u00e9tlen\u00fcl rendelkezik azonos szint\u0171 tud\u00e1ssal vagy szak\u00e9rtelemmel ezeken az \u00faj ter\u00fcleteken. Ezenk\u00edv\u00fcl a v\u00e1llalatnak \u00faj \u00e9rt\u00e9kes\u00edt\u00e9si csatorn\u00e1kat, marketingstrat\u00e9gi\u00e1kat \u00e9s \u00fcgyf\u00e9lk\u00f6rt kell kialak\u00edtania ezen \u00faj term\u00e9kek vagy szolg\u00e1ltat\u00e1sok sz\u00e1m\u00e1ra, ami id\u0151ig\u00e9nyes \u00e9s k\u00f6lts\u00e9ges lehet. <\/p>\n<div class=\"newlinediv\"><\/div>\n<p> \u00d6sszess\u00e9g\u00e9ben a koncentrikus diverzifik\u00e1ci\u00f3 lehet\u0151v\u00e9 teszi a v\u00e1llalat sz\u00e1m\u00e1ra, hogy b\u0151v\u00edtse k\u00edn\u00e1lat\u00e1t, mik\u00f6zben kihaszn\u00e1lja megl\u00e9v\u0151 er\u0151forr\u00e1sait \u00e9s szak\u00e9rtelm\u00e9t, ami nagyobb hat\u00e9konys\u00e1got \u00e9s nyeres\u00e9gess\u00e9get eredm\u00e9nyezhet. Ek\u00f6zben a konglomer\u00e1tum-diverzifik\u00e1ci\u00f3 kock\u00e1zatosabb lehet, \u00e9s t\u00f6bb id\u0151t \u00e9s er\u0151forr\u00e1st ig\u00e9nyelhet az \u00faj piacokra val\u00f3 bel\u00e9p\u00e9s. <\/p>\n<\/div>\n<div class=\"question\">\n<div class=\"qtitle\"> Melyik v\u00e1llalat alkalmazza a koncentrikus diverzifik\u00e1ci\u00f3t?<\/div>\n<p> A koncentrikus diverzifik\u00e1ci\u00f3 olyan strat\u00e9gia, amelynek sor\u00e1n a v\u00e1llalat a megl\u00e9v\u0151 term\u00e9keihez kapcsol\u00f3d\u00f3 \u00faj term\u00e9kekkel vagy szolg\u00e1ltat\u00e1sokkal b\u0151v\u00edti term\u00e9kpalett\u00e1j\u00e1t. Ez a strat\u00e9gia lehet\u0151v\u00e9 teszi a v\u00e1llalat sz\u00e1m\u00e1ra, hogy megl\u00e9v\u0151 er\u0151ss\u00e9geit \u00e9s er\u0151forr\u00e1sait kihaszn\u00e1lva \u00faj piacokra l\u00e9pjen be. <\/p>\n<div class=\"newlinediv\"><\/div>\n<p> A koncentrikus diverzifik\u00e1ci\u00f3t alkalmaz\u00f3 v\u00e1llalat a Samsung. A Samsung egy d\u00e9l-koreai multinacion\u00e1lis konglomer\u00e1tum, amely k\u00fcl\u00f6nb\u00f6z\u0151 ipar\u00e1gakban tev\u00e9kenykedik, bele\u00e9rtve az elektronik\u00e1t, a h\u00e1ztart\u00e1si k\u00e9sz\u00fcl\u00e9keket \u00e9s a t\u00e1vk\u00f6zl\u00e9st. A Samsung a koncentrikus diverzifik\u00e1ci\u00f3t arra haszn\u00e1lta, hogy b\u0151v\u00edtse term\u00e9kpalett\u00e1j\u00e1t \u00e9s \u00faj piacokra l\u00e9pjen be. A Samsung p\u00e9ld\u00e1ul elektronikai v\u00e1llalatk\u00e9nt indult, \u00e9s az\u00f3ta diverzifik\u00e1lta tev\u00e9kenys\u00e9g\u00e9t a h\u00e1ztart\u00e1si k\u00e9sz\u00fcl\u00e9kek, a t\u00e1vk\u00f6zl\u00e9s, s\u0151t az eg\u00e9szs\u00e9g\u00fcgy ter\u00fclet\u00e9n is. <\/p>\n<div class=\"newlinediv\"><\/div>\n<p> A Samsung h\u00e1ztart\u00e1si k\u00e9sz\u00fcl\u00e9kek fel\u00e9 t\u00f6rt\u00e9n\u0151 terjeszked\u00e9se logikus l\u00e9p\u00e9s volt, mivel m\u00e1r rendelkezett tapasztalattal az elektronikai alkatr\u00e9szek gy\u00e1rt\u00e1s\u00e1ban. Hasonl\u00f3k\u00e9ppen, a v\u00e1llalatnak a t\u00e1vk\u00f6zl\u00e9si ipar\u00e1gba val\u00f3 terjeszked\u00e9se term\u00e9szetes volt, mivel m\u00e1r rendelkezett szak\u00e9rtelemmel a vezet\u00e9k n\u00e9lk\u00fcli technol\u00f3gi\u00e1ban. <\/p>\n<div class=\"newlinediv\"><\/div>\n<p> A Samsung koncentrikus diverzifik\u00e1ci\u00f3s strat\u00e9gi\u00e1ja seg\u00edtett a v\u00e1llalatnak n\u00f6vekedni \u00e9s t\u00f6bb ipar\u00e1g vezet\u0151 szerepl\u0151j\u00e9v\u00e9 v\u00e1lni. Megl\u00e9v\u0151 er\u0151ss\u00e9geinek \u00e9s er\u0151forr\u00e1sainak kihaszn\u00e1l\u00e1s\u00e1val a Samsung k\u00e9pes volt \u00faj piacokra bel\u00e9pni, \u00e9s felvenni a versenyt a m\u00e1r megl\u00e9v\u0151 szerepl\u0151kkel.<\/p>\n<\/div>\n<\/div>\n","protected":false},"excerpt":{"rendered":"<p>A v\u00e1llalkoz\u00e1soknak sz\u00e1mos kih\u00edv\u00e1ssal kell szemben\u00e9zni\u00fck a mai versenyhelyzetben, a gyorsan v\u00e1ltoz\u00f3 technol\u00f3gi\u00e1kt\u00f3l kezdve a v\u00e1ltoz\u00f3 v\u00e1s\u00e1rl\u00f3i ig\u00e9nyekig. Az \u00e9len marad\u00e1shoz a v\u00e1llalatoknak folyamatosan \u00faj piacokat \u00e9s lehet\u0151s\u00e9geket kell felt\u00e1rniuk. Ennek \u00e9rdek\u00e9ben sok v\u00e1llalat a diverzifik\u00e1ci\u00f3hoz fordul. A diverzifik\u00e1ci\u00f3nak k\u00e9t f\u0151 t\u00edpusa van: a koncentrikus \u00e9s a konglomer\u00e1tum. Ebben a cikkben a koncentrikus diverzifik\u00e1ci\u00f3 el\u0151nyeire &#8230; <a title=\"Az \u00fczleti n\u00f6veked\u00e9s maximaliz\u00e1l\u00e1sa: A koncentrikus diverzifik\u00e1ci\u00f3 el\u0151nyei\" class=\"read-more\" href=\"https:\/\/megnyitasa.com\/tudas\/az-uzleti-novekedes-maximalizalasa-a-koncentrikus-diverzifikacio-elonyei\/\" aria-label=\"Read more about Az \u00fczleti n\u00f6veked\u00e9s maximaliz\u00e1l\u00e1sa: A koncentrikus diverzifik\u00e1ci\u00f3 el\u0151nyei\">Read more<\/a><\/p>\n","protected":false},"author":1070,"featured_media":0,"comment_status":"closed","ping_status":"closed","sticky":false,"template":"","format":"standard","meta":{"footnotes":""},"categories":[6],"tags":[],"class_list":["post-11165","post","type-post","status-publish","format-standard","hentry","category-reklam-es-marketing"],"_links":{"self":[{"href":"https:\/\/megnyitasa.com\/tudas\/wp-json\/wp\/v2\/posts\/11165","targetHints":{"allow":["GET"]}}],"collection":[{"href":"https:\/\/megnyitasa.com\/tudas\/wp-json\/wp\/v2\/posts"}],"about":[{"href":"https:\/\/megnyitasa.com\/tudas\/wp-json\/wp\/v2\/types\/post"}],"author":[{"embeddable":true,"href":"https:\/\/megnyitasa.com\/tudas\/wp-json\/wp\/v2\/users\/1070"}],"replies":[{"embeddable":true,"href":"https:\/\/megnyitasa.com\/tudas\/wp-json\/wp\/v2\/comments?post=11165"}],"version-history":[{"count":0,"href":"https:\/\/megnyitasa.com\/tudas\/wp-json\/wp\/v2\/posts\/11165\/revisions"}],"wp:attachment":[{"href":"https:\/\/megnyitasa.com\/tudas\/wp-json\/wp\/v2\/media?parent=11165"}],"wp:term":[{"taxonomy":"category","embeddable":true,"href":"https:\/\/megnyitasa.com\/tudas\/wp-json\/wp\/v2\/categories?post=11165"},{"taxonomy":"post_tag","embeddable":true,"href":"https:\/\/megnyitasa.com\/tudas\/wp-json\/wp\/v2\/tags?post=11165"}],"curies":[{"name":"wp","href":"https:\/\/api.w.org\/{rel}","templated":true}]}}