{"id":11863,"date":"2023-04-24T00:00:00","date_gmt":"2023-04-24T00:00:00","guid":{"rendered":"https:\/\/megnyitasa.com\/tudas\/a-kozossegi-media-csataja-facebook-fan-page-vs-app\/"},"modified":"2023-04-24T00:00:00","modified_gmt":"2023-04-24T00:00:00","slug":"a-kozossegi-media-csataja-facebook-fan-page-vs-app","status":"publish","type":"post","link":"https:\/\/megnyitasa.com\/tudas\/a-kozossegi-media-csataja-facebook-fan-page-vs-app\/","title":{"rendered":"A k\u00f6z\u00f6ss\u00e9gi m\u00e9dia csat\u00e1ja: Facebook Fan Page Vs. App"},"content":{"rendered":"<div class=\"articlecontent\">\n<div class=\"newlinediv\"><\/div>\n<p> A mai vil\u00e1gban a k\u00f6z\u00f6ss\u00e9gi m\u00e9dia minden v\u00e1llalkoz\u00e1s marketingstrat\u00e9gi\u00e1j\u00e1nak kulcsfontoss\u00e1g\u00fa elem\u00e9v\u00e9 v\u00e1lt. T\u00f6bb mint 2,8 milli\u00e1rd havi akt\u00edv felhaszn\u00e1l\u00f3j\u00e1val a Facebook az egyik legn\u00e9pszer\u0171bb k\u00f6z\u00f6ss\u00e9gi m\u00e9diaplatform lett a v\u00e1llalkoz\u00e1sok n\u00e9pszer\u0171s\u00edt\u00e9s\u00e9re. A Facebook k\u00e9t lehet\u0151s\u00e9get k\u00edn\u00e1l a v\u00e1llalkoz\u00e1sok sz\u00e1m\u00e1ra, hogy n\u00e9pszer\u0171s\u00edts\u00e9k magukat: a Facebook rajong\u00f3i oldalt \u00e9s a Facebook alkalmaz\u00e1st. Mindk\u00e9t lehet\u0151s\u00e9gnek megvannak az el\u0151nyei \u00e9s h\u00e1tr\u00e1nyai, \u00e9s a v\u00e1llalkoz\u00e1soknak marketingc\u00e9ljaik alapj\u00e1n kell kiv\u00e1lasztaniuk a megfelel\u0151 opci\u00f3t. <\/p>\n<div class=\"newlinediv\"><\/div>\n<p> A Facebook rajong\u00f3i oldal egy olyan oldal, amelyet egy v\u00e1llalkoz\u00e1s hoz l\u00e9tre a m\u00e1rk\u00e1ja n\u00e9pszer\u0171s\u00edt\u00e9s\u00e9re \u00e9s az \u00fcgyfeleivel val\u00f3 kapcsolattart\u00e1sra. Ez a legegyszer\u0171bb \u00e9s legk\u00f6lts\u00e9ghat\u00e9konyabb m\u00f3dja a k\u00f6z\u00f6ss\u00e9gi m\u00e9dia marketing megkezd\u00e9s\u00e9nek. A rajong\u00f3i oldalak k\u00fcl\u00f6nb\u00f6z\u0151 funkci\u00f3kat biztos\u00edtanak a v\u00e1llalkoz\u00e1sok sz\u00e1m\u00e1ra, p\u00e9ld\u00e1ul bor\u00edt\u00f3k\u00e9pet, profilk\u00e9pet, valamint friss\u00edt\u00e9sek, esem\u00e9nyek \u00e9s f\u00e9nyk\u00e9pek k\u00f6zz\u00e9t\u00e9tel\u00e9nek lehet\u0151s\u00e9g\u00e9t. A v\u00e1llalkoz\u00e1sok interakci\u00f3ba l\u00e9phetnek \u00fcgyfeleikkel is, v\u00e1laszolva a megjegyz\u00e9seikre, \u00fczeneteikre \u00e9s \u00e9rt\u00e9kel\u00e9seikre. R\u00e1ad\u00e1sul a rajong\u00f3i oldalakat k\u00f6nny\u0171 l\u00e9trehozni \u00e9s kezelni, \u00e9s a v\u00e1llalkoz\u00e1soknak nincs sz\u00fcks\u00e9g\u00fck m\u0171szaki ismeretekre a l\u00e9trehoz\u00e1sukhoz \u00e9s karbantart\u00e1sukhoz. <\/p>\n<div class=\"newlinediv\"><\/div>\n<p> M\u00e1sr\u00e9szt a Facebook-alkalmaz\u00e1s egy \u00f6n\u00e1ll\u00f3 alkalmaz\u00e1s, amelyet a v\u00e1llalkoz\u00e1sok hozhatnak l\u00e9tre, hogy szem\u00e9lyre szabottabb \u00e9lm\u00e9nyt ny\u00fajtsanak \u00fcgyfeleiknek. Az alkalmaz\u00e1sok vonz\u00f3bbak, mint a rajong\u00f3i oldalak, \u00e9s lehet\u0151v\u00e9 teszik a v\u00e1llalkoz\u00e1sok sz\u00e1m\u00e1ra, hogy bemutass\u00e1k term\u00e9keiket vagy szolg\u00e1ltat\u00e1saikat. A v\u00e1llalkoz\u00e1sok k\u00fcl\u00f6nb\u00f6z\u0151 t\u00edpus\u00fa alkalmaz\u00e1sokat hozhatnak l\u00e9tre, p\u00e9ld\u00e1ul kv\u00edzeket, j\u00e1t\u00e9kokat \u00e9s prom\u00f3ci\u00f3kat, hogy vonzz\u00e1k \u00e9s megtarts\u00e1k az \u00fcgyfeleket. Ezenk\u00edv\u00fcl az alkalmaz\u00e1sok t\u00f6bb adatot szolg\u00e1ltatnak a v\u00e1llalkoz\u00e1soknak az \u00fcgyfeleikr\u0151l, \u00e9s lehet\u0151v\u00e9 teszik sz\u00e1mukra, hogy c\u00e9lzott hirdet\u00e9seket k\u00e9sz\u00edtsenek. <\/p>\n<div class=\"newlinediv\"><\/div>\n<p> B\u00e1r a Facebook-alkalmaz\u00e1sok nagyobb elk\u00f6telezetts\u00e9get \u00e9s testreszabhat\u00f3s\u00e1got biztos\u00edtanak, mint a rajong\u00f3i oldalak, vannak bizonyos korl\u00e1taik. Egy alkalmaz\u00e1s l\u00e9trehoz\u00e1sa technikai k\u00e9szs\u00e9geket ig\u00e9nyel, \u00e9s a v\u00e1llalkoz\u00e1soknak fejleszt\u0151ket kell alkalmazniuk a l\u00e9trehoz\u00e1sukhoz \u00e9s karbantart\u00e1sukhoz. R\u00e1ad\u00e1sul az alkalmaz\u00e1sok nagyobb k\u00f6lts\u00e9gvet\u00e9st ig\u00e9nyelnek, mint a rajong\u00f3i oldalak, \u00e9s a v\u00e1llalkoz\u00e1soknak be kell fektetni\u00fck a fejleszt\u00e9s\u00fckbe \u00e9s a prom\u00f3ci\u00f3jukba. <\/p>\n<div class=\"newlinediv\"><\/div>\n<p> \u00d6sszefoglalva, mind a Facebook rajong\u00f3i oldalaknak, mind az alkalmaz\u00e1soknak megvannak az el\u0151nyei \u00e9s h\u00e1tr\u00e1nyai. A Rajong\u00f3i oldalakat k\u00f6nny\u0171 l\u00e9trehozni \u00e9s kezelni, \u00e9s lehet\u0151s\u00e9get ny\u00fajtanak a v\u00e1llalkoz\u00e1soknak arra, hogy kapcsolatba l\u00e9pjenek \u00fcgyfeleikkel. M\u00e1sr\u00e9szt az Alkalmaz\u00e1sok nagyobb elk\u00f6telezetts\u00e9get \u00e9s testreszabhat\u00f3s\u00e1got biztos\u00edtanak, de technikai k\u00e9szs\u00e9geket \u00e9s nagyobb k\u00f6lts\u00e9gvet\u00e9st ig\u00e9nyelnek. A v\u00e1llalkoz\u00e1soknak a marketingc\u00e9ljaik \u00e9s a k\u00f6lts\u00e9gvet\u00e9s\u00fck alapj\u00e1n kell kiv\u00e1lasztaniuk a megfelel\u0151 lehet\u0151s\u00e9get. A v\u00e1lasztott opci\u00f3t\u00f3l f\u00fcggetlen\u00fcl azonban elengedhetetlen az er\u0151s k\u00f6z\u00f6ss\u00e9gi m\u00e9diajelenl\u00e9t kialak\u00edt\u00e1sa \u00e9s az \u00fcgyfelekkel val\u00f3 kapcsolattart\u00e1s a m\u00e1rka n\u00e9pszer\u0171s\u00edt\u00e9se \u00e9rdek\u00e9ben.<\/p><\/div>\n<div class=\"questions\">\n<div class=\"questionstitle\">FAQ<\/div>\n<div class=\"question\">\n<div class=\"qtitle\"> Milyen el\u0151nyei vannak a Facebook rajong\u00f3i oldalnak?<\/div>\n<p> A Facebook rajong\u00f3i oldal sz\u00e1mos el\u0151nyt k\u00edn\u00e1l azoknak a v\u00e1llalkoz\u00e1soknak, amelyek online jelenl\u00e9tet szeretn\u00e9nek kialak\u00edtani \u00e9s kapcsolatot teremteni a c\u00e9lk\u00f6z\u00f6ns\u00e9g\u00fckkel. A Facebook rajong\u00f3i oldal n\u00e9h\u00e1ny kulcsfontoss\u00e1g\u00fa el\u0151nye a k\u00f6vetkez\u0151: <\/p>\n<div class=\"newlinediv\"><\/div>\n<p> 1. Fokozott l\u00e1that\u00f3s\u00e1g: A Facebook az egyik legsz\u00e9lesebb k\u00f6rben haszn\u00e1lt k\u00f6z\u00f6ss\u00e9gi m\u00e9diaplatform, t\u00f6bb mint 2,8 milli\u00e1rd akt\u00edv felhaszn\u00e1l\u00f3val. A rajong\u00f3i oldal l\u00e9trehoz\u00e1s\u00e1val a v\u00e1llalkoz\u00e1sok hatalmas k\u00f6z\u00f6ns\u00e9get \u00e9rhetnek el, \u00e9s n\u00f6velhetik online l\u00e1that\u00f3s\u00e1gukat. <\/p>\n<div class=\"newlinediv\"><\/div>\n<p> 2. C\u00e9lzott rekl\u00e1moz\u00e1s: A Facebook sz\u00e1mos hirdet\u00e9si lehet\u0151s\u00e9get k\u00edn\u00e1l, amelyek lehet\u0151v\u00e9 teszik a v\u00e1llalkoz\u00e1sok sz\u00e1m\u00e1ra, hogy hirdet\u00e9seiket meghat\u00e1rozott demogr\u00e1fiai adatokra, \u00e9rdekl\u0151d\u00e9si k\u00f6r\u00f6kre \u00e9s viselked\u00e9sre c\u00e9lozz\u00e1k meg. Ez azt jelenti, hogy a v\u00e1llalkoz\u00e1sok prec\u00edzen \u00e9s hat\u00e9konyan \u00e9rhetik el az ide\u00e1lis k\u00f6z\u00f6ns\u00e9g\u00fcket. <\/p>\n<div class=\"newlinediv\"><\/div>\n<p> 3. \u00dcgyf\u00e9lkapcsolat: A Facebook rajong\u00f3i oldalak platformot biztos\u00edtanak a v\u00e1llalkoz\u00e1sok sz\u00e1m\u00e1ra, hogy kapcsolatba l\u00e9pjenek \u00fcgyfeleikkel \u00e9s kapcsolatokat \u00e9p\u00edtsenek. Ez t\u00f6rt\u00e9nhet rendszeres friss\u00edt\u00e9sekkel, a megjegyz\u00e9sekre \u00e9s \u00fczenetekre val\u00f3 reag\u00e1l\u00e1ssal, valamint prom\u00f3ci\u00f3k vagy versenyek lebonyol\u00edt\u00e1s\u00e1val. <\/p>\n<div class=\"newlinediv\"><\/div>\n<p> 4. M\u00e1rkaismerts\u00e9g: A Facebook rajong\u00f3i oldal seg\u00edt a v\u00e1llalkoz\u00e1soknak a m\u00e1rka\u00e9p\u00edt\u00e9sben \u00e9s az egys\u00e9ges online identit\u00e1s kialak\u00edt\u00e1s\u00e1ban. A m\u00e1rka\u00e9rt\u00e9keikhez \u00e9s \u00fczeneteikhez igazod\u00f3 tartalmak rendszeres k\u00f6zz\u00e9t\u00e9tel\u00e9vel a v\u00e1llalkoz\u00e1sok er\u0151s\u00edthetik m\u00e1rkaismerts\u00e9g\u00fcket \u00e9s ismerts\u00e9g\u00fcket. <\/p>\n<div class=\"newlinediv\"><\/div>\n<p> 5. Elemz\u00e9s \u00e9s betekint\u00e9s: A Facebook sz\u00e1mos elemz\u00e9si \u00e9s betekint\u00e9si lehet\u0151s\u00e9get biztos\u00edt a v\u00e1llalkoz\u00e1sok sz\u00e1m\u00e1ra, amelyek seg\u00edts\u00e9g\u00e9vel nyomon k\u00f6vethetik oldaluk teljes\u00edtm\u00e9ny\u00e9t, \u00e9s betekint\u00e9st nyerhetnek k\u00f6z\u00f6ns\u00e9g\u00fck viselked\u00e9s\u00e9be. Ezek az inform\u00e1ci\u00f3k felhaszn\u00e1lhat\u00f3k a marketingstrat\u00e9gi\u00e1k finom\u00edt\u00e1s\u00e1ra \u00e9s az elk\u00f6telezetts\u00e9g jav\u00edt\u00e1s\u00e1ra. <\/p>\n<div class=\"newlinediv\"><\/div>\n<p> \u00d6sszess\u00e9g\u00e9ben a Facebook rajong\u00f3i oldal \u00e9rt\u00e9kes eszk\u00f6z lehet azon v\u00e1llalkoz\u00e1sok sz\u00e1m\u00e1ra, amelyek online jelenl\u00e9tet k\u00edv\u00e1nnak kialak\u00edtani, sz\u00e9lesebb k\u00f6z\u00f6ns\u00e9get szeretn\u00e9nek el\u00e9rni, \u00e9s kapcsolatba k\u00edv\u00e1nnak l\u00e9pni \u00fcgyfeleikkel. <\/p>\n<\/div>\n<div class=\"question\">\n<div class=\"qtitle\"> Mi a rajong\u00f3i oldal c\u00e9lja?<\/div>\n<p> A rajong\u00f3i oldal egy olyan t\u00edpus\u00fa k\u00f6z\u00f6ss\u00e9gi m\u00e9diaoldal, amely egy adott term\u00e9k, m\u00e1rka, v\u00e1llalkoz\u00e1s vagy h\u00edress\u00e9g n\u00e9pszer\u0171s\u00edt\u00e9s\u00e9re szolg\u00e1l. A rajong\u00f3i oldal f\u0151 c\u00e9lja, hogy olyan k\u00f6vet\u0151i k\u00f6z\u00f6ss\u00e9get alak\u00edtson ki, akiket \u00e9rdekelnek az oldalon megosztott tartalmak. Ezt a k\u00f6z\u00f6ss\u00e9get azt\u00e1n ki lehet haszn\u00e1lni a term\u00e9kek vagy szolg\u00e1ltat\u00e1sok n\u00e9pszer\u0171s\u00edt\u00e9s\u00e9re, a weboldal l\u00e1togatotts\u00e1g\u00e1nak n\u00f6vel\u00e9s\u00e9re vagy a m\u00e1rka ismerts\u00e9g\u00e9nek n\u00f6vel\u00e9s\u00e9re. <\/p>\n<div class=\"newlinediv\"><\/div>\n<p> A rajong\u00f3i oldalakat minden m\u00e9ret\u0171 v\u00e1llalkoz\u00e1s haszn\u00e1lhatja, a kis kezd\u0151 v\u00e1llalkoz\u00e1sokt\u00f3l a nagyv\u00e1llalatokig. K\u00fcl\u00f6n\u00f6sen hat\u00e9konyak lehetnek az olyan v\u00e1llalkoz\u00e1sok sz\u00e1m\u00e1ra, amelyeknek er\u0151s vizu\u00e1lis komponens\u00fck van, p\u00e9ld\u00e1ul a divat-, sz\u00e9ps\u00e9g- vagy \u00e9lelmiszeriparban. Azonban b\u00e1rmely v\u00e1llalkoz\u00e1s sz\u00e1m\u00e1ra el\u0151ny\u00f6s lehet egy rajong\u00f3i oldal, mivel platformot biztos\u00edt az \u00fcgyfelekkel val\u00f3 kapcsolattart\u00e1shoz \u00e9s a h\u0171s\u00e9ges k\u00f6vet\u0151k ki\u00e9p\u00edt\u00e9s\u00e9hez. <\/p>\n<div class=\"newlinediv\"><\/div>\n<p> A siker \u00e9rdek\u00e9ben a rajong\u00f3i oldalt rendszeresen friss\u00edteni kell j\u00f3 min\u0151s\u00e9g\u0171, a c\u00e9lk\u00f6z\u00f6ns\u00e9g \u00e9rdekl\u0151d\u00e9si k\u00f6r\u00e9nek megfelel\u0151 tartalommal. Ez mag\u00e1ban foglalhat f\u00e9nyk\u00e9peket, vide\u00f3kat, blogbejegyz\u00e9seket, h\u00edrcikkeket \u00e9s m\u00e1s t\u00edpus\u00fa tartalmakat, amelyeket a k\u00f6vet\u0151k val\u00f3sz\u00edn\u0171leg megosztanak \u00e9s kedvelnek. A kulcs a k\u00f6z\u00f6ss\u00e9g \u00e9s az elk\u00f6telezetts\u00e9g \u00e9rz\u00e9s\u00e9nek megteremt\u00e9se az oldal k\u00f6r\u00fcl, hogy a k\u00f6vet\u0151k \u00fagy \u00e9rezz\u00e9k, hogy befektetnek a m\u00e1rk\u00e1ba, \u00e9s nagyobb val\u00f3sz\u00edn\u0171s\u00e9ggel v\u00e1lnak h\u0171s\u00e9ges v\u00e1s\u00e1rl\u00f3kk\u00e1.<\/p>\n<\/div>\n<\/div>\n","protected":false},"excerpt":{"rendered":"<p>A mai vil\u00e1gban a k\u00f6z\u00f6ss\u00e9gi m\u00e9dia minden v\u00e1llalkoz\u00e1s marketingstrat\u00e9gi\u00e1j\u00e1nak kulcsfontoss\u00e1g\u00fa elem\u00e9v\u00e9 v\u00e1lt. T\u00f6bb mint 2,8 milli\u00e1rd havi akt\u00edv felhaszn\u00e1l\u00f3j\u00e1val a Facebook az egyik legn\u00e9pszer\u0171bb k\u00f6z\u00f6ss\u00e9gi m\u00e9diaplatform lett a v\u00e1llalkoz\u00e1sok n\u00e9pszer\u0171s\u00edt\u00e9s\u00e9re. A Facebook k\u00e9t lehet\u0151s\u00e9get k\u00edn\u00e1l a v\u00e1llalkoz\u00e1sok sz\u00e1m\u00e1ra, hogy n\u00e9pszer\u0171s\u00edts\u00e9k magukat: a Facebook rajong\u00f3i oldalt \u00e9s a Facebook alkalmaz\u00e1st. Mindk\u00e9t lehet\u0151s\u00e9gnek megvannak az el\u0151nyei \u00e9s &#8230; <a title=\"A k\u00f6z\u00f6ss\u00e9gi m\u00e9dia csat\u00e1ja: Facebook Fan Page Vs. App\" class=\"read-more\" href=\"https:\/\/megnyitasa.com\/tudas\/a-kozossegi-media-csataja-facebook-fan-page-vs-app\/\" aria-label=\"Read more about A k\u00f6z\u00f6ss\u00e9gi m\u00e9dia csat\u00e1ja: Facebook Fan Page Vs. App\">Read more<\/a><\/p>\n","protected":false},"author":3189,"featured_media":0,"comment_status":"closed","ping_status":"closed","sticky":false,"template":"","format":"standard","meta":{"footnotes":""},"categories":[21],"tags":[],"class_list":["post-11863","post","type-post","status-publish","format-standard","hentry","category-az-indulo-vallalkozasok-tipusai"],"_links":{"self":[{"href":"https:\/\/megnyitasa.com\/tudas\/wp-json\/wp\/v2\/posts\/11863","targetHints":{"allow":["GET"]}}],"collection":[{"href":"https:\/\/megnyitasa.com\/tudas\/wp-json\/wp\/v2\/posts"}],"about":[{"href":"https:\/\/megnyitasa.com\/tudas\/wp-json\/wp\/v2\/types\/post"}],"author":[{"embeddable":true,"href":"https:\/\/megnyitasa.com\/tudas\/wp-json\/wp\/v2\/users\/3189"}],"replies":[{"embeddable":true,"href":"https:\/\/megnyitasa.com\/tudas\/wp-json\/wp\/v2\/comments?post=11863"}],"version-history":[{"count":0,"href":"https:\/\/megnyitasa.com\/tudas\/wp-json\/wp\/v2\/posts\/11863\/revisions"}],"wp:attachment":[{"href":"https:\/\/megnyitasa.com\/tudas\/wp-json\/wp\/v2\/media?parent=11863"}],"wp:term":[{"taxonomy":"category","embeddable":true,"href":"https:\/\/megnyitasa.com\/tudas\/wp-json\/wp\/v2\/categories?post=11863"},{"taxonomy":"post_tag","embeddable":true,"href":"https:\/\/megnyitasa.com\/tudas\/wp-json\/wp\/v2\/tags?post=11863"}],"curies":[{"name":"wp","href":"https:\/\/api.w.org\/{rel}","templated":true}]}}