{"id":11894,"date":"2023-04-24T00:00:00","date_gmt":"2023-04-24T00:00:00","guid":{"rendered":"https:\/\/megnyitasa.com\/tudas\/a-grafikus-kartya-ismeretenek-fontossaga-utmutato-az-ati-videokartyak-azonositasahoz\/"},"modified":"2023-04-24T00:00:00","modified_gmt":"2023-04-24T00:00:00","slug":"a-grafikus-kartya-ismeretenek-fontossaga-utmutato-az-ati-videokartyak-azonositasahoz","status":"publish","type":"post","link":"https:\/\/megnyitasa.com\/tudas\/a-grafikus-kartya-ismeretenek-fontossaga-utmutato-az-ati-videokartyak-azonositasahoz\/","title":{"rendered":"A grafikus k\u00e1rtya ismeret\u00e9nek fontoss\u00e1ga: \u00datmutat\u00f3 az ATI videok\u00e1rty\u00e1k azonos\u00edt\u00e1s\u00e1hoz"},"content":{"rendered":"<div class=\"articlecontent\">\n<div class=\"newlinediv\"><\/div>\n<p> Sz\u00e1m\u00edt\u00f3g\u00e9p-felhaszn\u00e1l\u00f3k\u00e9nt fontos, hogy ismerje a sz\u00e1m\u00edt\u00f3g\u00e9pes hardver specifik\u00e1ci\u00f3it. Az egyik legfontosabb \u00f6sszetev\u0151 a grafikus k\u00e1rtya, amely a grafik\u00e1k \u00e9s vide\u00f3k megjelen\u00edt\u00e9s\u00e9\u00e9rt felel\u0151s. Az ATI videok\u00e1rty\u00e1k sok sz\u00e1m\u00edt\u00f3g\u00e9p-felhaszn\u00e1l\u00f3 sz\u00e1m\u00e1ra n\u00e9pszer\u0171 v\u00e1laszt\u00e1snak sz\u00e1m\u00edtanak, de az azonos\u00edt\u00e1suk neh\u00e9z feladat lehet. Ebben az \u00fatmutat\u00f3ban arr\u00f3l lesz sz\u00f3, hogyan lehet azonos\u00edtani az ATI videok\u00e1rty\u00e1kat. <\/p>\n<div class=\"newlinediv\"><\/div>\n<p> Az ATI videok\u00e1rtya azonos\u00edt\u00e1s\u00e1nak els\u0151 l\u00e9p\u00e9se, hogy kinyitja a sz\u00e1m\u00edt\u00f3g\u00e9ph\u00e1z\u00e1t, \u00e9s megkeresi a grafikus k\u00e1rty\u00e1t. A legt\u00f6bb grafikus k\u00e1rtya az alaplap PCI vagy PCI-Express foglalat\u00e1ban tal\u00e1lhat\u00f3. Ha megtal\u00e1lta a grafikus k\u00e1rty\u00e1t, keresse meg a gy\u00e1rt\u00f3 c\u00edmk\u00e9j\u00e9t a k\u00e1rty\u00e1n. Ez \u00e1ltal\u00e1ban felt\u00fcnteti a modellsz\u00e1mot \u00e9s a k\u00e1rty\u00e1ra vonatkoz\u00f3 egy\u00e9b fontos inform\u00e1ci\u00f3kat. <\/p>\n<div class=\"newlinediv\"><\/div>\n<p> Ha nem tal\u00e1lja a gy\u00e1rt\u00f3 c\u00edmk\u00e9j\u00e9t, az ATI videok\u00e1rty\u00e1t szoftver seg\u00edts\u00e9g\u00e9vel is azonos\u00edthatja. Az olyan programok, mint a GPU-Z vagy a Speccy r\u00e9szletes inform\u00e1ci\u00f3kat szolg\u00e1ltatnak a grafikus k\u00e1rty\u00e1r\u00f3l, bele\u00e9rtve a gy\u00e1rt\u00f3t, a modellsz\u00e1mot \u00e9s egy\u00e9b specifik\u00e1ci\u00f3kat. Ezek a programok k\u00f6nnyen haszn\u00e1lhat\u00f3k \u00e9s ingyenesen let\u00f6lthet\u0151k az internetr\u0151l. <\/p>\n<div class=\"newlinediv\"><\/div>\n<p> Az ATI videok\u00e1rtya azonos\u00edt\u00e1s\u00e1nak m\u00e1sik m\u00f3dja az eszk\u00f6zkezel\u0151 ellen\u0151rz\u00e9se a sz\u00e1m\u00edt\u00f3g\u00e9p vez\u00e9rl\u0151pultj\u00e1ban. Az eszk\u00f6zkezel\u0151 el\u00e9r\u00e9s\u00e9hez l\u00e9pjen a Start men\u00fcbe, \u00e9s \u00edrja be a keres\u0151s\u00e1vba az &#8222;eszk\u00f6zkezel\u0151&#8221; sz\u00f3t. Ha megnyitotta az eszk\u00f6zkezel\u0151t, keresse meg a kijelz\u0151 adapterek r\u00e9szt. Ez felsorolja a sz\u00e1m\u00edt\u00f3g\u00e9pre telep\u00edtett \u00f6sszes grafikus k\u00e1rty\u00e1t, bele\u00e9rtve az ATI videok\u00e1rty\u00e1t is. <\/p>\n<div class=\"newlinediv\"><\/div>\n<p> V\u00e9g\u00fcl, ha m\u00e9g mindig gondot okoz az ATI videok\u00e1rtya azonos\u00edt\u00e1sa, forduljon a gy\u00e1rt\u00f3hoz seg\u00edts\u00e9g\u00e9rt. A legt\u00f6bb gy\u00e1rt\u00f3nak van \u00fcgyf\u00e9lszolg\u00e1lati vonala vagy online f\u00f3ruma, ahol seg\u00edts\u00e9get k\u00e9rhet a grafikus k\u00e1rty\u00e1ja azonos\u00edt\u00e1s\u00e1hoz. <\/p>\n<div class=\"newlinediv\"><\/div>\n<p> \u00d6sszefoglalva, az ATI videok\u00e1rtya azonos\u00edt\u00e1sa fontos l\u00e9p\u00e9s a sz\u00e1m\u00edt\u00f3g\u00e9p hardver\u00e9nek meg\u00e9rt\u00e9s\u00e9ben. Ha k\u00f6veti ezeket a tippeket, k\u00f6nnyen azonos\u00edthatja grafikus k\u00e1rty\u00e1j\u00e1t, \u00e9s biztos\u00edthatja, hogy sz\u00e1m\u00edt\u00f3g\u00e9pe a lehet\u0151 legjobban m\u0171k\u00f6dj\u00f6n.<\/p><\/div>\n<div class=\"questions\">\n<div class=\"questionstitle\">FAQ<\/div>\n<div class=\"question\">\n<div class=\"qtitle\"> Honnan tudom, hogy melyik AMD grafikus k\u00e1rty\u00e1m van?<\/div>\n<p> T\u00f6bbf\u00e9lek\u00e9ppen is megtudhatja, hogy melyik AMD grafikus k\u00e1rty\u00e1ja van. \u00cdme n\u00e9h\u00e1ny m\u00f3dszer: <\/p>\n<div class=\"newlinediv\"><\/div>\n<p> 1. Eszk\u00f6zkezel\u0151: Nyissa meg a Windows rendszer\u0171 sz\u00e1m\u00edt\u00f3g\u00e9p\u00e9n az Eszk\u00f6zkezel\u0151t, \u00e9s bontsa ki a &#8222;Kijelz\u0151 adapterek&#8221; r\u00e9szt. Az AMD grafikus k\u00e1rty\u00e1j\u00e1nak itt kell szerepelnie a modell nev\u00e9vel \u00e9s sz\u00e1m\u00e1val egy\u00fctt. <\/p>\n<div class=\"newlinediv\"><\/div>\n<p> 2. AMD Radeon be\u00e1ll\u00edt\u00e1sok: Ha a sz\u00e1m\u00edt\u00f3g\u00e9p\u00e9n telep\u00edtve van az AMD Radeon Settings, akkor nyissa meg azt, \u00e9s kattintson a &#8222;System&#8221; f\u00fclre. A &#8222;System Information&#8221; (Rendszerinform\u00e1ci\u00f3) szakasz alatt meg kell l\u00e1tnia a grafikus k\u00e1rty\u00e1ja nev\u00e9t \u00e9s modellj\u00e9t. <\/p>\n<div class=\"newlinediv\"><\/div>\n<p> 3. AMD rendszerinform\u00e1ci\u00f3k: A grafikus k\u00e1rty\u00e1j\u00e1nak azonos\u00edt\u00e1s\u00e1hoz haszn\u00e1lhatja az AMD System Information eszk\u00f6zt is. T\u00f6ltse le \u00e9s telep\u00edtse az eszk\u00f6zt az AMD weboldal\u00e1r\u00f3l, majd futtassa le. Meg kell jelen\u00edtenie a grafikus k\u00e1rty\u00e1ja adatait, bele\u00e9rtve a modell nev\u00e9t \u00e9s sz\u00e1m\u00e1t. <\/p>\n<div class=\"newlinediv\"><\/div>\n<p> 4. Harmadik f\u00e9lt\u0151l sz\u00e1rmaz\u00f3 szoftverek: Sz\u00e1mos olyan harmadik f\u00e9lt\u0151l sz\u00e1rmaz\u00f3 szoftveralkalmaz\u00e1s l\u00e9tezik, amely k\u00e9pes \u00e1tvizsg\u00e1lni a sz\u00e1m\u00edt\u00f3g\u00e9p\u00e9t, \u00e9s r\u00e9szletes inform\u00e1ci\u00f3kat szolg\u00e1ltat annak hardverkomponenseir\u0151l, bele\u00e9rtve az AMD grafikus k\u00e1rty\u00e1j\u00e1t is. N\u00e9h\u00e1ny n\u00e9pszer\u0171 lehet\u0151s\u00e9g a CPU-Z, a GPU-Z \u00e9s a Speccy. <\/p>\n<div class=\"newlinediv\"><\/div>\n<p> E m\u00f3dszerek valamelyik\u00e9nek haszn\u00e1lat\u00e1val k\u00f6nnyed\u00e9n azonos\u00edthatja, hogy melyik AMD grafikus k\u00e1rty\u00e1t telep\u00edtette a sz\u00e1m\u00edt\u00f3g\u00e9p\u00e9be. Ez az inform\u00e1ci\u00f3 hasznos lehet a hibaelh\u00e1r\u00edt\u00e1s vagy a grafikus k\u00e1rtya friss\u00edt\u00e9se sor\u00e1n. <\/p>\n<\/div>\n<div class=\"question\">\n<div class=\"qtitle\"> Hogyan tal\u00e1lom meg az ATI Radeon illeszt\u0151program verzi\u00f3j\u00e1t?<\/div>\n<p> Az ATI Radeon illeszt\u0151program verzi\u00f3j\u00e1nak megkeres\u00e9s\u00e9hez k\u00f6vesse az al\u00e1bbi l\u00e9p\u00e9seket: <\/p>\n<div class=\"newlinediv\"><\/div>\n<p> 1. Kattintson az asztalon a &#8222;Start&#8221; gombra. <\/p>\n<div class=\"newlinediv\"><\/div>\n<p> 2. \u00cdrja be a keres\u0151s\u00e1vba az &#8222;Eszk\u00f6zkezel\u0151&#8221; sz\u00f3t, \u00e9s kattintson a megjelen\u0151 &#8222;Eszk\u00f6zkezel\u0151&#8221; lehet\u0151s\u00e9gre. <\/p>\n<div class=\"newlinediv\"><\/div>\n<p> 3. Az Eszk\u00f6zkezel\u0151 ablakban keresse meg \u00e9s bontsa ki a &#8222;Kijelz\u0151 adapterek&#8221; r\u00e9szt. <\/p>\n<div class=\"newlinediv\"><\/div>\n<p> 4. Kattintson a jobb gombbal az ATI Radeon grafikus k\u00e1rty\u00e1ra, \u00e9s v\u00e1lassza a leg\u00f6rd\u00fcl\u0151 men\u00fcb\u0151l a &#8222;Tulajdons\u00e1gok&#8221; lehet\u0151s\u00e9get. <\/p>\n<div class=\"newlinediv\"><\/div>\n<p> 5. A Tulajdons\u00e1gok ablakban kattintson az &#8222;Illeszt\u0151program&#8221; f\u00fclre. <\/p>\n<div class=\"newlinediv\"><\/div>\n<p> 6. Az illeszt\u0151program verzi\u00f3ja az &#8222;Driver Version&#8221; (illeszt\u0151program verzi\u00f3ja) szakasz alatt jelenik meg. <\/p>\n<div class=\"newlinediv\"><\/div>\n<p> Alternat\u00edvak\u00e9nt az AMD Radeon Settings szoftver seg\u00edts\u00e9g\u00e9vel is ellen\u0151rizheti az illeszt\u0151program verzi\u00f3j\u00e1t: <\/p>\n<div class=\"newlinediv\"><\/div>\n<p> 1. Kattintson a jobb gombbal az asztalon, \u00e9s v\u00e1lassza ki a leg\u00f6rd\u00fcl\u0151 men\u00fcb\u0151l az &#8222;AMD Radeon Settings&#8221; lehet\u0151s\u00e9get. <\/p>\n<div class=\"newlinediv\"><\/div>\n<p> 2. A Radeon Settings ablakban kattintson a &#8222;System&#8221; f\u00fclre. <\/p>\n<div class=\"newlinediv\"><\/div>\n<p> 3. A &#8222;Rendszerinform\u00e1ci\u00f3k&#8221; r\u00e9szben kattintson a &#8222;Szoftver&#8221; f\u00fclre. <\/p>\n<div class=\"newlinediv\"><\/div>\n<p> 4. Az &#8222;Driver Version&#8221; (Illeszt\u0151program verzi\u00f3ja) szakasz alatt megjelenik az illeszt\u0151program verzi\u00f3ja. <\/p>\n<div class=\"newlinediv\"><\/div>\n<p> Az optim\u00e1lis teljes\u00edtm\u00e9ny \u00e9s a sz\u00e1m\u00edt\u00f3g\u00e9pes rendszerrel val\u00f3 kompatibilit\u00e1s \u00e9rdek\u00e9ben fontos, hogy az ATI Radeon illeszt\u0151programja naprak\u00e9sz legyen. Az AMD webhely\u00e9n ellen\u0151rizheti az illeszt\u0151program-friss\u00edt\u00e9seket, vagy az AMD Radeon Settings szoftver seg\u00edts\u00e9g\u00e9vel automatikusan ellen\u0151rizheti a friss\u00edt\u00e9seket \u00e9s telep\u00edtheti azokat. <\/p>\n<\/div>\n<div class=\"question\">\n<div class=\"qtitle\"> Mi t\u00f6rt\u00e9nt az ATI videok\u00e1rty\u00e1kkal?<\/div>\n<p> Az ATI-t, amely egy kanadai f\u00e9lvezet\u0151-technol\u00f3giai v\u00e1llalat volt, 2006-ban felv\u00e1s\u00e1rolta az AMD (Advanced Micro Devices). Az ATI arr\u00f3l volt ismert, hogy kiv\u00e1l\u00f3 min\u0151s\u00e9g\u0171 videok\u00e1rty\u00e1kat gy\u00e1rtott sz\u00e1m\u00edt\u00f3g\u00e9pekhez, de a felv\u00e1s\u00e1rl\u00e1st k\u00f6vet\u0151en az ATI m\u00e1rka fokozatosan megsz\u0171nt, \u00e9s hely\u00e9be az AMD m\u00e1rka l\u00e9pett. Az AMD saj\u00e1t neve alatt tov\u00e1bbra is gy\u00e1rtott grafikus k\u00e1rty\u00e1kat, de 2010-ben megsz\u00fcntette az ATI m\u00e1rkan\u00e9v haszn\u00e1lat\u00e1t. Ma az AMD a j\u00e1t\u00e9khoz \u00e9s professzion\u00e1lis felhaszn\u00e1l\u00e1sra sz\u00e1nt grafikus k\u00e1rty\u00e1k egyik vezet\u0151 gy\u00e1rt\u00f3ja, \u00e9s tov\u00e1bbra is fejleszt \u00e9s \u00faj\u00edt ezen a ter\u00fcleten. Az ATI m\u00e1rkan\u00e9v elt\u0171n\u00e9se ellen\u00e9re a v\u00e1llalat \u00e1ltal kifejlesztett technol\u00f3gia \u00e9s szak\u00e9rtelem maradand\u00f3 hat\u00e1st gyakorolt a grafikus k\u00e1rty\u00e1k ipar\u00e1g\u00e1ra. <\/p>\n<\/div>\n<div class=\"question\">\n<div class=\"qtitle\"> Milyen k\u00e9tf\u00e9le videok\u00e1rtya l\u00e9tezik?<\/div>\n<p> A videok\u00e1rty\u00e1k k\u00e9t t\u00edpusa az integr\u00e1lt \u00e9s a dedik\u00e1lt. Az integr\u00e1lt videok\u00e1rty\u00e1k az alaplapba vannak be\u00e9p\u00edtve, \u00e9s a sz\u00e1m\u00edt\u00f3g\u00e9p RAM-j\u00e1t haszn\u00e1lj\u00e1k a k\u00e9pek \u00e9s grafik\u00e1k megjelen\u00edt\u00e9s\u00e9hez. \u00c1ltal\u00e1ban kisebb teljes\u00edtm\u00e9ny\u0171ek, mint a dedik\u00e1lt videok\u00e1rty\u00e1k, \u00e9s olyan alapvet\u0151 feladatokra alkalmasak, mint az internetb\u00f6ng\u00e9sz\u00e9s \u00e9s a vide\u00f3n\u00e9z\u00e9s. Ezzel szemben a dedik\u00e1lt videok\u00e1rty\u00e1k saj\u00e1t dedik\u00e1lt mem\u00f3ri\u00e1val \u00e9s processzorokkal rendelkeznek, \u00e9s olyan nagy teljes\u00edtm\u00e9ny\u0171 feladatokra tervezt\u00e9k \u0151ket, mint a j\u00e1t\u00e9k \u00e9s a videoszerkeszt\u00e9s. Jobb teljes\u00edtm\u00e9nyt ny\u00fajtanak, \u00e9s k\u00e9pesek az ig\u00e9nyesebb, grafikaig\u00e9nyesebb alkalmaz\u00e1sok kezel\u00e9s\u00e9re. Ezek azonban dr\u00e1g\u00e1bbak, mint az integr\u00e1lt videok\u00e1rty\u00e1k, \u00e9s k\u00fcl\u00f6n \u00e1ramforr\u00e1st ig\u00e9nyelnek.<\/p>\n<\/div>\n<\/div>\n","protected":false},"excerpt":{"rendered":"<p>Sz\u00e1m\u00edt\u00f3g\u00e9p-felhaszn\u00e1l\u00f3k\u00e9nt fontos, hogy ismerje a sz\u00e1m\u00edt\u00f3g\u00e9pes hardver specifik\u00e1ci\u00f3it. Az egyik legfontosabb \u00f6sszetev\u0151 a grafikus k\u00e1rtya, amely a grafik\u00e1k \u00e9s vide\u00f3k megjelen\u00edt\u00e9s\u00e9\u00e9rt felel\u0151s. Az ATI videok\u00e1rty\u00e1k sok sz\u00e1m\u00edt\u00f3g\u00e9p-felhaszn\u00e1l\u00f3 sz\u00e1m\u00e1ra n\u00e9pszer\u0171 v\u00e1laszt\u00e1snak sz\u00e1m\u00edtanak, de az azonos\u00edt\u00e1suk neh\u00e9z feladat lehet. Ebben az \u00fatmutat\u00f3ban arr\u00f3l lesz sz\u00f3, hogyan lehet azonos\u00edtani az ATI videok\u00e1rty\u00e1kat. Az ATI videok\u00e1rtya azonos\u00edt\u00e1s\u00e1nak els\u0151 l\u00e9p\u00e9se, &#8230; <a title=\"A grafikus k\u00e1rtya ismeret\u00e9nek fontoss\u00e1ga: \u00datmutat\u00f3 az ATI videok\u00e1rty\u00e1k azonos\u00edt\u00e1s\u00e1hoz\" class=\"read-more\" href=\"https:\/\/megnyitasa.com\/tudas\/a-grafikus-kartya-ismeretenek-fontossaga-utmutato-az-ati-videokartyak-azonositasahoz\/\" aria-label=\"Read more about A grafikus k\u00e1rtya ismeret\u00e9nek fontoss\u00e1ga: \u00datmutat\u00f3 az ATI videok\u00e1rty\u00e1k azonos\u00edt\u00e1s\u00e1hoz\">Read more<\/a><\/p>\n","protected":false},"author":1685,"featured_media":0,"comment_status":"closed","ping_status":"closed","sticky":false,"template":"","format":"standard","meta":{"footnotes":""},"categories":[7],"tags":[],"class_list":["post-11894","post","type-post","status-publish","format-standard","hentry","category-uzleti-technologia-es-ugyfelszolgalat"],"_links":{"self":[{"href":"https:\/\/megnyitasa.com\/tudas\/wp-json\/wp\/v2\/posts\/11894","targetHints":{"allow":["GET"]}}],"collection":[{"href":"https:\/\/megnyitasa.com\/tudas\/wp-json\/wp\/v2\/posts"}],"about":[{"href":"https:\/\/megnyitasa.com\/tudas\/wp-json\/wp\/v2\/types\/post"}],"author":[{"embeddable":true,"href":"https:\/\/megnyitasa.com\/tudas\/wp-json\/wp\/v2\/users\/1685"}],"replies":[{"embeddable":true,"href":"https:\/\/megnyitasa.com\/tudas\/wp-json\/wp\/v2\/comments?post=11894"}],"version-history":[{"count":0,"href":"https:\/\/megnyitasa.com\/tudas\/wp-json\/wp\/v2\/posts\/11894\/revisions"}],"wp:attachment":[{"href":"https:\/\/megnyitasa.com\/tudas\/wp-json\/wp\/v2\/media?parent=11894"}],"wp:term":[{"taxonomy":"category","embeddable":true,"href":"https:\/\/megnyitasa.com\/tudas\/wp-json\/wp\/v2\/categories?post=11894"},{"taxonomy":"post_tag","embeddable":true,"href":"https:\/\/megnyitasa.com\/tudas\/wp-json\/wp\/v2\/tags?post=11894"}],"curies":[{"name":"wp","href":"https:\/\/api.w.org\/{rel}","templated":true}]}}