{"id":11946,"date":"2023-10-14T20:24:58","date_gmt":"2023-10-14T20:24:58","guid":{"rendered":"https:\/\/megnyitasa.com\/tudas\/?p=11946"},"modified":"2023-10-14T20:24:58","modified_gmt":"2023-10-14T20:24:58","slug":"a-munkavallaloi-rotacio-elonyeinek-es-hatranyainak-feltarasa","status":"publish","type":"post","link":"https:\/\/megnyitasa.com\/tudas\/a-munkavallaloi-rotacio-elonyeinek-es-hatranyainak-feltarasa\/","title":{"rendered":"A munkav\u00e1llal\u00f3i rot\u00e1ci\u00f3 el\u0151nyeinek \u00e9s h\u00e1tr\u00e1nyainak felt\u00e1r\u00e1sa"},"content":{"rendered":"<div class=\"articlecontent\">\n<div class=\"newlinediv\"><\/div>\n<p> A munkav\u00e1llal\u00f3i rot\u00e1ci\u00f3 egy olyan folyamat, amelynek sor\u00e1n egy szervezet a munkav\u00e1llal\u00f3it egyik munkak\u00f6rb\u0151l a m\u00e1sikba helyezi \u00e1t. Ennek a gyakorlatnak az a c\u00e9lja, hogy az alkalmazottaknak lehet\u0151s\u00e9get adjon \u00faj k\u00e9szs\u00e9gek elsaj\u00e1t\u00edt\u00e1s\u00e1ra, tapasztalatszerz\u00e9sre \u00e9s a szerep\u00fck sokoldal\u00fabb\u00e1 t\u00e9tel\u00e9re. A munkav\u00e1llal\u00f3i rot\u00e1ci\u00f3nak el\u0151nyei \u00e9s h\u00e1tr\u00e1nyai egyar\u00e1nt vannak, \u00e9s a v\u00e1llalatoknak ezeket alaposan m\u00e9rlegelni\u00fck kell, miel\u0151tt a bevezet\u00e9se mellett d\u00f6ntenek. <\/p>\n<div class=\"newlinediv\"><\/div>\n<p> A munkav\u00e1llal\u00f3i rot\u00e1ci\u00f3 egyik f\u0151 el\u0151nye, hogy jav\u00edthatja a munkav\u00e1llal\u00f3k k\u00e9szs\u00e9geit \u00e9s tud\u00e1s\u00e1t. Amikor az alkalmazottak k\u00fcl\u00f6nb\u00f6z\u0151 poz\u00edci\u00f3kba ker\u00fclnek, \u00faj k\u00e9szs\u00e9geket saj\u00e1t\u00edtanak el, amelyeket jelenlegi \u00e9s j\u00f6v\u0151beli szerepeikben is alkalmazhatnak. Ez soksz\u00edn\u0171bb munkaer\u0151t is l\u00e9trehozhat, olyan alkalmazottakkal, akik sz\u00e9lesebb k\u00f6r\u0171 k\u00e9szs\u00e9gekkel \u00e9s tapasztalatokkal rendelkeznek. Emellett seg\u00edthet megel\u0151zni az unalmat \u00e9s a ki\u00e9g\u00e9st, mivel a munkav\u00e1llal\u00f3k \u00faj kih\u00edv\u00e1sokat \u00e9s feladatokat kapnak. <\/p>\n<div class=\"newlinediv\"><\/div>\n<p> A munkav\u00e1llal\u00f3i rot\u00e1ci\u00f3 m\u00e1sik el\u0151nye, hogy seg\u00edthet a szervezeten bel\u00fcli j\u00f6v\u0151beli vezet\u0151k azonos\u00edt\u00e1s\u00e1ban. Amikor a munkav\u00e1llal\u00f3k lehet\u0151s\u00e9get kapnak arra, hogy k\u00fcl\u00f6nb\u00f6z\u0151 poz\u00edci\u00f3kban dolgozzanak, ez seg\u00edthet a vezet\u0151knek azonos\u00edtani azokat, akikben megvan a potenci\u00e1l a vezet\u00e9sre \u00e9s a nagyobb felel\u0151ss\u00e9gv\u00e1llal\u00e1sra. Ez seg\u00edthet egy er\u0151sebb \u00e9s alkalmasabb vezet\u0151i csapat kialak\u00edt\u00e1s\u00e1ban, ami hossz\u00fa t\u00e1von a szervezet haszn\u00e1ra v\u00e1lhat. <\/p>\n<div class=\"newlinediv\"><\/div>\n<p> A munkav\u00e1llal\u00f3k rot\u00e1ci\u00f3j\u00e1nak azonban h\u00e1tr\u00e1nyai is vannak, amelyeket a v\u00e1llalatoknak figyelembe kell venni\u00fck. Az alkalmazottak rot\u00e1ci\u00f3j\u00e1nak egyik f\u0151 kih\u00edv\u00e1sa, hogy zavar\u00f3 lehet a csapatok \u00e9s a projektek sz\u00e1m\u00e1ra. Amikor az alkalmazottakat k\u00fcl\u00f6nb\u00f6z\u0151 poz\u00edci\u00f3kba helyezik \u00e1t, ez \u00e1tmeneti termel\u00e9kenys\u00e9gcs\u00f6kken\u00e9st okozhat, am\u00edg alkalmazkodnak az \u00faj szerep\u00fckh\u00f6z. Emellett neh\u00e9z lehet helyetteseket tal\u00e1lni ezeknek az alkalmazottaknak, k\u00fcl\u00f6n\u00f6sen, ha speci\u00e1lis k\u00e9szs\u00e9gekkel vagy tud\u00e1ssal rendelkeznek. <\/p>\n<div class=\"newlinediv\"><\/div>\n<p> Az alkalmazottak rot\u00e1ci\u00f3j\u00e1nak m\u00e1sik h\u00e1tr\u00e1nya, hogy a projektek folytonoss\u00e1g\u00e1nak \u00e9s k\u00f6vetkezetess\u00e9g\u00e9nek hi\u00e1ny\u00e1hoz vezethet. Ha az alkalmazottak folyamatosan v\u00e1ltj\u00e1k egym\u00e1st a szerepk\u00f6r\u00f6k k\u00f6z\u00f6tt, kih\u00edv\u00e1st jelenthet a projektek k\u00f6vetkezetes megk\u00f6zel\u00edt\u00e9se \u00e9s a hat\u00e1rid\u0151k betart\u00e1s\u00e1nak biztos\u00edt\u00e1sa. Ez frusztr\u00e1ci\u00f3hoz \u00e9s z\u0171rzavarhoz vezethet a csapattagok k\u00f6r\u00e9ben, \u00e9s v\u00e9gs\u0151 soron \u00e1rthat a szervezet h\u00edrnev\u00e9nek. <\/p>\n<div class=\"newlinediv\"><\/div>\n<p> \u00d6sszefoglalva, a munkav\u00e1llal\u00f3i rot\u00e1ci\u00f3nak vannak el\u0151nyei \u00e9s h\u00e1tr\u00e1nyai is, amelyeket alaposan meg kell fontolni a bevezet\u00e9se el\u0151tt. Mik\u00f6zben jav\u00edthatja az alkalmazottak k\u00e9szs\u00e9geit \u00e9s tud\u00e1s\u00e1t, \u00e9s azonos\u00edthatja a j\u00f6v\u0151 vezet\u0151it, zavar\u00f3 is lehet a csapatok \u00e9s a projektek sz\u00e1m\u00e1ra, \u00e9s a folyamatoss\u00e1g \u00e9s a k\u00f6vetkezetess\u00e9g hi\u00e1ny\u00e1hoz vezethet. A v\u00e1llalatoknak m\u00e9rlegelni\u00fck kell ezeket a t\u00e9nyez\u0151ket, \u00e9s meg kell hat\u00e1rozniuk, hogy a munkav\u00e1llal\u00f3i rot\u00e1ci\u00f3 a megfelel\u0151 megk\u00f6zel\u00edt\u00e9s-e a szervezet\u00fck sz\u00e1m\u00e1ra.<\/p><\/div>\n<div class=\"questions\">\n<div class=\"questionstitle\">FAQ<\/div>\n<div class=\"question\">\n<div class=\"qtitle\"> Milyen h\u00e1tr\u00e1nyai vannak a munkahelyi rot\u00e1ci\u00f3nak?<\/div>\n<p> A munkak\u00f6r-rot\u00e1ci\u00f3 olyan vezet\u00e9si strat\u00e9gia, amely a munkav\u00e1llal\u00f3k egyik munkak\u00f6rb\u0151l a m\u00e1sikba t\u00f6rt\u00e9n\u0151 \u00e1thelyez\u00e9s\u00e9t jelenti a szervezeten bel\u00fcl. Ezt a megk\u00f6zel\u00edt\u00e9st gyakran alkalmazz\u00e1k a munkav\u00e1llal\u00f3k k\u00e9szs\u00e9geinek \u00e9s tud\u00e1s\u00e1nak fejleszt\u00e9s\u00e9re, valamint elk\u00f6telezetts\u00e9g\u00fck \u00e9s motiv\u00e1ci\u00f3juk fenntart\u00e1s\u00e1ra. A munkak\u00f6r\u00f6k rot\u00e1ci\u00f3j\u00e1nak azonban vannak h\u00e1tr\u00e1nyai is, amelyek a k\u00f6vetkez\u0151k: <\/p>\n<div class=\"newlinediv\"><\/div>\n<p> 1. Cs\u00f6kkent termel\u00e9kenys\u00e9g: Amikor a munkav\u00e1llal\u00f3kat egyik munkak\u00f6rb\u0151l a m\u00e1sikba helyezik \u00e1t, id\u0151be telhet, am\u00edg alkalmazkodnak az \u00faj szerepk\u00f6rh\u00f6z \u00e9s megtanulj\u00e1k a sz\u00fcks\u00e9ges k\u00e9szs\u00e9geket. Ez az \u00e1tmeneti id\u0151szakban a termel\u00e9kenys\u00e9g cs\u00f6kken\u00e9s\u00e9t eredm\u00e9nyezheti. <\/p>\n<div class=\"newlinediv\"><\/div>\n<p> 2. Megn\u00f6vekedett k\u00e9pz\u00e9si k\u00f6lts\u00e9gek: A munkahelyv\u00e1lt\u00e1s tov\u00e1bbi k\u00e9pz\u00e9st ig\u00e9nyelhet a munkav\u00e1llal\u00f3k sz\u00e1m\u00e1ra az \u00faj k\u00e9szs\u00e9gek elsaj\u00e1t\u00edt\u00e1s\u00e1hoz \u00e9s az \u00faj szerepk\u00f6r\u00f6kh\u00f6z val\u00f3 alkalmazkod\u00e1shoz. Ez megn\u00f6vekedett k\u00e9pz\u00e9si k\u00f6lts\u00e9geket eredm\u00e9nyezhet a szervezet sz\u00e1m\u00e1ra. <\/p>\n<div class=\"newlinediv\"><\/div>\n<p> 3. A csapatmunka megszakad\u00e1sa: A munkahelyv\u00e1lt\u00e1s megzavarhatja a csapatmunk\u00e1t \u00e9s az egy\u00fcttm\u0171k\u00f6d\u00e9st a munkav\u00e1llal\u00f3k k\u00f6z\u00f6tt egy oszt\u00e1lyon vagy csapatban. Amikor az alkalmazottakat k\u00fcl\u00f6nb\u00f6z\u0151 szerepk\u00f6r\u00f6kbe helyezik \u00e1t, kih\u00edv\u00e1st jelenthet az egy\u00fcttm\u0171k\u00f6d\u00e9s \u00e9s a koordin\u00e1ci\u00f3 azonos szintj\u00e9nek fenntart\u00e1sa. <\/p>\n<div class=\"newlinediv\"><\/div>\n<p> 4. Cs\u00f6kken\u0151 munkahelyi el\u00e9gedetts\u00e9g: A munkav\u00e1llal\u00f3k frusztr\u00e1ltt\u00e1 vagy el\u00e9gedetlenn\u00e9 v\u00e1lhatnak, ha rendszeresen egyik munkak\u00f6rb\u0151l a m\u00e1sikba helyezik \u00e1t \u0151ket. Ez a motiv\u00e1ci\u00f3 \u00e9s az elk\u00f6telezetts\u00e9g cs\u00f6kken\u00e9s\u00e9hez vezethet, ami v\u00e9gs\u0151 soron hat\u00e1ssal lehet a teljes\u00edtm\u00e9ny\u00fckre. <\/p>\n<div class=\"newlinediv\"><\/div>\n<p> 5. A kudarc kock\u00e1zata: El\u0151fordulhat, hogy a munkahelyv\u00e1lt\u00e1s nem minden munkav\u00e1llal\u00f3 sz\u00e1m\u00e1ra megfelel\u0151. Egyes munkav\u00e1llal\u00f3k nehezen tudnak alkalmazkodni az \u00faj szerepekhez, vagy nem rendelkeznek a k\u00fcl\u00f6nb\u00f6z\u0151 munkak\u00f6r\u00f6kben val\u00f3 hat\u00e9kony munkav\u00e9gz\u00e9shez sz\u00fcks\u00e9ges k\u00e9szs\u00e9gekkel. Ez a kudarc kock\u00e1zat\u00e1t eredm\u00e9nyezheti, \u00e9s v\u00e9gs\u0151 soron hat\u00e1ssal lehet a szervezet siker\u00e9re. <\/p>\n<\/div>\n<div class=\"question\">\n<div class=\"qtitle\"> Milyen el\u0151ny\u00f6kkel j\u00e1r a munkak\u00f6r\u00f6k rot\u00e1ci\u00f3ja?<\/div>\n<p> A munkak\u00f6r-rot\u00e1ci\u00f3 egy olyan megk\u00f6zel\u00edt\u00e9s a munkaer\u0151-gazd\u00e1lkod\u00e1sban, amely a munkav\u00e1llal\u00f3k id\u0151szakos \u00e1tcsoportos\u00edt\u00e1s\u00e1t jelenti egyik munkak\u00f6rb\u0151l a m\u00e1sikba a szervezeten bel\u00fcl. A munkak\u00f6r-rot\u00e1ci\u00f3 gyakorlata sz\u00e1mos el\u0151nnyel j\u00e1r, t\u00f6bbek k\u00f6z\u00f6tt: <\/p>\n<div class=\"newlinediv\"><\/div>\n<p> 1. A munkav\u00e1llal\u00f3k k\u00e9szs\u00e9geinek jav\u00edt\u00e1sa: A munkak\u00f6r\u00f6k rot\u00e1ci\u00f3ja lehet\u0151v\u00e9 teszi a munkav\u00e1llal\u00f3k sz\u00e1m\u00e1ra, hogy a szervezeten bel\u00fcl k\u00fcl\u00f6nb\u00f6z\u0151 szerepk\u00f6r\u00f6kkel \u00e9s felel\u0151ss\u00e9gi k\u00f6r\u00f6kkel tal\u00e1lkozzanak, ami seg\u00edthet a k\u00e9szs\u00e9geik \u00e9s tud\u00e1sb\u00e1zisuk b\u0151v\u00edt\u00e9s\u00e9ben. Ez\u00e1ltal a munkav\u00e1llal\u00f3k sokoldal\u00fabb\u00e1 \u00e9s alkalmazkod\u00f3k\u00e9pesebb\u00e9 v\u00e1lhatnak, ami mind a munkav\u00e1llal\u00f3, mind a szervezet sz\u00e1m\u00e1ra el\u0151ny\u00f6s lehet. <\/p>\n<div class=\"newlinediv\"><\/div>\n<p> 2. Fokozott munkav\u00e1llal\u00f3i elk\u00f6telezetts\u00e9g: A munkak\u00f6r\u00f6k rot\u00e1ci\u00f3ja seg\u00edthet megel\u0151zni a munkav\u00e1llal\u00f3k unalm\u00e1t \u00e9s ki\u00e9g\u00e9s\u00e9t, mivel a munkav\u00e1llal\u00f3k lehet\u0151s\u00e9get kapnak arra, hogy k\u00fcl\u00f6nb\u00f6z\u0151 munkak\u00f6rnyezeteket \u00e9s feladatokat tapasztaljanak meg. Ez n\u00f6velheti a munkav\u00e1llal\u00f3k motiv\u00e1ci\u00f3j\u00e1t \u00e9s elk\u00f6telezetts\u00e9g\u00e9t, ami a termel\u00e9kenys\u00e9g \u00e9s a munk\u00e1val val\u00f3 el\u00e9gedetts\u00e9g n\u00f6veked\u00e9s\u00e9hez vezethet. <\/p>\n<div class=\"newlinediv\"><\/div>\n<p> 3. Cs\u00f6kkentett munkav\u00e1llal\u00f3i fluktu\u00e1ci\u00f3: A munkak\u00f6r\u00f6k rot\u00e1ci\u00f3ja seg\u00edthet a munkav\u00e1llal\u00f3i fluktu\u00e1ci\u00f3 megel\u0151z\u00e9s\u00e9ben, mivel \u00faj kih\u00edv\u00e1sokat, valamint n\u00f6veked\u00e9si \u00e9s fejl\u0151d\u00e9si lehet\u0151s\u00e9geket biztos\u00edt a munkav\u00e1llal\u00f3k sz\u00e1m\u00e1ra. Ez seg\u00edthet megtartani a munkav\u00e1llal\u00f3k elk\u00f6telezetts\u00e9g\u00e9t \u00e9s \u00e9rdekl\u0151d\u00e9s\u00e9t a munk\u00e1juk ir\u00e1nt, cs\u00f6kkentve annak val\u00f3sz\u00edn\u0171s\u00e9g\u00e9t, hogy m\u00e1shol keressenek \u00e1ll\u00e1st. <\/p>\n<div class=\"newlinediv\"><\/div>\n<p> 4. Jobb csapatmunka: A munkak\u00f6r\u00f6k rot\u00e1ci\u00f3ja el\u0151seg\u00edtheti a funkci\u00f3k\u00f6zi egy\u00fcttm\u0171k\u00f6d\u00e9st \u00e9s kommunik\u00e1ci\u00f3t, mivel a munkav\u00e1llal\u00f3k a szervezeten bel\u00fcl k\u00fcl\u00f6nb\u00f6z\u0151 r\u00e9szlegekkel \u00e9s csapatokkal tal\u00e1lkoznak. Ez seg\u00edthet az er\u0151sebb kapcsolatok \u00e9s az \u00f6sszetart\u00f3bb szervezeti kult\u00fara kialak\u00edt\u00e1s\u00e1ban. <\/p>\n<div class=\"newlinediv\"><\/div>\n<p> \u00d6sszess\u00e9g\u00e9ben a munkahelyv\u00e1lt\u00e1s hat\u00e9kony strat\u00e9gia lehet a munkav\u00e1llal\u00f3k ir\u00e1ny\u00edt\u00e1s\u00e1ra \u00e9s a szervezeti teljes\u00edtm\u00e9ny jav\u00edt\u00e1s\u00e1ra. Az\u00e1ltal, hogy a munkav\u00e1llal\u00f3knak \u00faj kih\u00edv\u00e1sokat \u00e9s fejl\u0151d\u00e9si lehet\u0151s\u00e9geket k\u00edn\u00e1l, a munkak\u00f6r\u00f6k rot\u00e1ci\u00f3ja seg\u00edthet a munkav\u00e1llal\u00f3i k\u00e9szs\u00e9gek, az elk\u00f6telezetts\u00e9g \u00e9s a megtart\u00e1s jav\u00edt\u00e1s\u00e1ban, mik\u00f6zben el\u0151seg\u00edti az egy\u00fcttm\u0171k\u00f6d\u0151bb \u00e9s dinamikusabb munkak\u00f6rnyezet kialakul\u00e1s\u00e1t is.<\/p>\n<\/div>\n<\/div>\n","protected":false},"excerpt":{"rendered":"<p>A munkav\u00e1llal\u00f3i rot\u00e1ci\u00f3 egy olyan folyamat, amelynek sor\u00e1n egy szervezet a munkav\u00e1llal\u00f3it egyik munkak\u00f6rb\u0151l a m\u00e1sikba helyezi \u00e1t. Ennek a gyakorlatnak az a c\u00e9lja, hogy az alkalmazottaknak lehet\u0151s\u00e9get adjon \u00faj k\u00e9szs\u00e9gek elsaj\u00e1t\u00edt\u00e1s\u00e1ra, tapasztalatszerz\u00e9sre \u00e9s a szerep\u00fck sokoldal\u00fabb\u00e1 t\u00e9tel\u00e9re. A munkav\u00e1llal\u00f3i rot\u00e1ci\u00f3nak el\u0151nyei \u00e9s h\u00e1tr\u00e1nyai egyar\u00e1nt vannak, \u00e9s a v\u00e1llalatoknak ezeket alaposan m\u00e9rlegelni\u00fck kell, miel\u0151tt a &#8230; <a title=\"A munkav\u00e1llal\u00f3i rot\u00e1ci\u00f3 el\u0151nyeinek \u00e9s h\u00e1tr\u00e1nyainak felt\u00e1r\u00e1sa\" class=\"read-more\" href=\"https:\/\/megnyitasa.com\/tudas\/a-munkavallaloi-rotacio-elonyeinek-es-hatranyainak-feltarasa\/\" aria-label=\"Read more about A munkav\u00e1llal\u00f3i rot\u00e1ci\u00f3 el\u0151nyeinek \u00e9s h\u00e1tr\u00e1nyainak felt\u00e1r\u00e1sa\">Read more<\/a><\/p>\n","protected":false},"author":1324,"featured_media":0,"comment_status":"closed","ping_status":"closed","sticky":false,"template":"","format":"standard","meta":{"footnotes":""},"categories":[37],"tags":[],"class_list":["post-11946","post","type-post","status-publish","format-standard","hentry","category-a-munkavallalok-iranyitasa"],"_links":{"self":[{"href":"https:\/\/megnyitasa.com\/tudas\/wp-json\/wp\/v2\/posts\/11946","targetHints":{"allow":["GET"]}}],"collection":[{"href":"https:\/\/megnyitasa.com\/tudas\/wp-json\/wp\/v2\/posts"}],"about":[{"href":"https:\/\/megnyitasa.com\/tudas\/wp-json\/wp\/v2\/types\/post"}],"author":[{"embeddable":true,"href":"https:\/\/megnyitasa.com\/tudas\/wp-json\/wp\/v2\/users\/1324"}],"replies":[{"embeddable":true,"href":"https:\/\/megnyitasa.com\/tudas\/wp-json\/wp\/v2\/comments?post=11946"}],"version-history":[{"count":0,"href":"https:\/\/megnyitasa.com\/tudas\/wp-json\/wp\/v2\/posts\/11946\/revisions"}],"wp:attachment":[{"href":"https:\/\/megnyitasa.com\/tudas\/wp-json\/wp\/v2\/media?parent=11946"}],"wp:term":[{"taxonomy":"category","embeddable":true,"href":"https:\/\/megnyitasa.com\/tudas\/wp-json\/wp\/v2\/categories?post=11946"},{"taxonomy":"post_tag","embeddable":true,"href":"https:\/\/megnyitasa.com\/tudas\/wp-json\/wp\/v2\/tags?post=11946"}],"curies":[{"name":"wp","href":"https:\/\/api.w.org\/{rel}","templated":true}]}}