{"id":1201,"date":"2023-04-24T00:00:00","date_gmt":"2023-04-24T00:00:00","guid":{"rendered":"https:\/\/megnyitasa.com\/tudas\/a-szakmai-halozatepites-ereje-a-linkedin-celjanak-megertese\/"},"modified":"2023-04-24T00:00:00","modified_gmt":"2023-04-24T00:00:00","slug":"a-szakmai-halozatepites-ereje-a-linkedin-celjanak-megertese","status":"publish","type":"post","link":"https:\/\/megnyitasa.com\/tudas\/a-szakmai-halozatepites-ereje-a-linkedin-celjanak-megertese\/","title":{"rendered":"A szakmai h\u00e1l\u00f3zat\u00e9p\u00edt\u00e9s ereje: A LinkedIn c\u00e9lj\u00e1nak meg\u00e9rt\u00e9se"},"content":{"rendered":"<div class=\"articlecontent\">\n<div class=\"newlinediv\"><\/div>\n<p> A LinkedIn egy szakmai k\u00f6z\u00f6ss\u00e9gi m\u00e9diaplatform, amely a szakemberek sz\u00e1m\u00e1ra vil\u00e1gszerte kulcsfontoss\u00e1g\u00fa eszk\u00f6zz\u00e9 n\u0151tte ki mag\u00e1t. M\u00e1s k\u00f6z\u00f6ss\u00e9gi m\u00e9diaplatformokkal ellent\u00e9tben a LinkedIn kifejezetten a szakemberek sz\u00e1m\u00e1ra k\u00e9sz\u00fclt, hogy kapcsolatot teremtsenek, h\u00e1l\u00f3zatot \u00e9p\u00edtsenek ki, \u00e9s bemutass\u00e1k k\u00e9pess\u00e9geiket \u00e9s tapasztalataikat. A platform egyre fontosabb\u00e1 v\u00e1lt az \u00e1ll\u00e1skeres\u0151k, a c\u00e9gtulajdonosok \u00e9s a szakmai h\u00e1l\u00f3zatukat b\u0151v\u00edteni \u00e9s m\u00e1rk\u00e1jukat \u00e9p\u00edteni k\u00edv\u00e1n\u00f3 szakemberek sz\u00e1m\u00e1ra. <\/p>\n<div class=\"newlinediv\"><\/div>\n<p> A LinkedIn els\u0151dleges c\u00e9lja, hogy \u00f6sszekapcsolja a szakembereket m\u00e1s, az ipar\u00e1gukban tev\u00e9kenyked\u0151 szakemberekkel, teret teremtve a kapcsolat\u00e9p\u00edt\u00e9snek \u00e9s a kapcsolat\u00e9p\u00edt\u00e9snek. A felhaszn\u00e1l\u00f3k kapcsolatba l\u00e9phetnek koll\u00e9g\u00e1kkal, ipar\u00e1gi vezet\u0151kkel \u00e9s potenci\u00e1lis munk\u00e1ltat\u00f3kkal, \u00edgy k\u00f6nnyebben tal\u00e1lhatnak \u00e1ll\u00e1saj\u00e1nlatokat, k\u00e9rhetnek tan\u00e1csot \u00e9s alak\u00edthatnak ki partners\u00e9geket. A LinkedIn kiv\u00e1l\u00f3 platform a v\u00e1llalkoz\u00e1sok sz\u00e1m\u00e1ra is, hogy hirdess\u00e9k \u00e9s n\u00e9pszer\u0171s\u00edts\u00e9k szolg\u00e1ltat\u00e1saikat, valamint a toborz\u00f3k sz\u00e1m\u00e1ra, hogy megtal\u00e1lj\u00e1k a potenci\u00e1lis munkaer\u0151t. <\/p>\n<div class=\"newlinediv\"><\/div>\n<p> A LinkedIn m\u00e1sik c\u00e9lja a k\u00e9szs\u00e9gek \u00e9s tapasztalatok bemutat\u00e1sa egy szakmai profil seg\u00edts\u00e9g\u00e9vel. A felhaszn\u00e1l\u00f3k bemutathatj\u00e1k v\u00e9gzetts\u00e9g\u00fcket, munkatapasztalatukat \u00e9s k\u00e9pess\u00e9geiket, valamint j\u00f3v\u00e1hagy\u00e1sokat \u00e9s aj\u00e1nl\u00e1sokat kaphatnak koll\u00e9g\u00e1kt\u00f3l \u00e9s \u00fcgyfelekt\u0151l. Egy er\u0151s LinkedIn-profil seg\u00edts\u00e9g\u00e9vel az \u00e1ll\u00e1skeres\u0151k kit\u0171nhetnek a potenci\u00e1lis munk\u00e1ltat\u00f3k el\u0151tt, \u00e9s megmutathatj\u00e1k szak\u00e9rtelm\u00fcket az ipar\u00e1g t\u00f6bbi szakember\u00e9nek. <\/p>\n<div class=\"newlinediv\"><\/div>\n<p> A LinkedIn sz\u00e1mos olyan funkci\u00f3t is k\u00edn\u00e1l, amelyek seg\u00edts\u00e9g\u00e9vel a felhaszn\u00e1l\u00f3k t\u00e1j\u00e9kozottak \u00e9s naprak\u00e9szek maradhatnak az ipar\u00e1gi h\u00edrekkel \u00e9s trendekkel kapcsolatban. A felhaszn\u00e1l\u00f3k csatlakozhatnak a szakter\u00fclet\u00fckh\u00f6z kapcsol\u00f3d\u00f3 csoportokhoz, \u00e9s r\u00e9szt vehetnek a vit\u00e1kban, cikkeket \u00e9s bejegyz\u00e9seket olvashatnak az ipar\u00e1g vezet\u0151it\u0151l, \u00e9s k\u00f6vethetik a v\u00e1llalatokat, hogy t\u00e1j\u00e9koz\u00f3djanak az \u00e1ll\u00e1slehet\u0151s\u00e9gekr\u0151l, esem\u00e9nyekr\u0151l \u00e9s ipar\u00e1gi h\u00edrekr\u0151l. <\/p>\n<div class=\"newlinediv\"><\/div>\n<p> \u00d6sszefoglalva, a LinkedIn c\u00e9lja, hogy platformot biztos\u00edtson a szakemberek sz\u00e1m\u00e1ra a kapcsolatteremt\u00e9shez, a h\u00e1l\u00f3zat\u00e9p\u00edt\u00e9shez \u00e9s a m\u00e1rka\u00e9p\u00edt\u00e9shez. A platform n\u00e9lk\u00fcl\u00f6zhetetlen eszk\u00f6zz\u00e9 v\u00e1lt azon szakemberek sz\u00e1m\u00e1ra, akik szeretn\u00e9k b\u0151v\u00edteni szakmai h\u00e1l\u00f3zatukat, \u00e1ll\u00e1slehet\u0151s\u00e9geket tal\u00e1lni, \u00e9s t\u00e1j\u00e9koz\u00f3dni az ipar\u00e1gi h\u00edrekr\u0151l \u00e9s trendekr\u0151l. Hat\u00e9kony kapcsolat\u00e9p\u00edt\u00e9si lehet\u0151s\u00e9geivel \u00e9s szakmai funkci\u00f3ival a LinkedIn forradalmas\u00edtotta a szakemberek kapcsolat\u00e9p\u00edt\u00e9s\u00e9nek \u00e9s karrier\u00e9p\u00edt\u00e9s\u00e9nek m\u00f3dj\u00e1t.<\/p><\/div>\n","protected":false},"excerpt":{"rendered":"<p>A LinkedIn egy szakmai k\u00f6z\u00f6ss\u00e9gi m\u00e9diaplatform, amely a szakemberek sz\u00e1m\u00e1ra vil\u00e1gszerte kulcsfontoss\u00e1g\u00fa eszk\u00f6zz\u00e9 n\u0151tte ki mag\u00e1t. M\u00e1s k\u00f6z\u00f6ss\u00e9gi m\u00e9diaplatformokkal ellent\u00e9tben a LinkedIn kifejezetten a szakemberek sz\u00e1m\u00e1ra k\u00e9sz\u00fclt, hogy kapcsolatot teremtsenek, h\u00e1l\u00f3zatot \u00e9p\u00edtsenek ki, \u00e9s bemutass\u00e1k k\u00e9pess\u00e9geiket \u00e9s tapasztalataikat. A platform egyre fontosabb\u00e1 v\u00e1lt az \u00e1ll\u00e1skeres\u0151k, a c\u00e9gtulajdonosok \u00e9s a szakmai h\u00e1l\u00f3zatukat b\u0151v\u00edteni \u00e9s m\u00e1rk\u00e1jukat \u00e9p\u00edteni &#8230; <a title=\"A szakmai h\u00e1l\u00f3zat\u00e9p\u00edt\u00e9s ereje: A LinkedIn c\u00e9lj\u00e1nak meg\u00e9rt\u00e9se\" class=\"read-more\" href=\"https:\/\/megnyitasa.com\/tudas\/a-szakmai-halozatepites-ereje-a-linkedin-celjanak-megertese\/\" aria-label=\"Read more about A szakmai h\u00e1l\u00f3zat\u00e9p\u00edt\u00e9s ereje: A LinkedIn c\u00e9lj\u00e1nak meg\u00e9rt\u00e9se\">Read more<\/a><\/p>\n","protected":false},"author":996,"featured_media":0,"comment_status":"closed","ping_status":"closed","sticky":false,"template":"","format":"standard","meta":{"footnotes":""},"categories":[19],"tags":[],"class_list":["post-1201","post","type-post","status-publish","format-standard","hentry","category-az-alkalmazottak-iranyitasa"],"_links":{"self":[{"href":"https:\/\/megnyitasa.com\/tudas\/wp-json\/wp\/v2\/posts\/1201","targetHints":{"allow":["GET"]}}],"collection":[{"href":"https:\/\/megnyitasa.com\/tudas\/wp-json\/wp\/v2\/posts"}],"about":[{"href":"https:\/\/megnyitasa.com\/tudas\/wp-json\/wp\/v2\/types\/post"}],"author":[{"embeddable":true,"href":"https:\/\/megnyitasa.com\/tudas\/wp-json\/wp\/v2\/users\/996"}],"replies":[{"embeddable":true,"href":"https:\/\/megnyitasa.com\/tudas\/wp-json\/wp\/v2\/comments?post=1201"}],"version-history":[{"count":0,"href":"https:\/\/megnyitasa.com\/tudas\/wp-json\/wp\/v2\/posts\/1201\/revisions"}],"wp:attachment":[{"href":"https:\/\/megnyitasa.com\/tudas\/wp-json\/wp\/v2\/media?parent=1201"}],"wp:term":[{"taxonomy":"category","embeddable":true,"href":"https:\/\/megnyitasa.com\/tudas\/wp-json\/wp\/v2\/categories?post=1201"},{"taxonomy":"post_tag","embeddable":true,"href":"https:\/\/megnyitasa.com\/tudas\/wp-json\/wp\/v2\/tags?post=1201"}],"curies":[{"name":"wp","href":"https:\/\/api.w.org\/{rel}","templated":true}]}}