{"id":12433,"date":"2023-04-24T00:00:00","date_gmt":"2023-04-24T00:00:00","guid":{"rendered":"https:\/\/megnyitasa.com\/tudas\/a-munkavallaloi-panaszok-kezelesenek-fontossaga-ber-es-berkerdesekben\/"},"modified":"2023-04-24T00:00:00","modified_gmt":"2023-04-24T00:00:00","slug":"a-munkavallaloi-panaszok-kezelesenek-fontossaga-ber-es-berkerdesekben","status":"publish","type":"post","link":"https:\/\/megnyitasa.com\/tudas\/a-munkavallaloi-panaszok-kezelesenek-fontossaga-ber-es-berkerdesekben\/","title":{"rendered":"A munkav\u00e1llal\u00f3i panaszok kezel\u00e9s\u00e9nek fontoss\u00e1ga b\u00e9r- \u00e9s b\u00e9rk\u00e9rd\u00e9sekben"},"content":{"rendered":"<div class=\"articlecontent\">\n<div class=\"newlinediv\"><\/div>\n<p> A munkav\u00e1llal\u00f3i panaszok egyik leggyakoribb forr\u00e1sa a b\u00e9r- \u00e9s b\u00e9rk\u00e9rd\u00e9sekkel kapcsolatos. A versenyk\u00e9pes munkaer\u0151piacon a munkav\u00e1llal\u00f3k elv\u00e1rj\u00e1k, hogy a szervezethez val\u00f3 hozz\u00e1j\u00e1rul\u00e1suk\u00e9rt m\u00e9lt\u00e1nyos d\u00edjaz\u00e1sban r\u00e9szes\u00fcljenek. A m\u00e9lt\u00e1nyos b\u00e9r- \u00e9s b\u00e9rstrukt\u00fara nemcsak a tehets\u00e9gek vonz\u00e1s\u00e1hoz \u00e9s megtart\u00e1s\u00e1hoz, hanem a pozit\u00edv munkahelyi k\u00f6rnyezet fenntart\u00e1s\u00e1hoz is elengedhetetlen. Ha a munkav\u00e1llal\u00f3k \u00fagy \u00e9rzik, hogy nem azt kapj\u00e1k, amit meg\u00e9rdemelnek, vagy hogy a fizet\u00e9s\u00fck nem felel meg az ipar\u00e1gi norm\u00e1knak, akkor demotiv\u00e1ltt\u00e1 v\u00e1lhatnak, elkedvetlenedhetnek, \u00e9s v\u00e9g\u00fcl elhagyhatj\u00e1k a szervezetet. <\/p>\n<div class=\"newlinediv\"><\/div>\n<p> Az ilyen helyzetek megel\u0151z\u00e9se \u00e9rdek\u00e9ben fontos, hogy a szervezetek \u00e1tl\u00e1that\u00f3 \u00e9s igazs\u00e1gos javadalmaz\u00e1si rendszerrel rendelkezzenek. Ennek a rendszernek piackutat\u00e1son \u00e9s teljes\u00edtm\u00e9ny\u00e9rt\u00e9kel\u00e9sen kell alapulnia, figyelembe v\u00e9ve olyan t\u00e9nyez\u0151ket, mint a munkak\u00f6ri feladatok, k\u00e9szs\u00e9gek, tapasztalat \u00e9s teljes\u00edtm\u00e9ny. A munkav\u00e1llal\u00f3kat t\u00e1j\u00e9koztatni kell arr\u00f3l, hogyan hat\u00e1rozz\u00e1k meg a fizet\u00e9s\u00fcket, \u00e9s mit tehetnek, ha \u00fagy v\u00e9lik, hogy az nem igazs\u00e1gos. <\/p>\n<div class=\"newlinediv\"><\/div>\n<p> Azonban m\u00e9g egy tisztess\u00e9ges javadalmaz\u00e1si rendszer megl\u00e9te eset\u00e9n is el\u0151fordulhatnak a b\u00e9rekkel \u00e9s fizet\u00e9sekkel kapcsolatos munkav\u00e1llal\u00f3i panaszok. Ilyen esetekben fontos, hogy a szervezetek hat\u00e9kony panaszkezel\u00e9si mechanizmussal rendelkezzenek, amely lehet\u0151v\u00e9 teszi a munkav\u00e1llal\u00f3k sz\u00e1m\u00e1ra, hogy aggodalmaiknak hangot adjanak, \u00e9s azokat azonnal orvosolj\u00e1k. Ennek a mechanizmusnak \u00e1tl\u00e1that\u00f3nak, objekt\u00edvnek \u00e9s p\u00e1rtatlannak kell lennie, \u00e9s lehet\u0151s\u00e9get kell biztos\u00edtania a munkav\u00e1llal\u00f3k sz\u00e1m\u00e1ra a fellebbez\u00e9sre, ha nem el\u00e9gedettek a panaszuk eredm\u00e9ny\u00e9vel. <\/p>\n<div class=\"newlinediv\"><\/div>\n<p> A b\u00e9rekkel \u00e9s fizet\u00e9sekkel kapcsolatos munkav\u00e1llal\u00f3i panaszok figyelmen k\u00edv\u00fcl hagy\u00e1sa vagy helytelen kezel\u00e9se s\u00falyos k\u00f6vetkezm\u00e9nyekkel j\u00e1rhat egy szervezet sz\u00e1m\u00e1ra. Magas fluktu\u00e1ci\u00f3s ar\u00e1nyhoz, alacsony munkav\u00e1llal\u00f3i mor\u00e1lhoz \u00e9s a munk\u00e1ltat\u00f3i m\u00e1rka h\u00edrnev\u00e9nek s\u00e9r\u00fcl\u00e9s\u00e9hez vezethet. Emellett jogi l\u00e9p\u00e9seket is eredm\u00e9nyezhet a szervezet ellen, ami id\u0151, er\u0151forr\u00e1sok \u00e9s h\u00edrn\u00e9v szempontj\u00e1b\u00f3l k\u00f6lts\u00e9ges lehet. <\/p>\n<div class=\"newlinediv\"><\/div>\n<p> \u00d6sszefoglalva, a b\u00e9rekkel \u00e9s fizet\u00e9sekkel kapcsolatos munkav\u00e1llal\u00f3i panaszok kezel\u00e9se alapvet\u0151 fontoss\u00e1g\u00fa az eg\u00e9szs\u00e9ges \u00e9s produkt\u00edv munkak\u00f6rnyezet fenntart\u00e1s\u00e1hoz. A szervezeteknek tisztess\u00e9ges \u00e9s \u00e1tl\u00e1that\u00f3 kompenz\u00e1ci\u00f3s rendszerrel \u00e9s hat\u00e9kony panaszkezel\u00e9si mechanizmussal kell rendelkezni\u00fck az esetlegesen felmer\u00fcl\u0151 probl\u00e9m\u00e1k kezel\u00e9s\u00e9re. Ez\u00e1ltal vonzhatj\u00e1k \u00e9s megtarthatj\u00e1k a legjobb tehets\u00e9geket, n\u00f6velhetik a munkav\u00e1llal\u00f3k mor\u00e1lj\u00e1t, \u00e9s elker\u00fclhetik a jogi probl\u00e9m\u00e1kat.<\/p><\/div>\n<div class=\"questions\">\n<div class=\"questionstitle\">FAQ<\/div>\n<div class=\"question\">\n<div class=\"qtitle\"> Hogyan kezeli a fizet\u00e9sk\u00fcl\u00f6nbs\u00e9geket?<\/div>\n<p> A fizet\u00e9selt\u00e9r\u00e9sek \u00e9rz\u00e9keny \u00e9s \u00f6sszetett k\u00e9rd\u00e9s lehet, de vannak l\u00e9p\u00e9sek, amelyeket megtehet a hat\u00e9kony kezel\u00e9s\u00fck \u00e9rdek\u00e9ben. \u00cdme n\u00e9h\u00e1ny tipp: <\/p>\n<div class=\"newlinediv\"><\/div>\n<p> 1. Tekintse \u00e1t a munkav\u00e1llal\u00f3 javadalmaz\u00e1si el\u0151zm\u00e9nyeit \u00e9s a munkaszerz\u0151d\u00e9st, hogy megbizonyosodjon a pontoss\u00e1gr\u00f3l \u00e9s a v\u00e1llalat ir\u00e1nyelveivel \u00e9s gyakorlat\u00e1val val\u00f3 \u00f6sszhangr\u00f3l. <\/p>\n<div class=\"newlinediv\"><\/div>\n<p> 2. Ha elt\u00e9r\u00e9s van, t\u0171zz\u00f6n ki egy tal\u00e1lkoz\u00f3t a munkav\u00e1llal\u00f3val, hogy ny\u00edltan \u00e9s \u00e1tl\u00e1that\u00f3an megbesz\u00e9lj\u00e9k a k\u00e9rd\u00e9st. Hallgassa meg az agg\u00e1lyait, \u00e9s k\u00e9sz\u00fclj\u00f6n fel arra, hogy inform\u00e1ci\u00f3kat \u00e9s dokumentumokat ny\u00fajt be \u00e1ll\u00e1spontja al\u00e1t\u00e1maszt\u00e1s\u00e1ra. <\/p>\n<div class=\"newlinediv\"><\/div>\n<p> 3. Ha a munkav\u00e1llal\u00f3nak jogos az ig\u00e9nye, m\u0171k\u00f6dj\u00f6n egy\u00fctt a HR-rel vagy az illet\u00e9kes r\u00e9szleggel a helyzet miel\u0151bbi orvosl\u00e1sa \u00e9rdek\u00e9ben. Ez mag\u00e1ban foglalhatja a munkav\u00e1llal\u00f3 fizet\u00e9s\u00e9nek kiigaz\u00edt\u00e1s\u00e1t, visszamen\u0151leges fizet\u00e9st, vagy tov\u00e1bbi juttat\u00e1sok vagy kompenz\u00e1ci\u00f3 felaj\u00e1nl\u00e1s\u00e1t. <\/p>\n<div class=\"newlinediv\"><\/div>\n<p> 4. A folyamat sor\u00e1n v\u00e9gig kommunik\u00e1ljon a munkav\u00e1llal\u00f3val, hogy biztos\u00edtsa a t\u00e1j\u00e9koztat\u00e1s\u00e1t \u00e9s bevon\u00e1s\u00e1t a megold\u00e1sba. <\/p>\n<div class=\"newlinediv\"><\/div>\n<p> 5. Tegyen l\u00e9p\u00e9seket a j\u00f6v\u0151beni fizet\u00e9selt\u00e9r\u00e9sek megel\u0151z\u00e9s\u00e9re az\u00e1ltal, hogy rendszeresen fel\u00fclvizsg\u00e1lja \u00e9s friss\u00edti a javadalmaz\u00e1si politik\u00e1kat \u00e9s gyakorlatokat, \u00e9s biztos\u00edtja, hogy minden alkalmazott tiszt\u00e1ban legyen a fizet\u00e9ssel \u00e9s juttat\u00e1sokkal kapcsolatos jogaival \u00e9s k\u00f6telezetts\u00e9geivel. <\/p>\n<div class=\"newlinediv\"><\/div>\n<p> \u00d6sszess\u00e9g\u00e9ben fontos, hogy a fizet\u00e9sk\u00fcl\u00f6nbs\u00e9geket \u00e9rz\u00e9kenyen, m\u00e9lt\u00e1nyosan \u00e9s \u00e1tl\u00e1that\u00f3an k\u00f6zel\u00edts\u00fck meg, \u00e9s a munkav\u00e1llal\u00f3kkal egy\u00fcttm\u0171k\u00f6dve keress\u00fcnk olyan megold\u00e1st, amely megfelel az ig\u00e9nyeiknek, \u00e9s \u00f6sszhangban van a v\u00e1llalati ir\u00e1nyelvekkel \u00e9s gyakorlatokkal. <\/p>\n<\/div>\n<div class=\"question\">\n<div class=\"qtitle\"> Mi a p\u00e9lda a munkav\u00e1llal\u00f3i panaszra?<\/div>\n<p> A munkav\u00e1llal\u00f3i panasz a munkav\u00e1llal\u00f3 \u00e1ltal beny\u00fajtott panasz vagy aggodalom a munkak\u00f6rnyezet\u00e9vel, a munkak\u00f6ri feladataival vagy a vezet\u0151s\u00e9g vagy a munkat\u00e1rsak \u00e1ltali b\u00e1n\u00e1sm\u00f3ddal kapcsolatban. A munkav\u00e1llal\u00f3i panaszoknak sz\u00e1mos k\u00fcl\u00f6nb\u00f6z\u0151 t\u00edpusa l\u00e9tezik, t\u00f6bbek k\u00f6z\u00f6tt, de nem kiz\u00e1r\u00f3lagosan: <\/p>\n<div class=\"newlinediv\"><\/div>\n<p> 1. Zaklat\u00e1s: Ide tartozik a sz\u00f3beli vagy fizikai b\u00e1ntalmaz\u00e1s, a diszkrimin\u00e1ci\u00f3 vagy b\u00e1rmely m\u00e1s olyan viselked\u00e9s, amely ellens\u00e9ges munkahelyi k\u00f6rnyezetet teremt. <\/p>\n<div class=\"newlinediv\"><\/div>\n<p> 2. Diszkrimin\u00e1ci\u00f3: Ide tartozik a faji, nemi, szexu\u00e1lis ir\u00e1nyults\u00e1gon, \u00e9letkoron, vall\u00e1son vagy fogyat\u00e9koss\u00e1gon alapul\u00f3 megk\u00fcl\u00f6nb\u00f6ztet\u00e9s. <\/p>\n<div class=\"newlinediv\"><\/div>\n<p> 3. Tisztess\u00e9gtelen b\u00e1n\u00e1sm\u00f3d: Ide tartozik a munkav\u00e1llal\u00f3val szembeni tisztess\u00e9gtelen b\u00e1n\u00e1sm\u00f3d b\u00e1rmely form\u00e1ja, mint p\u00e9ld\u00e1ul a kiv\u00e9telez\u00e9s, az egyenl\u0151tlen fizet\u00e9s vagy juttat\u00e1sok, vagy az indokolatlan fegyelmi int\u00e9zked\u00e9sek. <\/p>\n<div class=\"newlinediv\"><\/div>\n<p> 4. Biztons\u00e1gi agg\u00e1lyok: Ide tartozik minden olyan nem biztons\u00e1gos munkak\u00f6r\u00fclm\u00e9ny vagy gyakorlat, amely kock\u00e1zatot jelenthet a munkav\u00e1llal\u00f3 eg\u00e9szs\u00e9g\u00e9re vagy j\u00f3l\u00e9t\u00e9re. <\/p>\n<div class=\"newlinediv\"><\/div>\n<p> 5. Munkaterhel\u00e9s: Ide tartoznak a munkav\u00e1llal\u00f3 t\u00fal nagy vagy irre\u00e1lis munkaterhel\u00e9s\u00e9vel kapcsolatos agg\u00e1lyok, amelyek stresszhez, ki\u00e9g\u00e9shez vagy fizikai kimer\u00fclts\u00e9ghez vezetnek. <\/p>\n<div class=\"newlinediv\"><\/div>\n<p> Fontos, hogy a munk\u00e1ltat\u00f3k vil\u00e1gos panaszkezel\u00e9si politik\u00e1val rendelkezzenek annak biztos\u00edt\u00e1sa \u00e9rdek\u00e9ben, hogy a munkav\u00e1llal\u00f3k panaszait tisztess\u00e9gesen \u00e9s id\u0151ben kezelj\u00e9k \u00e9s megoldj\u00e1k. A munkav\u00e1llal\u00f3i panaszok kezel\u00e9s\u00e9nek elmulaszt\u00e1sa alacsony mor\u00e1lhoz, cs\u00f6kkent termel\u00e9kenys\u00e9ghez \u00e9s esetleges jogi probl\u00e9m\u00e1khoz vezethet. <\/p>\n<\/div>\n<div class=\"question\">\n<div class=\"qtitle\"> Hogyan kezeli a b\u00e9rprobl\u00e9m\u00e1kat?<\/div>\n<p> A fizet\u00e9ssel kapcsolatos agg\u00e1lyok kezel\u00e9se a munkav\u00e1llal\u00f3k ir\u00e1ny\u00edt\u00e1s\u00e1nak fontos szempontja. \u00cdme n\u00e9h\u00e1ny k\u00f6vetend\u0151 l\u00e9p\u00e9s: <\/p>\n<div class=\"newlinediv\"><\/div>\n<p> 1. Hallgasson meg! Kezdje azzal, hogy meghallgatja a munkav\u00e1llal\u00f3 agg\u00e1lyait. K\u00e9rje meg \u0151ket, hogy r\u00e9szletesen fejts\u00e9k ki aggodalmaikat, \u00e9s sz\u00e1njon id\u0151t arra, hogy meg\u00e9rtse a n\u00e9z\u0151pontjukat. <\/p>\n<div class=\"newlinediv\"><\/div>\n<p> 2. \u00c9rtse meg a piacot: Vizsg\u00e1lja meg az ipar\u00e1gat \u00e9s a fizet\u00e9sek aktu\u00e1lis trendjeit. Ez seg\u00edt meg\u00e1llap\u00edtani, hogy a munkav\u00e1llal\u00f3 agg\u00e1lyai megalapozottak-e, \u00e9s viszony\u00edt\u00e1si alapot biztos\u00edt a d\u00f6nt\u00e9shozatalhoz. <\/p>\n<div class=\"newlinediv\"><\/div>\n<p> 3. Tekintse \u00e1t a munkav\u00e1llal\u00f3 teljes\u00edtm\u00e9ny\u00e9t: \u00c9rt\u00e9kelje a munkav\u00e1llal\u00f3 teljes\u00edtm\u00e9ny\u00e9t \u00e9s a szervezethez val\u00f3 hozz\u00e1j\u00e1rul\u00e1s\u00e1t. Ha a munkav\u00e1llal\u00f3 j\u00f3l teljes\u00edt \u00e9s \u00e9rt\u00e9ket teremt a v\u00e1llalat sz\u00e1m\u00e1ra, hely\u00e9nval\u00f3 lehet a fizet\u00e9se kiigaz\u00edt\u00e1sa. <\/p>\n<div class=\"newlinediv\"><\/div>\n<p> 4. Kommunik\u00e1ljon ny\u00edltan: Legyen \u00e1tl\u00e1that\u00f3 a munkav\u00e1llal\u00f3val a v\u00e1llalat b\u00e9rkiigaz\u00edt\u00e1sra vonatkoz\u00f3 politik\u00e1j\u00e1r\u00f3l \u00e9s elj\u00e1r\u00e1sair\u00f3l. Tudassa vel\u00fck, hogy milyen t\u00e9nyez\u0151ket vesznek figyelembe a fizet\u00e9sekkel kapcsolatos d\u00f6nt\u00e9sek meghozatalakor. <\/p>\n<div class=\"newlinediv\"><\/div>\n<p> 5. Legyen igazs\u00e1gos: Biztos\u00edtsa, hogy a fizet\u00e9sm\u00f3dos\u00edt\u00e1sok igazs\u00e1gosak legyenek, \u00e9s \u00f6sszhangban legyenek a v\u00e1llalat ir\u00e1nyelveivel \u00e9s elj\u00e1r\u00e1saival. Vegye figyelembe a t\u00f6bbi alkalmazottra gyakorolt hat\u00e1st, \u00e9s gy\u0151z\u0151dj\u00f6n meg arr\u00f3l, hogy mindenkit m\u00e9lt\u00e1nyosan kezelnek. <\/p>\n<div class=\"newlinediv\"><\/div>\n<p> 6. K\u00f6vesse nyomon: A d\u00f6nt\u00e9s meghozatala ut\u00e1n j\u00e1rjon ut\u00e1na a munkav\u00e1llal\u00f3nak, hogy megbizonyosodjon arr\u00f3l, hogy meg\u00e9rtette a d\u00f6nt\u00e9st \u00e9s el\u00e9gedett az eredm\u00e9nnyel. Tartsa nyitva a kommunik\u00e1ci\u00f3s csatorn\u00e1kat, \u00e9s legyen hajland\u00f3 foglalkozni az esetlegesen felmer\u00fcl\u0151 tov\u00e1bbi agg\u00e1lyokkal.<\/p>\n<\/div>\n<\/div>\n","protected":false},"excerpt":{"rendered":"<p>A munkav\u00e1llal\u00f3i panaszok egyik leggyakoribb forr\u00e1sa a b\u00e9r- \u00e9s b\u00e9rk\u00e9rd\u00e9sekkel kapcsolatos. A versenyk\u00e9pes munkaer\u0151piacon a munkav\u00e1llal\u00f3k elv\u00e1rj\u00e1k, hogy a szervezethez val\u00f3 hozz\u00e1j\u00e1rul\u00e1suk\u00e9rt m\u00e9lt\u00e1nyos d\u00edjaz\u00e1sban r\u00e9szes\u00fcljenek. A m\u00e9lt\u00e1nyos b\u00e9r- \u00e9s b\u00e9rstrukt\u00fara nemcsak a tehets\u00e9gek vonz\u00e1s\u00e1hoz \u00e9s megtart\u00e1s\u00e1hoz, hanem a pozit\u00edv munkahelyi k\u00f6rnyezet fenntart\u00e1s\u00e1hoz is elengedhetetlen. Ha a munkav\u00e1llal\u00f3k \u00fagy \u00e9rzik, hogy nem azt kapj\u00e1k, amit meg\u00e9rdemelnek, &#8230; <a title=\"A munkav\u00e1llal\u00f3i panaszok kezel\u00e9s\u00e9nek fontoss\u00e1ga b\u00e9r- \u00e9s b\u00e9rk\u00e9rd\u00e9sekben\" class=\"read-more\" href=\"https:\/\/megnyitasa.com\/tudas\/a-munkavallaloi-panaszok-kezelesenek-fontossaga-ber-es-berkerdesekben\/\" aria-label=\"Read more about A munkav\u00e1llal\u00f3i panaszok kezel\u00e9s\u00e9nek fontoss\u00e1ga b\u00e9r- \u00e9s b\u00e9rk\u00e9rd\u00e9sekben\">Read more<\/a><\/p>\n","protected":false},"author":898,"featured_media":0,"comment_status":"closed","ping_status":"closed","sticky":false,"template":"","format":"standard","meta":{"footnotes":""},"categories":[37],"tags":[],"class_list":["post-12433","post","type-post","status-publish","format-standard","hentry","category-a-munkavallalok-iranyitasa"],"_links":{"self":[{"href":"https:\/\/megnyitasa.com\/tudas\/wp-json\/wp\/v2\/posts\/12433","targetHints":{"allow":["GET"]}}],"collection":[{"href":"https:\/\/megnyitasa.com\/tudas\/wp-json\/wp\/v2\/posts"}],"about":[{"href":"https:\/\/megnyitasa.com\/tudas\/wp-json\/wp\/v2\/types\/post"}],"author":[{"embeddable":true,"href":"https:\/\/megnyitasa.com\/tudas\/wp-json\/wp\/v2\/users\/898"}],"replies":[{"embeddable":true,"href":"https:\/\/megnyitasa.com\/tudas\/wp-json\/wp\/v2\/comments?post=12433"}],"version-history":[{"count":0,"href":"https:\/\/megnyitasa.com\/tudas\/wp-json\/wp\/v2\/posts\/12433\/revisions"}],"wp:attachment":[{"href":"https:\/\/megnyitasa.com\/tudas\/wp-json\/wp\/v2\/media?parent=12433"}],"wp:term":[{"taxonomy":"category","embeddable":true,"href":"https:\/\/megnyitasa.com\/tudas\/wp-json\/wp\/v2\/categories?post=12433"},{"taxonomy":"post_tag","embeddable":true,"href":"https:\/\/megnyitasa.com\/tudas\/wp-json\/wp\/v2\/tags?post=12433"}],"curies":[{"name":"wp","href":"https:\/\/api.w.org\/{rel}","templated":true}]}}