{"id":12860,"date":"2023-04-24T00:00:00","date_gmt":"2023-04-24T00:00:00","guid":{"rendered":"https:\/\/megnyitasa.com\/tudas\/a-kozossegi-media-hatasa-az-uzleti-novekedesre\/"},"modified":"2023-04-24T00:00:00","modified_gmt":"2023-04-24T00:00:00","slug":"a-kozossegi-media-hatasa-az-uzleti-novekedesre","status":"publish","type":"post","link":"https:\/\/megnyitasa.com\/tudas\/a-kozossegi-media-hatasa-az-uzleti-novekedesre\/","title":{"rendered":"A k\u00f6z\u00f6ss\u00e9gi m\u00e9dia hat\u00e1sa az \u00fczleti n\u00f6veked\u00e9sre"},"content":{"rendered":"<div class=\"articlecontent\">\n<div class=\"newlinediv\"><\/div>\n<p> A k\u00f6z\u00f6ss\u00e9gi m\u00e9dia forradalmas\u00edtotta a v\u00e1llalkoz\u00e1sok m\u0171k\u00f6d\u00e9s\u00e9t \u00e9s az \u00fcgyfelekkel val\u00f3 kapcsolattart\u00e1st. A Facebook, mint az egyik legn\u00e9pszer\u0171bb k\u00f6z\u00f6ss\u00e9gi m\u00e9diaplatform, megk\u00f6nny\u00edtette a v\u00e1llalkoz\u00e1sok sz\u00e1m\u00e1ra a c\u00e9lk\u00f6z\u00f6ns\u00e9ggel val\u00f3 kapcsolattart\u00e1st. Vannak azonban bizonyos korl\u00e1tok, amikor az \u00fcgyfelekkel val\u00f3 interakci\u00f3r\u00f3l van sz\u00f3 a Facebookon. Az egyik leggyakrabban feltett k\u00e9rd\u00e9s: &#8222;Lehet-e \u00edrni valakinek a fal\u00e1ra egy \u00fczleti oldalr\u00f3l a Facebookon?&#8221;. <\/p>\n<div class=\"newlinediv\"><\/div>\n<p> A v\u00e1lasz nem, a v\u00e1llalkoz\u00e1sok nem \u00edrhatnak valakinek a szem\u00e9lyes fal\u00e1ra a Facebook \u00fczleti oldalukr\u00f3l. Ennek oka, hogy a szem\u00e9lyes profilok \u00e9s az \u00fczleti oldalak k\u00e9t k\u00fcl\u00f6n\u00e1ll\u00f3 egys\u00e9get alkotnak a Facebookon. A szem\u00e9lyes profilok arra szolg\u00e1lnak, hogy a mag\u00e1nszem\u00e9lyek kapcsolatot teremtsenek bar\u00e1taikkal \u00e9s csal\u00e1dtagjaikkal, m\u00edg az \u00fczleti oldalakat arra tervezt\u00e9k, hogy a v\u00e1llalkoz\u00e1sok kapcsolatba l\u00e9pjenek az \u00fcgyfelekkel, \u00e9s n\u00e9pszer\u0171s\u00edts\u00e9k term\u00e9keiket vagy szolg\u00e1ltat\u00e1saikat. <\/p>\n<div class=\"newlinediv\"><\/div>\n<p> Mindazon\u00e1ltal a v\u00e1llalkoz\u00e1soknak m\u00e9g mindig vannak m\u00f3djai arra, hogy kapcsolatot teremtsenek az \u00fcgyfelekkel a Facebookon. Az egyik m\u00f3dja az \u00fcgyfelek \u00e1ltal az \u00fczleti oldalon tett bejegyz\u00e9sek komment\u00e1l\u00e1sa. Ez lehet\u0151v\u00e9 teszi a v\u00e1llalkoz\u00e1sok sz\u00e1m\u00e1ra, hogy v\u00e1laszoljanak az \u00fcgyfelek megkeres\u00e9seire \u00e9s visszajelz\u00e9seire, valamint hogy kapcsolatba l\u00e9pjenek a potenci\u00e1lis \u00fcgyfelekkel. <\/p>\n<div class=\"newlinediv\"><\/div>\n<p> Egy m\u00e1sik m\u00f3dja annak, hogy a v\u00e1llalkoz\u00e1sok kapcsolatba l\u00e9pjenek az \u00fcgyfelekkel, a priv\u00e1t \u00fczenetek k\u00fcld\u00e9se. Ez lehet\u0151v\u00e9 teszi a v\u00e1llalkoz\u00e1sok sz\u00e1m\u00e1ra, hogy szem\u00e9lyre szabottabb m\u00f3don foglalkozzanak az \u00fcgyfelek probl\u00e9m\u00e1ival \u00e9s k\u00e9rd\u00e9seivel. <\/p>\n<div class=\"newlinediv\"><\/div>\n<p> Fontos, hogy a v\u00e1llalkoz\u00e1sok ne feledj\u00e9k, hogy a k\u00f6z\u00f6ss\u00e9gi m\u00e9dia k\u00e9tir\u00e1ny\u00fa utca. Mik\u00f6zben fontos a term\u00e9kek \u00e9s szolg\u00e1ltat\u00e1sok n\u00e9pszer\u0171s\u00edt\u00e9se, a v\u00e1llalkoz\u00e1soknak az \u00fcgyfeleikkel val\u00f3 kapcsolattart\u00e1sra \u00e9s kapcsolat\u00e9p\u00edt\u00e9sre is sz\u00fcks\u00e9g\u00fck van. Ezt k\u00fcl\u00f6nb\u00f6z\u0151 eszk\u00f6z\u00f6kkel lehet el\u00e9rni, p\u00e9ld\u00e1ul versenyek szervez\u00e9s\u00e9vel, exkluz\u00edv prom\u00f3ci\u00f3k felaj\u00e1nl\u00e1s\u00e1val \u00e9s az \u00fcgyfelek visszajelz\u00e9seire val\u00f3 reag\u00e1l\u00e1ssal. <\/p>\n<div class=\"newlinediv\"><\/div>\n<p> \u00d6sszefoglalva, a v\u00e1llalkoz\u00e1sok nem \u00edrhatnak valakinek a szem\u00e9lyes fal\u00e1ra a Facebook \u00fczleti oldalukr\u00f3l. A v\u00e1llalkoz\u00e1soknak azonban m\u00e9g mindig vannak m\u00f3djai arra, hogy kapcsolatba l\u00e9pjenek az \u00fcgyfelekkel a Facebookon, p\u00e9ld\u00e1ul hozz\u00e1sz\u00f3lhatnak a bejegyz\u00e9sekhez \u00e9s priv\u00e1t \u00fczeneteket k\u00fcldhetnek. Fontos, hogy a v\u00e1llalkoz\u00e1sok a k\u00f6z\u00f6ss\u00e9gi m\u00e9di\u00e1t eszk\u00f6zk\u00e9nt haszn\u00e1lj\u00e1k az \u00fcgyfelekkel val\u00f3 kapcsolat\u00e9p\u00edt\u00e9sre \u00e9s a m\u00e1rk\u00e1juk pozit\u00edv \u00e9s vonz\u00f3 m\u00f3don t\u00f6rt\u00e9n\u0151 n\u00e9pszer\u0171s\u00edt\u00e9s\u00e9re.<\/p><\/div>\n","protected":false},"excerpt":{"rendered":"<p>A k\u00f6z\u00f6ss\u00e9gi m\u00e9dia forradalmas\u00edtotta a v\u00e1llalkoz\u00e1sok m\u0171k\u00f6d\u00e9s\u00e9t \u00e9s az \u00fcgyfelekkel val\u00f3 kapcsolattart\u00e1st. A Facebook, mint az egyik legn\u00e9pszer\u0171bb k\u00f6z\u00f6ss\u00e9gi m\u00e9diaplatform, megk\u00f6nny\u00edtette a v\u00e1llalkoz\u00e1sok sz\u00e1m\u00e1ra a c\u00e9lk\u00f6z\u00f6ns\u00e9ggel val\u00f3 kapcsolattart\u00e1st. Vannak azonban bizonyos korl\u00e1tok, amikor az \u00fcgyfelekkel val\u00f3 interakci\u00f3r\u00f3l van sz\u00f3 a Facebookon. Az egyik leggyakrabban feltett k\u00e9rd\u00e9s: &#8222;Lehet-e \u00edrni valakinek a fal\u00e1ra egy \u00fczleti oldalr\u00f3l a &#8230; <a title=\"A k\u00f6z\u00f6ss\u00e9gi m\u00e9dia hat\u00e1sa az \u00fczleti n\u00f6veked\u00e9sre\" class=\"read-more\" href=\"https:\/\/megnyitasa.com\/tudas\/a-kozossegi-media-hatasa-az-uzleti-novekedesre\/\" aria-label=\"Read more about A k\u00f6z\u00f6ss\u00e9gi m\u00e9dia hat\u00e1sa az \u00fczleti n\u00f6veked\u00e9sre\">Read more<\/a><\/p>\n","protected":false},"author":331,"featured_media":0,"comment_status":"closed","ping_status":"closed","sticky":false,"template":"","format":"standard","meta":{"footnotes":""},"categories":[10],"tags":[],"class_list":["post-12860","post","type-post","status-publish","format-standard","hentry","category-uzleti-kommunikacio-es-etikett"],"_links":{"self":[{"href":"https:\/\/megnyitasa.com\/tudas\/wp-json\/wp\/v2\/posts\/12860","targetHints":{"allow":["GET"]}}],"collection":[{"href":"https:\/\/megnyitasa.com\/tudas\/wp-json\/wp\/v2\/posts"}],"about":[{"href":"https:\/\/megnyitasa.com\/tudas\/wp-json\/wp\/v2\/types\/post"}],"author":[{"embeddable":true,"href":"https:\/\/megnyitasa.com\/tudas\/wp-json\/wp\/v2\/users\/331"}],"replies":[{"embeddable":true,"href":"https:\/\/megnyitasa.com\/tudas\/wp-json\/wp\/v2\/comments?post=12860"}],"version-history":[{"count":0,"href":"https:\/\/megnyitasa.com\/tudas\/wp-json\/wp\/v2\/posts\/12860\/revisions"}],"wp:attachment":[{"href":"https:\/\/megnyitasa.com\/tudas\/wp-json\/wp\/v2\/media?parent=12860"}],"wp:term":[{"taxonomy":"category","embeddable":true,"href":"https:\/\/megnyitasa.com\/tudas\/wp-json\/wp\/v2\/categories?post=12860"},{"taxonomy":"post_tag","embeddable":true,"href":"https:\/\/megnyitasa.com\/tudas\/wp-json\/wp\/v2\/tags?post=12860"}],"curies":[{"name":"wp","href":"https:\/\/api.w.org\/{rel}","templated":true}]}}