{"id":12978,"date":"2023-04-24T00:00:00","date_gmt":"2023-04-24T00:00:00","guid":{"rendered":"https:\/\/megnyitasa.com\/tudas\/a-ber-es-jovedelemado-alapjainak-megertese\/"},"modified":"2023-04-24T00:00:00","modified_gmt":"2023-04-24T00:00:00","slug":"a-ber-es-jovedelemado-alapjainak-megertese","status":"publish","type":"post","link":"https:\/\/megnyitasa.com\/tudas\/a-ber-es-jovedelemado-alapjainak-megertese\/","title":{"rendered":"A b\u00e9r- \u00e9s j\u00f6vedelemad\u00f3 alapjainak meg\u00e9rt\u00e9se"},"content":{"rendered":"<div class=\"articlecontent\">\n<div class=\"newlinediv\"><\/div>\n<p> Amikor az ad\u00f3kr\u00f3l van sz\u00f3, neh\u00e9z lehet nyomon k\u00f6vetni a k\u00fcl\u00f6nb\u00f6z\u0151 ad\u00f3t\u00edpusokat \u00e9s azok felhaszn\u00e1l\u00e1si m\u00f3dj\u00e1t. A k\u00e9t leggyakoribb ad\u00f3, amellyel a mag\u00e1nszem\u00e9lyek \u00e9s a v\u00e1llalkoz\u00e1sok tal\u00e1lkoznak, a b\u00e9rsz\u00e1mfejt\u00e9si ad\u00f3 \u00e9s a j\u00f6vedelemad\u00f3. B\u00e1r hasonl\u00f3nak t\u0171nhetnek, a kett\u0151 k\u00f6z\u00f6tti k\u00fcl\u00f6nbs\u00e9g meg\u00e9rt\u00e9se fontos a p\u00e9nz\u00fcgyek megfelel\u0151 kezel\u00e9se \u00e9s az esetleges b\u00fcntet\u00e9sek elker\u00fcl\u00e9se \u00e9rdek\u00e9ben. <\/p>\n<div class=\"newlinediv\"><\/div>\n<p> A b\u00e9rsz\u00e1mfejt\u00e9si ad\u00f3 olyan ad\u00f3, amelyet a munk\u00e1ltat\u00f3k fizetnek a munkav\u00e1llal\u00f3ik ut\u00e1n. Ez a munkav\u00e1llal\u00f3 b\u00e9r\u00e9nek egy bizonyos sz\u00e1zal\u00e9ka, amelyet a fizet\u00e9s\u00e9b\u0151l visszatartanak \u00e9s befizetnek a korm\u00e1nynak. Ezt az ad\u00f3t olyan programok finansz\u00edroz\u00e1s\u00e1ra haszn\u00e1lj\u00e1k, mint a t\u00e1rsadalombiztos\u00edt\u00e1s \u00e9s a Medicare. A visszatartott b\u00e9rj\u00e1rul\u00e9k \u00f6sszeg\u00e9t a munkav\u00e1llal\u00f3 brutt\u00f3 keresete hat\u00e1rozza meg, \u00e9s egy r\u00f6gz\u00edtett ar\u00e1nyban van meghat\u00e1rozva. P\u00e9ld\u00e1ul a t\u00e1rsadalombiztos\u00edt\u00e1si ad\u00f3 jelenlegi m\u00e9rt\u00e9ke 6,2%, a Medicare ad\u00f3 m\u00e9rt\u00e9ke pedig 1,45%, \u00edgy a teljes b\u00e9rad\u00f3tartalom 7,65%. <\/p>\n<div class=\"newlinediv\"><\/div>\n<p> M\u00e1sr\u00e9szt a j\u00f6vedelemad\u00f3 olyan ad\u00f3, amelyet a mag\u00e1nszem\u00e9lyek fizetnek a j\u00f6vedelm\u00fck ut\u00e1n. Ez az ad\u00f3 a szem\u00e9ly ad\u00f3k\u00f6teles j\u00f6vedelm\u00e9n alapul, amely a brutt\u00f3 j\u00f6vedelem levon\u00e1sokkal \u00e9s mentess\u00e9gekkel cs\u00f6kkentett \u00f6sszege. A fizetend\u0151 j\u00f6vedelemad\u00f3 \u00f6sszeg\u00e9t progressz\u00edv ad\u00f3rendszer alapj\u00e1n sz\u00e1m\u00edtj\u00e1k ki, ami azt jelenti, hogy min\u00e9l t\u00f6bb p\u00e9nzt keres egy szem\u00e9ly, ann\u00e1l magasabb az ad\u00f3kulcsa. Sz\u00e1mos levon\u00e1s \u00e9s j\u00f3v\u00e1\u00edr\u00e1s is rendelkez\u00e9sre \u00e1ll, amelyek seg\u00edtenek cs\u00f6kkenteni az ad\u00f3k\u00f6teles j\u00f6vedelmet \u00e9s a teljes ad\u00f3terhet. <\/p>\n<div class=\"newlinediv\"><\/div>\n<p> A b\u00e9rsz\u00e1mfejt\u00e9si ad\u00f3 \u00e9s a j\u00f6vedelemad\u00f3 k\u00f6z\u00f6tti egyik legfontosabb k\u00fcl\u00f6nbs\u00e9g az, hogy ki a felel\u0151s a megfizet\u00e9s\u00fck\u00e9rt. A b\u00e9rad\u00f3t a munk\u00e1ltat\u00f3 fizeti a munkav\u00e1llal\u00f3 nev\u00e9ben, m\u00edg a j\u00f6vedelemad\u00f3 a mag\u00e1nszem\u00e9ly ad\u00f3fizet\u0151 felel\u0151ss\u00e9ge. Ezenk\u00edv\u00fcl a b\u00e9rsz\u00e1mfejt\u00e9si ad\u00f3 a munkav\u00e1llal\u00f3 b\u00e9r\u00e9nek egy meghat\u00e1rozott sz\u00e1zal\u00e9k\u00e1t teszi ki, m\u00edg a j\u00f6vedelemad\u00f3 az egy\u00e9n ad\u00f3k\u00f6teles j\u00f6vedelm\u00e9n alapul, \u00e9s sz\u00e1mos t\u00e9nyez\u0151t\u0151l f\u00fcgg\u0151en v\u00e1ltozhat. <\/p>\n<div class=\"newlinediv\"><\/div>\n<p> Egy m\u00e1sik fontos k\u00fcl\u00f6nbs\u00e9g az ad\u00f3k felhaszn\u00e1l\u00e1s\u00e1nak m\u00f3dja. A b\u00e9rsz\u00e1mfejt\u00e9si ad\u00f3t meghat\u00e1rozott programok, p\u00e9ld\u00e1ul a t\u00e1rsadalombiztos\u00edt\u00e1s \u00e9s a Medicare finansz\u00edroz\u00e1s\u00e1ra haszn\u00e1lj\u00e1k, m\u00edg a j\u00f6vedelemad\u00f3t a korm\u00e1nyzati programok \u00e9s szolg\u00e1ltat\u00e1sok sz\u00e9les k\u00f6r\u00e9nek finansz\u00edroz\u00e1s\u00e1ra. Ez a nemzetv\u00e9delemt\u0151l kezdve az oktat\u00e1son \u00e1t az infrastruktur\u00e1lis projektekig mindent mag\u00e1ban foglal. <\/p>\n<div class=\"newlinediv\"><\/div>\n<p> \u00d6sszefoglalva, b\u00e1r a b\u00e9rsz\u00e1mfejt\u00e9si ad\u00f3 \u00e9s a j\u00f6vedelemad\u00f3 a felsz\u00ednen hasonl\u00f3nak t\u0171nhet, val\u00f3j\u00e1ban meglehet\u0151sen k\u00fcl\u00f6nb\u00f6znek egym\u00e1st\u00f3l. Az egyes ad\u00f3k alapjainak, valamint kisz\u00e1m\u00edt\u00e1suk \u00e9s felhaszn\u00e1l\u00e1suk m\u00f3dj\u00e1nak meg\u00e9rt\u00e9se fontos ahhoz, hogy megfelel\u0151en kezelje p\u00e9nz\u00fcgyeit \u00e9s elker\u00fclje az esetleges b\u00fcntet\u00e9seket. Ak\u00e1r munk\u00e1ltat\u00f3, ak\u00e1r mag\u00e1nszem\u00e9ly ad\u00f3fizet\u0151, az \u00d6n \u00e1ltal fizetend\u0151 ad\u00f3kkal kapcsolatos t\u00e1j\u00e9kozotts\u00e1g seg\u00edthet abban, hogy megalapozott p\u00e9nz\u00fcgyi d\u00f6nt\u00e9seket hozzon, \u00e9s biztos\u00edtsa a jogszab\u00e1lyoknak val\u00f3 megfelel\u00e9st.<\/p><\/div>\n<div class=\"questions\">\n<div class=\"questionstitle\">FAQ<\/div>\n<div class=\"question\">\n<div class=\"qtitle\"> Mi a k\u00fcl\u00f6nbs\u00e9g a b\u00e9rsz\u00e1mfejt\u00e9si \u00e9s a munkaad\u00f3t terhel\u0151 ad\u00f3k k\u00f6z\u00f6tt?<\/div>\n<p> A b\u00e9rsz\u00e1mfejt\u00e9si ad\u00f3k \u00e9s a foglalkoztat\u00e1si ad\u00f3k k\u00e9tf\u00e9le ad\u00f3t\u00edpus, amelyeket a munk\u00e1ltat\u00f3knak kell megfizetni\u00fck alkalmazottaik ut\u00e1n. B\u00e1r a &#8222;b\u00e9rsz\u00e1mfejt\u00e9si ad\u00f3k&#8221; \u00e9s a &#8222;foglalkoztat\u00e1si ad\u00f3k&#8221; kifejez\u00e9seket gyakran felv\u00e1ltva haszn\u00e1lj\u00e1k, a kett\u0151 k\u00f6z\u00f6tt van n\u00e9h\u00e1ny alapvet\u0151 k\u00fcl\u00f6nbs\u00e9g. <\/p>\n<div class=\"newlinediv\"><\/div>\n<p> A b\u00e9rsz\u00e1mfejt\u00e9si ad\u00f3k olyan ad\u00f3t\u00edpusok, amelyeket a munk\u00e1ltat\u00f3 szed be a munkav\u00e1llal\u00f3k fizet\u00e9s\u00e9b\u0151l. Ezeket az ad\u00f3kat a t\u00e1rsadalombiztos\u00edt\u00e1s, a Medicare \u00e9s m\u00e1s korm\u00e1nyzati programok finansz\u00edroz\u00e1s\u00e1ra haszn\u00e1lj\u00e1k. A b\u00e9rsz\u00e1mfejt\u00e9si ad\u00f3t \u00e1ltal\u00e1ban a munkav\u00e1llal\u00f3 b\u00e9r\u00e9nek sz\u00e1zal\u00e9k\u00e1ban sz\u00e1m\u00edtj\u00e1k ki, \u00e9s a munkav\u00e1llal\u00f3 fizet\u00e9s\u00e9b\u0151l vonj\u00e1k le, miel\u0151tt megkapn\u00e1 azt. <\/p>\n<div class=\"newlinediv\"><\/div>\n<p> A foglalkoztat\u00e1si ad\u00f3k viszont olyan ad\u00f3k, amelyeket nem a munkav\u00e1llal\u00f3, hanem a munk\u00e1ltat\u00f3 fizet. Ezek az ad\u00f3k k\u00f6z\u00e9 tartoznak a t\u00e1rsadalombiztos\u00edt\u00e1si \u00e9s a Medicare-ad\u00f3k, valamint a sz\u00f6vets\u00e9gi \u00e9s az \u00e1llami munkan\u00e9lk\u00fclis\u00e9gi ad\u00f3k. A foglalkoztat\u00e1si ad\u00f3kat a munkav\u00e1llal\u00f3 b\u00e9r\u00e9nek sz\u00e1zal\u00e9k\u00e1ban sz\u00e1m\u00edtj\u00e1k ki, \u00e9s a munk\u00e1ltat\u00f3 felel\u0151s ezek befizet\u00e9s\u00e9\u00e9rt a korm\u00e1nynak. <\/p>\n<div class=\"newlinediv\"><\/div>\n<p> A b\u00e9rsz\u00e1mfejt\u00e9si \u00e9s a foglalkoztat\u00e1si ad\u00f3k k\u00f6z\u00f6tti egyik legfontosabb k\u00fcl\u00f6nbs\u00e9g az, hogy ki a felel\u0151s a megfizet\u00e9s\u00fck\u00e9rt. A b\u00e9rad\u00f3t a munkav\u00e1llal\u00f3 fizet\u00e9s\u00e9b\u0151l vonj\u00e1k le, \u00e9s a munk\u00e1ltat\u00f3 fizeti ki a munkav\u00e1llal\u00f3 nev\u00e9ben. A munkaad\u00f3t viszont teljes eg\u00e9sz\u00e9ben a munk\u00e1ltat\u00f3 fizeti. <\/p>\n<div class=\"newlinediv\"><\/div>\n<p> Egy m\u00e1sik k\u00fcl\u00f6nbs\u00e9g a kett\u0151 k\u00f6z\u00f6tt, hogy a b\u00e9rad\u00f3t jellemz\u0151en eg\u00e9sz \u00e9vben visszatartj\u00e1k a munkav\u00e1llal\u00f3 fizet\u00e9s\u00e9b\u0151l, m\u00edg a munkaad\u00f3t jellemz\u0151en negyed\u00e9vente fizetik. Ez azt jelenti, hogy a munk\u00e1ltat\u00f3knak be kell tervezni\u00fck a munkaad\u00f3t terhel\u0151 ad\u00f3kat, \u00e9s gondoskodniuk kell arr\u00f3l, hogy elegend\u0151 k\u00e9szp\u00e9nz \u00e1lljon rendelkez\u00e9s\u00fckre az esed\u00e9kess\u00e9gkor t\u00f6rt\u00e9n\u0151 befizet\u00e9shez. <\/p>\n<div class=\"newlinediv\"><\/div>\n<p> \u00d6sszefoglalva, b\u00e1r a b\u00e9rsz\u00e1mfejt\u00e9si \u00e9s a munkaad\u00f3t terhel\u0151 ad\u00f3k mindkett\u0151 olyan ad\u00f3t\u00edpus, amelyet a munk\u00e1ltat\u00f3knak meg kell fizetni\u00fck, van n\u00e9h\u00e1ny alapvet\u0151 k\u00fcl\u00f6nbs\u00e9g a kett\u0151 k\u00f6z\u00f6tt. A b\u00e9rad\u00f3t a munkav\u00e1llal\u00f3k fizet\u00e9s\u00e9b\u0151l vonj\u00e1k le, m\u00edg a munkaad\u00f3t teljes eg\u00e9sz\u00e9ben a munk\u00e1ltat\u00f3 fizeti. Ezenk\u00edv\u00fcl a b\u00e9rad\u00f3t jellemz\u0151en eg\u00e9sz \u00e9vben visszatartj\u00e1k, m\u00edg a munkaad\u00f3t negyed\u00e9vente fizetik. <\/p>\n<\/div>\n<div class=\"question\">\n<div class=\"qtitle\"> A j\u00f6vedelemad\u00f3 a b\u00e9rsz\u00e1mfejt\u00e9si ad\u00f3 egyik fajt\u00e1ja?<\/div>\n<p> A j\u00f6vedelemad\u00f3 \u00e9s a b\u00e9rsz\u00e1mfejt\u00e9si ad\u00f3 k\u00e9t k\u00fcl\u00f6nb\u00f6z\u0151 ad\u00f3nem. <\/p>\n<div class=\"newlinediv\"><\/div>\n<p> A b\u00e9rsz\u00e1mfejt\u00e9si ad\u00f3 olyan ad\u00f3, amelyet a munk\u00e1ltat\u00f3k k\u00f6telesek visszatartani a munkav\u00e1llal\u00f3ik fizet\u00e9s\u00e9b\u0151l \u00e9s befizetni a korm\u00e1nynak a munkav\u00e1llal\u00f3ik nev\u00e9ben. A b\u00e9rsz\u00e1mfejt\u00e9si ad\u00f3 leggyakoribb t\u00edpusa a Federal Insurance Contributions Act (FICA) ad\u00f3, amely mag\u00e1ban foglalja a t\u00e1rsadalombiztos\u00edt\u00e1si \u00e9s a Medicare ad\u00f3t. A FICA-ad\u00f3 fel\u00e9t a munk\u00e1ltat\u00f3k, m\u00edg a m\u00e1sik fel\u00e9t a munkav\u00e1llal\u00f3k fizetik. <\/p>\n<div class=\"newlinediv\"><\/div>\n<p> A j\u00f6vedelemad\u00f3 viszont egy mag\u00e1nszem\u00e9ly vagy v\u00e1llalkoz\u00e1s j\u00f6vedelm\u00e9t terhel\u0151 ad\u00f3. Az ad\u00f3 alapja az adott id\u0151szak alatt megkeresett p\u00e9nz\u00f6sszeg, \u00e9s jellemz\u0151en \u00e9vente fizetik be a korm\u00e1nynak. A j\u00f6vedelemad\u00f3t k\u00f6zvetlen\u00fcl az ad\u00f3fizet\u0151 fizeti, nem pedig a munk\u00e1ltat\u00f3 tartja vissza a fizet\u00e9s\u00e9b\u0151l. <\/p>\n<div class=\"newlinediv\"><\/div>\n<p> B\u00e1r a j\u00f6vedelemad\u00f3 \u00e9s a b\u00e9rsz\u00e1mfejt\u00e9si ad\u00f3 k\u00fcl\u00f6nb\u00f6z\u0151 ad\u00f3t\u00edpusok, mindkett\u0151 a korm\u00e1nyzati programok \u00e9s szolg\u00e1ltat\u00e1sok finansz\u00edroz\u00e1s\u00e1ra szolg\u00e1l.<\/p>\n<\/div>\n<\/div>\n","protected":false},"excerpt":{"rendered":"<p>Amikor az ad\u00f3kr\u00f3l van sz\u00f3, neh\u00e9z lehet nyomon k\u00f6vetni a k\u00fcl\u00f6nb\u00f6z\u0151 ad\u00f3t\u00edpusokat \u00e9s azok felhaszn\u00e1l\u00e1si m\u00f3dj\u00e1t. A k\u00e9t leggyakoribb ad\u00f3, amellyel a mag\u00e1nszem\u00e9lyek \u00e9s a v\u00e1llalkoz\u00e1sok tal\u00e1lkoznak, a b\u00e9rsz\u00e1mfejt\u00e9si ad\u00f3 \u00e9s a j\u00f6vedelemad\u00f3. B\u00e1r hasonl\u00f3nak t\u0171nhetnek, a kett\u0151 k\u00f6z\u00f6tti k\u00fcl\u00f6nbs\u00e9g meg\u00e9rt\u00e9se fontos a p\u00e9nz\u00fcgyek megfelel\u0151 kezel\u00e9se \u00e9s az esetleges b\u00fcntet\u00e9sek elker\u00fcl\u00e9se \u00e9rdek\u00e9ben. A b\u00e9rsz\u00e1mfejt\u00e9si ad\u00f3 &#8230; <a title=\"A b\u00e9r- \u00e9s j\u00f6vedelemad\u00f3 alapjainak meg\u00e9rt\u00e9se\" class=\"read-more\" href=\"https:\/\/megnyitasa.com\/tudas\/a-ber-es-jovedelemado-alapjainak-megertese\/\" aria-label=\"Read more about A b\u00e9r- \u00e9s j\u00f6vedelemad\u00f3 alapjainak meg\u00e9rt\u00e9se\">Read more<\/a><\/p>\n","protected":false},"author":4160,"featured_media":0,"comment_status":"closed","ping_status":"closed","sticky":false,"template":"","format":"standard","meta":{"footnotes":""},"categories":[12],"tags":[],"class_list":["post-12978","post","type-post","status-publish","format-standard","hentry","category-penzugyek-es-adok"],"_links":{"self":[{"href":"https:\/\/megnyitasa.com\/tudas\/wp-json\/wp\/v2\/posts\/12978","targetHints":{"allow":["GET"]}}],"collection":[{"href":"https:\/\/megnyitasa.com\/tudas\/wp-json\/wp\/v2\/posts"}],"about":[{"href":"https:\/\/megnyitasa.com\/tudas\/wp-json\/wp\/v2\/types\/post"}],"author":[{"embeddable":true,"href":"https:\/\/megnyitasa.com\/tudas\/wp-json\/wp\/v2\/users\/4160"}],"replies":[{"embeddable":true,"href":"https:\/\/megnyitasa.com\/tudas\/wp-json\/wp\/v2\/comments?post=12978"}],"version-history":[{"count":0,"href":"https:\/\/megnyitasa.com\/tudas\/wp-json\/wp\/v2\/posts\/12978\/revisions"}],"wp:attachment":[{"href":"https:\/\/megnyitasa.com\/tudas\/wp-json\/wp\/v2\/media?parent=12978"}],"wp:term":[{"taxonomy":"category","embeddable":true,"href":"https:\/\/megnyitasa.com\/tudas\/wp-json\/wp\/v2\/categories?post=12978"},{"taxonomy":"post_tag","embeddable":true,"href":"https:\/\/megnyitasa.com\/tudas\/wp-json\/wp\/v2\/tags?post=12978"}],"curies":[{"name":"wp","href":"https:\/\/api.w.org\/{rel}","templated":true}]}}