{"id":1313,"date":"2023-04-24T00:00:00","date_gmt":"2023-04-24T00:00:00","guid":{"rendered":"https:\/\/megnyitasa.com\/tudas\/a-kozossegi-media-baratsagok-pszichologiaja\/"},"modified":"2023-04-24T00:00:00","modified_gmt":"2023-04-24T00:00:00","slug":"a-kozossegi-media-baratsagok-pszichologiaja","status":"publish","type":"post","link":"https:\/\/megnyitasa.com\/tudas\/a-kozossegi-media-baratsagok-pszichologiaja\/","title":{"rendered":"A k\u00f6z\u00f6ss\u00e9gi m\u00e9dia bar\u00e1ts\u00e1gok pszichol\u00f3gi\u00e1ja"},"content":{"rendered":"<div class=\"articlecontent\">\n<div class=\"newlinediv\"><\/div>\n<p> A k\u00f6z\u00f6ss\u00e9gi m\u00e9dia forradalmas\u00edtotta a m\u00e1sokkal val\u00f3 kapcsolattart\u00e1st, lehet\u0151v\u00e9 t\u00e9ve sz\u00e1munkra, hogy a vil\u00e1g minden t\u00e1j\u00e1r\u00f3l sz\u00e1rmaz\u00f3 emberekkel tartsunk fenn kapcsolatokat. K\u00fcl\u00f6n\u00f6sen a Facebook v\u00e1lt n\u00e9pszer\u0171 platformm\u00e1 az emberek sz\u00e1m\u00e1ra, ahol megoszthatj\u00e1k \u00e9let\u00fcket, \u00e9s kapcsolatot tarthatnak bar\u00e1taikkal \u00e9s csal\u00e1dtagjaikkal. A platform funkci\u00f3i azonban egy \u00faj jelens\u00e9gnek is teret adtak: a bar\u00e1tok elt\u00e1vol\u00edt\u00e1s\u00e1nak. <\/p>\n<div class=\"newlinediv\"><\/div>\n<p> A Facebookon a bar\u00e1tok elt\u00e1vol\u00edt\u00e1sa azt jelenti, hogy elt\u00e1vol\u00edtod valakit a bar\u00e1taid list\u00e1j\u00e1r\u00f3l, \u00e9s t\u00f6bb\u00e9 nem l\u00e1thatja a bejegyz\u00e9seidet, illetve nem l\u00e9phet veled kapcsolatba a platformon. De mi t\u00f6rt\u00e9nik, ha valaki nem bar\u00e1tkozik veled? Kapsz \u00e9rtes\u00edt\u00e9st? A r\u00f6vid v\u00e1lasz az, hogy nem, nem kapsz \u00e9rtes\u00edt\u00e9st, ha valaki t\u00f6rli a bar\u00e1ts\u00e1godat a Facebookon. <\/p>\n<div class=\"newlinediv\"><\/div>\n<p> Ez az \u00e9rtes\u00edt\u00e9s hi\u00e1nya apr\u00f3 r\u00e9szletnek t\u0171nhet, de jelent\u0151s hat\u00e1ssal lehet a k\u00f6z\u00f6ss\u00e9gi \u00e9let\u00fcnkre. A bar\u00e1tkoz\u00e1s t\u00f6rl\u00e9s\u00e9t elutas\u00edt\u00e1snak tekinthetj\u00fck, \u00e9s ha nem kapunk \u00e9rtes\u00edt\u00e9st, akkor elgondolkodhatunk azon, hogy mi\u00e9rt is t\u00f6r\u00f6lt\u00e9k a bar\u00e1ts\u00e1gunkat. Ez a k\u00e9t\u00e9rtelm\u0171s\u00e9g s\u00e9rtetts\u00e9ghez, zavarodotts\u00e1ghoz, s\u0151t d\u00fchh\u00f6z is vezethet, ami megterhelheti a m\u00e1sokkal val\u00f3 kapcsolatainkat. <\/p>\n<div class=\"newlinediv\"><\/div>\n<p> Tov\u00e1bb\u00e1 az \u00e9rtes\u00edt\u00e9s hi\u00e1nya a platformon val\u00f3 viselked\u00e9s\u00fcnket is befoly\u00e1solhatja. Ha tudjuk, hogy valaki nem fog \u00e9rtes\u00edt\u00e9st kapni, ha t\u00f6r\u00f6lj\u00fck a bar\u00e1tunkat, nagyobb val\u00f3sz\u00edn\u0171s\u00e9ggel fogjuk ezt megtenni an\u00e9lk\u00fcl, hogy m\u00e9rlegeln\u00e9nk a k\u00f6vetkezm\u00e9nyeket. Ez a bar\u00e1tok t\u00f6rl\u00e9s\u00e9nek \u00e9s \u00fajb\u00f3li bar\u00e1tkoz\u00e1s\u00e1nak k\u00f6rforg\u00e1s\u00e1hoz vezethet, ami fesz\u00fclts\u00e9get \u00e9s dr\u00e1m\u00e1t okozhat a t\u00e1rsas\u00e1gi k\u00f6reinkben. <\/p>\n<div class=\"newlinediv\"><\/div>\n<p> Mit tehet\u00fcnk teh\u00e1t, hogy elker\u00fclj\u00fck ezeket a negat\u00edv k\u00f6vetkezm\u00e9nyeket? Az egyik megold\u00e1s az, ha jobban odafigyel\u00fcnk a k\u00f6z\u00f6ss\u00e9gi m\u00e9di\u00e1ban val\u00f3 viselked\u00e9s\u00fcnkre. Vegy\u00fck figyelembe, hogy tetteink milyen hat\u00e1ssal lehetnek m\u00e1sokra, \u00e9s igyekezz\u00fcnk ny\u00edltan \u00e9s \u0151szint\u00e9n kommunik\u00e1lni bar\u00e1tainkkal \u00e9s csal\u00e1dtagjainkkal. Emellett a platform adatv\u00e9delmi be\u00e1ll\u00edt\u00e1saival szab\u00e1lyozhatjuk, hogy ki l\u00e1ssa a bejegyz\u00e9seinket \u00e9s friss\u00edt\u00e9seinket, ami seg\u00edthet cs\u00f6kkenteni a m\u00e1sok megb\u00e1nt\u00e1s\u00e1nak vagy elidegen\u00edt\u00e9s\u00e9nek kock\u00e1zat\u00e1t. <\/p>\n<div class=\"newlinediv\"><\/div>\n<p> \u00d6sszefoglalva, az \u00e9rtes\u00edt\u00e9s hi\u00e1nya, ha valaki nem bar\u00e1tkozik vel\u00fcnk a Facebookon, apr\u00f3 r\u00e9szletnek t\u0171nhet, de jelent\u0151s hat\u00e1ssal lehet a k\u00f6z\u00f6ss\u00e9gi \u00e9let\u00fcnkre. Ha jobban odafigyel\u00fcnk a platformon val\u00f3 viselked\u00e9s\u00fcnkre, \u00e9s el\u0151ny\u00f6sen haszn\u00e1ljuk az adatv\u00e9delmi be\u00e1ll\u00edt\u00e1sokat, elker\u00fclhetj\u00fck a felesleges dr\u00e1m\u00e1kat, \u00e9s eg\u00e9szs\u00e9ges kapcsolatokat tarthatunk fenn a k\u00f6r\u00fcl\u00f6tt\u00fcnk \u00e9l\u0151kkel.<\/p><\/div>\n","protected":false},"excerpt":{"rendered":"<p>A k\u00f6z\u00f6ss\u00e9gi m\u00e9dia forradalmas\u00edtotta a m\u00e1sokkal val\u00f3 kapcsolattart\u00e1st, lehet\u0151v\u00e9 t\u00e9ve sz\u00e1munkra, hogy a vil\u00e1g minden t\u00e1j\u00e1r\u00f3l sz\u00e1rmaz\u00f3 emberekkel tartsunk fenn kapcsolatokat. K\u00fcl\u00f6n\u00f6sen a Facebook v\u00e1lt n\u00e9pszer\u0171 platformm\u00e1 az emberek sz\u00e1m\u00e1ra, ahol megoszthatj\u00e1k \u00e9let\u00fcket, \u00e9s kapcsolatot tarthatnak bar\u00e1taikkal \u00e9s csal\u00e1dtagjaikkal. A platform funkci\u00f3i azonban egy \u00faj jelens\u00e9gnek is teret adtak: a bar\u00e1tok elt\u00e1vol\u00edt\u00e1s\u00e1nak. A Facebookon a &#8230; <a title=\"A k\u00f6z\u00f6ss\u00e9gi m\u00e9dia bar\u00e1ts\u00e1gok pszichol\u00f3gi\u00e1ja\" class=\"read-more\" href=\"https:\/\/megnyitasa.com\/tudas\/a-kozossegi-media-baratsagok-pszichologiaja\/\" aria-label=\"Read more about A k\u00f6z\u00f6ss\u00e9gi m\u00e9dia bar\u00e1ts\u00e1gok pszichol\u00f3gi\u00e1ja\">Read more<\/a><\/p>\n","protected":false},"author":1084,"featured_media":0,"comment_status":"closed","ping_status":"closed","sticky":false,"template":"","format":"standard","meta":{"footnotes":""},"categories":[25],"tags":[],"class_list":["post-1313","post","type-post","status-publish","format-standard","hentry","category-uzleti-es-munkahelyi-szabalyok"],"_links":{"self":[{"href":"https:\/\/megnyitasa.com\/tudas\/wp-json\/wp\/v2\/posts\/1313","targetHints":{"allow":["GET"]}}],"collection":[{"href":"https:\/\/megnyitasa.com\/tudas\/wp-json\/wp\/v2\/posts"}],"about":[{"href":"https:\/\/megnyitasa.com\/tudas\/wp-json\/wp\/v2\/types\/post"}],"author":[{"embeddable":true,"href":"https:\/\/megnyitasa.com\/tudas\/wp-json\/wp\/v2\/users\/1084"}],"replies":[{"embeddable":true,"href":"https:\/\/megnyitasa.com\/tudas\/wp-json\/wp\/v2\/comments?post=1313"}],"version-history":[{"count":0,"href":"https:\/\/megnyitasa.com\/tudas\/wp-json\/wp\/v2\/posts\/1313\/revisions"}],"wp:attachment":[{"href":"https:\/\/megnyitasa.com\/tudas\/wp-json\/wp\/v2\/media?parent=1313"}],"wp:term":[{"taxonomy":"category","embeddable":true,"href":"https:\/\/megnyitasa.com\/tudas\/wp-json\/wp\/v2\/categories?post=1313"},{"taxonomy":"post_tag","embeddable":true,"href":"https:\/\/megnyitasa.com\/tudas\/wp-json\/wp\/v2\/tags?post=1313"}],"curies":[{"name":"wp","href":"https:\/\/api.w.org\/{rel}","templated":true}]}}