{"id":13154,"date":"2023-04-24T00:00:00","date_gmt":"2023-04-24T00:00:00","guid":{"rendered":"https:\/\/megnyitasa.com\/tudas\/a-munkavallaloi-moral-novelese-a-munkaszuneti-napokkal-a-szovetsegi-munkaugyi-torvenyek-megertese\/"},"modified":"2023-04-24T00:00:00","modified_gmt":"2023-04-24T00:00:00","slug":"a-munkavallaloi-moral-novelese-a-munkaszuneti-napokkal-a-szovetsegi-munkaugyi-torvenyek-megertese","status":"publish","type":"post","link":"https:\/\/megnyitasa.com\/tudas\/a-munkavallaloi-moral-novelese-a-munkaszuneti-napokkal-a-szovetsegi-munkaugyi-torvenyek-megertese\/","title":{"rendered":"A munkav\u00e1llal\u00f3i mor\u00e1l n\u00f6vel\u00e9se a munkasz\u00fcneti napokkal: A sz\u00f6vets\u00e9gi munka\u00fcgyi t\u00f6rv\u00e9nyek meg\u00e9rt\u00e9se"},"content":{"rendered":"<div class=\"articlecontent\">\n<div class=\"newlinediv\"><\/div>\n<p> A munkasz\u00fcneti napok n\u00e9pszer\u0171 eszk\u00f6zz\u00e9 v\u00e1ltak a v\u00e1llalkoz\u00e1sok sz\u00e1m\u00e1ra, hogy n\u00f6velj\u00e9k a munkav\u00e1llal\u00f3i mor\u00e1lt, mik\u00f6zben az \u00fcnnepi szezonban is fenntartj\u00e1k a termel\u00e9kenys\u00e9get. A munk\u00e1ltat\u00f3k sz\u00e1m\u00e1ra azonban fontos, hogy meg\u00e9rts\u00e9k a munkasz\u00fcneti napokkal kapcsolatos sz\u00f6vets\u00e9gi munka\u00fcgyi t\u00f6rv\u00e9nyeket, hogy elker\u00fclj\u00e9k a jogi probl\u00e9m\u00e1kat. <\/p>\n<div class=\"newlinediv\"><\/div>\n<p> A Fair Labor Standards Act (FLSA) az els\u0151dleges sz\u00f6vets\u00e9gi munka\u00fcgyi t\u00f6rv\u00e9ny, amely a munkafelt\u00e9teleket szab\u00e1lyozza az Egyes\u00fclt \u00c1llamokban. Az FLSA \u00e9rtelm\u00e9ben a munkasz\u00fcneti napokra vonatkoz\u00f3an nincsenek korl\u00e1toz\u00e1sok. A munkav\u00e1llal\u00f3kt\u00f3l megk\u00f6vetelhet\u0151, hogy \u00fcnnepnapokon dolgozzanak, \u00e9s a munk\u00e1ltat\u00f3k nem k\u00f6telesek t\u00f6bbletb\u00e9rt fizetni vagy kompenz\u00e1ci\u00f3k\u00e9nt t\u00f6bbletszabads\u00e1got biztos\u00edtani. <\/p>\n<div class=\"newlinediv\"><\/div>\n<p> Egyes \u00e1llamoknak azonban saj\u00e1t t\u00f6rv\u00e9nyeik lehetnek a munkasz\u00fcneti napokra vonatkoz\u00f3an. Massachusettsben p\u00e9ld\u00e1ul a kiskereskedelmi munk\u00e1ltat\u00f3knak m\u00e1sf\u00e9l \u00f3r\u00e1t kell fizetni\u00fck alkalmazottaiknak bizonyos \u00fcnnepnapokon t\u00f6rt\u00e9n\u0151 munkav\u00e9gz\u00e9s\u00e9rt. Ezen t\u00falmen\u0151en egyes kollekt\u00edv szerz\u0151d\u00e9sek is el\u0151\u00edrhatj\u00e1k a munk\u00e1ltat\u00f3k sz\u00e1m\u00e1ra, hogy az \u00fcnnepnapokon t\u00f6rt\u00e9n\u0151 munkav\u00e9gz\u00e9s\u00e9rt kieg\u00e9sz\u00edt\u0151 d\u00edjaz\u00e1st vagy szabadid\u0151t biztos\u00edtsanak. <\/p>\n<div class=\"newlinediv\"><\/div>\n<p> A munk\u00e1ltat\u00f3knak azt is szem el\u0151tt kell tartaniuk, hogy a munkasz\u00fcneti napok milyen hat\u00e1ssal lehetnek a munkav\u00e1llal\u00f3ikra. M\u00edg egyes munkav\u00e1llal\u00f3k \u00e9rt\u00e9kelhetik a lehet\u0151s\u00e9get, hogy t\u00f6bbletp\u00e9nzt kereshetnek vagy tov\u00e1bbi munkatapasztalatot szerezhetnek, m\u00e1sok ink\u00e1bb a csal\u00e1djukkal t\u00f6ltenek id\u0151t vagy a vall\u00e1si hagyom\u00e1nyokat tartj\u00e1k tiszteletben. A munk\u00e1ltat\u00f3knak vil\u00e1gosan t\u00e1j\u00e9koztatniuk kell munkav\u00e1llal\u00f3ikat a munkasz\u00fcneti napokra vonatkoz\u00f3 k\u00f6vetelm\u00e9nyekr\u0151l, \u00e9s kell\u0151 id\u0151ben \u00e9rtes\u00edteni\u00fck kell \u0151ket, hogy a munkav\u00e1llal\u00f3knak lehet\u0151s\u00e9g\u00fck legyen a mag\u00e1n\u00e9let\u00fckkel kapcsolatos int\u00e9zked\u00e9seket megtenni. <\/p>\n<div class=\"newlinediv\"><\/div>\n<p> Ezen t\u00falmen\u0151en a munk\u00e1ltat\u00f3knak azt is biztos\u00edtaniuk kell, hogy munkav\u00e1llal\u00f3ik ne dolgozzanak t\u00fal hossz\u00fa munkaid\u0151ben vagy nem biztons\u00e1gos k\u00f6r\u00fclm\u00e9nyek k\u00f6z\u00f6tt. Az Occupational Safety and Health Administration (OSHA) szabv\u00e1nyokat \u00e1llap\u00edt meg a munkahelyi biztons\u00e1gra vonatkoz\u00f3an, bele\u00e9rtve a pihen\u0151sz\u00fcnetekre \u00e9s a napi maxim\u00e1lis munka\u00f3r\u00e1kra vonatkoz\u00f3 k\u00f6vetelm\u00e9nyeket. A munk\u00e1ltat\u00f3knak szem el\u0151tt kell tartaniuk ezeket az el\u0151\u00edr\u00e1sokat, \u00e9s l\u00e9p\u00e9seket kell tenni\u00fck annak biztos\u00edt\u00e1s\u00e1ra, hogy alkalmazottaik ne legyenek t\u00falhajszolva, \u00e9s ne legyenek kit\u00e9ve a s\u00e9r\u00fcl\u00e9s vesz\u00e9ly\u00e9nek. <\/p>\n<div class=\"newlinediv\"><\/div>\n<p> \u00d6sszefoglalva, a munkasz\u00fcneti napok \u00e9rt\u00e9kes m\u00f3dja lehet a v\u00e1llalkoz\u00e1sok sz\u00e1m\u00e1ra a termel\u00e9kenys\u00e9g fenntart\u00e1s\u00e1nak \u00e9s a munkav\u00e1llal\u00f3i mor\u00e1l fokoz\u00e1s\u00e1nak az \u00fcnnepi szezonban. Fontos azonban, hogy a munk\u00e1ltat\u00f3k tiszt\u00e1ban legyenek a munkasz\u00fcneti napokkal kapcsolatos sz\u00f6vets\u00e9gi \u00e9s \u00e1llami munka\u00fcgyi t\u00f6rv\u00e9nyekkel, valamint azok munkav\u00e1llal\u00f3ikra gyakorolt hat\u00e1s\u00e1val. A munkav\u00e1llal\u00f3kkal val\u00f3 vil\u00e1gos kommunik\u00e1ci\u00f3val \u00e9s a biztons\u00e1gos \u00e9s tisztess\u00e9ges munkak\u00f6rnyezet biztos\u00edt\u00e1s\u00e1val a munk\u00e1ltat\u00f3k sikeresen eligazodhatnak a munkasz\u00fcneti napokkal kapcsolatos jogi \u00e9s etikai megfontol\u00e1sok k\u00f6z\u00f6tt.<\/p><\/div>\n<div class=\"questions\">\n<div class=\"questionstitle\">FAQ<\/div>\n<div class=\"question\">\n<div class=\"qtitle\"> K\u00f6telesek-e a munk\u00e1ltat\u00f3k a sz\u00f6vets\u00e9gi \u00fcnnepnapokon z\u00e1rva tartani?<\/div>\n<p> A munk\u00e1ltat\u00f3knak jogilag nem k\u00f6telez\u0151 a sz\u00f6vets\u00e9gi \u00fcnnepnapokon z\u00e1rva tartaniuk. Egyes munk\u00e1ltat\u00f3k azonban \u00fagy d\u00f6nthetnek, hogy a sz\u00f6vets\u00e9gi \u00fcnnepnapokon z\u00e1rva tartanak, hogy \u00edgy fejezz\u00e9k ki megbecs\u00fcl\u00e9s\u00fcket alkalmazottaik ir\u00e1nt, \u00e9s hogy megfeleljenek a kultur\u00e1lis norm\u00e1knak. Egyes esetekben a munk\u00e1ltat\u00f3k szabads\u00e1gp\u00e9nzt vagy egy\u00e9b \u00f6szt\u00f6nz\u0151ket k\u00edn\u00e1lhatnak a sz\u00f6vets\u00e9gi \u00fcnnepnapokon dolgoz\u00f3 munkav\u00e1llal\u00f3knak. Ezenk\u00edv\u00fcl a munk\u00e1ltat\u00f3knak be kell tartaniuk a sz\u00f6vets\u00e9gi \u00fcnnepnapokon dolgoz\u00f3 munkav\u00e1llal\u00f3kra vonatkoz\u00f3 t\u00fal\u00f3ra- \u00e9s b\u00e9rszab\u00e1lyokat. V\u00e9gs\u0151 soron az, hogy egy munk\u00e1ltat\u00f3 \u00fagy d\u00f6nt-e, hogy a sz\u00f6vets\u00e9gi \u00fcnnepnapokon z\u00e1rva tart-e, olyan \u00fczleti d\u00f6nt\u00e9s, amelynek figyelembe kell vennie mind a v\u00e1llalat, mind a munkav\u00e1llal\u00f3k ig\u00e9nyeit \u00e9s preferenci\u00e1it. <\/p>\n<\/div>\n<div class=\"question\">\n<div class=\"qtitle\"> Mi t\u00f6rt\u00e9nik, ha sz\u00f6vets\u00e9gi \u00fcnnepnapon dolgozik?<\/div>\n<p> Ha sz\u00f6vets\u00e9gi munkasz\u00fcneti napon dolgozik, a munk\u00e1ltat\u00f3nak a Fair Labor Standards Act (FLSA) \u00e9rtelm\u00e9ben k\u00e1rt\u00e9r\u00edt\u00e9st kell fizetnie \u00d6nnek. Az FLSA nem k\u00f6telezi a munk\u00e1ltat\u00f3kat arra, hogy b\u00e1rmely konkr\u00e9t \u00fcnnepnapra &#8211; bele\u00e9rtve a sz\u00f6vets\u00e9gi \u00fcnnepnapokat is &#8211; szabads\u00e1gp\u00e9nzt ny\u00fajtsanak. Ha azonban a munk\u00e1ltat\u00f3ja rendelkezik olyan szab\u00e1lyzattal, amely biztos\u00edtja az \u00fcnnepnapi fizet\u00e9st, akkor azt a szab\u00e1lyzatot be kell tartania. <\/p>\n<div class=\"newlinediv\"><\/div>\n<p> Ha \u00d6n \u00f3rab\u00e9res alkalmazott, a munk\u00e1ltat\u00f3nak ki kell fizetnie \u00d6nnek a sz\u00f6vets\u00e9gi \u00fcnnepnapon ledolgozott \u00f6sszes \u00f3r\u00e1t, de nem k\u00f6teles k\u00fcl\u00f6n fizetni \u00d6nnek az adott napon v\u00e9gzett munk\u00e1\u00e9rt. Ha \u00d6n fizetett alkalmazott, a munk\u00e1ltat\u00f3ja nem k\u00f6teles k\u00fcl\u00f6n fizetni \u00d6nnek a sz\u00f6vets\u00e9gi \u00fcnnepnapon v\u00e9gzett munk\u00e1\u00e9rt, kiv\u00e9ve, ha ezt a munkaszerz\u0151d\u00e9s vagy a v\u00e1llalati szab\u00e1lyzat kimondja. <\/p>\n<div class=\"newlinediv\"><\/div>\n<p> Fontos megjegyezni, hogy egyes munk\u00e1ltat\u00f3k t\u00f6bbletp\u00f3tl\u00e9kot vagy szabadid\u0151t biztos\u00edthatnak a sz\u00f6vets\u00e9gi \u00fcnnepnapokon dolgoz\u00f3 munkav\u00e1llal\u00f3knak. Tov\u00e1bb\u00e1, ha \u00d6n sz\u00f6vets\u00e9gi alkalmazott, jogosult lehet arra, hogy a sz\u00f6vets\u00e9gi \u00fcnnepnapon t\u00f6rt\u00e9n\u0151 munkav\u00e9gz\u00e9s\u00e9rt munkasz\u00fcneti napid\u00edjat \u00e9s\/vagy kompenz\u00e1ci\u00f3s szabadid\u0151t kapjon. Fontos, hogy t\u00e1j\u00e9koz\u00f3djon a munk\u00e1ltat\u00f3j\u00e1n\u00e1l, hogy tiszt\u00e1ban legyen a sz\u00f6vets\u00e9gi \u00fcnnepnapokon t\u00f6rt\u00e9n\u0151 munkav\u00e9gz\u00e9sre vonatkoz\u00f3 konkr\u00e9t szab\u00e1lyaival. <\/p>\n<\/div>\n<div class=\"question\">\n<div class=\"qtitle\"> T\u00f6rv\u00e9nytelen-e a sz\u00f6vets\u00e9gi alkalmazottak sz\u00e1m\u00e1ra a sz\u00f6vets\u00e9gi \u00fcnnepnapokon val\u00f3 munkav\u00e9gz\u00e9s?<\/div>\n<p> A sz\u00f6vets\u00e9gi \u00fcnnepnapokat a sz\u00f6vets\u00e9gi korm\u00e1ny ismeri el, \u00e9s a sz\u00f6vets\u00e9gi alkalmazottak \u00e1ltal\u00e1ban szabadnapot kapnak ezeken az \u00fcnnepnapokon. Vannak azonban bizonyos helyzetek, amikor a sz\u00f6vets\u00e9gi alkalmazottaknak sz\u00f6vets\u00e9gi \u00fcnnepnapon is dolgozniuk kell. P\u00e9ld\u00e1ul az olyan alapvet\u0151 szolg\u00e1ltat\u00e1sokban dolgoz\u00f3 alkalmazottaknak, mint a b\u0171n\u00fcld\u00f6z\u00e9s, a biztons\u00e1g \u00e9s a s\u00fcrg\u0151ss\u00e9gi orvosi ell\u00e1t\u00e1s, sz\u00f6vets\u00e9gi \u00fcnnepnapokon is dolgozniuk kell, hogy ezek a szolg\u00e1ltat\u00e1sok a lakoss\u00e1g sz\u00e1m\u00e1ra el\u00e9rhet\u0151ek legyenek. <\/p>\n<div class=\"newlinediv\"><\/div>\n<p> A sz\u00f6vets\u00e9gi alkalmazottak sz\u00e1m\u00e1ra nem t\u00f6rv\u00e9nytelen a sz\u00f6vets\u00e9gi \u00fcnnepnapokon t\u00f6rt\u00e9n\u0151 munkav\u00e9gz\u00e9s, de \u00e1ltal\u00e1ban jogosultak pr\u00e9miumfizet\u00e9sre az ilyen napokon t\u00f6rt\u00e9n\u0151 munkav\u00e9gz\u00e9s\u00e9rt. A pr\u00e9miumfizet\u00e9s \u00f6sszege a munkav\u00e1llal\u00f3 munkak\u00f6ri besorol\u00e1s\u00e1t\u00f3l \u00e9s a munkaszerz\u0151d\u00e9s\u00e9ben foglaltakt\u00f3l f\u00fcgg\u0151en v\u00e1ltozik. Bizonyos esetekben a sz\u00f6vets\u00e9gi alkalmazottak a pr\u00e9miumfizet\u00e9s helyett kompenz\u00e1ci\u00f3s szabadid\u0151re is jogosultak lehetnek. <\/p>\n<div class=\"newlinediv\"><\/div>\n<p> \u00c1ltal\u00e1noss\u00e1gban elmondhat\u00f3, hogy a sz\u00f6vets\u00e9gi alkalmazottak \u00e1ltal\u00e1ban nem k\u00f6telesek dolgozni a sz\u00f6vets\u00e9gi \u00fcnnepnapokon, kiv\u00e9ve, ha alapvet\u0151 fontoss\u00e1g\u00fa szolg\u00e1latban dolgoznak, vagy ha munkaszerz\u0151d\u00e9s\u00fck ezt el\u0151\u00edrja sz\u00e1mukra. Ha azonban a sz\u00f6vets\u00e9gi alkalmazottak m\u00e9gis dolgoznak a sz\u00f6vets\u00e9gi \u00fcnnepnapokon, akkor az idej\u00fck\u00e9rt \u00e9s er\u0151fesz\u00edt\u00e9seik\u00e9rt tov\u00e1bbi kompenz\u00e1ci\u00f3ra jogosultak.<\/p>\n<\/div>\n<\/div>\n","protected":false},"excerpt":{"rendered":"<p>A munkasz\u00fcneti napok n\u00e9pszer\u0171 eszk\u00f6zz\u00e9 v\u00e1ltak a v\u00e1llalkoz\u00e1sok sz\u00e1m\u00e1ra, hogy n\u00f6velj\u00e9k a munkav\u00e1llal\u00f3i mor\u00e1lt, mik\u00f6zben az \u00fcnnepi szezonban is fenntartj\u00e1k a termel\u00e9kenys\u00e9get. A munk\u00e1ltat\u00f3k sz\u00e1m\u00e1ra azonban fontos, hogy meg\u00e9rts\u00e9k a munkasz\u00fcneti napokkal kapcsolatos sz\u00f6vets\u00e9gi munka\u00fcgyi t\u00f6rv\u00e9nyeket, hogy elker\u00fclj\u00e9k a jogi probl\u00e9m\u00e1kat. A Fair Labor Standards Act (FLSA) az els\u0151dleges sz\u00f6vets\u00e9gi munka\u00fcgyi t\u00f6rv\u00e9ny, amely a munkafelt\u00e9teleket &#8230; <a title=\"A munkav\u00e1llal\u00f3i mor\u00e1l n\u00f6vel\u00e9se a munkasz\u00fcneti napokkal: A sz\u00f6vets\u00e9gi munka\u00fcgyi t\u00f6rv\u00e9nyek meg\u00e9rt\u00e9se\" class=\"read-more\" href=\"https:\/\/megnyitasa.com\/tudas\/a-munkavallaloi-moral-novelese-a-munkaszuneti-napokkal-a-szovetsegi-munkaugyi-torvenyek-megertese\/\" aria-label=\"Read more about A munkav\u00e1llal\u00f3i mor\u00e1l n\u00f6vel\u00e9se a munkasz\u00fcneti napokkal: A sz\u00f6vets\u00e9gi munka\u00fcgyi t\u00f6rv\u00e9nyek meg\u00e9rt\u00e9se\">Read more<\/a><\/p>\n","protected":false},"author":466,"featured_media":0,"comment_status":"closed","ping_status":"closed","sticky":false,"template":"","format":"standard","meta":{"footnotes":""},"categories":[14],"tags":[],"class_list":["post-13154","post","type-post","status-publish","format-standard","hentry","category-human-eroforras"],"_links":{"self":[{"href":"https:\/\/megnyitasa.com\/tudas\/wp-json\/wp\/v2\/posts\/13154","targetHints":{"allow":["GET"]}}],"collection":[{"href":"https:\/\/megnyitasa.com\/tudas\/wp-json\/wp\/v2\/posts"}],"about":[{"href":"https:\/\/megnyitasa.com\/tudas\/wp-json\/wp\/v2\/types\/post"}],"author":[{"embeddable":true,"href":"https:\/\/megnyitasa.com\/tudas\/wp-json\/wp\/v2\/users\/466"}],"replies":[{"embeddable":true,"href":"https:\/\/megnyitasa.com\/tudas\/wp-json\/wp\/v2\/comments?post=13154"}],"version-history":[{"count":0,"href":"https:\/\/megnyitasa.com\/tudas\/wp-json\/wp\/v2\/posts\/13154\/revisions"}],"wp:attachment":[{"href":"https:\/\/megnyitasa.com\/tudas\/wp-json\/wp\/v2\/media?parent=13154"}],"wp:term":[{"taxonomy":"category","embeddable":true,"href":"https:\/\/megnyitasa.com\/tudas\/wp-json\/wp\/v2\/categories?post=13154"},{"taxonomy":"post_tag","embeddable":true,"href":"https:\/\/megnyitasa.com\/tudas\/wp-json\/wp\/v2\/tags?post=13154"}],"curies":[{"name":"wp","href":"https:\/\/api.w.org\/{rel}","templated":true}]}}