{"id":13199,"date":"2023-04-24T00:00:00","date_gmt":"2023-04-24T00:00:00","guid":{"rendered":"https:\/\/megnyitasa.com\/tudas\/a-munkakor-elemzes-jelentosege-a-szervezeti-sikerben\/"},"modified":"2023-04-24T00:00:00","modified_gmt":"2023-04-24T00:00:00","slug":"a-munkakor-elemzes-jelentosege-a-szervezeti-sikerben","status":"publish","type":"post","link":"https:\/\/megnyitasa.com\/tudas\/a-munkakor-elemzes-jelentosege-a-szervezeti-sikerben\/","title":{"rendered":"A munkak\u00f6r-elemz\u00e9s jelent\u0151s\u00e9ge a szervezeti sikerben"},"content":{"rendered":"<div class=\"articlecontent\">\n<div class=\"newlinediv\"><\/div>\n<p> A munkak\u00f6r-elemz\u00e9s a szervezeten bel\u00fcli munkak\u00f6rrel vagy poz\u00edci\u00f3val kapcsolatos inform\u00e1ci\u00f3k gy\u0171jt\u00e9s\u00e9nek szisztematikus folyamata. Fontos eszk\u00f6z a hum\u00e1ner\u0151forr\u00e1s-menedzserek sz\u00e1m\u00e1ra az adott munkak\u00f6rh\u00f6z sz\u00fcks\u00e9ges tud\u00e1s, k\u00e9szs\u00e9gek \u00e9s k\u00e9pess\u00e9gek azonos\u00edt\u00e1s\u00e1hoz. Seg\u00edt a szervezeteknek abban, hogy a toborz\u00e1si, k\u00e9pz\u00e9si \u00e9s teljes\u00edtm\u00e9nymenedzsment gyakorlatukat \u00f6sszehangolj\u00e1k az \u00fczleti c\u00e9ljaikkal. Sok szervezet azonban elmulasztja a munkak\u00f6r-elemz\u00e9s elv\u00e9gz\u00e9s\u00e9t, \u00e9s ennek k\u00fcl\u00f6nb\u00f6z\u0151 k\u00f6vetkezm\u00e9nyei vannak. <\/p>\n<div class=\"newlinediv\"><\/div>\n<p> Ha egy szervezet nem v\u00e9gez munkak\u00f6r-elemz\u00e9st, annak sz\u00e1mos negat\u00edv hat\u00e1sa van a teljes\u00edtm\u00e9ny\u00e9re. El\u0151sz\u00f6r is, a szervezet neh\u00e9zs\u00e9gekbe \u00fctk\u00f6zhet a megfelel\u0151 jel\u00f6ltek toborz\u00e1sa \u00e9s kiv\u00e1laszt\u00e1sa sor\u00e1n egy adott munkak\u00f6r bet\u00f6lt\u00e9s\u00e9re. Megfelel\u0151 munkak\u00f6r-elemz\u00e9s n\u00e9lk\u00fcl el\u0151fordulhat, hogy a munkak\u00f6ri k\u00f6vetelm\u00e9nyek nincsenek egy\u00e9rtelm\u0171en meghat\u00e1rozva, ami zavart okozhat a toborz\u00f3k \u00e9s a jel\u00f6ltek k\u00f6z\u00f6tt. Ennek eredm\u00e9nyek\u00e9ppen a szervezet v\u00e9g\u00fcl rossz szem\u00e9lyt vehet fel az adott munkak\u00f6rre, vagy lemaradhat a k\u00e9pzett jel\u00f6ltekr\u0151l. <\/p>\n<div class=\"newlinediv\"><\/div>\n<p> M\u00e1sodszor, a munkak\u00f6r-elemz\u00e9s hi\u00e1nya rossz teljes\u00edtm\u00e9nymenedzsmenthez is vezethet. A teljes\u00edtm\u00e9nymenedzsment a munkav\u00e1llal\u00f3i teljes\u00edtm\u00e9ny \u00e9rt\u00e9kel\u00e9s\u00e9nek \u00e9s jav\u00edt\u00e1s\u00e1nak folyamata. Munkak\u00f6r-elemz\u00e9s n\u00e9lk\u00fcl a vezet\u0151k nem biztos, hogy tiszt\u00e1ban vannak az adott munkak\u00f6rh\u00f6z sz\u00fcks\u00e9ges k\u00e9szs\u00e9gekkel \u00e9s ismeretekkel. Ez\u00e9rt el\u0151fordulhat, hogy nem tudnak megfelel\u0151 teljes\u00edtm\u00e9nyelv\u00e1r\u00e1sokat \u00e9s c\u00e9lokat meghat\u00e1rozni alkalmazottaik sz\u00e1m\u00e1ra. Ez a munkav\u00e1llal\u00f3k motiv\u00e1latlans\u00e1g\u00e1hoz \u00e9s alacsonyabb termel\u00e9kenys\u00e9ghez vezethet. <\/p>\n<div class=\"newlinediv\"><\/div>\n<p> Harmadszor, a munkak\u00f6r-elemz\u00e9s k\u00e9pz\u00e9si \u00e9s fejleszt\u00e9si c\u00e9lokb\u00f3l is fontos. Seg\u00edt a vezet\u0151knek azonos\u00edtani azokat a konkr\u00e9t k\u00e9szs\u00e9geket \u00e9s ismereteket, amelyeket az alkalmazottaknak fejleszteni\u00fck kell ahhoz, hogy munk\u00e1jukat hat\u00e9konyan v\u00e9gezhess\u00e9k. Munkak\u00f6r-elemz\u00e9s n\u00e9lk\u00fcl a vezet\u0151k nem biztos, hogy c\u00e9lzott k\u00e9pz\u00e9si programokat tudnak biztos\u00edtani alkalmazottaik sz\u00e1m\u00e1ra. Ennek eredm\u00e9nyek\u00e9nt el\u0151fordulhat, hogy az alkalmazottak nem rendelkeznek a munk\u00e1juk elv\u00e9gz\u00e9s\u00e9hez sz\u00fcks\u00e9ges k\u00e9szs\u00e9gekkel, ami gyenge teljes\u00edtm\u00e9nyhez \u00e9s alacsonyabb termel\u00e9kenys\u00e9ghez vezet. <\/p>\n<div class=\"newlinediv\"><\/div>\n<p> V\u00e9gezet\u00fcl a munkak\u00f6r-elemz\u00e9s a megfelel\u0151s\u00e9g szempontj\u00e1b\u00f3l is elengedhetetlen. Sz\u00e1mos szab\u00e1lyoz\u00f3 \u00fcgyn\u00f6ks\u00e9g megk\u00f6veteli a szervezetekt\u0151l a munkak\u00f6r-elemz\u00e9s elv\u00e9gz\u00e9s\u00e9t annak biztos\u00edt\u00e1sa \u00e9rdek\u00e9ben, hogy a toborz\u00e1si, kiv\u00e1laszt\u00e1si, k\u00e9pz\u00e9si \u00e9s teljes\u00edtm\u00e9nymenedzsment gyakorlatuk tisztess\u00e9ges \u00e9s elfogulatlan legyen. A munkak\u00f6r-elemz\u00e9s elmulaszt\u00e1sa jogi k\u00f6vetkezm\u00e9nyekkel \u00e9s a szervezet h\u00edrnev\u00e9nek roml\u00e1s\u00e1val j\u00e1rhat. <\/p>\n<div class=\"newlinediv\"><\/div>\n<p> \u00d6sszefoglalva, a munkak\u00f6r-elemz\u00e9s a szervezeti siker kritikus eszk\u00f6ze. Seg\u00edt a szervezeteknek abban, hogy a toborz\u00e1si, k\u00e9pz\u00e9si \u00e9s teljes\u00edtm\u00e9nymenedzsment gyakorlatukat \u00f6sszehangolj\u00e1k az \u00fczleti c\u00e9ljaikkal. A munkak\u00f6r-elemz\u00e9s elmulaszt\u00e1sa rossz toborz\u00e1shoz \u00e9s kiv\u00e1laszt\u00e1shoz, rossz teljes\u00edtm\u00e9nymenedzsmenthez, a k\u00e9pz\u00e9s \u00e9s fejleszt\u00e9s hi\u00e1ny\u00e1hoz \u00e9s jogi k\u00f6vetkezm\u00e9nyekhez vezethet. Ez\u00e9rt a szervezeteknek priorit\u00e1sk\u00e9nt kell kezelni\u00fck a munkak\u00f6r-elemz\u00e9st, mint a hum\u00e1ner\u0151forr\u00e1s-gazd\u00e1lkod\u00e1si gyakorlatuk kulcsfontoss\u00e1g\u00fa elem\u00e9t.<\/p><\/div>\n","protected":false},"excerpt":{"rendered":"<p>A munkak\u00f6r-elemz\u00e9s a szervezeten bel\u00fcli munkak\u00f6rrel vagy poz\u00edci\u00f3val kapcsolatos inform\u00e1ci\u00f3k gy\u0171jt\u00e9s\u00e9nek szisztematikus folyamata. Fontos eszk\u00f6z a hum\u00e1ner\u0151forr\u00e1s-menedzserek sz\u00e1m\u00e1ra az adott munkak\u00f6rh\u00f6z sz\u00fcks\u00e9ges tud\u00e1s, k\u00e9szs\u00e9gek \u00e9s k\u00e9pess\u00e9gek azonos\u00edt\u00e1s\u00e1hoz. Seg\u00edt a szervezeteknek abban, hogy a toborz\u00e1si, k\u00e9pz\u00e9si \u00e9s teljes\u00edtm\u00e9nymenedzsment gyakorlatukat \u00f6sszehangolj\u00e1k az \u00fczleti c\u00e9ljaikkal. Sok szervezet azonban elmulasztja a munkak\u00f6r-elemz\u00e9s elv\u00e9gz\u00e9s\u00e9t, \u00e9s ennek k\u00fcl\u00f6nb\u00f6z\u0151 k\u00f6vetkezm\u00e9nyei vannak. Ha &#8230; <a title=\"A munkak\u00f6r-elemz\u00e9s jelent\u0151s\u00e9ge a szervezeti sikerben\" class=\"read-more\" href=\"https:\/\/megnyitasa.com\/tudas\/a-munkakor-elemzes-jelentosege-a-szervezeti-sikerben\/\" aria-label=\"Read more about A munkak\u00f6r-elemz\u00e9s jelent\u0151s\u00e9ge a szervezeti sikerben\">Read more<\/a><\/p>\n","protected":false},"author":2349,"featured_media":0,"comment_status":"closed","ping_status":"closed","sticky":false,"template":"","format":"standard","meta":{"footnotes":""},"categories":[9],"tags":[],"class_list":["post-13199","post","type-post","status-publish","format-standard","hentry","category-uzleti-modellek-es-szervezeti-struktura"],"_links":{"self":[{"href":"https:\/\/megnyitasa.com\/tudas\/wp-json\/wp\/v2\/posts\/13199","targetHints":{"allow":["GET"]}}],"collection":[{"href":"https:\/\/megnyitasa.com\/tudas\/wp-json\/wp\/v2\/posts"}],"about":[{"href":"https:\/\/megnyitasa.com\/tudas\/wp-json\/wp\/v2\/types\/post"}],"author":[{"embeddable":true,"href":"https:\/\/megnyitasa.com\/tudas\/wp-json\/wp\/v2\/users\/2349"}],"replies":[{"embeddable":true,"href":"https:\/\/megnyitasa.com\/tudas\/wp-json\/wp\/v2\/comments?post=13199"}],"version-history":[{"count":0,"href":"https:\/\/megnyitasa.com\/tudas\/wp-json\/wp\/v2\/posts\/13199\/revisions"}],"wp:attachment":[{"href":"https:\/\/megnyitasa.com\/tudas\/wp-json\/wp\/v2\/media?parent=13199"}],"wp:term":[{"taxonomy":"category","embeddable":true,"href":"https:\/\/megnyitasa.com\/tudas\/wp-json\/wp\/v2\/categories?post=13199"},{"taxonomy":"post_tag","embeddable":true,"href":"https:\/\/megnyitasa.com\/tudas\/wp-json\/wp\/v2\/tags?post=13199"}],"curies":[{"name":"wp","href":"https:\/\/api.w.org\/{rel}","templated":true}]}}