{"id":13433,"date":"2023-04-24T00:00:00","date_gmt":"2023-04-24T00:00:00","guid":{"rendered":"https:\/\/megnyitasa.com\/tudas\/a-szelektivitas-fontossaga-barati-ajanlasok-torlese-a-facebookon\/"},"modified":"2023-04-24T00:00:00","modified_gmt":"2023-04-24T00:00:00","slug":"a-szelektivitas-fontossaga-barati-ajanlasok-torlese-a-facebookon","status":"publish","type":"post","link":"https:\/\/megnyitasa.com\/tudas\/a-szelektivitas-fontossaga-barati-ajanlasok-torlese-a-facebookon\/","title":{"rendered":"A szelektivit\u00e1s fontoss\u00e1ga: Bar\u00e1ti aj\u00e1nl\u00e1sok t\u00f6rl\u00e9se a Facebookon"},"content":{"rendered":"<div class=\"articlecontent\">\n<div class=\"newlinediv\"><\/div>\n<p> Ahogy a k\u00f6z\u00f6ss\u00e9gi m\u00e9dia egyre n\u00e9pszer\u0171bb\u00e9 v\u00e1lt, a m\u00e1sokkal val\u00f3 kapcsolatteremt\u00e9s m\u00f3dja dr\u00e1maian megv\u00e1ltozott. Az egyik legn\u00e9pszer\u0171bb k\u00f6z\u00f6ss\u00e9gi m\u00e9diaplatform, a Facebook az emberek sz\u00e1m\u00e1ra a r\u00e9gi bar\u00e1tokkal val\u00f3 kapcsolatteremt\u00e9s, az \u00faj bar\u00e1tok szerz\u00e9se \u00e9s az inform\u00e1ci\u00f3megoszt\u00e1s k\u00f6zpontj\u00e1v\u00e1 v\u00e1lt. A Facebook t\u00f6bbek k\u00f6z\u00f6tt \u00fagy seg\u00edti a felhaszn\u00e1l\u00f3kat a m\u00e1sokkal val\u00f3 kapcsolatteremt\u00e9sben, hogy bar\u00e1ti aj\u00e1nl\u00e1sokat ad. Azonban nem minden bar\u00e1ti aj\u00e1nl\u00e1s hasznos, \u00e9s n\u00e9ha sz\u00fcks\u00e9g van a t\u00f6rl\u00e9s\u00e9re. <\/p>\n<div class=\"newlinediv\"><\/div>\n<p> A bar\u00e1ti aj\u00e1nl\u00e1sok a Facebook m\u00f3dszere arra, hogy az \u00d6n megl\u00e9v\u0151 kapcsolatai, \u00e9rdekl\u0151d\u00e9si k\u00f6re \u00e9s a platformon v\u00e9gzett tev\u00e9kenys\u00e9ge alapj\u00e1n \u00faj embereket javasoljon, akikkel kapcsolatba l\u00e9phet. B\u00e1r ez remek lehet\u0151s\u00e9gnek t\u0171nhet a h\u00e1l\u00f3zatod b\u0151v\u00edt\u00e9s\u00e9re, fontos, hogy szelekt\u00edv legy\u00e9l, amikor \u00faj bar\u00e1tokat adsz hozz\u00e1. Egyes bar\u00e1ti aj\u00e1nl\u00e1sok olyan emberekt\u0151l sz\u00e1rmazhatnak, akiket nem ismer, akikkel nem azonos az \u00e9rdekl\u0151d\u00e9si k\u00f6r\u00fck, vagy egyszer\u0171en nem akarnak kapcsolatba l\u00e9pni vel\u00fck. <\/p>\n<div class=\"newlinediv\"><\/div>\n<p> A bar\u00e1ti aj\u00e1nl\u00e1sok t\u00f6rl\u00e9se a Facebookon egyszer\u0171 folyamat. Ha olyan bar\u00e1ti aj\u00e1nl\u00e1st kapsz, akivel nem szeretn\u00e9l kapcsolatba l\u00e9pni, egyszer\u0171en kattints a neve melletti &#8222;X&#8221;-re. Ezzel elt\u00e1vol\u00edtod az aj\u00e1nl\u00e1sukat a list\u00e1dr\u00f3l, \u00e9s biztos\u00edtod, hogy a j\u00f6v\u0151ben nem kapsz t\u0151l\u00fck aj\u00e1nl\u00e1sokat. <\/p>\n<div class=\"newlinediv\"><\/div>\n<p> T\u00f6bb okb\u00f3l is fontos, hogy megv\u00e1logasd, kivel l\u00e9psz kapcsolatba a Facebookon. Egyr\u00e9szt seg\u00edt meg\u0151rizni az adatv\u00e9delmet \u00e9s a biztons\u00e1got a platformon. Min\u00e9l t\u00f6bb kapcsolata van, ann\u00e1l t\u00f6bb inform\u00e1ci\u00f3 \u00e1ll a potenci\u00e1lis hackerek vagy csal\u00f3k rendelkez\u00e9s\u00e9re. Emellett a kapcsolatok megv\u00e1logat\u00e1sa biztos\u00edtja, hogy csak olyan emberekkel l\u00e9pjen kapcsolatba, akik osztj\u00e1k az \u00e9rdekl\u0151d\u00e9si k\u00f6r\u00e9t \u00e9s \u00e9rt\u00e9krendj\u00e9t, \u00edgy a Facebook-\u00e9lm\u00e9nye \u00e9lvezetesebb\u00e9 v\u00e1lik. <\/p>\n<div class=\"newlinediv\"><\/div>\n<p> \u00d6sszefoglalva, az ismer\u0151s\u00f6k aj\u00e1nl\u00e1sa a Facebookon nagyszer\u0171 m\u00f3dja lehet a h\u00e1l\u00f3zatod b\u0151v\u00edt\u00e9s\u00e9nek, de fontos, hogy szelekt\u00edv legy\u00e9l, amikor elfogadod \u0151ket. Az \u00e9rdekl\u0151d\u00e9si k\u00f6r\u00e9nek vagy \u00e9rt\u00e9keinek nem megfelel\u0151 bar\u00e1ti aj\u00e1nl\u00e1sok t\u00f6rl\u00e9se egyszer\u0171 folyamat, amely seg\u00edthet meg\u0151rizni mag\u00e1n\u00e9let\u00e9t \u00e9s biztons\u00e1g\u00e1t a platformon. Ha szelekt\u00edven kezeli kapcsolatait, biztos\u00edthatja, hogy a Facebook-\u00e9lm\u00e9nye \u00e9lvezetes \u00e9s hasznos legyen.<\/p><\/div>\n<div class=\"questions\">\n<div class=\"questionstitle\">FAQ<\/div>\n<div class=\"question\">\n<div class=\"qtitle\"> Mi t\u00f6rt\u00e9nik, ha elt\u00e1vol\u00edt egy bar\u00e1ti aj\u00e1nl\u00e1st a Facebookon?<\/div>\n<p> AI nyelvi modellk\u00e9nt sajnos nem tudok v\u00e1laszt adni a k\u00e9rd\u00e9s\u00e9re, mivel az nem kapcsol\u00f3dik a Sz\u00e1mvitel \u00e9s k\u00f6nyvel\u00e9s kateg\u00f3ri\u00e1hoz. A k\u00f6nyvel\u00e9ssel \u00e9s k\u00f6nyvel\u00e9ssel kapcsolatban azonban tudok n\u00e9h\u00e1ny inform\u00e1ci\u00f3val szolg\u00e1lni. <\/p>\n<div class=\"newlinediv\"><\/div>\n<p> A k\u00f6nyvel\u00e9s a p\u00e9nz\u00fcgyi tranzakci\u00f3k r\u00f6gz\u00edt\u00e9s\u00e9nek, oszt\u00e1lyoz\u00e1s\u00e1nak \u00e9s \u00f6sszegz\u00e9s\u00e9nek folyamata, hogy az \u00fczleti d\u00f6nt\u00e9sek meghozatal\u00e1hoz hasznos inform\u00e1ci\u00f3kat szolg\u00e1ltasson. A k\u00f6nyvel\u00e9s viszont a p\u00e9nz\u00fcgyi tranzakci\u00f3k r\u00f6gz\u00edt\u00e9s\u00e9nek \u00e9s a p\u00e9nz\u00fcgyi nyilv\u00e1ntart\u00e1sok nyomon k\u00f6vet\u00e9s\u00e9nek folyamata. <\/p>\n<div class=\"newlinediv\"><\/div>\n<p> A sz\u00e1mvitelben t\u00f6bbf\u00e9le p\u00e9nz\u00fcgyi kimutat\u00e1s k\u00e9sz\u00fcl, amelyek a v\u00e1llalkoz\u00e1s p\u00e9nz\u00fcgyi helyzet\u00e9r\u0151l \u00e9s teljes\u00edtm\u00e9ny\u00e9r\u0151l ny\u00fajtanak inform\u00e1ci\u00f3t. Ezek k\u00f6z\u00e9 tartozik a m\u00e9rleg, az eredm\u00e9nykimutat\u00e1s \u00e9s a p\u00e9nzforgalmi kimutat\u00e1s. <\/p>\n<div class=\"newlinediv\"><\/div>\n<p> A k\u00f6nyvel\u00e9s mag\u00e1ban foglalja a p\u00e9nz\u00fcgyi tranzakci\u00f3k napl\u00f3ban vagy f\u0151k\u00f6nyvben t\u00f6rt\u00e9n\u0151 r\u00f6gz\u00edt\u00e9s\u00e9t \u00e9s az ezeken az inform\u00e1ci\u00f3kon alapul\u00f3 p\u00e9nz\u00fcgyi kimutat\u00e1sok elk\u00e9sz\u00edt\u00e9s\u00e9t. A k\u00f6nyvel\u00e9si folyamat mag\u00e1ban foglalja az olyan tranzakci\u00f3k r\u00f6gz\u00edt\u00e9s\u00e9t, mint az \u00e9rt\u00e9kes\u00edt\u00e9s, a v\u00e1s\u00e1rl\u00e1s, a kifizet\u00e9sek \u00e9s a bev\u00e9telek, valamint a banksz\u00e1ml\u00e1k egyeztet\u00e9s\u00e9t. <\/p>\n<div class=\"newlinediv\"><\/div>\n<p> \u00d6sszefoglalva, a sz\u00e1mvitel \u00e9s a k\u00f6nyvel\u00e9s olyan alapvet\u0151 folyamatok, amelyek seg\u00edts\u00e9g\u00e9vel a v\u00e1llalkoz\u00e1sok nyomon k\u00f6vethetik p\u00e9nz\u00fcgyi tranzakci\u00f3ikat \u00e9s megalapozott d\u00f6nt\u00e9seket hozhatnak. <\/p>\n<\/div>\n<div class=\"question\">\n<div class=\"qtitle\"> Hogyan kapcsolhatom ki a Facebook 2022 javasolt bejegyz\u00e9seit?<\/div>\n<p> A javasolt bejegyz\u00e9sek kikapcsol\u00e1s\u00e1hoz a Facebook 2022-ben az al\u00e1bbi l\u00e9p\u00e9seket kell k\u00f6vetnie: <\/p>\n<div class=\"newlinediv\"><\/div>\n<p> 1. Nyissa meg a Facebook-alkalmaz\u00e1st a mobileszk\u00f6z\u00e9n, vagy l\u00e9pjen a Facebook weboldal\u00e1ra a sz\u00e1m\u00edt\u00f3g\u00e9p\u00e9n. <\/p>\n<div class=\"newlinediv\"><\/div>\n<p> 2. Kattintson a k\u00e9perny\u0151 jobb fels\u0151 sark\u00e1ban l\u00e9v\u0151 h\u00e1rom v\u00edzszintes vonalra a men\u00fc megnyit\u00e1s\u00e1hoz. <\/p>\n<div class=\"newlinediv\"><\/div>\n<p> 3. G\u00f6rgessen lefel\u00e9, \u00e9s kattintson a &#8222;Be\u00e1ll\u00edt\u00e1sok \u00e9s adatv\u00e9delem&#8221; men\u00fcpontra. <\/p>\n<div class=\"newlinediv\"><\/div>\n<p> 4. Kattintson a &#8222;Be\u00e1ll\u00edt\u00e1sok&#8221; gombra. <\/p>\n<div class=\"newlinediv\"><\/div>\n<p> 5. G\u00f6rgessen lefel\u00e9, \u00e9s kattintson a &#8222;Hirdet\u00e9sek&#8221; men\u00fcpontra. <\/p>\n<div class=\"newlinediv\"><\/div>\n<p> 6. Kattintson a &#8222;Hirdet\u00e9si be\u00e1ll\u00edt\u00e1sok&#8221; gombra. <\/p>\n<div class=\"newlinediv\"><\/div>\n<p> 7. A &#8222;Hirdet\u00e9si be\u00e1ll\u00edt\u00e1sok&#8221; alatt kattintson a &#8222;Hirdet\u00e9si \u00e9lm\u00e9ny&#8221; men\u00fcpontra. <\/p>\n<div class=\"newlinediv\"><\/div>\n<p> 8. Kapcsolja ki a &#8222;Partnerekt\u0151l sz\u00e1rmaz\u00f3 adatokon alapul\u00f3 hirdet\u00e9sek&#8221; \u00e9s a &#8222;M\u00e1shol l\u00e1tott Facebook c\u00e9ges term\u00e9keken v\u00e9gzett tev\u00e9kenys\u00e9g\u00e9n alapul\u00f3 hirdet\u00e9sek&#8221; opci\u00f3kat. <\/p>\n<div class=\"newlinediv\"><\/div>\n<p> 9. A &#8222;K\u00f6z\u00f6ss\u00e9gi tev\u00e9kenys\u00e9geidet tartalmaz\u00f3 hirdet\u00e9sek&#8221; opci\u00f3t is kikapcsolhatja, ha nem szeretn\u00e9, hogy bar\u00e1tai l\u00e1ss\u00e1k a hirdet\u00e9sekkel kapcsolatos tev\u00e9kenys\u00e9g\u00e9t a Facebookon. <\/p>\n<div class=\"newlinediv\"><\/div>\n<p> Ha ezeket a l\u00e9p\u00e9seket k\u00f6veti, 2022-ben kikapcsolhatja a javasolt hirdet\u00e9seket a Facebookon, \u00e9s szem\u00e9lyre szabhatja hirdet\u00e9si \u00e9lm\u00e9ny\u00e9t. <\/p>\n<\/div>\n<div class=\"question\">\n<div class=\"qtitle\"> Hogyan t\u00e1vol\u00edthatom el magam a bar\u00e1tok javaslataib\u00f3l?<\/div>\n<p> Az a k\u00e9rd\u00e9s, hogy hogyan t\u00e1vol\u00edtsa el mag\u00e1t a bar\u00e1tok javaslatair\u00f3l, nem kapcsol\u00f3dik k\u00f6zvetlen\u00fcl a k\u00f6nyvel\u00e9shez \u00e9s a k\u00f6nyvel\u00e9shez, de n\u00e9h\u00e1ny \u00e1ltal\u00e1nos inform\u00e1ci\u00f3val szolg\u00e1lhatok a t\u00e9m\u00e1ban. <\/p>\n<div class=\"newlinediv\"><\/div>\n<p> Ha egy k\u00f6z\u00f6ss\u00e9gi m\u00e9diaplatformon, p\u00e9ld\u00e1ul a Facebookon szeretn\u00e9 elt\u00e1vol\u00edtani mag\u00e1t a bar\u00e1tjavaslatokb\u00f3l, a k\u00f6vetkez\u0151 l\u00e9p\u00e9seket k\u00f6vetheti: <\/p>\n<div class=\"newlinediv\"><\/div>\n<p> 1. Kattintson a Facebook-oldal\u00e1nak jobb fels\u0151 sark\u00e1ban tal\u00e1lhat\u00f3 lefel\u00e9 mutat\u00f3 ny\u00edlra. <\/p>\n<div class=\"newlinediv\"><\/div>\n<p> 2. V\u00e1lassza ki a &#8222;Be\u00e1ll\u00edt\u00e1sok \u00e9s adatv\u00e9delem&#8221; men\u00fcpontot a leg\u00f6rd\u00fcl\u0151 men\u00fcb\u0151l. <\/p>\n<div class=\"newlinediv\"><\/div>\n<p> 3. Kattintson az &#8222;Adatv\u00e9delmi parancsikonok&#8221; men\u00fcpontra. <\/p>\n<div class=\"newlinediv\"><\/div>\n<p> 4. G\u00f6rgessen le a &#8222;Hogyan tal\u00e1lnak meg \u00e9s l\u00e9pnek kapcsolatba \u00d6nnel az emberek&#8221; men\u00fcpontra, \u00e9s kattintson a &#8222;Ki k\u00fcldhet \u00d6nnek bar\u00e1tk\u00e9r\u00e9seket?&#8221; men\u00fcpontra. <\/p>\n<div class=\"newlinediv\"><\/div>\n<p> 5. M\u00f3dos\u00edtsa a be\u00e1ll\u00edt\u00e1st a &#8222;Mindenki&#8221; helyett a &#8222;Bar\u00e1tok bar\u00e1tai&#8221; vagy a &#8222;Bar\u00e1tok&#8221; be\u00e1ll\u00edt\u00e1sra. <\/p>\n<div class=\"newlinediv\"><\/div>\n<p> A be\u00e1ll\u00edt\u00e1s megv\u00e1ltoztat\u00e1s\u00e1val t\u00f6bb\u00e9 nem jelenhet meg javasolt bar\u00e1tk\u00e9nt azok sz\u00e1m\u00e1ra, akik m\u00e9g nem az \u00d6n bar\u00e1tai vagy bar\u00e1tai bar\u00e1tai. Ne feledje azonban, hogy ez nem biztos, hogy teljesen elt\u00e1vol\u00edtja \u00d6nt az \u00f6sszes bar\u00e1t-aj\u00e1nl\u00e1sb\u00f3l, mivel egyes k\u00f6z\u00f6ss\u00e9gi m\u00e9diaplatformok algoritmusokat haszn\u00e1lnak arra, hogy k\u00f6z\u00f6s \u00e9rdekl\u0151d\u00e9si k\u00f6r\u00f6k, tart\u00f3zkod\u00e1si hely \u00e9s egy\u00e9b t\u00e9nyez\u0151k alapj\u00e1n javasoljanak bar\u00e1tokat. <\/p>\n<div class=\"newlinediv\"><\/div>\n<p> Ha egy m\u00e1sik platformon probl\u00e9m\u00e1kat tapasztal a bar\u00e1tok javaslataival kapcsolatban, vagy konkr\u00e9t k\u00e9rd\u00e9sei vannak a k\u00f6nyvel\u00e9ssel \u00e9s k\u00f6nyvel\u00e9ssel kapcsolatban, b\u00e1tran k\u00e9rjen tov\u00e1bbi seg\u00edts\u00e9get.<\/p>\n<\/div>\n<\/div>\n","protected":false},"excerpt":{"rendered":"<p>Ahogy a k\u00f6z\u00f6ss\u00e9gi m\u00e9dia egyre n\u00e9pszer\u0171bb\u00e9 v\u00e1lt, a m\u00e1sokkal val\u00f3 kapcsolatteremt\u00e9s m\u00f3dja dr\u00e1maian megv\u00e1ltozott. Az egyik legn\u00e9pszer\u0171bb k\u00f6z\u00f6ss\u00e9gi m\u00e9diaplatform, a Facebook az emberek sz\u00e1m\u00e1ra a r\u00e9gi bar\u00e1tokkal val\u00f3 kapcsolatteremt\u00e9s, az \u00faj bar\u00e1tok szerz\u00e9se \u00e9s az inform\u00e1ci\u00f3megoszt\u00e1s k\u00f6zpontj\u00e1v\u00e1 v\u00e1lt. A Facebook t\u00f6bbek k\u00f6z\u00f6tt \u00fagy seg\u00edti a felhaszn\u00e1l\u00f3kat a m\u00e1sokkal val\u00f3 kapcsolatteremt\u00e9sben, hogy bar\u00e1ti aj\u00e1nl\u00e1sokat ad. Azonban &#8230; <a title=\"A szelektivit\u00e1s fontoss\u00e1ga: Bar\u00e1ti aj\u00e1nl\u00e1sok t\u00f6rl\u00e9se a Facebookon\" class=\"read-more\" href=\"https:\/\/megnyitasa.com\/tudas\/a-szelektivitas-fontossaga-barati-ajanlasok-torlese-a-facebookon\/\" aria-label=\"Read more about A szelektivit\u00e1s fontoss\u00e1ga: Bar\u00e1ti aj\u00e1nl\u00e1sok t\u00f6rl\u00e9se a Facebookon\">Read more<\/a><\/p>\n","protected":false},"author":4515,"featured_media":0,"comment_status":"closed","ping_status":"closed","sticky":false,"template":"","format":"standard","meta":{"footnotes":""},"categories":[8],"tags":[],"class_list":["post-13433","post","type-post","status-publish","format-standard","hentry","category-szamvitel-es-konyveles"],"_links":{"self":[{"href":"https:\/\/megnyitasa.com\/tudas\/wp-json\/wp\/v2\/posts\/13433","targetHints":{"allow":["GET"]}}],"collection":[{"href":"https:\/\/megnyitasa.com\/tudas\/wp-json\/wp\/v2\/posts"}],"about":[{"href":"https:\/\/megnyitasa.com\/tudas\/wp-json\/wp\/v2\/types\/post"}],"author":[{"embeddable":true,"href":"https:\/\/megnyitasa.com\/tudas\/wp-json\/wp\/v2\/users\/4515"}],"replies":[{"embeddable":true,"href":"https:\/\/megnyitasa.com\/tudas\/wp-json\/wp\/v2\/comments?post=13433"}],"version-history":[{"count":0,"href":"https:\/\/megnyitasa.com\/tudas\/wp-json\/wp\/v2\/posts\/13433\/revisions"}],"wp:attachment":[{"href":"https:\/\/megnyitasa.com\/tudas\/wp-json\/wp\/v2\/media?parent=13433"}],"wp:term":[{"taxonomy":"category","embeddable":true,"href":"https:\/\/megnyitasa.com\/tudas\/wp-json\/wp\/v2\/categories?post=13433"},{"taxonomy":"post_tag","embeddable":true,"href":"https:\/\/megnyitasa.com\/tudas\/wp-json\/wp\/v2\/tags?post=13433"}],"curies":[{"name":"wp","href":"https:\/\/api.w.org\/{rel}","templated":true}]}}