{"id":1350,"date":"2023-04-24T00:00:00","date_gmt":"2023-04-24T00:00:00","guid":{"rendered":"https:\/\/megnyitasa.com\/tudas\/a-munkaero-hatekonysaganak-maximalizalasa-a-guide-to-calculating-employee-labor-percentage\/"},"modified":"2023-04-24T00:00:00","modified_gmt":"2023-04-24T00:00:00","slug":"a-munkaero-hatekonysaganak-maximalizalasa-a-guide-to-calculating-employee-labor-percentage","status":"publish","type":"post","link":"https:\/\/megnyitasa.com\/tudas\/a-munkaero-hatekonysaganak-maximalizalasa-a-guide-to-calculating-employee-labor-percentage\/","title":{"rendered":"A munkaer\u0151 hat\u00e9konys\u00e1g\u00e1nak maximaliz\u00e1l\u00e1sa: A Guide to Calculating Employee Labor Percentage"},"content":{"rendered":"<div class=\"articlecontent\">\n<div class=\"newlinediv\"><\/div>\n<p> V\u00e1llalkoz\u00e1s tulajdonosak\u00e9nt vagy vezet\u0151jek\u00e9nt fontos, hogy tiszt\u00e1ban legyen a munkaer\u0151k\u00f6lts\u00e9gekkel, hogy megalapozott d\u00f6nt\u00e9seket hozhasson a munkaer\u0151vel kapcsolatban. Az egyik legfontosabb m\u00e9r\u0151sz\u00e1m, amely seg\u00edthet a munkaer\u0151k\u00f6lts\u00e9gek \u00e9rt\u00e9kel\u00e9s\u00e9ben, az alkalmazotti munkaer\u0151 sz\u00e1zal\u00e9kos ar\u00e1nya. Ez a sz\u00e1zal\u00e9kos ar\u00e1ny a teljes bev\u00e9telnek azt az \u00f6sszeg\u00e9t jelenti, amely az alkalmazottak b\u00e9r\u00e9re \u00e9s juttat\u00e1saira megy el. Ennek a sz\u00e1zal\u00e9kos ar\u00e1nynak a kisz\u00e1m\u00edt\u00e1s\u00e1val \u00e9s nyomon k\u00f6vet\u00e9s\u00e9vel betekint\u00e9st nyerhet munkaer\u0151-\u00e1llom\u00e1nya hat\u00e9konys\u00e1g\u00e1ba, \u00e9s azonos\u00edthatja a fejlesztend\u0151 ter\u00fcleteket. Ebben az \u00fatmutat\u00f3ban v\u00e9gigvezetj\u00fck \u00d6nt az alkalmazotti munkaer\u0151 sz\u00e1zal\u00e9kos ar\u00e1ny\u00e1nak kisz\u00e1m\u00edt\u00e1s\u00e1hoz sz\u00fcks\u00e9ges l\u00e9p\u00e9seken. <\/p>\n<div class=\"newlinediv\"><\/div>\n<p> 1. l\u00e9p\u00e9s: Hat\u00e1rozza meg az \u00f6sszes munkaer\u0151k\u00f6lts\u00e9g\u00e9t <\/p>\n<div class=\"newlinediv\"><\/div>\n<p> Miel\u0151tt kisz\u00e1m\u00edthatn\u00e1 az alkalmazotti munkaer\u0151 sz\u00e1zal\u00e9kos ar\u00e1ny\u00e1t, ismernie kell az \u00f6sszes munkaer\u0151k\u00f6lts\u00e9g\u00e9t. Ez mag\u00e1ban foglalja a munkav\u00e1llal\u00f3inak fizetett \u00f6sszes b\u00e9rt, fizet\u00e9st \u00e9s juttat\u00e1st. Ahhoz, hogy pontos k\u00e9pet kapjon a munkaer\u0151k\u00f6lts\u00e9geir\u0151l, tartalmaznia kell az \u00f6sszes kompenz\u00e1ci\u00f3t, bele\u00e9rtve a t\u00fal\u00f3rap\u00e9nzt, a b\u00f3nuszokat \u00e9s az olyan juttat\u00e1sokat, mint az eg\u00e9szs\u00e9gbiztos\u00edt\u00e1s \u00e9s a nyugd\u00edjj\u00e1rul\u00e9kok. <\/p>\n<div class=\"newlinediv\"><\/div>\n<p> 2. l\u00e9p\u00e9s: Sz\u00e1m\u00edtsa ki a teljes bev\u00e9tel\u00e9t <\/p>\n<div class=\"newlinediv\"><\/div>\n<p> Ezut\u00e1n meg kell hat\u00e1roznia a teljes bev\u00e9tel\u00e9t az elemzett id\u0151szakra vonatkoz\u00f3an. Ez lehet egy h\u00f3nap, negyed\u00e9v vagy \u00e9v, a jelent\u00e9si ig\u00e9nyeit\u0151l f\u00fcgg\u0151en. A teljes bev\u00e9tel mag\u00e1ban foglalja a v\u00e1llalkoz\u00e1sa \u00e1ltal az adott id\u0151szakban el\u00e9rt \u00f6sszes elad\u00e1st, d\u00edjat \u00e9s egy\u00e9b bev\u00e9telt. <\/p>\n<div class=\"newlinediv\"><\/div>\n<p> 3. l\u00e9p\u00e9s: Ossza el az \u00f6sszes munkaer\u0151k\u00f6lts\u00e9get az \u00f6sszes bev\u00e9tellel <\/p>\n<div class=\"newlinediv\"><\/div>\n<p> Az alkalmazotti munkaer\u0151 sz\u00e1zal\u00e9kos ar\u00e1ny\u00e1nak kisz\u00e1m\u00edt\u00e1s\u00e1hoz ossza el az \u00f6sszes munkaer\u0151k\u00f6lts\u00e9get az \u00f6sszes bev\u00e9tellel. P\u00e9ld\u00e1ul, ha az \u00f6sszes b\u00e9rk\u00f6lts\u00e9ge a h\u00f3napban 50 000 $ volt, \u00e9s az \u00f6sszes bev\u00e9tele 200 000 $ volt, akkor az alkalmazotti munkaer\u0151 sz\u00e1zal\u00e9kos ar\u00e1nya a h\u00f3napban 25%. <\/p>\n<div class=\"newlinediv\"><\/div>\n<p> 4. l\u00e9p\u00e9s: Elemz\u00e9s \u00e9s sz\u00fcks\u00e9g szerinti kiigaz\u00edt\u00e1s <\/p>\n<div class=\"newlinediv\"><\/div>\n<p> Miut\u00e1n kisz\u00e1m\u00edtotta az alkalmazotti munkaer\u0151 sz\u00e1zal\u00e9kos ar\u00e1ny\u00e1t, fontos, hogy elemezze az eredm\u00e9nyeket, \u00e9s sz\u00fcks\u00e9g eset\u00e9n kiigaz\u00edt\u00e1sokat v\u00e9gezzen. Ha a sz\u00e1zal\u00e9kos ar\u00e1ny magasabb, mint szeretn\u00e9, akkor lehet, hogy meg kell fontolnia, hogyan cs\u00f6kkentheti a munkaer\u0151k\u00f6lts\u00e9geket, p\u00e9ld\u00e1ul hat\u00e9konyabb folyamatok bevezet\u00e9s\u00e9vel vagy az alkalmazottak munkaidej\u00e9nek cs\u00f6kkent\u00e9s\u00e9vel. M\u00e1sr\u00e9szt, ha a sz\u00e1zal\u00e9kos ar\u00e1ny alacsonyabb, mint szeretn\u00e9, akkor lehet, hogy tov\u00e1bbi munkaer\u0151-felv\u00e9telre vagy k\u00e9pz\u00e9sre van sz\u00fcks\u00e9g a termel\u00e9kenys\u00e9g jav\u00edt\u00e1sa \u00e9s a nagyobb bev\u00e9tel el\u00e9r\u00e9se \u00e9rdek\u00e9ben. <\/p>\n<div class=\"newlinediv\"><\/div>\n<p> \u00d6sszefoglalva, az alkalmazotti munkaer\u0151 sz\u00e1zal\u00e9kos ar\u00e1ny\u00e1nak kisz\u00e1m\u00edt\u00e1sa \u00e9rt\u00e9kes eszk\u00f6z a munkaer\u0151 hat\u00e9konys\u00e1g\u00e1nak \u00e9rt\u00e9kel\u00e9s\u00e9hez \u00e9s a munkaer\u0151k\u00f6lts\u00e9gekkel kapcsolatos megalapozott d\u00f6nt\u00e9sek meghozatal\u00e1hoz. Ha k\u00f6veti ezeket az egyszer\u0171 l\u00e9p\u00e9seket, vil\u00e1gos k\u00e9pet kaphat a munkaer\u0151k\u00f6lts\u00e9geir\u0151l, \u00e9s azonos\u00edthatja a jav\u00edt\u00e1sra szorul\u00f3 ter\u00fcleteket.<\/p><\/div>\n<div class=\"questions\">\n<div class=\"questionstitle\">FAQ<\/div>\n<div class=\"question\">\n<div class=\"qtitle\"> Hogyan sz\u00e1m\u00edtj\u00e1k ki a munkav\u00e1llal\u00f3i munkaer\u0151t?<\/div>\n<p> Az alkalmazottak munkaer\u0151k\u00f6lts\u00e9g\u00e9t \u00e1ltal\u00e1ban \u00fagy sz\u00e1m\u00edtj\u00e1k ki, hogy a munkav\u00e1llal\u00f3 \u00e1ltal ledolgozott \u00f3r\u00e1k sz\u00e1m\u00e1t megszorozz\u00e1k az \u00f3rab\u00e9rrel vagy fizet\u00e9ssel. P\u00e9ld\u00e1ul, ha egy alkalmazott 40 \u00f3r\u00e1t dolgozik egy h\u00e9ten, \u00e9s az \u00f3rab\u00e9re 15 $, akkor az adott heti munkaer\u0151k\u00f6lts\u00e9ge 600 $ (40 \u00f3ra x 15 $\/\u00f3ra). <\/p>\n<div class=\"newlinediv\"><\/div>\n<p> Fontos megjegyezni, hogy a munkaer\u0151k\u00f6lts\u00e9gek a munkav\u00e1llal\u00f3 b\u00e9r\u00e9n vagy fizet\u00e9s\u00e9n t\u00fal tov\u00e1bbi k\u00f6lts\u00e9geket is tartalmazhatnak, p\u00e9ld\u00e1ul a b\u00e9rsz\u00e1mfejt\u00e9si ad\u00f3kat, juttat\u00e1sokat \u00e9s egy\u00e9b, a munkav\u00e1llal\u00f3val kapcsolatos kiad\u00e1sokat. Ezek a tov\u00e1bbi k\u00f6lts\u00e9gek a munk\u00e1ltat\u00f3t\u00f3l \u00e9s a munkav\u00e1llal\u00f3knak k\u00edn\u00e1lt konkr\u00e9t juttat\u00e1sokt\u00f3l \u00e9s ir\u00e1nyelvekt\u0151l f\u00fcgg\u0151en v\u00e1ltozhatnak. <\/p>\n<div class=\"newlinediv\"><\/div>\n<p> A munkav\u00e1llal\u00f3i munkaer\u0151k\u00f6lts\u00e9gek pontos kisz\u00e1m\u00edt\u00e1s\u00e1hoz a munk\u00e1ltat\u00f3k a pontoss\u00e1g \u00e9s a munka\u00fcgyi t\u00f6rv\u00e9nyeknek \u00e9s rendeleteknek val\u00f3 megfelel\u00e9s biztos\u00edt\u00e1sa \u00e9rdek\u00e9ben az id\u0151nyilv\u00e1ntart\u00f3 szoftverek vagy id\u0151k\u00e1rty\u00e1k, a b\u00e9rsz\u00e1mfejt\u0151 szoftverek \u00e9s a sz\u00e1mviteli szoftverek kombin\u00e1ci\u00f3j\u00e1t haszn\u00e1lhatj\u00e1k. Ezenk\u00edv\u00fcl a munk\u00e1ltat\u00f3k a munkav\u00e1llal\u00f3i munkaer\u0151k\u00f6lts\u00e9gek kisz\u00e1m\u00edt\u00e1sakor olyan t\u00e9nyez\u0151ket is figyelembe vehetnek, mint a t\u00fal\u00f3rap\u00e9nz, a szabads\u00e1g, a betegszabads\u00e1g \u00e9s egy\u00e9b fizetett szabadid\u0151. <\/p>\n<\/div>\n<div class=\"question\">\n<div class=\"qtitle\"> Mit jelentenek a munka\u00fcgyi sz\u00e1zal\u00e9kok?<\/div>\n<p> A munka\u00fcgyi sz\u00e1zal\u00e9kok egy v\u00e1llalkoz\u00e1s bev\u00e9tel\u00e9nek azt a r\u00e9sz\u00e9t m\u00e9rik, amelyet a munkav\u00e1llal\u00f3k b\u00e9r\u00e9re \u00e9s juttat\u00e1saira ford\u00edtanak. Ezt \u00fagy sz\u00e1m\u00edtj\u00e1k ki, hogy a teljes munkaer\u0151k\u00f6lts\u00e9get (b\u00e9rek \u00e9s juttat\u00e1sok) elosztj\u00e1k a v\u00e1llalkoz\u00e1s \u00e1ltal termelt teljes bev\u00e9tellel. Ez a sz\u00e1zal\u00e9kos ar\u00e1ny kulcsfontoss\u00e1g\u00fa teljes\u00edtm\u00e9nymutat\u00f3k\u00e9nt (KPI) haszn\u00e1lhat\u00f3 a munkaer\u0151k\u00f6lts\u00e9gek nyomon k\u00f6vet\u00e9s\u00e9re \u00e9s ellen\u0151rz\u00e9s\u00e9re, amelyek a legt\u00f6bb v\u00e1llalkoz\u00e1s egyik legnagyobb k\u00f6lts\u00e9g\u00e9t jelentik. <\/p>\n<div class=\"newlinediv\"><\/div>\n<p> P\u00e9ld\u00e1ul, ha egy \u00e9tterem teljes b\u00e9rk\u00f6lts\u00e9ge egy h\u00f3napban 20 000 $, \u00e9s ugyanezen h\u00f3nap teljes bev\u00e9tele 100 000 $, akkor a b\u00e9rk\u00f6lts\u00e9g sz\u00e1zal\u00e9kos ar\u00e1nya 20% (20 000 $ \/ 100 000 $ x 100). Ez azt jelenti, hogy az \u00e9tterem bev\u00e9tel\u00e9nek 20%-\u00e1t k\u00f6lt\u00f6tte az alkalmazottak b\u00e9r\u00e9re \u00e9s juttat\u00e1saira. <\/p>\n<div class=\"newlinediv\"><\/div>\n<p> A munka\u00fcgyi sz\u00e1zal\u00e9kok kezel\u00e9se fontos a v\u00e1llalkoz\u00e1sok sz\u00e1m\u00e1ra, mert seg\u00edt nekik optimaliz\u00e1lni a munkaer\u0151k\u00f6lts\u00e9geket \u00e9s fenntartani a nyeres\u00e9gess\u00e9get. Ha a munkaer\u0151 sz\u00e1zal\u00e9kos ar\u00e1nya t\u00fal magas, az azt jelezheti, hogy a v\u00e1llalkoz\u00e1s t\u00falszem\u00e9lyzetezett, vagy hogy a munkaer\u0151k\u00f6lts\u00e9geket nem kezelik hat\u00e9konyan. M\u00e1sr\u00e9szt, ha a munkaer\u0151 sz\u00e1zal\u00e9kos ar\u00e1nya t\u00fal alacsony, az azt jelezheti, hogy a v\u00e1llalkoz\u00e1s nem rendelkezik elegend\u0151 munkaer\u0151vel, vagy hogy az alkalmazottak nem kapnak m\u00e9lt\u00e1nyos kompenz\u00e1ci\u00f3t. <\/p>\n<div class=\"newlinediv\"><\/div>\n<p> A munkaer\u0151-sz\u00e1zal\u00e9kok nyomon k\u00f6vet\u00e9s\u00e9vel \u00e9s ellen\u0151rz\u00e9s\u00e9vel a v\u00e1llalkoz\u00e1sok megalapozott d\u00f6nt\u00e9seket hozhatnak a szem\u00e9lyzeti szintekr\u0151l, a munkav\u00e1llal\u00f3i kompenz\u00e1ci\u00f3r\u00f3l \u00e9s a teljes munkaer\u0151k\u00f6lts\u00e9gekr\u0151l a hossz\u00fa t\u00e1v\u00fa siker \u00e9s j\u00f6vedelmez\u0151s\u00e9g biztos\u00edt\u00e1sa \u00e9rdek\u00e9ben. <\/p>\n<\/div>\n<div class=\"question\">\n<div class=\"qtitle\"> Mennyi sz\u00e1zal\u00e9kot kell a munkaer\u0151re ford\u00edtani?<\/div>\n<p> A munkaer\u0151re ford\u00edtand\u00f3 sz\u00e1zal\u00e9kos ar\u00e1ny ipar\u00e1gt\u00f3l, v\u00e1llalati m\u00e9rett\u0151l \u00e9s elhelyezked\u00e9st\u0151l f\u00fcgg\u0151en v\u00e1ltozhat. \u00c1ltal\u00e1ban a munkaer\u0151k\u00f6lts\u00e9geknek a v\u00e1llalat teljes bev\u00e9tel\u00e9nek 20-35%-a k\u00f6r\u00fcl kell lenni\u00fck. Ez azonban a v\u00e1llalkoz\u00e1s t\u00edpus\u00e1t\u00f3l f\u00fcgg\u0151en nagym\u00e9rt\u00e9kben v\u00e1ltozhat, mivel egyes ipar\u00e1gak nagyobb munkaer\u0151-ig\u00e9ny\u0171 munk\u00e1t ig\u00e9nyelnek, mint m\u00e1sok. P\u00e9ld\u00e1ul egy gy\u00e1rt\u00f3 v\u00e1llalatnak magasabbak lehetnek a munkaer\u0151k\u00f6lts\u00e9gei, mint egy szoftverc\u00e9gnek. Fontos figyelembe venni a minim\u00e1lb\u00e9rre \u00e9s a t\u00fal\u00f3r\u00e1ra vonatkoz\u00f3 t\u00f6rv\u00e9nyeket, valamint a juttat\u00e1sokat \u00e9s egy\u00e9b, a munkav\u00e1llal\u00f3kkal kapcsolatos kiad\u00e1sokat is, amikor meghat\u00e1rozzuk, hogy h\u00e1ny sz\u00e1zal\u00e9kot kell a munkaer\u0151re ford\u00edtani. V\u00e9gs\u0151 soron d\u00f6nt\u0151 fontoss\u00e1g\u00fa, hogy egy v\u00e1llalkoz\u00e1s gondosan elemezze kiad\u00e1sait \u00e9s bev\u00e9teleit, hogy meghat\u00e1rozhassa a munkaer\u0151k\u00f6lts\u00e9gekre ford\u00edtand\u00f3 megfelel\u0151 sz\u00e1zal\u00e9kos ar\u00e1nyt.<\/p>\n<\/div>\n<\/div>\n","protected":false},"excerpt":{"rendered":"<p>V\u00e1llalkoz\u00e1s tulajdonosak\u00e9nt vagy vezet\u0151jek\u00e9nt fontos, hogy tiszt\u00e1ban legyen a munkaer\u0151k\u00f6lts\u00e9gekkel, hogy megalapozott d\u00f6nt\u00e9seket hozhasson a munkaer\u0151vel kapcsolatban. Az egyik legfontosabb m\u00e9r\u0151sz\u00e1m, amely seg\u00edthet a munkaer\u0151k\u00f6lts\u00e9gek \u00e9rt\u00e9kel\u00e9s\u00e9ben, az alkalmazotti munkaer\u0151 sz\u00e1zal\u00e9kos ar\u00e1nya. Ez a sz\u00e1zal\u00e9kos ar\u00e1ny a teljes bev\u00e9telnek azt az \u00f6sszeg\u00e9t jelenti, amely az alkalmazottak b\u00e9r\u00e9re \u00e9s juttat\u00e1saira megy el. Ennek a sz\u00e1zal\u00e9kos ar\u00e1nynak a &#8230; <a title=\"A munkaer\u0151 hat\u00e9konys\u00e1g\u00e1nak maximaliz\u00e1l\u00e1sa: A Guide to Calculating Employee Labor Percentage\" class=\"read-more\" href=\"https:\/\/megnyitasa.com\/tudas\/a-munkaero-hatekonysaganak-maximalizalasa-a-guide-to-calculating-employee-labor-percentage\/\" aria-label=\"Read more about A munkaer\u0151 hat\u00e9konys\u00e1g\u00e1nak maximaliz\u00e1l\u00e1sa: A Guide to Calculating Employee Labor Percentage\">Read more<\/a><\/p>\n","protected":false},"author":1112,"featured_media":0,"comment_status":"closed","ping_status":"closed","sticky":false,"template":"","format":"standard","meta":{"footnotes":""},"categories":[37],"tags":[],"class_list":["post-1350","post","type-post","status-publish","format-standard","hentry","category-a-munkavallalok-iranyitasa"],"_links":{"self":[{"href":"https:\/\/megnyitasa.com\/tudas\/wp-json\/wp\/v2\/posts\/1350","targetHints":{"allow":["GET"]}}],"collection":[{"href":"https:\/\/megnyitasa.com\/tudas\/wp-json\/wp\/v2\/posts"}],"about":[{"href":"https:\/\/megnyitasa.com\/tudas\/wp-json\/wp\/v2\/types\/post"}],"author":[{"embeddable":true,"href":"https:\/\/megnyitasa.com\/tudas\/wp-json\/wp\/v2\/users\/1112"}],"replies":[{"embeddable":true,"href":"https:\/\/megnyitasa.com\/tudas\/wp-json\/wp\/v2\/comments?post=1350"}],"version-history":[{"count":0,"href":"https:\/\/megnyitasa.com\/tudas\/wp-json\/wp\/v2\/posts\/1350\/revisions"}],"wp:attachment":[{"href":"https:\/\/megnyitasa.com\/tudas\/wp-json\/wp\/v2\/media?parent=1350"}],"wp:term":[{"taxonomy":"category","embeddable":true,"href":"https:\/\/megnyitasa.com\/tudas\/wp-json\/wp\/v2\/categories?post=1350"},{"taxonomy":"post_tag","embeddable":true,"href":"https:\/\/megnyitasa.com\/tudas\/wp-json\/wp\/v2\/tags?post=1350"}],"curies":[{"name":"wp","href":"https:\/\/api.w.org\/{rel}","templated":true}]}}