{"id":14253,"date":"2023-04-24T00:00:00","date_gmt":"2023-04-24T00:00:00","guid":{"rendered":"https:\/\/megnyitasa.com\/tudas\/a-nonprofit-szervezethez-valo-csatlakozas-elonyei-3\/"},"modified":"2023-04-24T00:00:00","modified_gmt":"2023-04-24T00:00:00","slug":"a-nonprofit-szervezethez-valo-csatlakozas-elonyei-3","status":"publish","type":"post","link":"https:\/\/megnyitasa.com\/tudas\/a-nonprofit-szervezethez-valo-csatlakozas-elonyei-3\/","title":{"rendered":"A nonprofit szervezethez val\u00f3 csatlakoz\u00e1s el\u0151nyei"},"content":{"rendered":"<div class=\"articlecontent\">\n<div class=\"newlinediv\"><\/div>\n<p> A nonprofit szervezeteket az\u00e9rt hozt\u00e1k l\u00e9tre, hogy egy adott \u00fcgyet vagy c\u00e9lt szolg\u00e1ljanak, \u00e9s nem \u00e1ll sz\u00e1nd\u00e9kukban nyeres\u00e9get termelni. Az oktat\u00e1s, a j\u00f3t\u00e9konys\u00e1g, a vall\u00e1s vagy b\u00e1rmely m\u00e1s t\u00e1rsadalmi \u00fcgy el\u0151mozd\u00edt\u00e1s\u00e1ra j\u00f6nnek l\u00e9tre. A nonprofit szervezetek tagjai t\u00f6rv\u00e9nyes jogokkal \u00e9s k\u00f6telezetts\u00e9gekkel rendelkeznek, amelyek v\u00e9dik \u0151ket \u00e9s mag\u00e1t a szervezetet. <\/p>\n<div class=\"newlinediv\"><\/div>\n<p> A nonprofit szervezetek tagjainak jogai k\u00f6z\u00e9 tartozik a taggy\u0171l\u00e9seken val\u00f3 r\u00e9szv\u00e9tel, a szavaz\u00e1s \u00e9s a d\u00f6nt\u00e9shozatalban val\u00f3 r\u00e9szv\u00e9tel joga. A tagoknak joguk van hozz\u00e1f\u00e9rni a szervezet p\u00e9nz\u00fcgyeivel \u00e9s m\u0171k\u00f6d\u00e9s\u00e9vel kapcsolatos inform\u00e1ci\u00f3khoz, p\u00e9ld\u00e1ul az \u00e9ves jelent\u00e9sekhez \u00e9s p\u00e9nz\u00fcgyi kimutat\u00e1sokhoz. Joguk van tov\u00e1bb\u00e1 betekinteni \u00e9s m\u00e1solatot k\u00e9sz\u00edteni a szervezet nyilv\u00e1ntart\u00e1sair\u00f3l. <\/p>\n<div class=\"newlinediv\"><\/div>\n<p> A nonprofit szervezetek tagjainak jogukban \u00e1ll beperelni a szervezetet, ha \u00fagy v\u00e9lik, hogy jogaik s\u00e9r\u00fcltek. Beperelhetik a szervezet m\u00e1s tagjait vagy tiszts\u00e9gvisel\u0151it is, ha \u00fagy v\u00e9lik, hogy azok helytelen\u00fcl vagy jogellenesen j\u00e1rtak el. A tagok azonban nem perelhetik a szervezetet a szervezet int\u00e9zked\u00e9sei \u00e1ltal okozott k\u00e1rok\u00e9rt. <\/p>\n<div class=\"newlinediv\"><\/div>\n<p> A nonprofit szervezeteknek be kell tartaniuk a sz\u00f6vets\u00e9gi \u00e9s \u00e1llami t\u00f6rv\u00e9nyeket, bele\u00e9rtve az ad\u00f3t\u00f6rv\u00e9nyeket is. A tagoknak joguk van meggy\u0151z\u0151dni arr\u00f3l, hogy a szervezet betartja-e ezeket a t\u00f6rv\u00e9nyeket. K\u00e9rhetik a szervezet ad\u00f3bevall\u00e1sainak \u00e9s egy\u00e9b sz\u00fcks\u00e9ges dokumentumainak m\u00e1solat\u00e1t. A tagok a felt\u00e9telezett jogs\u00e9rt\u00e9seket is jelenthetik az illet\u00e9kes korm\u00e1nyzati szervnek. <\/p>\n<div class=\"newlinediv\"><\/div>\n<p> A t\u00f6rv\u00e9nyes jogokon t\u00falmen\u0151en a nonprofit szervezetek tagjai sz\u00e1mos el\u0151nnyel rendelkeznek. Lehet\u0151s\u00e9g\u00fck van arra, hogy kapcsolatot teremtsenek hasonl\u00f3an gondolkod\u00f3 egy\u00e9nekkel, \u00e9s egy k\u00f6z\u00f6s c\u00e9l \u00e9rdek\u00e9ben dolgozzanak. \u00d6nk\u00e9ntes munk\u00e1val \u00e9s bizotts\u00e1gi tags\u00e1ggal \u00e9rt\u00e9kes k\u00e9szs\u00e9gekre \u00e9s tapasztalatokra tehetnek szert. A tagok olyan rendezv\u00e9nyeken \u00e9s konferenci\u00e1kon is r\u00e9szt vehetnek, amelyek kapcsolat\u00e9p\u00edt\u00e9si \u00e9s oktat\u00e1si lehet\u0151s\u00e9geket biztos\u00edtanak. <\/p>\n<div class=\"newlinediv\"><\/div>\n<p> Egy nonprofit szervezethez val\u00f3 csatlakoz\u00e1s kifizet\u0151d\u0151 \u00e9lm\u00e9nyt jelenthet azon egy\u00e9nek sz\u00e1m\u00e1ra, akik szeretn\u00e9nek v\u00e1ltoz\u00e1st el\u00e9rni a k\u00f6z\u00f6ss\u00e9g\u00fckben, vagy t\u00e1mogatni egy olyan \u00fcgyet, amely ir\u00e1nt szenved\u00e9lyesen rajonganak. Jogi jogaik \u00e9s k\u00f6telezetts\u00e9geik meg\u00e9rt\u00e9s\u00e9vel a tagok biztos\u00edthatj\u00e1k, hogy a szervezet hat\u00e9konyan \u00e9s etikusan m\u0171k\u00f6dj\u00f6n.<\/p><\/div>\n<div class=\"questions\">\n<div class=\"questionstitle\">FAQ<\/div>\n<div class=\"question\">\n<div class=\"qtitle\"> A nonprofit igazgat\u00f3s\u00e1gi tagok szem\u00e9lyesen felel\u0151sek?<\/div>\n<p> A nonprofit igazgat\u00f3s\u00e1gi tagok bizonyos k\u00f6r\u00fclm\u00e9nyek k\u00f6z\u00f6tt szem\u00e9lyes felel\u0151ss\u00e9ggel tartozhatnak. A nonprofit szervezeteket \u00e1ltal\u00e1ban \u00f6n\u00e1ll\u00f3 jogi szem\u00e9lyk\u00e9nt jegyzik be, ami azt jelenti, hogy perelhetnek \u00e9s perelhet\u0151k, szerz\u0151d\u00e9seket k\u00f6thetnek \u00e9s tulajdont birtokolhatnak. Ennek eredm\u00e9nyek\u00e9ppen a nonprofit szervezet felel\u0151s a saj\u00e1t ad\u00f3ss\u00e1gai\u00e9rt \u00e9s k\u00f6telezetts\u00e9gei\u00e9rt. <\/p>\n<div class=\"newlinediv\"><\/div>\n<p> Vannak azonban olyan helyzetek, amikor a nonprofit igazgat\u00f3tan\u00e1cs tagjai szem\u00e9lyesen is felel\u0151ss\u00e9gre vonhat\u00f3k. P\u00e9ld\u00e1ul, ha egy igazgat\u00f3s\u00e1gi tag jogellenes magatart\u00e1st tan\u00fas\u00edt, vagy megszegi a szervezet fel\u00e9 fenn\u00e1ll\u00f3 vagyonkezel\u00e9si k\u00f6telezetts\u00e9geit, szem\u00e9lyesen felel\u0151ss\u00e9 tehet\u0151 az ebb\u0151l ered\u0151 k\u00e1rok\u00e9rt. Tov\u00e1bb\u00e1, ha egy igazgat\u00f3s\u00e1gi tag szem\u00e9lyes min\u0151s\u00e9g\u00e9ben szerz\u0151d\u00e9st vagy meg\u00e1llapod\u00e1st \u00edr al\u00e1, szem\u00e9lyesen felelhet az ebb\u0151l a szerz\u0151d\u00e9sb\u0151l ered\u0151 k\u00f6telezetts\u00e9gek\u00e9rt vagy felel\u0151ss\u00e9gek\u00e9rt. <\/p>\n<div class=\"newlinediv\"><\/div>\n<p> A szem\u00e9lyes felel\u0151ss\u00e9g kock\u00e1zat\u00e1nak minimaliz\u00e1l\u00e1sa \u00e9rdek\u00e9ben a nonprofit igazgat\u00f3s\u00e1gi tagoknak tiszt\u00e1ban kell lenni\u00fck a t\u00f6rv\u00e9ny szerinti k\u00f6telezetts\u00e9geikkel \u00e9s felel\u0151ss\u00e9geikkel, bele\u00e9rtve a gondoss\u00e1gi, lojalit\u00e1si \u00e9s engedelmess\u00e9gi k\u00f6telezetts\u00e9g\u00fcket. Meg kell gy\u0151z\u0151dni\u00fck arr\u00f3l is, hogy a szervezet rendelkezik-e megfelel\u0151 biztos\u00edt\u00e1si fedezettel, \u00e9s hogy nem folytatnak-e olyan illeg\u00e1lis vagy etik\u00e1tlan tev\u00e9kenys\u00e9get, amely szem\u00e9lyes felel\u0151ss\u00e9gre von\u00e1snak teheti ki \u0151ket. <\/p>\n<\/div>\n<div class=\"question\">\n<div class=\"qtitle\"> Milyen jogok illetik meg az igazgat\u00f3s\u00e1gi tagokat?<\/div>\n<p> Az igazgat\u00f3s\u00e1gi tagok jogai az adott szervezett\u0151l \u00e9s annak alapszab\u00e1ly\u00e1t\u00f3l f\u00fcgg\u0151en v\u00e1ltoznak. Van azonban n\u00e9h\u00e1ny \u00e1ltal\u00e1nos jog, amely jellemz\u0151en megilleti az igazgat\u00f3tan\u00e1csi tagokat. Ezek a k\u00f6vetkez\u0151k: <\/p>\n<div class=\"newlinediv\"><\/div>\n<p> 1. Az eln\u00f6ks\u00e9gi \u00fcl\u00e9seken val\u00f3 r\u00e9szv\u00e9tel joga: Az igazgat\u00f3tan\u00e1csi tagoknak joguk van r\u00e9szt venni az \u00f6sszes igazgat\u00f3tan\u00e1csi \u00fcl\u00e9sen, \u00e9s r\u00e9szt venni a vit\u00e1kban \u00e9s a d\u00f6nt\u00e9shozatalban. <\/p>\n<div class=\"newlinediv\"><\/div>\n<p> 2. Szavazati jog: Az igazgat\u00f3tan\u00e1csi tagoknak joguk van szavazni a fontos d\u00f6nt\u00e9sekr\u0151l, mint p\u00e9ld\u00e1ul a k\u00f6lts\u00e9gvet\u00e9s j\u00f3v\u00e1hagy\u00e1sa, a vez\u00e9rigazgat\u00f3 felv\u00e9tele vagy elbocs\u00e1t\u00e1sa, valamint a f\u0151bb politikai v\u00e1ltoz\u00e1sok. <\/p>\n<div class=\"newlinediv\"><\/div>\n<p> 3. Az inform\u00e1ci\u00f3hoz val\u00f3 hozz\u00e1f\u00e9r\u00e9s joga: Az igazgat\u00f3tan\u00e1csi tagoknak joguk van hozz\u00e1f\u00e9rni a szervezetre vonatkoz\u00f3 minden l\u00e9nyeges inform\u00e1ci\u00f3hoz, bele\u00e9rtve a p\u00e9nz\u00fcgyi kimutat\u00e1sokat, az \u00fcl\u00e9sek jegyz\u0151k\u00f6nyveit \u00e9s m\u00e1s fontos dokumentumokat. <\/p>\n<div class=\"newlinediv\"><\/div>\n<p> 4. K\u00e9rd\u00e9sfeltev\u00e9si jog: Az igazgat\u00f3tan\u00e1cs tagjainak joguk van k\u00e9rd\u00e9seket feltenni a vez\u00e9rigazgat\u00f3nak vagy m\u00e1s vezet\u0151knek, \u00e9s sz\u00fcks\u00e9g eset\u00e9n tov\u00e1bbi inform\u00e1ci\u00f3kat vagy felvil\u00e1gos\u00edt\u00e1st k\u00e9rni. <\/p>\n<div class=\"newlinediv\"><\/div>\n<p> 5. A felel\u0151ss\u00e9gek \u00e1truh\u00e1z\u00e1s\u00e1nak joga: Az igazgat\u00f3tan\u00e1cs tagjainak jogukban \u00e1ll bizonyos feladatokat bizotts\u00e1gokra vagy az igazgat\u00f3tan\u00e1cs m\u00e1s tagjaira \u00e1truh\u00e1zni. <\/p>\n<div class=\"newlinediv\"><\/div>\n<p> Fontos megjegyezni, hogy b\u00e1r az igazgat\u00f3tan\u00e1cs tagjai rendelkeznek ezekkel a jogokkal, fontos k\u00f6telezetts\u00e9geik is vannak, bele\u00e9rtve a szervezet \u00e9s az \u00e9rdekelt felek ir\u00e1nti bizalmi k\u00f6telezetts\u00e9geket. Az igazgat\u00f3tan\u00e1cs tagjainak a szervezet \u00e9rdek\u00e9ben kell cselekedni\u00fck, \u00e9s d\u00f6nt\u00e9seiket a szervezet k\u00fcldet\u00e9s\u00e9nek \u00e9s \u00e9rt\u00e9keinek kell vez\u00e9relni\u00fck. <\/p>\n<\/div>\n<div class=\"question\">\n<div class=\"qtitle\"> Melyek a nonprofit igazgat\u00f3s\u00e1gi tagok jogi k\u00f6telezetts\u00e9gei?<\/div>\n<p> A nonprofit igazgat\u00f3tan\u00e1csi tagoknak bizalmi k\u00f6teless\u00e9g\u00fck, hogy az \u00e1ltaluk szolg\u00e1lt szervezet \u00e9rdek\u00e9ben j\u00e1rjanak el. Ez azt jelenti, hogy jogilag felel\u0151sek az\u00e9rt, hogy a nonprofit szervezet a k\u00fcldet\u00e9s\u00e9nek megfelel\u0151en m\u0171k\u00f6dj\u00f6n, \u00e9s hogy er\u0151forr\u00e1sait megfelel\u0151en haszn\u00e1lj\u00e1k fel. A nonprofit igazgat\u00f3s\u00e1gi tagok n\u00e9h\u00e1ny konkr\u00e9t jogi felel\u0151ss\u00e9ge a k\u00f6vetkez\u0151: <\/p>\n<div class=\"newlinediv\"><\/div>\n<p> 1. Gondoss\u00e1gi k\u00f6telezetts\u00e9g: Az igazgat\u00f3tan\u00e1csi tagok felel\u0151sek az\u00e9rt, hogy megalapozott d\u00f6nt\u00e9seket hozzanak, amelyek a szervezet \u00e9rdekeit szolg\u00e1lj\u00e1k. Ez\u00e9rt a d\u00f6nt\u00e9shozatal sor\u00e1n \u00e9sszer\u0171 gondoss\u00e1ggal kell elj\u00e1rniuk, \u00e9s biztos\u00edtaniuk kell, hogy megfelel\u0151en t\u00e1j\u00e9kozottak legyenek a nonprofit szervezet tev\u00e9kenys\u00e9geir\u0151l, p\u00e9nz\u00fcgyeir\u0151l \u00e9s kock\u00e1zatair\u00f3l. <\/p>\n<div class=\"newlinediv\"><\/div>\n<p> 2. H\u0171s\u00e9gk\u00f6telezetts\u00e9g: Az igazgat\u00f3tan\u00e1csi tagoknak a nonprofit szervezet \u00e9rdekeit saj\u00e1t szem\u00e9lyes \u00e9rdekeik el\u00e9 kell helyezni\u00fck. El kell ker\u00fclni\u00fck az \u00f6sszef\u00e9rhetetlens\u00e9get, \u00e9s minden lehets\u00e9ges \u00f6sszef\u00e9rhetetlens\u00e9get k\u00f6z\u00f6lni\u00fck kell az igazgat\u00f3tan\u00e1cs t\u00f6bbi tagj\u00e1val. <\/p>\n<div class=\"newlinediv\"><\/div>\n<p> 3. Engedelmess\u00e9gi k\u00f6telezetts\u00e9g: Az igazgat\u00f3tan\u00e1cs tagjai felel\u0151sek az\u00e9rt, hogy a nonprofit szervezet a t\u00f6rv\u00e9ny \u00e9s az ir\u00e1nyad\u00f3 dokumentumok, p\u00e9ld\u00e1ul az alap\u00edt\u00f3 okirat \u00e9s az alapszab\u00e1lyzat keretein bel\u00fcl m\u0171k\u00f6dj\u00f6n. <\/p>\n<div class=\"newlinediv\"><\/div>\n<p> 4. Jogi megfelel\u00e9s: Az igazgat\u00f3tan\u00e1csi tagok jogilag felel\u0151sek az\u00e9rt, hogy a nonprofit szervezet megfeleljen az \u00f6sszes vonatkoz\u00f3 t\u00f6rv\u00e9nynek \u00e9s szab\u00e1lyoz\u00e1snak, bele\u00e9rtve az ad\u00f3t\u00f6rv\u00e9nyeket, a munka\u00fcgyi t\u00f6rv\u00e9nyeket \u00e9s a nonprofit ir\u00e1ny\u00edt\u00e1si t\u00f6rv\u00e9nyeket. <\/p>\n<div class=\"newlinediv\"><\/div>\n<p> 5. P\u00e9nz\u00fcgyi fel\u00fcgyelet: Az igazgat\u00f3tan\u00e1cs tagjai felel\u0151sek a nonprofit szervezet p\u00e9nz\u00fcgyeinek fel\u00fcgyelet\u00e9\u00e9rt, bele\u00e9rtve a k\u00f6lts\u00e9gvet\u00e9s j\u00f3v\u00e1hagy\u00e1s\u00e1t, a p\u00e9nz\u00fcgyi teljes\u00edtm\u00e9ny nyomon k\u00f6vet\u00e9s\u00e9t, valamint annak biztos\u00edt\u00e1s\u00e1t, hogy a nonprofit szervezet p\u00e9nz\u00fcgyi gyakorlata \u00e1tl\u00e1that\u00f3 \u00e9s elsz\u00e1moltathat\u00f3 legyen. <\/p>\n<div class=\"newlinediv\"><\/div>\n<p> 6. Kock\u00e1zatkezel\u00e9s: Az igazgat\u00f3tan\u00e1cs tagjai felel\u0151sek azon kock\u00e1zatok azonos\u00edt\u00e1s\u00e1\u00e9rt \u00e9s kezel\u00e9s\u00e9\u00e9rt, amelyek vesz\u00e9lyeztethetik a nonprofit szervezet k\u00fcldet\u00e9s\u00e9t vagy p\u00e9nz\u00fcgyi stabilit\u00e1s\u00e1t. Biztos\u00edtaniuk kell, hogy a nonprofit szervezet megfelel\u0151 biztos\u00edt\u00e1si fedezettel rendelkezzen, valamint hogy a p\u00e9nz\u00fcgyekkel, a m\u0171k\u00f6d\u00e9ssel \u00e9s a szervezet egy\u00e9b ter\u00fcleteivel kapcsolatos kock\u00e1zatok kezel\u00e9s\u00e9re vonatkoz\u00f3 ir\u00e1nyelvekkel \u00e9s elj\u00e1r\u00e1sokkal rendelkezzen. <\/p>\n<div class=\"newlinediv\"><\/div>\n<p> \u00d6sszefoglalva, a nonprofit igazgat\u00f3tan\u00e1cs tagjainak sz\u00e1mos jogi felel\u0151ss\u00e9ge van, amelyek c\u00e9lja annak biztos\u00edt\u00e1sa, hogy a nonprofit szervezet a k\u00fcldet\u00e9s\u00e9nek megfelel\u0151en \u00e9s a t\u00f6rv\u00e9nyeknek megfelel\u0151en m\u0171k\u00f6dj\u00f6n. Az igazgat\u00f3tan\u00e1csi tagoknak \u00e9sszer\u0171 gondoss\u00e1ggal kell elj\u00e1rniuk, a nonprofit szervezet \u00e9rdekeit saj\u00e1t szem\u00e9lyes \u00e9rdekeikkel szemben el\u0151nyben kell r\u00e9szes\u00edteni\u00fck, \u00e9s fel\u00fcgyelni\u00fck kell a nonprofit szervezet p\u00e9nz\u00fcgyeit, jogi megfelel\u00e9s\u00e9t \u00e9s kock\u00e1zatkezel\u00e9si er\u0151fesz\u00edt\u00e9seit.<\/p>\n<\/div>\n<\/div>\n","protected":false},"excerpt":{"rendered":"<p>A nonprofit szervezeteket az\u00e9rt hozt\u00e1k l\u00e9tre, hogy egy adott \u00fcgyet vagy c\u00e9lt szolg\u00e1ljanak, \u00e9s nem \u00e1ll sz\u00e1nd\u00e9kukban nyeres\u00e9get termelni. Az oktat\u00e1s, a j\u00f3t\u00e9konys\u00e1g, a vall\u00e1s vagy b\u00e1rmely m\u00e1s t\u00e1rsadalmi \u00fcgy el\u0151mozd\u00edt\u00e1s\u00e1ra j\u00f6nnek l\u00e9tre. A nonprofit szervezetek tagjai t\u00f6rv\u00e9nyes jogokkal \u00e9s k\u00f6telezetts\u00e9gekkel rendelkeznek, amelyek v\u00e9dik \u0151ket \u00e9s mag\u00e1t a szervezetet. A nonprofit szervezetek tagjainak jogai k\u00f6z\u00e9 &#8230; <a title=\"A nonprofit szervezethez val\u00f3 csatlakoz\u00e1s el\u0151nyei\" class=\"read-more\" href=\"https:\/\/megnyitasa.com\/tudas\/a-nonprofit-szervezethez-valo-csatlakozas-elonyei-3\/\" aria-label=\"Read more about A nonprofit szervezethez val\u00f3 csatlakoz\u00e1s el\u0151nyei\">Read more<\/a><\/p>\n","protected":false},"author":707,"featured_media":0,"comment_status":"closed","ping_status":"closed","sticky":false,"template":"","format":"standard","meta":{"footnotes":""},"categories":[9],"tags":[],"class_list":["post-14253","post","type-post","status-publish","format-standard","hentry","category-uzleti-modellek-es-szervezeti-struktura"],"_links":{"self":[{"href":"https:\/\/megnyitasa.com\/tudas\/wp-json\/wp\/v2\/posts\/14253","targetHints":{"allow":["GET"]}}],"collection":[{"href":"https:\/\/megnyitasa.com\/tudas\/wp-json\/wp\/v2\/posts"}],"about":[{"href":"https:\/\/megnyitasa.com\/tudas\/wp-json\/wp\/v2\/types\/post"}],"author":[{"embeddable":true,"href":"https:\/\/megnyitasa.com\/tudas\/wp-json\/wp\/v2\/users\/707"}],"replies":[{"embeddable":true,"href":"https:\/\/megnyitasa.com\/tudas\/wp-json\/wp\/v2\/comments?post=14253"}],"version-history":[{"count":0,"href":"https:\/\/megnyitasa.com\/tudas\/wp-json\/wp\/v2\/posts\/14253\/revisions"}],"wp:attachment":[{"href":"https:\/\/megnyitasa.com\/tudas\/wp-json\/wp\/v2\/media?parent=14253"}],"wp:term":[{"taxonomy":"category","embeddable":true,"href":"https:\/\/megnyitasa.com\/tudas\/wp-json\/wp\/v2\/categories?post=14253"},{"taxonomy":"post_tag","embeddable":true,"href":"https:\/\/megnyitasa.com\/tudas\/wp-json\/wp\/v2\/tags?post=14253"}],"curies":[{"name":"wp","href":"https:\/\/api.w.org\/{rel}","templated":true}]}}