{"id":14322,"date":"2023-04-24T00:00:00","date_gmt":"2023-04-24T00:00:00","guid":{"rendered":"https:\/\/megnyitasa.com\/tudas\/a-webkamera-fontossaga-az-inspironon\/"},"modified":"2023-04-24T00:00:00","modified_gmt":"2023-04-24T00:00:00","slug":"a-webkamera-fontossaga-az-inspironon","status":"publish","type":"post","link":"https:\/\/megnyitasa.com\/tudas\/a-webkamera-fontossaga-az-inspironon\/","title":{"rendered":"A webkamera fontoss\u00e1ga az Inspironon"},"content":{"rendered":"<div class=\"articlecontent\">\n<div class=\"newlinediv\"><\/div>\n<p> A webkamer\u00e1k a legt\u00f6bb laptop, k\u00fcl\u00f6n\u00f6sen a Dell Inspiron n\u00e9lk\u00fcl\u00f6zhetetlen funkci\u00f3j\u00e1v\u00e1 v\u00e1ltak. Lehet\u0151v\u00e9 teszi a felhaszn\u00e1l\u00f3k sz\u00e1m\u00e1ra, hogy f\u00e9nyk\u00e9peket k\u00e9sz\u00edtsenek, vide\u00f3kat r\u00f6gz\u00edtsenek, \u00e9s videokonferenci\u00e1t tartsanak bar\u00e1taikkal \u00e9s csal\u00e1dtagjaikkal. N\u00e9h\u00e1ny felhaszn\u00e1l\u00f3 azonban probl\u00e9m\u00e1kkal szembes\u00fclhet a webkamera megnyit\u00e1s\u00e1val, vagy nem tudja, hogyan kell haszn\u00e1lni. Ebben a cikkben eligaz\u00edtjuk, hogyan nyithatja meg a webkamer\u00e1t az Inspironon. <\/p>\n<div class=\"newlinediv\"><\/div>\n<p> Els\u0151 l\u00e9p\u00e9s: Ellen\u0151rizze az illeszt\u0151programokat <\/p>\n<div class=\"newlinediv\"><\/div>\n<p> A webkamera megnyit\u00e1sa el\u0151tt gy\u0151z\u0151dj\u00f6n meg arr\u00f3l, hogy az illeszt\u0151programok naprak\u00e9szek. Ezt \u00fagy teheti meg, hogy bel\u00e9p az eszk\u00f6zkezel\u0151be, \u00e9s ellen\u0151rzi a friss\u00edt\u00e9seket. Ha van friss\u00edt\u00e9s, kattintson a friss\u00edt\u00e9s gombra, \u00e9s v\u00e1rja meg, am\u00edg az illeszt\u0151programok telep\u00fclnek. <\/p>\n<div class=\"newlinediv\"><\/div>\n<p> M\u00e1sodik l\u00e9p\u00e9s: A webkamera alkalmaz\u00e1s megnyit\u00e1sa <\/p>\n<div class=\"newlinediv\"><\/div>\n<p> A k\u00f6vetkez\u0151 l\u00e9p\u00e9s a webkamera alkalmaz\u00e1s megnyit\u00e1sa. Az Inspiron el\u0151re telep\u00edtett webkameraszoftverrel \u00e9rkezik, amelyet a Start men\u00fcbe kattintva \u00e9s a keres\u0151s\u00e1vba a &#8222;webcam&#8221; be\u00edr\u00e1s\u00e1val \u00e9rhet el. V\u00e1lassza ki az alkalmaz\u00e1st, \u00e9s kattintson a kamera ikonj\u00e1ra a megnyit\u00e1s\u00e1hoz. <\/p>\n<div class=\"newlinediv\"><\/div>\n<p> Harmadik l\u00e9p\u00e9s: Be\u00e1ll\u00edt\u00e1sok m\u00f3dos\u00edt\u00e1sa <\/p>\n<div class=\"newlinediv\"><\/div>\n<p> Miut\u00e1n az alkalmaz\u00e1s megny\u00edlt, tetsz\u00e9s szerint m\u00f3dos\u00edthatja az olyan be\u00e1ll\u00edt\u00e1sokat, mint a f\u00e9nyer\u0151, a kontraszt \u00e9s a felbont\u00e1s. Azt is kiv\u00e1laszthatja, hogy k\u00e9pet vagy vide\u00f3t szeretne-e k\u00e9sz\u00edteni. <\/p>\n<div class=\"newlinediv\"><\/div>\n<p> Negyedik l\u00e9p\u00e9s: A webkamera haszn\u00e1lata <\/p>\n<div class=\"newlinediv\"><\/div>\n<p> Miut\u00e1n elv\u00e9gezte a be\u00e1ll\u00edt\u00e1sokat, m\u00e1r haszn\u00e1lhatja is a webkamer\u00e1t. Gy\u0151z\u0151dj\u00f6n meg r\u00f3la, hogy a kamera megfelel\u0151en van elhelyezve, \u00e9s j\u00f3l megvil\u00e1g\u00edtott helyis\u00e9gben van. A megfelel\u0151 gombokra kattintva k\u00e9sz\u00edthet k\u00e9peket vagy r\u00f6gz\u00edthet vide\u00f3kat. <\/p>\n<div class=\"newlinediv\"><\/div>\n<p> \u00d6sszefoglal\u00e1s <\/p>\n<div class=\"newlinediv\"><\/div>\n<p> \u00d6sszefoglalva, a webkamera megnyit\u00e1sa az Inspironon egyszer\u0171, \u00e9s n\u00e9h\u00e1ny egyszer\u0171 l\u00e9p\u00e9sben elv\u00e9gezhet\u0151. Gy\u0151z\u0151dj\u00f6n meg arr\u00f3l, hogy az illeszt\u0151programok naprak\u00e9szek, nyissa meg a webkamera alkalmaz\u00e1st, v\u00e9gezze el a be\u00e1ll\u00edt\u00e1sokat, \u00e9s haszn\u00e1lja a webkamer\u00e1t. Ezekkel a l\u00e9p\u00e9sekkel k\u00f6nnyed\u00e9n \u00e9lvezheti a videokonferenci\u00e1t, k\u00e9sz\u00edthet k\u00e9peket \u00e9s r\u00f6gz\u00edthet vide\u00f3kat.<\/p><\/div>\n<div class=\"questions\">\n<div class=\"questionstitle\">FAQ<\/div>\n<div class=\"question\">\n<div class=\"qtitle\"> Hol tal\u00e1lhat\u00f3 a webkamera a Dell Inspironon?<\/div>\n<p> A Dell Inspiron laptopon a webkamera helye a modellt\u0151l \u00e9s a gy\u00e1rt\u00e1si \u00e9vt\u0151l f\u00fcgg\u0151en v\u00e1ltozhat. A webkamera azonban \u00e1ltal\u00e1ban a laptop k\u00e9perny\u0151j\u00e9nek fels\u0151 k\u00f6z\u00e9ps\u0151 r\u00e9sz\u00e9n, a kijelz\u0151 felett tal\u00e1lhat\u00f3. \u00dagy n\u00e9z ki, mint egy kis k\u00f6r alak\u00fa lencse, \u00e9s \u00e1ltal\u00e1ban egy kis mikrofon is tartozik hozz\u00e1. Egyes modellekn\u00e9l a webkamera a k\u00e9perny\u0151 als\u00f3 keret\u00e9n vagy a billenty\u0171zetfed\u00e9len is elhelyezkedhet. Ha a Dell Inspiron laptopj\u00e1n nehezen tal\u00e1lja meg a webkamer\u00e1t, tov\u00e1bbi seg\u00edts\u00e9g\u00e9rt forduljon a felhaszn\u00e1l\u00f3i k\u00e9zik\u00f6nyvh\u00f6z, vagy keresse fel a Dell t\u00e1mogat\u00e1si webhely\u00e9t. <\/p>\n<\/div>\n<div class=\"question\">\n<div class=\"qtitle\"> Hogyan kapcsolhatom be a webkamer\u00e1t a Dell monitoron?<\/div>\n<p> A Dell monitoron l\u00e9v\u0151 webkamera bekapcsol\u00e1s\u00e1hoz k\u00f6vesse az al\u00e1bbi l\u00e9p\u00e9seket: <\/p>\n<div class=\"newlinediv\"><\/div>\n<p> 1. Gy\u0151z\u0151dj\u00f6n meg r\u00f3la, hogy a Dell-monitor rendelkezik be\u00e9p\u00edtett webkamer\u00e1val. Nem minden Dell-monitor rendelkezik be\u00e9p\u00edtett webkamer\u00e1val, ez\u00e9rt ellen\u0151rizze a monitor specifik\u00e1ci\u00f3j\u00e1ban, hogy van-e ilyen. <\/p>\n<div class=\"newlinediv\"><\/div>\n<p> 2. Csatlakoztassa a webkamera USB-k\u00e1bel\u00e9t a sz\u00e1m\u00edt\u00f3g\u00e9phez. A webkamer\u00e1hoz egy USB-k\u00e1belnek kellett tartoznia, amellyel csatlakoztathatja a sz\u00e1m\u00edt\u00f3g\u00e9phez. <\/p>\n<div class=\"newlinediv\"><\/div>\n<p> 3. Telep\u00edtse a sz\u00fcks\u00e9ges illeszt\u0151programokat. A sz\u00e1m\u00edt\u00f3g\u00e9pnek sz\u00fcks\u00e9ge lehet illeszt\u0151programokra a webkamera felismer\u00e9s\u00e9hez \u00e9s haszn\u00e1lat\u00e1hoz. Az illeszt\u0151programok telep\u00edt\u00e9s\u00e9re vonatkoz\u00f3 utas\u00edt\u00e1sokat a webkamer\u00e1hoz mell\u00e9kelt dokument\u00e1ci\u00f3ban tal\u00e1lja. <\/p>\n<div class=\"newlinediv\"><\/div>\n<p> 4. Ind\u00edtsa el a webkamera szoftver\u00e9t. Sok Dell-monitorhoz tartozik olyan szoftver, amely lehet\u0151v\u00e9 teszi a webkamera haszn\u00e1lat\u00e1t \u00e9s vez\u00e9rl\u00e9s\u00e9t. Keressen egy &#8222;Dell Webcam Central&#8221; vagy valami hasonl\u00f3 nev\u0171 ikont vagy programot a sz\u00e1m\u00edt\u00f3g\u00e9p\u00e9n, \u00e9s kattintson r\u00e1 a szoftver elind\u00edt\u00e1s\u00e1hoz. <\/p>\n<div class=\"newlinediv\"><\/div>\n<p> 5. \u00c1ll\u00edtsa be a webkamera be\u00e1ll\u00edt\u00e1sait. Miut\u00e1n a webkamera-szoftver megny\u00edlt, tetsz\u00e9s szerint m\u00f3dos\u00edthatja a be\u00e1ll\u00edt\u00e1sokat. Megv\u00e1ltoztathatja a felbont\u00e1st, be- \u00e9s kikapcsolhatja a mikrofont, \u00e9s egy\u00e9b be\u00e1ll\u00edt\u00e1sokat is m\u00f3dos\u00edthat a webkamera \u00e9lm\u00e9ny\u00e9nek optimaliz\u00e1l\u00e1sa \u00e9rdek\u00e9ben. <\/p>\n<div class=\"newlinediv\"><\/div>\n<p> 6. Tesztelje a webkamer\u00e1t. A webkamera megfelel\u0151 m\u0171k\u00f6d\u00e9s\u00e9nek biztos\u00edt\u00e1s\u00e1hoz a szoftver seg\u00edts\u00e9g\u00e9vel k\u00e9sz\u00edtsen tesztk\u00e9pet vagy r\u00f6gz\u00edtsen vide\u00f3t. Ha b\u00e1rmilyen probl\u00e9ma mer\u00fcl fel, olvassa el a webkamera dokument\u00e1ci\u00f3j\u00e1t, vagy forduljon a Dell \u00fcgyf\u00e9lszolg\u00e1lat\u00e1hoz seg\u00edts\u00e9g\u00e9rt. <\/p>\n<\/div>\n<div class=\"question\">\n<div class=\"qtitle\"> Hogyan kell bekapcsolni a webkamer\u00e1t?<\/div>\n<p> A webkamera bekapcsol\u00e1s\u00e1hoz k\u00f6vesse az al\u00e1bbi l\u00e9p\u00e9seket: <\/p>\n<div class=\"newlinediv\"><\/div>\n<p> 1. Ellen\u0151rizze, hogy a webkamera csatlakoztatva van-e a sz\u00e1m\u00edt\u00f3g\u00e9phez vagy a laptophoz. Ha nincs, csatlakoztassa egy szabad USB-porthoz. <\/p>\n<div class=\"newlinediv\"><\/div>\n<p> 2. Ellen\u0151rizze, hogy a webkamera rendelkezik-e telep\u00edtend\u0151 illeszt\u0151programmal vagy szoftverrel. Ha igen, telep\u00edtse a sz\u00fcks\u00e9ges illeszt\u0151programokat \u00e9s szoftvereket. <\/p>\n<div class=\"newlinediv\"><\/div>\n<p> 3. Miut\u00e1n a webkamera csatlakoztatva van, \u00e9s a sz\u00fcks\u00e9ges illeszt\u0151programok \u00e9s szoftverek telep\u00edtve vannak, nyissa meg azt az alkalmaz\u00e1st vagy programot, amellyel a webkamer\u00e1t haszn\u00e1lni szeretn\u00e9. <\/p>\n<div class=\"newlinediv\"><\/div>\n<p> 4. Keresse meg a kamera vagy vide\u00f3 ikonj\u00e1t a haszn\u00e1lt alkalmaz\u00e1sban vagy programban. Gyakran ez az ikon a k\u00e9perny\u0151 tetej\u00e9n vagy alj\u00e1n tal\u00e1lhat\u00f3. <\/p>\n<div class=\"newlinediv\"><\/div>\n<p> 5. Kattintson a kamera vagy vide\u00f3 ikonra a webkamera bekapcsol\u00e1s\u00e1hoz. <\/p>\n<div class=\"newlinediv\"><\/div>\n<p> 6. Ha k\u00e9ri, enged\u00e9lyezze az alkalmaz\u00e1snak vagy programnak, hogy hozz\u00e1f\u00e9rjen a webkamer\u00e1hoz. <\/p>\n<div class=\"newlinediv\"><\/div>\n<p> 7. A webkamer\u00e1nak most m\u00e1r be kell lennie kapcsolva, \u00e9s a k\u00e9perny\u0151n l\u00e1tnia kell mag\u00e1t vagy azt, ami a webkamera el\u0151tt van. <\/p>\n<div class=\"newlinediv\"><\/div>\n<p> Ha probl\u00e9m\u00e1i vannak a webkamera bekapcsol\u00e1s\u00e1val, ellen\u0151rizze, hogy a webkamera kompatibilis-e a sz\u00e1m\u00edt\u00f3g\u00e9p\u00e9vel, gy\u0151z\u0151dj\u00f6n meg arr\u00f3l, hogy minden sz\u00fcks\u00e9ges illeszt\u0151program \u00e9s szoftver telep\u00edtve van-e, \u00e9s pr\u00f3b\u00e1lja meg \u00fajraind\u00edtani a sz\u00e1m\u00edt\u00f3g\u00e9pet. <\/p>\n<\/div>\n<div class=\"question\">\n<div class=\"qtitle\"> Milyen funkci\u00f3billenty\u0171 kapcsolja be a webkamer\u00e1t?<\/div>\n<p> A webkamer\u00e1t bekapcsol\u00f3 funkci\u00f3billenty\u0171 a k\u00e9sz\u00fcl\u00e9k t\u00edpus\u00e1t\u00f3l \u00e9s modellj\u00e9t\u0151l f\u00fcgg\u0151en v\u00e1ltozhat. N\u00e9h\u00e1ny laptopon k\u00fcl\u00f6n billenty\u0171 van a webkamera bekapcsol\u00e1s\u00e1ra, amelyet egy kamera vagy egy videokamera ikonja jelezhet. Egyes k\u00e9sz\u00fcl\u00e9keken a webkamera funkci\u00f3billenty\u0171je a billenty\u0171zet fels\u0151 sor\u00e1ban tal\u00e1lhat\u00f3, \u00e1ltal\u00e1ban &#8222;F6&#8221; vagy &#8222;F7&#8221; felirattal. Egyes esetekben el\u0151fordulhat, hogy a funkci\u00f3billenty\u0171 nem kifejezetten a webkamer\u00e1ra van jel\u00f6lve, hanem ink\u00e1bb a be\u00e9p\u00edtett kamera vagy a multim\u00e9di\u00e1s funkci\u00f3k be- \u00e9s kikapcsol\u00e1s\u00e1ra szolg\u00e1l\u00f3 \u00e1ltal\u00e1nos billenty\u0171. Ha nem biztos benne, hogy melyik funkci\u00f3billenty\u0171 kapcsolja be a webkamer\u00e1t, akkor a felhaszn\u00e1l\u00f3i k\u00e9zik\u00f6nyvben vagy a gy\u00e1rt\u00f3 weboldal\u00e1n tal\u00e1lja meg a k\u00e9sz\u00fcl\u00e9kre vonatkoz\u00f3 utas\u00edt\u00e1sokat. Ezenk\u00edv\u00fcl egyes oper\u00e1ci\u00f3s rendszerek rendelkeznek olyan be\u00e1ll\u00edt\u00e1si men\u00fcvel, ahol enged\u00e9lyezheti vagy letilthatja a webkamer\u00e1t.<\/p>\n<\/div>\n<\/div>\n","protected":false},"excerpt":{"rendered":"<p>A webkamer\u00e1k a legt\u00f6bb laptop, k\u00fcl\u00f6n\u00f6sen a Dell Inspiron n\u00e9lk\u00fcl\u00f6zhetetlen funkci\u00f3j\u00e1v\u00e1 v\u00e1ltak. Lehet\u0151v\u00e9 teszi a felhaszn\u00e1l\u00f3k sz\u00e1m\u00e1ra, hogy f\u00e9nyk\u00e9peket k\u00e9sz\u00edtsenek, vide\u00f3kat r\u00f6gz\u00edtsenek, \u00e9s videokonferenci\u00e1t tartsanak bar\u00e1taikkal \u00e9s csal\u00e1dtagjaikkal. N\u00e9h\u00e1ny felhaszn\u00e1l\u00f3 azonban probl\u00e9m\u00e1kkal szembes\u00fclhet a webkamera megnyit\u00e1s\u00e1val, vagy nem tudja, hogyan kell haszn\u00e1lni. Ebben a cikkben eligaz\u00edtjuk, hogyan nyithatja meg a webkamer\u00e1t az Inspironon. Els\u0151 l\u00e9p\u00e9s: &#8230; <a title=\"A webkamera fontoss\u00e1ga az Inspironon\" class=\"read-more\" href=\"https:\/\/megnyitasa.com\/tudas\/a-webkamera-fontossaga-az-inspironon\/\" aria-label=\"Read more about A webkamera fontoss\u00e1ga az Inspironon\">Read more<\/a><\/p>\n","protected":false},"author":1187,"featured_media":0,"comment_status":"closed","ping_status":"closed","sticky":false,"template":"","format":"standard","meta":{"footnotes":""},"categories":[7],"tags":[],"class_list":["post-14322","post","type-post","status-publish","format-standard","hentry","category-uzleti-technologia-es-ugyfelszolgalat"],"_links":{"self":[{"href":"https:\/\/megnyitasa.com\/tudas\/wp-json\/wp\/v2\/posts\/14322","targetHints":{"allow":["GET"]}}],"collection":[{"href":"https:\/\/megnyitasa.com\/tudas\/wp-json\/wp\/v2\/posts"}],"about":[{"href":"https:\/\/megnyitasa.com\/tudas\/wp-json\/wp\/v2\/types\/post"}],"author":[{"embeddable":true,"href":"https:\/\/megnyitasa.com\/tudas\/wp-json\/wp\/v2\/users\/1187"}],"replies":[{"embeddable":true,"href":"https:\/\/megnyitasa.com\/tudas\/wp-json\/wp\/v2\/comments?post=14322"}],"version-history":[{"count":0,"href":"https:\/\/megnyitasa.com\/tudas\/wp-json\/wp\/v2\/posts\/14322\/revisions"}],"wp:attachment":[{"href":"https:\/\/megnyitasa.com\/tudas\/wp-json\/wp\/v2\/media?parent=14322"}],"wp:term":[{"taxonomy":"category","embeddable":true,"href":"https:\/\/megnyitasa.com\/tudas\/wp-json\/wp\/v2\/categories?post=14322"},{"taxonomy":"post_tag","embeddable":true,"href":"https:\/\/megnyitasa.com\/tudas\/wp-json\/wp\/v2\/tags?post=14322"}],"curies":[{"name":"wp","href":"https:\/\/api.w.org\/{rel}","templated":true}]}}