{"id":14433,"date":"2023-04-24T00:00:00","date_gmt":"2023-04-24T00:00:00","guid":{"rendered":"https:\/\/megnyitasa.com\/tudas\/a-kerdezes-muveszete-a-szokratikus-vezetesi-stilus\/"},"modified":"2023-04-24T00:00:00","modified_gmt":"2023-04-24T00:00:00","slug":"a-kerdezes-muveszete-a-szokratikus-vezetesi-stilus","status":"publish","type":"post","link":"https:\/\/megnyitasa.com\/tudas\/a-kerdezes-muveszete-a-szokratikus-vezetesi-stilus\/","title":{"rendered":"A k\u00e9rdez\u00e9s m\u0171v\u00e9szete: A sz\u00f3kratikus vezet\u00e9si st\u00edlus"},"content":{"rendered":"<div class=\"articlecontent\">\n<div class=\"newlinediv\"><\/div>\n<p> A vezet\u00e9s nem csak arr\u00f3l sz\u00f3l, hogy utas\u00edt\u00e1sokat adunk, \u00e9s elv\u00e1rjuk, hogy az emberek k\u00f6vess\u00e9k. Hanem arr\u00f3l sz\u00f3l, hogy az egy\u00e9neket egy k\u00f6z\u00f6s c\u00e9l el\u00e9r\u00e9se fel\u00e9 ir\u00e1ny\u00edtjuk. A vezet\u00e9s egyik leghat\u00e9konyabb m\u00f3dja a sz\u00f3kratikus vezet\u00e9si st\u00edlus. Ez a fajta vezet\u00e9s a filoz\u00f3fus Sz\u00f3krat\u00e9sz tan\u00edt\u00e1sain alapul, aki hitt abban, hogy a tud\u00e1s \u00e9s a b\u00f6lcsess\u00e9g csak a k\u00e9rd\u00e9sek feltev\u00e9s\u00e9b\u0151l sz\u00e1rmazhat. <\/p>\n<div class=\"newlinediv\"><\/div>\n<p> A sz\u00f3krat\u00e9szi vezet\u00e9si st\u00edlus l\u00e9nyege a kritikus gondolkod\u00e1sra \u00e9s \u00f6nreflexi\u00f3ra \u00f6szt\u00f6nz\u0151 k\u00e9rd\u00e9sek feltev\u00e9se. Az ezt a st\u00edlust alkalmaz\u00f3 vezet\u0151k nem abban \u00e9rdekeltek, hogy v\u00e1laszokat adjanak, hanem ink\u00e1bb abban, hogy seg\u00edts\u00e9k a csapattagjaikat abban, hogy maguk tal\u00e1lj\u00e1k meg a v\u00e1laszokat. Ezt \u00fagy \u00e9rik el, hogy olyan gondolat\u00e9breszt\u0151 k\u00e9rd\u00e9seket tesznek fel, amelyek arra k\u00e9sztetik a csapattagokat, hogy m\u00e9lyen elgondolkodjanak egy probl\u00e9m\u00e1r\u00f3l vagy helyzetr\u0151l. <\/p>\n<div class=\"newlinediv\"><\/div>\n<p> Ez a vezet\u00e9si st\u00edlus rendk\u00edv\u00fcl hat\u00e9kony, mert arra \u00f6szt\u00f6nzi a csapattagokat, hogy maguk\u00e9nak \u00e9rezz\u00e9k a munk\u00e1jukat. Amikor az egy\u00e9nek lehet\u0151s\u00e9get kapnak arra, hogy saj\u00e1t maguk tal\u00e1lj\u00e1k meg a megold\u00e1sokat, jobban \u00e9rdekeltek az eredm\u00e9nyben. Emellett a sz\u00f3kratikus vezet\u00e9si st\u00edlus el\u0151seg\u00edti a kreativit\u00e1st \u00e9s az innov\u00e1ci\u00f3t. Amikor az egy\u00e9nek szabads\u00e1got kapnak a kritikus gondolkod\u00e1sra, nagyobb val\u00f3sz\u00edn\u0171s\u00e9ggel jutnak egyedi \u00e9s innovat\u00edv megold\u00e1sokhoz. <\/p>\n<div class=\"newlinediv\"><\/div>\n<p> A sz\u00f3kratikus vezet\u00e9si st\u00edlus m\u00e1sik el\u0151nye, hogy el\u0151seg\u00edti a tanul\u00e1st \u00e9s a n\u00f6veked\u00e9st. A k\u00e9rd\u00e9sek feltev\u00e9s\u00e9vel a vezet\u0151k k\u00e9pesek azonos\u00edtani a tud\u00e1sbeli hi\u00e1nyoss\u00e1gokat \u00e9s azokat a ter\u00fcleteket, ahol a csapattagoknak fejl\u0151dni\u00fck kell. Ezut\u00e1n c\u00e9lzott k\u00e9pz\u00e9si \u00e9s fejleszt\u00e9si lehet\u0151s\u00e9geket tudnak biztos\u00edtani, amelyek seg\u00edtik csapattagjaik n\u00f6veked\u00e9s\u00e9t \u00e9s k\u00e9szs\u00e9geik fejleszt\u00e9s\u00e9t. <\/p>\n<div class=\"newlinediv\"><\/div>\n<p> Fontos azonban megjegyezni, hogy a sz\u00f3kratikus vezet\u00e9si st\u00edlus nem minden helyzetre alkalmas. Bizonyos esetekben egy ir\u00e1ny\u00edt\u00f3bb megk\u00f6zel\u00edt\u00e9sre lehet sz\u00fcks\u00e9g, k\u00fcl\u00f6n\u00f6sen olyan helyzetekben, ahol a biztons\u00e1g vagy a v\u00e9delem aggodalomra ad okot. Ezenk\u00edv\u00fcl el\u0151fordulhat, hogy egyes szem\u00e9lyek nem reag\u00e1lnak j\u00f3l erre a vezet\u00e9si st\u00edlusra, \u00e9s ink\u00e1bb a struktur\u00e1ltabb \u00e9s ir\u00e1ny\u00edt\u00f3bb megk\u00f6zel\u00edt\u00e9st r\u00e9szes\u00edtik el\u0151nyben. <\/p>\n<div class=\"newlinediv\"><\/div>\n<p> \u00d6sszefoglalva, a sz\u00f3kratikus vezet\u00e9si st\u00edlus rendk\u00edv\u00fcl hat\u00e9kony megk\u00f6zel\u00edt\u00e9s a csapatok vezet\u00e9s\u00e9re. B\u00e1tor\u00edtja a kritikus gondolkod\u00e1st, el\u0151seg\u00edti a kreativit\u00e1st \u00e9s az innov\u00e1ci\u00f3t, valamint el\u0151seg\u00edti a tanul\u00e1st \u00e9s a n\u00f6veked\u00e9st. Fontos azonban, hogy a vezet\u0151k felismerj\u00e9k, mikor megfelel\u0151 ez a st\u00edlus, \u00e9s mikor van sz\u00fcks\u00e9g ir\u00e1ny\u00edt\u00f3bb megk\u00f6zel\u00edt\u00e9sre. A sz\u00f3kratikus vezet\u00e9si st\u00edlus megfelel\u0151 alkalmaz\u00e1s\u00e1val a vezet\u0151k seg\u00edthetik a csapattagjaikat abban, hogy teljes m\u00e9rt\u00e9kben kibontakoztass\u00e1k a benn\u00fck rejl\u0151 lehet\u0151s\u00e9geket \u00e9s el\u00e9rj\u00e9k c\u00e9ljaikat.<\/p><\/div>\n<div class=\"questions\">\n<div class=\"questionstitle\">FAQ<\/div>\n<div class=\"question\">\n<div class=\"qtitle\"> Mi a sz\u00f3krat\u00e9szi m\u00f3dszer egyik p\u00e9ld\u00e1ja?<\/div>\n<p> A sz\u00f3krat\u00e9szi m\u00f3dszer egy olyan tan\u00edt\u00e1si technika, amely k\u00e9rd\u00e9sek sorozat\u00e1nak feltev\u00e9s\u00e9vel seg\u00edt valakinek abban, hogy egy t\u00e9ma m\u00e9lyebb meg\u00e9rt\u00e9s\u00e9hez jusson. A sz\u00f3krat\u00e9szi m\u00f3dszer egyik p\u00e9ld\u00e1ja az emberi er\u0151forr\u00e1sokkal kapcsolatos kontextusban egy \u00e1ll\u00e1sinterj\u00fa sor\u00e1n lehet. Ahelyett, hogy az interj\u00faztat\u00f3 egyszer\u0171en arra k\u00e9rn\u00e9 a jel\u00f6ltet, hogy ismertesse k\u00e9szs\u00e9geit \u00e9s tapasztalatait, egy sor nyitott k\u00e9rd\u00e9st tehet fel, amelyek arra \u00f6szt\u00f6nzik a jel\u00f6ltet, hogy m\u00e9lyebben elgondolkodjon a k\u00e9pzetts\u00e9g\u00e9n \u00e9s azon, hogyan lehetne azt a munkak\u00f6rben alkalmazni. P\u00e9ld\u00e1ul ahelyett, hogy azt k\u00e9rdezn\u00e9: &#8222;Mes\u00e9lne nekem az \u00fcgyf\u00e9lszolg\u00e1lati tapasztalatair\u00f3l?&#8221;, az interj\u00faztat\u00f3 megk\u00e9rdezhetn\u00e9: &#8222;\u00d6n szerint melyek azok a legfontosabb k\u00e9szs\u00e9gek, amelyekkel egy \u00fcgyf\u00e9lszolg\u00e1lati k\u00e9pvisel\u0151nek rendelkeznie kell, \u00e9s hogyan bizony\u00edtotta ezeket a k\u00e9szs\u00e9geket kor\u00e1bbi munkak\u00f6r\u00e9ben?&#8221;. Az ilyen t\u00edpus\u00fa k\u00e9rd\u00e9sek feltev\u00e9s\u00e9vel az interj\u00faztat\u00f3 m\u00e9lyebb meg\u00e9rt\u00e9st nyerhet a jel\u00f6lt gondolkod\u00e1si folyamat\u00e1r\u00f3l \u00e9s probl\u00e9mamegold\u00f3 k\u00e9pess\u00e9g\u00e9r\u0151l, ami \u00e9rt\u00e9kes lehet annak eld\u00f6nt\u00e9s\u00e9ben, hogy a jel\u00f6lt alkalmas-e az adott szerepk\u00f6r bet\u00f6lt\u00e9s\u00e9re. <\/p>\n<\/div>\n<div class=\"question\">\n<div class=\"qtitle\"> Mi a sz\u00f3krat\u00e9szi m\u00f3dszer az \u00fczleti \u00e9letben?<\/div>\n<p> A sz\u00f3krat\u00e9szi m\u00f3dszer az \u00fczleti \u00e9letben, m\u00e1s n\u00e9ven sz\u00f3krat\u00e9szi k\u00e9rdez\u00e9si m\u00f3dszer vagy sz\u00f3krat\u00e9szi p\u00e1rbesz\u00e9d, egy olyan technika, amelyet a kritikus gondolkod\u00e1s \u00e9s a probl\u00e9mamegold\u00f3 k\u00e9szs\u00e9g \u00f6szt\u00f6nz\u00e9s\u00e9re haszn\u00e1lnak a munkav\u00e1llal\u00f3kban. Nev\u00e9t Sz\u00f3krat\u00e9sz g\u00f6r\u00f6g filoz\u00f3fusr\u00f3l kapta, aki hasonl\u00f3 m\u00f3dszerrel tan\u00edtotta tan\u00edtv\u00e1nyait. <\/p>\n<div class=\"newlinediv\"><\/div>\n<p> A sz\u00f3krat\u00e9szi m\u00f3dszer l\u00e9nyege, hogy egy sor k\u00e9rd\u00e9ssel arra \u00f6szt\u00f6nzik az egy\u00e9neket, hogy m\u00e9lyen elgondolkodjanak egy probl\u00e9m\u00e1n vagy szitu\u00e1ci\u00f3n. A k\u00e9rd\u00e9sek c\u00e9lja, hogy megk\u00e9rd\u0151jelezz\u00e9k a felt\u00e9telez\u00e9seket, felt\u00e1rj\u00e1k a m\u00f6g\u00f6ttes meggy\u0151z\u0151d\u00e9seket \u00e9s felt\u00e1rj\u00e1k a k\u00fcl\u00f6nb\u00f6z\u0151 n\u00e9z\u0151pontokat. Az ilyen t\u00edpus\u00fa p\u00e1rbesz\u00e9d r\u00e9v\u00e9n az alkalmazottak jobban meg\u00e9rthetik az adott probl\u00e9m\u00e1t, \u00e9s \u00faj \u00f6tleteket \u00e9s megold\u00e1sokat gener\u00e1lhatnak. <\/p>\n<div class=\"newlinediv\"><\/div>\n<p> A sz\u00f3krat\u00e9szi m\u00f3dszer sz\u00e1mos \u00fczleti k\u00f6rnyezetben alkalmazhat\u00f3, p\u00e9ld\u00e1ul csapatmegbesz\u00e9l\u00e9sek, \u00f6tletb\u00f6rz\u00e9k vagy teljes\u00edtm\u00e9ny\u00e9rt\u00e9kel\u00e9sek sor\u00e1n. K\u00e9pz\u00e9si \u00e9s fejleszt\u00e9si programokban is alkalmazhat\u00f3, hogy seg\u00edtse az alkalmazottakat \u00faj k\u00e9szs\u00e9gek elsaj\u00e1t\u00edt\u00e1s\u00e1ban vagy teljes\u00edtm\u00e9ny\u00fck jav\u00edt\u00e1s\u00e1ban. <\/p>\n<div class=\"newlinediv\"><\/div>\n<p> \u00d6sszess\u00e9g\u00e9ben a sz\u00f3krat\u00e9szi m\u00f3dszer az \u00fczleti \u00e9letben hat\u00e9kony eszk\u00f6z lehet a kritikus gondolkod\u00e1s \u00e9s a probl\u00e9mamegold\u00f3 k\u00e9szs\u00e9gek el\u0151mozd\u00edt\u00e1s\u00e1ra az alkalmazottak k\u00f6r\u00e9ben, ami jobb d\u00f6nt\u00e9shozatalt \u00e9s jobb \u00fczleti eredm\u00e9nyeket eredm\u00e9nyezhet. <\/p>\n<\/div>\n<div class=\"question\">\n<div class=\"qtitle\"> Milyen jellemvon\u00e1sokkal kell rendelkeznie a j\u00f3 vezet\u0151knek Sz\u00f3krat\u00e9sz szerint?<\/div>\n<p> Sz\u00f3krat\u00e9sz, az \u00f3kori g\u00f6r\u00f6g filoz\u00f3fus \u00fagy v\u00e9lte, hogy a j\u00f3 vezet\u0151knek bizonyos jellemvon\u00e1sokkal kell rendelkezni\u00fck ahhoz, hogy vezet\u0151i szerep\u00fckben hat\u00e9konyak legyenek. Sz\u00f3krat\u00e9sz szerint a j\u00f3 vezet\u0151knek a k\u00f6vetkez\u0151 jellemvon\u00e1sokkal kell rendelkezni\u00fck: <\/p>\n<div class=\"newlinediv\"><\/div>\n<p> 1. B\u00f6lcsess\u00e9g: A j\u00f3 vezet\u0151knek b\u00f6lcsess\u00e9ggel kell rendelkezni\u00fck, amely mag\u00e1ban foglalja a tud\u00e1st, a tapasztalatot \u00e9s a b\u00f6lcs d\u00f6nt\u00e9sek meghozatal\u00e1nak k\u00e9pess\u00e9g\u00e9t. <\/p>\n<div class=\"newlinediv\"><\/div>\n<p> 2. Igazs\u00e1goss\u00e1g: A j\u00f3 vezet\u0151knek igazs\u00e1gosnak \u00e9s m\u00e9lt\u00e1nyosnak kell lenni\u00fck, mindenkit egyenl\u0151en \u00e9s tisztelettel kell kezelni\u00fck. <\/p>\n<div class=\"newlinediv\"><\/div>\n<p> 3. B\u00e1tors\u00e1g: A j\u00f3 vezet\u0151knek b\u00e1tors\u00e1ggal kell rendelkezni\u00fck, ami mag\u00e1ban foglalja a neh\u00e9z d\u00f6nt\u00e9sek meghozatal\u00e1nak k\u00e9pess\u00e9g\u00e9t, a kock\u00e1zatv\u00e1llal\u00e1st \u00e9s a helyes dolgok\u00e9rt val\u00f3 ki\u00e1ll\u00e1st. <\/p>\n<div class=\"newlinediv\"><\/div>\n<p> 4. M\u00e9rt\u00e9kletess\u00e9g: A j\u00f3 vezet\u0151knek m\u00e9rt\u00e9kletesnek kell lenni\u00fck, cselekedeteikben \u00e9s d\u00f6nt\u00e9seikben \u00f6nuralmat \u00e9s m\u00e9rt\u00e9kletess\u00e9get kell gyakorolniuk. <\/p>\n<div class=\"newlinediv\"><\/div>\n<p> 5. Al\u00e1zatoss\u00e1g: A j\u00f3 vezet\u0151knek al\u00e1zatosnak kell lenni\u00fck, felismerve saj\u00e1t korl\u00e1taikat \u00e9s gyenges\u00e9geiket, \u00e9s keresve m\u00e1sok tan\u00e1cs\u00e1t \u00e9s hozz\u00e1j\u00e1rul\u00e1s\u00e1t. <\/p>\n<div class=\"newlinediv\"><\/div>\n<p> 6. Becs\u00fcletess\u00e9g: A j\u00f3 vezet\u0151knek integrit\u00e1ssal kell rendelkezni\u00fck, ami mag\u00e1ban foglalja az \u0151szintes\u00e9get, a megb\u00edzhat\u00f3s\u00e1got \u00e9s az etikus viselked\u00e9s ir\u00e1nti elk\u00f6telezetts\u00e9get. <\/p>\n<div class=\"newlinediv\"><\/div>\n<p> 7. Karizma: A j\u00f3 vezet\u0151knek karizm\u00e1val kell rendelkezni\u00fck, ami mag\u00e1ban foglalja azt a k\u00e9pess\u00e9get, hogy inspir\u00e1ljanak \u00e9s motiv\u00e1ljanak m\u00e1sokat, \u00e9s er\u0151s kapcsolatokat \u00e9p\u00edtsenek ki a k\u00f6r\u00fcl\u00f6tt\u00fck l\u00e9v\u0151kkel. <\/p>\n<div class=\"newlinediv\"><\/div>\n<p> \u00d6sszess\u00e9g\u00e9ben Sz\u00f3krat\u00e9sz \u00fagy v\u00e9lte, hogy a j\u00f3 vezet\u0151knek a b\u00f6lcsess\u00e9g, az igazs\u00e1goss\u00e1g, a b\u00e1tors\u00e1g, a m\u00e9rt\u00e9kletess\u00e9g, az al\u00e1zat, a tisztess\u00e9g \u00e9s a karizma kombin\u00e1ci\u00f3j\u00e1val kell rendelkezni\u00fck ahhoz, hogy vezet\u0151i szerep\u00fckben hat\u00e9konyak legyenek.<\/p>\n<\/div>\n<\/div>\n","protected":false},"excerpt":{"rendered":"<p>A vezet\u00e9s nem csak arr\u00f3l sz\u00f3l, hogy utas\u00edt\u00e1sokat adunk, \u00e9s elv\u00e1rjuk, hogy az emberek k\u00f6vess\u00e9k. Hanem arr\u00f3l sz\u00f3l, hogy az egy\u00e9neket egy k\u00f6z\u00f6s c\u00e9l el\u00e9r\u00e9se fel\u00e9 ir\u00e1ny\u00edtjuk. A vezet\u00e9s egyik leghat\u00e9konyabb m\u00f3dja a sz\u00f3kratikus vezet\u00e9si st\u00edlus. Ez a fajta vezet\u00e9s a filoz\u00f3fus Sz\u00f3krat\u00e9sz tan\u00edt\u00e1sain alapul, aki hitt abban, hogy a tud\u00e1s \u00e9s a b\u00f6lcsess\u00e9g csak &#8230; <a title=\"A k\u00e9rdez\u00e9s m\u0171v\u00e9szete: A sz\u00f3kratikus vezet\u00e9si st\u00edlus\" class=\"read-more\" href=\"https:\/\/megnyitasa.com\/tudas\/a-kerdezes-muveszete-a-szokratikus-vezetesi-stilus\/\" aria-label=\"Read more about A k\u00e9rdez\u00e9s m\u0171v\u00e9szete: A sz\u00f3kratikus vezet\u00e9si st\u00edlus\">Read more<\/a><\/p>\n","protected":false},"author":4591,"featured_media":0,"comment_status":"closed","ping_status":"closed","sticky":false,"template":"","format":"standard","meta":{"footnotes":""},"categories":[38],"tags":[],"class_list":["post-14433","post","type-post","status-publish","format-standard","hentry","category-emberi-eroforrasok"],"_links":{"self":[{"href":"https:\/\/megnyitasa.com\/tudas\/wp-json\/wp\/v2\/posts\/14433","targetHints":{"allow":["GET"]}}],"collection":[{"href":"https:\/\/megnyitasa.com\/tudas\/wp-json\/wp\/v2\/posts"}],"about":[{"href":"https:\/\/megnyitasa.com\/tudas\/wp-json\/wp\/v2\/types\/post"}],"author":[{"embeddable":true,"href":"https:\/\/megnyitasa.com\/tudas\/wp-json\/wp\/v2\/users\/4591"}],"replies":[{"embeddable":true,"href":"https:\/\/megnyitasa.com\/tudas\/wp-json\/wp\/v2\/comments?post=14433"}],"version-history":[{"count":0,"href":"https:\/\/megnyitasa.com\/tudas\/wp-json\/wp\/v2\/posts\/14433\/revisions"}],"wp:attachment":[{"href":"https:\/\/megnyitasa.com\/tudas\/wp-json\/wp\/v2\/media?parent=14433"}],"wp:term":[{"taxonomy":"category","embeddable":true,"href":"https:\/\/megnyitasa.com\/tudas\/wp-json\/wp\/v2\/categories?post=14433"},{"taxonomy":"post_tag","embeddable":true,"href":"https:\/\/megnyitasa.com\/tudas\/wp-json\/wp\/v2\/tags?post=14433"}],"curies":[{"name":"wp","href":"https:\/\/api.w.org\/{rel}","templated":true}]}}