{"id":14675,"date":"2023-04-24T00:00:00","date_gmt":"2023-04-24T00:00:00","guid":{"rendered":"https:\/\/megnyitasa.com\/tudas\/a-teljesitmenyertekelesi-modszerek-fontossaga-a-munkahelyen\/"},"modified":"2023-04-24T00:00:00","modified_gmt":"2023-04-24T00:00:00","slug":"a-teljesitmenyertekelesi-modszerek-fontossaga-a-munkahelyen","status":"publish","type":"post","link":"https:\/\/megnyitasa.com\/tudas\/a-teljesitmenyertekelesi-modszerek-fontossaga-a-munkahelyen\/","title":{"rendered":"A teljes\u00edtm\u00e9ny\u00e9rt\u00e9kel\u00e9si m\u00f3dszerek fontoss\u00e1ga a munkahelyen"},"content":{"rendered":"<div class=\"articlecontent\">\n<div class=\"newlinediv\"><\/div>\n<p> A teljes\u00edtm\u00e9ny\u00e9rt\u00e9kel\u00e9s kulcsfontoss\u00e1g\u00fa folyamat minden olyan szervezetben, amely a munkav\u00e1llal\u00f3k termel\u00e9kenys\u00e9g\u00e9nek, hat\u00e9konys\u00e1g\u00e1nak \u00e9s eredm\u00e9nyess\u00e9g\u00e9nek \u00e9rt\u00e9kel\u00e9s\u00e9re t\u00f6rekszik. Ez egy szisztematikus \u00e9s objekt\u00edv megk\u00f6zel\u00edt\u00e9s, amely \u00e9rt\u00e9keli a munkav\u00e1llal\u00f3 munkateljes\u00edtm\u00e9ny\u00e9t, potenci\u00e1lj\u00e1t \u00e9s fejleszt\u00e9si ig\u00e9nyeit. A szervezetekben ma t\u00f6bbf\u00e9le teljes\u00edtm\u00e9ny\u00e9rt\u00e9kel\u00e9si m\u00f3dszert alkalmaznak, k\u00f6zt\u00fck a fel\u00fclr\u0151l lefel\u00e9 ir\u00e1nyul\u00f3 teljes\u00edtm\u00e9ny\u00e9rt\u00e9kel\u00e9si m\u00f3dszert, a 360 fokos visszajelz\u00e9si m\u00f3dszert \u00e9s a kritikus esem\u00e9nyek m\u00f3dszer\u00e9t. <\/p>\n<div class=\"newlinediv\"><\/div>\n<p> A fel\u00fclr\u0151l lefel\u00e9 ir\u00e1nyul\u00f3 teljes\u00edtm\u00e9ny\u00e9rt\u00e9kel\u00e9si m\u00f3dszer az egyik legsz\u00e9lesebb k\u00f6rben alkalmazott m\u00f3dszer a szervezetekben. Ez mag\u00e1ban foglalja a munkav\u00e1llal\u00f3 teljes\u00edtm\u00e9ny\u00e9nek a felettes vagy a vezet\u0151 \u00e1ltali \u00e9rt\u00e9kel\u00e9s\u00e9t. A munkav\u00e1llal\u00f3 teljes\u00edtm\u00e9ny\u00e9t el\u0151re meghat\u00e1rozott krit\u00e9riumok alapj\u00e1n \u00e9rt\u00e9kelik, mint p\u00e9ld\u00e1ul a munkatud\u00e1s, a munka min\u0151s\u00e9ge, a jelenl\u00e9t, a kommunik\u00e1ci\u00f3s k\u00e9szs\u00e9gek \u00e9s a csapatmunka. A felettes vagy a vezet\u0151 visszajelz\u00e9st ad a munkav\u00e1llal\u00f3nak az er\u0151ss\u00e9geir\u0151l \u00e9s a fejlesztend\u0151 ter\u00fcletekr\u0151l, \u00e9s k\u00f6z\u00f6sen kit\u0171zik a munkav\u00e1llal\u00f3 j\u00f6v\u0151beli fejl\u0151d\u00e9s\u00e9nek c\u00e9ljait. <\/p>\n<div class=\"newlinediv\"><\/div>\n<p> A fel\u00fclr\u0151l lefel\u00e9 ir\u00e1nyul\u00f3 teljes\u00edtm\u00e9ny\u00e9rt\u00e9kel\u00e9si m\u00f3dszer egyik el\u0151nye, hogy egyszer\u0171 \u00e9s k\u00f6nnyen megval\u00f3s\u00edthat\u00f3. A folyamat gyorsan elv\u00e9gezhet\u0151, az eredm\u00e9nyek pedig egy\u00e9rtelm\u0171ek. Emellett a m\u00f3dszer lehet\u0151v\u00e9 teszi az \u00e9rt\u00e9kel\u00e9sek k\u00f6vetkezetess\u00e9g\u00e9t az eg\u00e9sz szervezeten bel\u00fcl. Minden alkalmazottat ugyanazon krit\u00e9riumok alapj\u00e1n \u00e9rt\u00e9kelnek, ami biztos\u00edtja, hogy az \u00e9rt\u00e9kel\u00e9sek igazs\u00e1gosak \u00e9s objekt\u00edvek legyenek. <\/p>\n<div class=\"newlinediv\"><\/div>\n<p> A fel\u00fclr\u0151l lefel\u00e9 ir\u00e1nyul\u00f3 teljes\u00edtm\u00e9ny\u00e9rt\u00e9kel\u00e9si m\u00f3dszernek azonban megvannak a maga korl\u00e1tai is. Szubjekt\u00edv lehet, mivel az \u00e9rt\u00e9kel\u00e9s a felettesnek a munkav\u00e1llal\u00f3 teljes\u00edtm\u00e9ny\u00e9r\u0151l alkotott meg\u00edt\u00e9l\u00e9s\u00e9n alapul. A m\u00f3dszerb\u0151l hi\u00e1nyzik a t\u00f6bbi \u00e9rdekelt f\u00e9l, p\u00e9ld\u00e1ul a munkat\u00e1rsak \u00e9s az \u00fcgyfelek hozz\u00e1j\u00e1rul\u00e1sa is, akik \u00e9rt\u00e9kes inform\u00e1ci\u00f3kkal rendelkezhetnek a munkav\u00e1llal\u00f3 teljes\u00edtm\u00e9ny\u00e9r\u0151l. <\/p>\n<div class=\"newlinediv\"><\/div>\n<p> E korl\u00e1tok lek\u00fczd\u00e9se \u00e9rdek\u00e9ben a szervezetek d\u00f6nthetnek \u00fagy, hogy a teljes\u00edtm\u00e9ny\u00e9rt\u00e9kel\u00e9si m\u00f3dszerek kombin\u00e1ci\u00f3j\u00e1t alkalmazz\u00e1k, p\u00e9ld\u00e1ul a 360 fokos visszajelz\u00e9s m\u00f3dszer\u00e9t. Ez a m\u00f3dszer mag\u00e1ban foglalja a visszajelz\u00e9sek \u00f6sszegy\u0171jt\u00e9s\u00e9t t\u00f6bb forr\u00e1sb\u00f3l, bele\u00e9rtve a munkav\u00e1llal\u00f3 felettes\u00e9t, a koll\u00e9g\u00e1kat, a beosztottakat \u00e9s az \u00fcgyfeleket. Ez a megk\u00f6zel\u00edt\u00e9s \u00e1tfog\u00f3bb \u00e9rt\u00e9kel\u00e9st ny\u00fajt a munkav\u00e1llal\u00f3 teljes\u00edtm\u00e9ny\u00e9r\u0151l, mivel t\u00f6bb n\u00e9z\u0151pontot is figyelembe vesz. <\/p>\n<div class=\"newlinediv\"><\/div>\n<p> \u00d6sszefoglalva, a teljes\u00edtm\u00e9ny\u00e9rt\u00e9kel\u00e9si m\u00f3dszerek kritikus szerepet j\u00e1tszanak az alkalmazottak teljes\u00edtm\u00e9ny\u00e9nek \u00e9rt\u00e9kel\u00e9s\u00e9ben \u00e9s a szervezeti siker el\u0151mozd\u00edt\u00e1s\u00e1ban. B\u00e1r a fel\u00fclr\u0151l lefel\u00e9 ir\u00e1nyul\u00f3 teljes\u00edtm\u00e9ny\u00e9rt\u00e9kel\u00e9si m\u00f3dszer egyszer\u0171 \u00e9s hat\u00e9kony megk\u00f6zel\u00edt\u00e9s, fontos figyelembe venni korl\u00e1tait, \u00e9s megvizsg\u00e1lni m\u00e1s m\u00f3dszereket, amelyek a munkav\u00e1llal\u00f3 teljes\u00edtm\u00e9ny\u00e9nek \u00e1tfog\u00f3bb \u00e9rt\u00e9kel\u00e9s\u00e9t biztos\u00edthatj\u00e1k. V\u00e9gs\u0151 soron a sikeres teljes\u00edtm\u00e9ny\u00e9rt\u00e9kel\u00e9si folyamat kulcsa annak biztos\u00edt\u00e1sa, hogy az igazs\u00e1gos, objekt\u00edv \u00e9s \u00f6sszhangban legyen a szervezet c\u00e9ljaival \u00e9s c\u00e9lkit\u0171z\u00e9seivel.<\/p><\/div>\n<div class=\"questions\">\n<div class=\"questionstitle\">FAQ<\/div>\n<div class=\"question\">\n<div class=\"qtitle\"> Mi a teljes\u00edtm\u00e9ny\u00e9rt\u00e9kel\u00e9s 3 t\u00edpusa?<\/div>\n<p> A teljes\u00edtm\u00e9ny\u00e9rt\u00e9kel\u00e9s fontos eszk\u00f6ze a munkav\u00e1llal\u00f3k ir\u00e1ny\u00edt\u00e1s\u00e1nak \u00e9s a munk\u00e1jukkal kapcsolatos visszajelz\u00e9snek. A teljes\u00edtm\u00e9ny\u00e9rt\u00e9kel\u00e9snek h\u00e1rom f\u0151 t\u00edpusa van, ezek a k\u00f6vetkez\u0151k: <\/p>\n<div class=\"newlinediv\"><\/div>\n<p> 1. Jellemz\u0151k\u00f6n alapul\u00f3 \u00e9rt\u00e9kel\u00e9sek: A teljes\u00edtm\u00e9ny\u00e9rt\u00e9kel\u00e9s ezen t\u00edpusa a munkav\u00e1llal\u00f3 szem\u00e9lyes tulajdons\u00e1gaira, p\u00e9ld\u00e1ul a hozz\u00e1\u00e1ll\u00e1s\u00e1ra, kommunik\u00e1ci\u00f3s k\u00e9szs\u00e9geire \u00e9s munkamor\u00e1lj\u00e1ra \u00f6sszpontos\u00edt. Ez a fajta \u00e9rt\u00e9kel\u00e9s gyakran szubjekt\u00edv, \u00e9s szem\u00e9lyes elfogults\u00e1gok befoly\u00e1solhatj\u00e1k. <\/p>\n<div class=\"newlinediv\"><\/div>\n<p> 2. Viselked\u00e9salap\u00fa \u00e9rt\u00e9kel\u00e9s: Ez a fajta teljes\u00edtm\u00e9ny\u00e9rt\u00e9kel\u00e9s a munkav\u00e1llal\u00f3 konkr\u00e9t viselked\u00e9s\u00e9re \u00e9s cselekedeteire \u00f6sszpontos\u00edt, p\u00e9ld\u00e1ul a pontoss\u00e1gra, a hat\u00e1rid\u0151k betart\u00e1s\u00e1ra val\u00f3 k\u00e9pess\u00e9gre \u00e9s az \u00faj kih\u00edv\u00e1sok v\u00e1llal\u00e1s\u00e1ra val\u00f3 hajland\u00f3s\u00e1gra. Ez a fajta \u00e9rt\u00e9kel\u00e9s jellemz\u0151en objekt\u00edvebb, \u00e9s a munkav\u00e1llal\u00f3 munk\u00e1j\u00e1nak konkr\u00e9t p\u00e9ld\u00e1in alapulhat. <\/p>\n<div class=\"newlinediv\"><\/div>\n<p> 3. Eredm\u00e9nyalap\u00fa \u00e9rt\u00e9kel\u00e9sek: A teljes\u00edtm\u00e9ny\u00e9rt\u00e9kel\u00e9s ezen t\u00edpusa a munkav\u00e1llal\u00f3 \u00e1ltal el\u00e9rt m\u00e9rhet\u0151 eredm\u00e9nyekre \u00f6sszpontos\u00edt, mint p\u00e9ld\u00e1ul az \u00e9rt\u00e9kes\u00edt\u00e9si sz\u00e1mok, az \u00fcgyf\u00e9l-el\u00e9gedetts\u00e9gi \u00e9rt\u00e9kel\u00e9sek vagy egy projekt befejez\u00e9se. Ez az \u00e9rt\u00e9kel\u00e9si t\u00edpus objekt\u00edvebb is, \u00e9s egy\u00e9rtelm\u0171en jelzi, hogy a munkav\u00e1llal\u00f3 milyen m\u00e9rt\u00e9kben j\u00e1rult hozz\u00e1 a szervezethez. <\/p>\n<div class=\"newlinediv\"><\/div>\n<p> V\u00e9gs\u0151 soron az alkalmazott teljes\u00edtm\u00e9ny\u00e9rt\u00e9kel\u00e9s t\u00edpusa a szervezet c\u00e9ljait\u00f3l \u00e9s c\u00e9lkit\u0171z\u00e9seit\u0151l, valamint az egyes alkalmazottak saj\u00e1tos ig\u00e9nyeit\u0151l f\u00fcgg. Fontos, hogy a vezet\u0151k a megfelel\u0151 t\u00edpus\u00fa \u00e9rt\u00e9kel\u00e9st v\u00e1lassz\u00e1k ki, \u00e9s konstrukt\u00edv visszajelz\u00e9st adjanak, hogy seg\u00edts\u00e9k a munkav\u00e1llal\u00f3kat teljes\u00edtm\u00e9ny\u00fck jav\u00edt\u00e1s\u00e1ban \u00e9s c\u00e9ljaik el\u00e9r\u00e9s\u00e9ben. <\/p>\n<\/div>\n<div class=\"question\">\n<div class=\"qtitle\"> Mi az 5 teljes\u00edtm\u00e9ny\u00e9rt\u00e9kel\u00e9si m\u00f3dszer?<\/div>\n<p> Sz\u00e1mos teljes\u00edtm\u00e9ny\u00e9rt\u00e9kel\u00e9si m\u00f3dszer l\u00e9tezik, amelyeket a szervezetek alkalmazottaik teljes\u00edtm\u00e9ny\u00e9nek \u00e9rt\u00e9kel\u00e9s\u00e9re haszn\u00e1lnak. \u00cdme \u00f6t gyakori m\u00f3dszer: <\/p>\n<div class=\"newlinediv\"><\/div>\n<p> 1. Grafikus \u00e9rt\u00e9kel\u00e9si sk\u00e1la m\u00f3dszere: Ez a teljes\u00edtm\u00e9ny\u00e9rt\u00e9kel\u00e9si m\u00f3dszer a leggyakoribb t\u00edpus, ahol egy krit\u00e9riumrendszert hat\u00e1roznak meg, \u00e9s az alkalmazottakat egy sk\u00e1l\u00e1n \u00e9rt\u00e9kelik, amely a gyeng\u00e9t\u0151l a kiv\u00e1l\u00f3ig terjed. A krit\u00e9riumok k\u00f6z\u00e9 tartozhat a munk\u00e1val kapcsolatos tud\u00e1s, a kommunik\u00e1ci\u00f3s k\u00e9szs\u00e9gek, az interperszon\u00e1lis k\u00e9szs\u00e9gek, a termel\u00e9kenys\u00e9g \u00e9s a jelenl\u00e9t. <\/p>\n<div class=\"newlinediv\"><\/div>\n<p> 2. 360 fokos visszajelz\u00e9si m\u00f3dszer: Ez a m\u00f3dszer mag\u00e1ban foglalja a visszajelz\u00e9sek beszerz\u00e9s\u00e9t t\u00f6bb forr\u00e1sb\u00f3l, bele\u00e9rtve a munkav\u00e1llal\u00f3 vezet\u0151j\u00e9t, a munkat\u00e1rsakat, a beosztottakat \u00e9s az \u00fcgyfeleket. \u00c1tfog\u00f3bb k\u00e9pet ad a munkav\u00e1llal\u00f3 teljes\u00edtm\u00e9ny\u00e9r\u0151l, \u00e9s seg\u00edt azonos\u00edtani a fejlesztend\u0151 ter\u00fcleteket. <\/p>\n<div class=\"newlinediv\"><\/div>\n<p> 3. Viselked\u00e9si megfigyel\u00e9si sk\u00e1la m\u00f3dszere: Ez a m\u00f3dszer a munkak\u00f6r szempontj\u00e1b\u00f3l fontos konkr\u00e9t viselked\u00e9si form\u00e1kra \u00f6sszpontos\u00edt, \u00e9s az alapj\u00e1n \u00e9rt\u00e9keli a munkav\u00e1llal\u00f3 teljes\u00edtm\u00e9ny\u00e9t, hogy milyen gyakran mutatja ezeket a viselked\u00e9si form\u00e1kat. <\/p>\n<div class=\"newlinediv\"><\/div>\n<p> 4. C\u00e9lorient\u00e1lt vezet\u00e9si m\u00f3dszer (MBO): Ez a m\u00f3dszer konkr\u00e9t c\u00e9lok \u00e9s c\u00e9lkit\u0171z\u00e9sek kit\u0171z\u00e9s\u00e9t jelenti a munkav\u00e1llal\u00f3 sz\u00e1m\u00e1ra, azzal az elv\u00e1r\u00e1ssal, hogy azokat meghat\u00e1rozott id\u0151n bel\u00fcl el\u00e9rje. A munkav\u00e1llal\u00f3 teljes\u00edtm\u00e9ny\u00e9t ezut\u00e1n az alapj\u00e1n \u00e9rt\u00e9kelik, hogy mennyire teljes\u00edtette a kit\u0171z\u00f6tt c\u00e9lokat. <\/p>\n<div class=\"newlinediv\"><\/div>\n<p> 5. Kritikus esem\u00e9nyek m\u00f3dszere: Ez a m\u00f3dszer mag\u00e1ban foglalja az olyan konkr\u00e9t esem\u00e9nyek nyomon k\u00f6vet\u00e9s\u00e9t, amelyek sor\u00e1n a munkav\u00e1llal\u00f3 kiemelked\u0151en j\u00f3l vagy rosszul teljes\u00edtett. Az incidenseket ezut\u00e1n a munkav\u00e1llal\u00f3 \u00e1ltal\u00e1nos teljes\u00edtm\u00e9ny\u00e9nek \u00e9rt\u00e9kel\u00e9s\u00e9re haszn\u00e1lj\u00e1k.<\/p>\n<\/div>\n<\/div>\n","protected":false},"excerpt":{"rendered":"<p>A teljes\u00edtm\u00e9ny\u00e9rt\u00e9kel\u00e9s kulcsfontoss\u00e1g\u00fa folyamat minden olyan szervezetben, amely a munkav\u00e1llal\u00f3k termel\u00e9kenys\u00e9g\u00e9nek, hat\u00e9konys\u00e1g\u00e1nak \u00e9s eredm\u00e9nyess\u00e9g\u00e9nek \u00e9rt\u00e9kel\u00e9s\u00e9re t\u00f6rekszik. Ez egy szisztematikus \u00e9s objekt\u00edv megk\u00f6zel\u00edt\u00e9s, amely \u00e9rt\u00e9keli a munkav\u00e1llal\u00f3 munkateljes\u00edtm\u00e9ny\u00e9t, potenci\u00e1lj\u00e1t \u00e9s fejleszt\u00e9si ig\u00e9nyeit. A szervezetekben ma t\u00f6bbf\u00e9le teljes\u00edtm\u00e9ny\u00e9rt\u00e9kel\u00e9si m\u00f3dszert alkalmaznak, k\u00f6zt\u00fck a fel\u00fclr\u0151l lefel\u00e9 ir\u00e1nyul\u00f3 teljes\u00edtm\u00e9ny\u00e9rt\u00e9kel\u00e9si m\u00f3dszert, a 360 fokos visszajelz\u00e9si m\u00f3dszert \u00e9s a kritikus esem\u00e9nyek m\u00f3dszer\u00e9t. &#8230; <a title=\"A teljes\u00edtm\u00e9ny\u00e9rt\u00e9kel\u00e9si m\u00f3dszerek fontoss\u00e1ga a munkahelyen\" class=\"read-more\" href=\"https:\/\/megnyitasa.com\/tudas\/a-teljesitmenyertekelesi-modszerek-fontossaga-a-munkahelyen\/\" aria-label=\"Read more about A teljes\u00edtm\u00e9ny\u00e9rt\u00e9kel\u00e9si m\u00f3dszerek fontoss\u00e1ga a munkahelyen\">Read more<\/a><\/p>\n","protected":false},"author":321,"featured_media":0,"comment_status":"closed","ping_status":"closed","sticky":false,"template":"","format":"standard","meta":{"footnotes":""},"categories":[37],"tags":[],"class_list":["post-14675","post","type-post","status-publish","format-standard","hentry","category-a-munkavallalok-iranyitasa"],"_links":{"self":[{"href":"https:\/\/megnyitasa.com\/tudas\/wp-json\/wp\/v2\/posts\/14675","targetHints":{"allow":["GET"]}}],"collection":[{"href":"https:\/\/megnyitasa.com\/tudas\/wp-json\/wp\/v2\/posts"}],"about":[{"href":"https:\/\/megnyitasa.com\/tudas\/wp-json\/wp\/v2\/types\/post"}],"author":[{"embeddable":true,"href":"https:\/\/megnyitasa.com\/tudas\/wp-json\/wp\/v2\/users\/321"}],"replies":[{"embeddable":true,"href":"https:\/\/megnyitasa.com\/tudas\/wp-json\/wp\/v2\/comments?post=14675"}],"version-history":[{"count":0,"href":"https:\/\/megnyitasa.com\/tudas\/wp-json\/wp\/v2\/posts\/14675\/revisions"}],"wp:attachment":[{"href":"https:\/\/megnyitasa.com\/tudas\/wp-json\/wp\/v2\/media?parent=14675"}],"wp:term":[{"taxonomy":"category","embeddable":true,"href":"https:\/\/megnyitasa.com\/tudas\/wp-json\/wp\/v2\/categories?post=14675"},{"taxonomy":"post_tag","embeddable":true,"href":"https:\/\/megnyitasa.com\/tudas\/wp-json\/wp\/v2\/tags?post=14675"}],"curies":[{"name":"wp","href":"https:\/\/api.w.org\/{rel}","templated":true}]}}