{"id":14717,"date":"2023-04-24T00:00:00","date_gmt":"2023-04-24T00:00:00","guid":{"rendered":"https:\/\/megnyitasa.com\/tudas\/a-jarmureklamok-fontossaga-vallalkozasa-szamara\/"},"modified":"2023-04-24T00:00:00","modified_gmt":"2023-04-24T00:00:00","slug":"a-jarmureklamok-fontossaga-vallalkozasa-szamara","status":"publish","type":"post","link":"https:\/\/megnyitasa.com\/tudas\/a-jarmureklamok-fontossaga-vallalkozasa-szamara\/","title":{"rendered":"A j\u00e1rm\u0171rekl\u00e1mok fontoss\u00e1ga v\u00e1llalkoz\u00e1sa sz\u00e1m\u00e1ra"},"content":{"rendered":"<div class=\"articlecontent\">\n<div class=\"newlinediv\"><\/div>\n<p> V\u00e1llalkoz\u00e1s\u00e1nak marketingje a n\u00f6veked\u00e9s \u00e9s a siker alapvet\u0151 szempontja. Be kell fektetnie a rekl\u00e1mba, hogy el\u00e9rje c\u00e9lk\u00f6z\u00f6ns\u00e9g\u00e9t \u00e9s megteremtse a m\u00e1rkaismerts\u00e9get. Ennek egyik m\u00f3dja a mobilrekl\u00e1m, amely a m\u00e1rka j\u00e1rm\u0171veken t\u00f6rt\u00e9n\u0151 megjelen\u00edt\u00e9s\u00e9t jelenti. A furgonok kiv\u00e1l\u00f3 lehet\u0151s\u00e9get jelentenek a mobilrekl\u00e1moz\u00e1sra, mivel sokoldal\u00faak \u00e9s sz\u00e9les k\u00f6z\u00f6ns\u00e9get \u00e9rnek el. Ebben a cikkben megvitatunk n\u00e9h\u00e1ny \u00f6tletet a furgonokon val\u00f3 rekl\u00e1moz\u00e1sra, hogy seg\u00edts\u00fcnk maximaliz\u00e1lni marketingtev\u00e9kenys\u00e9g\u00e9t. <\/p>\n<div class=\"title\"> 1. J\u00e1rm\u0171f\u00f3li\u00e1k <\/div>\n<p> A j\u00e1rm\u0171f\u00f3li\u00e1k olyan vinilgrafik\u00e1k, amelyeket a j\u00e1rm\u0171 fel\u00fclet\u00e9re visznek fel. Testre szabhat\u00f3k, hogy tartalmazz\u00e1k m\u00e1rk\u00e1ja log\u00f3j\u00e1t, k\u00e9peit \u00e9s el\u00e9rhet\u0151s\u00e9gi adatait. A j\u00e1rm\u0171burkolatok hat\u00e9kony rekl\u00e1moz\u00e1si m\u00f3dszer, mivel felh\u00edvj\u00e1k a figyelmet, \u00e9s mozg\u00f3 hirdet\u0151t\u00e1bl\u00e1t biztos\u00edtanak v\u00e1llalkoz\u00e1sa sz\u00e1m\u00e1ra. Emellett megv\u00e9dhetik a j\u00e1rm\u0171 f\u00e9nyez\u00e9s\u00e9t a karcol\u00e1sokt\u00f3l \u00e9s az UV-sugarakt\u00f3l. <\/p>\n<div class=\"title\"> 2. M\u00e1gneses t\u00e1bl\u00e1k <\/div>\n<p> A m\u00e1gneses t\u00e1bl\u00e1k egy m\u00e1sik lehet\u0151s\u00e9g a furgonokon t\u00f6rt\u00e9n\u0151 rekl\u00e1moz\u00e1sra. K\u00f6nnyen felhelyezhet\u0151k \u00e9s elt\u00e1vol\u00edthat\u00f3k, \u00edgy ide\u00e1lisak olyan v\u00e1llalkoz\u00e1sok sz\u00e1m\u00e1ra, amelyek rendszeresen v\u00e1ltoztatni szeretn\u00e9k rekl\u00e1m\u00fczenet\u00fcket. A m\u00e1gneses t\u00e1bl\u00e1k testre szabhat\u00f3k, hogy tartalmazz\u00e1k a m\u00e1rka log\u00f3j\u00e1t, el\u00e9rhet\u0151s\u00e9gi adatait \u00e9s prom\u00f3ci\u00f3s \u00fczeneteket. Megfizethet\u0151ek is, \u00edgy k\u00f6lts\u00e9ghat\u00e9kony hirdet\u00e9si m\u00f3dszernek sz\u00e1m\u00edtanak. <\/p>\n<div class=\"title\"> 3. Ablakmatric\u00e1k <\/div>\n<p> Az ablakmatric\u00e1k olyan grafik\u00e1k, amelyeket a j\u00e1rm\u0171 ablakaira helyeznek fel. Testre szabhat\u00f3k, hogy tartalmazz\u00e1k m\u00e1rk\u00e1ja log\u00f3j\u00e1t, k\u00e9peket \u00e9s prom\u00f3ci\u00f3s \u00fczeneteket. Az ablakmatric\u00e1k kiv\u00e1l\u00f3 rekl\u00e1moz\u00e1si m\u00f3dszer, mivel felh\u00edvhatj\u00e1k a figyelmet, \u00e9s v\u00e9delmet biztos\u00edtanak a j\u00e1rm\u0171ben \u00fcl\u0151k sz\u00e1m\u00e1ra. Emellett k\u00f6nnyen felhelyezhet\u0151k \u00e9s elt\u00e1vol\u00edthat\u00f3k, \u00edgy ide\u00e1lisak olyan v\u00e1llalkoz\u00e1sok sz\u00e1m\u00e1ra, amelyek rendszeresen v\u00e1ltoztatni szeretn\u00e9k rekl\u00e1m\u00fczenet\u00fcket. <\/p>\n<div class=\"title\"> 4. Tet\u0151feliratok <\/div>\n<p> A tet\u0151feliratok egy m\u00e1sik lehet\u0151s\u00e9g a furgonokon t\u00f6rt\u00e9n\u0151 rekl\u00e1moz\u00e1sra. Ezeket a j\u00e1rm\u0171 tetej\u00e9n helyezik el, \u00e9s testre szabhat\u00f3k, hogy tartalmazz\u00e1k az \u00d6n m\u00e1rk\u00e1j\u00e1nak log\u00f3j\u00e1t \u00e9s prom\u00f3ci\u00f3s \u00fczeneteit. A tet\u0151t\u00e1bl\u00e1k hat\u00e9kony hirdet\u00e9si m\u00f3dszer, mivel m\u00e1r messzir\u0151l felh\u00edvj\u00e1k a figyelmet, \u00e9s mozg\u00f3 hirdet\u0151t\u00e1bl\u00e1t biztos\u00edtanak v\u00e1llalkoz\u00e1sa sz\u00e1m\u00e1ra. Megfizethet\u0151ek is, \u00edgy k\u00f6lts\u00e9ghat\u00e9kony hirdet\u00e9si m\u00f3dszernek sz\u00e1m\u00edtanak. <\/p>\n<div class=\"newlinediv\"><\/div>\n<p> \u00d6sszefoglalva, a mobilrekl\u00e1m hat\u00e9kony m\u00f3dja v\u00e1llalkoz\u00e1sa \u00e9rt\u00e9kes\u00edt\u00e9s\u00e9nek. A furgonok kiv\u00e1l\u00f3 lehet\u0151s\u00e9get jelentenek a mobil rekl\u00e1moz\u00e1sra, mivel sokoldal\u00faak \u00e9s sz\u00e9les k\u00f6z\u00f6ns\u00e9get \u00e9rhetnek el. A furgonokon t\u00f6rt\u00e9n\u0151 rekl\u00e1moz\u00e1sra vonatkoz\u00f3 fenti \u00f6tletek seg\u00edthetnek maximaliz\u00e1lni marketingtev\u00e9kenys\u00e9g\u00e9t \u00e9s megteremteni a m\u00e1rkaismerts\u00e9get. Ak\u00e1r a j\u00e1rm\u0171csomagol\u00e1st, a m\u00e1gneses jeleket, az ablakmatric\u00e1kat vagy a tet\u0151t\u00e1bl\u00e1kat v\u00e1lasztja, a legfontosabb, hogy olyan \u00fczenetet hozzon l\u00e9tre, amely vil\u00e1gos, t\u00f6m\u00f6r \u00e9s eml\u00e9kezetes.<\/p><\/div>\n<div class=\"questions\">\n<div class=\"questionstitle\">FAQ<\/div>\n<div class=\"question\">\n<div class=\"qtitle\"> Hirdethetem v\u00e1llalkoz\u00e1somat az aut\u00f3mon?<\/div>\n<p> Igen, rekl\u00e1mozhatja v\u00e1llalkoz\u00e1s\u00e1t az aut\u00f3j\u00e1n. Ezt a fajta rekl\u00e1mot j\u00e1rm\u0171rekl\u00e1mnak vagy j\u00e1rm\u0171f\u00f3li\u00e1nak nevezik. A j\u00e1rm\u0171rekl\u00e1m hat\u00e9kony m\u00f3dja v\u00e1llalkoz\u00e1sa n\u00e9pszer\u0171s\u00edt\u00e9s\u00e9nek, mivel lehet\u0151v\u00e9 teszi, hogy menet k\u00f6zben sz\u00e9les k\u00f6z\u00f6ns\u00e9get \u00e9rjen el. Ez egy k\u00f6lts\u00e9ghat\u00e9kony marketingstrat\u00e9gia, amely potenci\u00e1lisan nagy nyilv\u00e1noss\u00e1got gener\u00e1lhat v\u00e1llalkoz\u00e1sa sz\u00e1m\u00e1ra. <\/p>\n<div class=\"newlinediv\"><\/div>\n<p> A j\u00e1rm\u0171rekl\u00e1mnak k\u00fcl\u00f6nb\u00f6z\u0151 t\u00edpusai l\u00e9teznek, bele\u00e9rtve a teljes burkolatokat, a r\u00e9szleges burkolatokat \u00e9s a vinil feliratokat. A teljes f\u00f3li\u00e1z\u00e1s az eg\u00e9sz aut\u00f3t grafik\u00e1val bor\u00edtja, m\u00edg a r\u00e9szleges f\u00f3li\u00e1z\u00e1s csak a j\u00e1rm\u0171 egy r\u00e9sz\u00e9t fedi le. A vinyl feliratoz\u00e1s sor\u00e1n a v\u00e1llalkoz\u00e1s nev\u00e9t, log\u00f3j\u00e1t \u00e9s el\u00e9rhet\u0151s\u00e9g\u00e9t vinyl feliratoz\u00e1ssal helyezik el az aut\u00f3n. <\/p>\n<div class=\"newlinediv\"><\/div>\n<p> Amikor j\u00e1rm\u0171rekl\u00e1mot fontolgat, fontos, hogy a design figyelemfelkelt\u0151 \u00e9s k\u00f6nnyen olvashat\u00f3 legyen. A feliratnak tartalmaznia kell a v\u00e1llalkoz\u00e1s nev\u00e9t, log\u00f3j\u00e1t \u00e9s el\u00e9rhet\u0151s\u00e9g\u00e9t is. Ez seg\u00edt a potenci\u00e1lis \u00fcgyfeleknek abban, hogy k\u00f6nnyen felismerj\u00e9k v\u00e1llalkoz\u00e1s\u00e1t, \u00e9s felvegy\u00e9k \u00d6nnel a kapcsolatot, ha \u00e9rdekl\u0151dnek term\u00e9kei vagy szolg\u00e1ltat\u00e1sai ir\u00e1nt. <\/p>\n<div class=\"newlinediv\"><\/div>\n<p> A j\u00e1rm\u0171rekl\u00e1mokra vonatkoz\u00f3 helyi t\u00f6rv\u00e9nyeknek \u00e9s rendeleteknek is felt\u00e9tlen\u00fcl meg kell felelnie. Egyes ter\u00fcleteken korl\u00e1toz\u00e1sok vannak a j\u00e1rm\u0171rekl\u00e1mok m\u00e9ret\u00e9re \u00e9s elhelyez\u00e9s\u00e9re vonatkoz\u00f3an, ez\u00e9rt fontos, hogy miel\u0151tt ilyen t\u00edpus\u00fa rekl\u00e1mot folytatna, t\u00e1j\u00e9koz\u00f3djon a helyi hat\u00f3s\u00e1gokn\u00e1l. <\/p>\n<div class=\"newlinediv\"><\/div>\n<p> \u00d6sszefoglalva, az aut\u00f3j\u00e1n val\u00f3 hirdet\u00e9s egy \u00e9letk\u00e9pes marketingstrat\u00e9gia, amely seg\u00edthet sz\u00e9lesebb k\u00f6z\u00f6ns\u00e9g el\u00e9r\u00e9s\u00e9ben, \u00e9s nagyobb nyilv\u00e1noss\u00e1got teremthet v\u00e1llalkoz\u00e1sa sz\u00e1m\u00e1ra. K\u00f6lts\u00e9ghat\u00e9kony, \u00e9s az \u00d6n egyedi ig\u00e9nyeihez igaz\u00edthat\u00f3. Fontos azonban, hogy a design j\u00f3l kidolgozott legyen, \u00e9s megfeleljen a helyi t\u00f6rv\u00e9nyeknek \u00e9s el\u0151\u00edr\u00e1soknak. <\/p>\n<\/div>\n<div class=\"question\">\n<div class=\"qtitle\"> Hogyan \u00edrjon f\u00fclbem\u00e1sz\u00f3 \u00e9rt\u00e9kes\u00edt\u00e9si hirdet\u00e9st?<\/div>\n<p> A f\u00fclbem\u00e1sz\u00f3 \u00e9rt\u00e9kes\u00edt\u00e9si hirdet\u00e9s meg\u00edr\u00e1sa arr\u00f3l sz\u00f3l, hogy megragadja a potenci\u00e1lis v\u00e1s\u00e1rl\u00f3k figyelm\u00e9t, \u00e9s cselekv\u00e9sre b\u00edrja \u0151ket. \u00cdme n\u00e9h\u00e1ny tipp a f\u00fclbem\u00e1sz\u00f3 \u00e9rt\u00e9kes\u00edt\u00e9si hirdet\u00e9s meg\u00edr\u00e1s\u00e1hoz: <\/p>\n<div class=\"newlinediv\"><\/div>\n<p> 1. Kezdje er\u0151s f\u0151c\u00edmmel: A f\u0151c\u00edm\u00e9nek figyelemfelkelt\u0151nek kell lennie, \u00e9s arra kell k\u00e9sztetnie az olvas\u00f3t, hogy t\u00f6bbet akarjon megtudni. Vil\u00e1gosan k\u00f6z\u00f6lnie kell a term\u00e9k vagy szolg\u00e1ltat\u00e1s \u00e1ltal ny\u00fajtott el\u0151nyt vagy aj\u00e1nlatot. <\/p>\n<div class=\"newlinediv\"><\/div>\n<p> 2. Emelje ki az el\u0151ny\u00f6ket: Koncentr\u00e1ljon a term\u00e9k vagy szolg\u00e1ltat\u00e1s ny\u00fajtotta el\u0151ny\u00f6kre, ne csak a tulajdons\u00e1gokra. Magyar\u00e1zza el, hogyan old meg egy probl\u00e9m\u00e1t, vagy hogyan teszi jobb\u00e1 az \u00fcgyf\u00e9l \u00e9let\u00e9t. <\/p>\n<div class=\"newlinediv\"><\/div>\n<p> 3. Haszn\u00e1ljon meggy\u0151z\u0151 nyelvezetet: Haszn\u00e1ljon olyan nyelvezetet, amely meggy\u0151z\u0151 \u00e9s cselekv\u00e9sre \u00f6szt\u00f6nzi az olvas\u00f3t. Haszn\u00e1ljon olyan szavakat, mint &#8222;most&#8221;, &#8222;korl\u00e1tozott id\u0151&#8221; \u00e9s &#8222;cselekedjen gyorsan&#8221;, hogy s\u00fcrg\u0151ss\u00e9g \u00e9rzet\u00e9t keltse. <\/p>\n<div class=\"newlinediv\"><\/div>\n<p> 4. Adjon t\u00e1rsadalmi bizony\u00edt\u00e9kot: Tartalmazzon olyan v\u00e1s\u00e1rl\u00f3i besz\u00e1mol\u00f3kat vagy statisztik\u00e1kat, amelyek bizony\u00edtj\u00e1k a term\u00e9k vagy szolg\u00e1ltat\u00e1s hat\u00e9konys\u00e1g\u00e1t. <\/p>\n<div class=\"newlinediv\"><\/div>\n<p> 5. K\u00f6nny\u00edtse meg a cselekv\u00e9st: Adjon egy\u00e9rtelm\u0171 utas\u00edt\u00e1sokat arra vonatkoz\u00f3an, hogy az \u00fcgyf\u00e9l hogyan v\u00e1s\u00e1rolhat, vagy hogyan haszn\u00e1lhatja ki az aj\u00e1nlat\u00e1t. Tartalmazzon egy cselekv\u00e9sre val\u00f3 felh\u00edv\u00e1st, amely arra \u00f6szt\u00f6nzi \u0151ket, hogy most cselekedjenek. <\/p>\n<div class=\"newlinediv\"><\/div>\n<p> 6. Legyen t\u00f6m\u00f6r: Tartsa a hirdet\u00e9s\u00e9t r\u00f6vidnek \u00e9s l\u00e9nyegre t\u00f6r\u0151nek. Haszn\u00e1ljon felsorol\u00e1spontokat vagy alc\u00edmeket a sz\u00f6veg tagol\u00e1sa \u00e9s k\u00f6nnyebb olvashat\u00f3s\u00e1ga \u00e9rdek\u00e9ben. <\/p>\n<div class=\"newlinediv\"><\/div>\n<p> \u00d6sszess\u00e9g\u00e9ben egy frapp\u00e1ns \u00e9rt\u00e9kes\u00edt\u00e9si hirdet\u00e9snek az \u00fcgyf\u00e9lre kell \u00f6sszpontos\u00edtania, \u00e9s meggy\u0151z\u0151en \u00e9s figyelemfelkelt\u0151en kell kommunik\u00e1lnia a term\u00e9k vagy szolg\u00e1ltat\u00e1s el\u0151nyeit.<\/p>\n<\/div>\n<\/div>\n","protected":false},"excerpt":{"rendered":"<p>V\u00e1llalkoz\u00e1s\u00e1nak marketingje a n\u00f6veked\u00e9s \u00e9s a siker alapvet\u0151 szempontja. Be kell fektetnie a rekl\u00e1mba, hogy el\u00e9rje c\u00e9lk\u00f6z\u00f6ns\u00e9g\u00e9t \u00e9s megteremtse a m\u00e1rkaismerts\u00e9get. Ennek egyik m\u00f3dja a mobilrekl\u00e1m, amely a m\u00e1rka j\u00e1rm\u0171veken t\u00f6rt\u00e9n\u0151 megjelen\u00edt\u00e9s\u00e9t jelenti. A furgonok kiv\u00e1l\u00f3 lehet\u0151s\u00e9get jelentenek a mobilrekl\u00e1moz\u00e1sra, mivel sokoldal\u00faak \u00e9s sz\u00e9les k\u00f6z\u00f6ns\u00e9get \u00e9rnek el. Ebben a cikkben megvitatunk n\u00e9h\u00e1ny \u00f6tletet a furgonokon &#8230; <a title=\"A j\u00e1rm\u0171rekl\u00e1mok fontoss\u00e1ga v\u00e1llalkoz\u00e1sa sz\u00e1m\u00e1ra\" class=\"read-more\" href=\"https:\/\/megnyitasa.com\/tudas\/a-jarmureklamok-fontossaga-vallalkozasa-szamara\/\" aria-label=\"Read more about A j\u00e1rm\u0171rekl\u00e1mok fontoss\u00e1ga v\u00e1llalkoz\u00e1sa sz\u00e1m\u00e1ra\">Read more<\/a><\/p>\n","protected":false},"author":477,"featured_media":0,"comment_status":"closed","ping_status":"closed","sticky":false,"template":"","format":"standard","meta":{"footnotes":""},"categories":[6],"tags":[],"class_list":["post-14717","post","type-post","status-publish","format-standard","hentry","category-reklam-es-marketing"],"_links":{"self":[{"href":"https:\/\/megnyitasa.com\/tudas\/wp-json\/wp\/v2\/posts\/14717","targetHints":{"allow":["GET"]}}],"collection":[{"href":"https:\/\/megnyitasa.com\/tudas\/wp-json\/wp\/v2\/posts"}],"about":[{"href":"https:\/\/megnyitasa.com\/tudas\/wp-json\/wp\/v2\/types\/post"}],"author":[{"embeddable":true,"href":"https:\/\/megnyitasa.com\/tudas\/wp-json\/wp\/v2\/users\/477"}],"replies":[{"embeddable":true,"href":"https:\/\/megnyitasa.com\/tudas\/wp-json\/wp\/v2\/comments?post=14717"}],"version-history":[{"count":0,"href":"https:\/\/megnyitasa.com\/tudas\/wp-json\/wp\/v2\/posts\/14717\/revisions"}],"wp:attachment":[{"href":"https:\/\/megnyitasa.com\/tudas\/wp-json\/wp\/v2\/media?parent=14717"}],"wp:term":[{"taxonomy":"category","embeddable":true,"href":"https:\/\/megnyitasa.com\/tudas\/wp-json\/wp\/v2\/categories?post=14717"},{"taxonomy":"post_tag","embeddable":true,"href":"https:\/\/megnyitasa.com\/tudas\/wp-json\/wp\/v2\/tags?post=14717"}],"curies":[{"name":"wp","href":"https:\/\/api.w.org\/{rel}","templated":true}]}}