{"id":14727,"date":"2023-04-24T00:00:00","date_gmt":"2023-04-24T00:00:00","guid":{"rendered":"https:\/\/megnyitasa.com\/tudas\/a-munkahelyi-szocialis-dinamika-megertesenek-fontossaga\/"},"modified":"2023-04-24T00:00:00","modified_gmt":"2023-04-24T00:00:00","slug":"a-munkahelyi-szocialis-dinamika-megertesenek-fontossaga","status":"publish","type":"post","link":"https:\/\/megnyitasa.com\/tudas\/a-munkahelyi-szocialis-dinamika-megertesenek-fontossaga\/","title":{"rendered":"A munkahelyi szoci\u00e1lis dinamika meg\u00e9rt\u00e9s\u00e9nek fontoss\u00e1ga"},"content":{"rendered":"<div class=\"articlecontent\">\n<div class=\"newlinediv\"><\/div>\n<p> A szervezeten bel\u00fcli szoci\u00e1lis k\u00f6rnyezet jelent\u0151s hat\u00e1ssal lehet a munkav\u00e1llal\u00f3k el\u00e9gedetts\u00e9g\u00e9re, termel\u00e9kenys\u00e9g\u00e9re \u00e9s \u00e1ltal\u00e1nos siker\u00e9re. Ennek eredm\u00e9nyek\u00e9ppen a vezet\u0151k sz\u00e1m\u00e1ra l\u00e9tfontoss\u00e1g\u00fa, hogy meg\u00e9rts\u00e9k a szoci\u00e1lis dinamik\u00e1t befoly\u00e1sol\u00f3 t\u00e9nyez\u0151ket, \u00e9s l\u00e9p\u00e9seket tegyenek a pozit\u00edv \u00e9s t\u00e1mogat\u00f3 munkahelyi kult\u00fara megteremt\u00e9se \u00e9rdek\u00e9ben. <\/p>\n<div class=\"newlinediv\"><\/div>\n<p> A szoci\u00e1lis k\u00f6rnyezet egyik legbefoly\u00e1sosabb t\u00e9nyez\u0151je a vezet\u00e9s. A vezet\u0151k adj\u00e1k meg a szervezet alaphangj\u00e1t, \u00e9s jelent\u0151s hat\u00e1ssal vannak az alkalmazottak mor\u00e1lj\u00e1ra \u00e9s viselked\u00e9s\u00e9re. Azok a vezet\u0151k, akik megk\u00f6zel\u00edthet\u0151ek, kommunikat\u00edvak \u00e9s t\u00e1mogat\u00f3ak, \u00e1ltal\u00e1ban pozit\u00edvabb munkahelyi k\u00f6rnyezetet teremtenek, m\u00edg azok, akik t\u00e1vols\u00e1gtart\u00f3ak, kritikusak vagy nem reag\u00e1lnak, m\u00e9rgez\u0151 munkahelyi kult\u00far\u00e1t hozhatnak l\u00e9tre. <\/p>\n<div class=\"newlinediv\"><\/div>\n<p> Egy m\u00e1sik fontos t\u00e9nyez\u0151 a szervezeten bel\u00fcli soksz\u00edn\u0171s\u00e9g szintje. A soksz\u00edn\u0171 munkaer\u0151 sokf\u00e9le n\u00e9z\u0151pontot \u00e9s tapasztalatot hozhat az asztalra, ami nagyobb innov\u00e1ci\u00f3hoz \u00e9s kreativit\u00e1shoz vezethet. Ha azonban az egy\u00e9nek nem \u00e9rzik magukat bevontnak vagy megbecs\u00fcltnek, a soksz\u00edn\u0171s\u00e9g fesz\u00fclts\u00e9ghez \u00e9s konfliktushoz vezethet a munkahelyen bel\u00fcl. <\/p>\n<div class=\"newlinediv\"><\/div>\n<p> A kommunik\u00e1ci\u00f3 szint\u00e9n kulcsfontoss\u00e1g\u00fa a pozit\u00edv szoci\u00e1lis k\u00f6rnyezet szempontj\u00e1b\u00f3l. Az egy\u00e9rtelm\u0171 \u00e9s ny\u00edlt kommunik\u00e1ci\u00f3 el\u0151seg\u00edti a bizalmat \u00e9s a munkahelyi k\u00f6z\u00f6ss\u00e9g \u00e9rz\u00e9s\u00e9t. M\u00e1sr\u00e9szt a rossz kommunik\u00e1ci\u00f3 f\u00e9lre\u00e9rt\u00e9sekhez, konfliktusokhoz \u00e9s a csapattagok k\u00f6z\u00f6tti koh\u00e9zi\u00f3 hi\u00e1ny\u00e1hoz vezethet. <\/p>\n<div class=\"newlinediv\"><\/div>\n<p> V\u00e9g\u00fcl a fizikai k\u00f6rnyezet is szerepet j\u00e1tszhat a szoci\u00e1lis dinamik\u00e1ban. Az egy\u00fcttm\u0171k\u00f6d\u00e9st \u00e9s interakci\u00f3t el\u0151seg\u00edt\u0151 irodai elrendez\u00e9s el\u0151seg\u00edtheti a k\u00f6z\u00f6ss\u00e9gi \u00e9rz\u00e9st, m\u00edg az egy\u00e9neket elszigetel\u0151 elrendez\u00e9s elszigeteltebb \u00e9s individualist\u00e1bb munkahelyi kult\u00far\u00e1hoz vezethet. <\/p>\n<div class=\"newlinediv\"><\/div>\n<p> \u00d6sszefoglalva, a szervezet t\u00e1rsadalmi k\u00f6rnyezet\u00e9t befoly\u00e1sol\u00f3 t\u00e9nyez\u0151k meg\u00e9rt\u00e9se kritikus fontoss\u00e1g\u00fa a pozit\u00edv munkahelyi kult\u00fara megteremt\u00e9s\u00e9hez. A hat\u00e9kony vezet\u00e9sre, a soksz\u00edn\u0171s\u00e9gre \u00e9s befogad\u00e1sra, a kommunik\u00e1ci\u00f3ra \u00e9s a fizikai k\u00f6rnyezetre \u00f6sszpontos\u00edtva a szervezetek olyan t\u00e1mogat\u00f3 k\u00f6rnyezetet hozhatnak l\u00e9tre, amely el\u0151seg\u00edti a munkav\u00e1llal\u00f3k el\u00e9gedetts\u00e9g\u00e9t \u00e9s termel\u00e9kenys\u00e9g\u00e9t.<\/p><\/div>\n<div class=\"questions\">\n<div class=\"questionstitle\">FAQ<\/div>\n<div class=\"question\">\n<div class=\"qtitle\"> Mit jelent egy szervezet t\u00e1rsadalmi k\u00f6rnyezete?<\/div>\n<p> Egy szervezet t\u00e1rsadalmi k\u00f6rnyezete a szervezeten bel\u00fcli emberek \u00e1ltal\u00e1nos hozz\u00e1\u00e1ll\u00e1s\u00e1ra, hiedelmeire, \u00e9rt\u00e9keire \u00e9s viselked\u00e9s\u00e9re, valamint az ezen emberek k\u00f6z\u00f6tti kapcsolatokra utal. Ide tartoznak a szervezet form\u00e1lis \u00e9s inform\u00e1lis strukt\u00far\u00e1i, kommunik\u00e1ci\u00f3s mint\u00e1i, hatalmi dinamik\u00e1ja \u00e9s kult\u00far\u00e1ja. A szoci\u00e1lis k\u00f6rnyezet nagym\u00e9rt\u00e9kben befoly\u00e1solhatja a munkav\u00e1llal\u00f3k mor\u00e1lj\u00e1t, a munk\u00e1val val\u00f3 el\u00e9gedetts\u00e9get \u00e9s a termel\u00e9kenys\u00e9get. A pozit\u00edv szoci\u00e1lis k\u00f6rnyezet el\u0151seg\u00edtheti az egy\u00fcttm\u0171k\u00f6d\u00e9st, az innov\u00e1ci\u00f3t \u00e9s az \u00f6sszetartoz\u00e1s \u00e9rz\u00e9s\u00e9t a munkav\u00e1llal\u00f3k k\u00f6r\u00e9ben, m\u00edg a negat\u00edv szoci\u00e1lis k\u00f6rnyezet magas fluktu\u00e1ci\u00f3s ar\u00e1nyhoz, konfliktusokhoz \u00e9s cs\u00f6kkent munkateljes\u00edtm\u00e9nyhez vezethet. Ez\u00e9rt fontos, hogy a szervezetek priorit\u00e1sk\u00e9nt kezelj\u00e9k a pozit\u00edv szoci\u00e1lis k\u00f6rnyezet megteremt\u00e9s\u00e9t a ny\u00edlt kommunik\u00e1ci\u00f3, az \u00e1tl\u00e1that\u00f3s\u00e1g, a k\u00f6lcs\u00f6n\u00f6s tisztelet \u00e9s a k\u00f6z\u00f6s c\u00e9ltudatoss\u00e1g el\u0151mozd\u00edt\u00e1s\u00e1val az alkalmazottak k\u00f6r\u00e9ben. Ezt k\u00fcl\u00f6nb\u00f6z\u0151 kezdem\u00e9nyez\u00e9sekkel, p\u00e9ld\u00e1ul csapat\u00e9p\u00edt\u0151 tev\u00e9kenys\u00e9gekkel, soksz\u00edn\u0171s\u00e9gi \u00e9s befogad\u00e1si programokkal, valamint vezet\u0151k\u00e9pz\u00e9si lehet\u0151s\u00e9gekkel lehet el\u00e9rni. V\u00e9gs\u0151 soron az eg\u00e9szs\u00e9ges szoci\u00e1lis k\u00f6rnyezet elengedhetetlen minden szervezet siker\u00e9hez \u00e9s fenntarthat\u00f3s\u00e1g\u00e1hoz. <\/p>\n<\/div>\n<div class=\"question\">\n<div class=\"qtitle\"> Mi az 5 szoci\u00e1lis t\u00e9nyez\u0151?<\/div>\n<p> Az \u00f6t t\u00e1rsadalmi t\u00e9nyez\u0151, amely hat\u00e1ssal lehet egy v\u00e1llalkoz\u00e1sra vagy szervezetre, a k\u00f6vetkez\u0151: <\/p>\n<div class=\"newlinediv\"><\/div>\n<p> 1. Demogr\u00e1fia: Ez a n\u00e9pess\u00e9g jellemz\u0151ire utal, mint p\u00e9ld\u00e1ul \u00e9letkor, nem, j\u00f6vedelem, iskolai v\u00e9gzetts\u00e9g \u00e9s faji hovatartoz\u00e1s. A c\u00e9lk\u00f6z\u00f6ns\u00e9g demogr\u00e1fiai jellemz\u0151inek meg\u00e9rt\u00e9se seg\u00edthet abban, hogy term\u00e9keit vagy szolg\u00e1ltat\u00e1sait az \u0151 ig\u00e9nyeikhez igaz\u00edtsa. <\/p>\n<div class=\"newlinediv\"><\/div>\n<p> 2. Kult\u00fara: Ide tartoznak egy t\u00e1rsadalom k\u00f6z\u00f6s \u00e9rt\u00e9kei, hiedelmei \u00e9s szok\u00e1sai. Egy k\u00fclf\u00f6ldi orsz\u00e1gban m\u0171k\u00f6d\u0151 vagy multikultur\u00e1lis \u00fcgyf\u00e9lk\u00f6rt kiszolg\u00e1l\u00f3 v\u00e1llalkoz\u00e1snak tiszt\u00e1ban kell lennie a kultur\u00e1lis k\u00fcl\u00f6nbs\u00e9gekkel, \u00e9s gyakorlat\u00e1t ennek megfelel\u0151en kell alak\u00edtania. <\/p>\n<div class=\"newlinediv\"><\/div>\n<p> 3. T\u00e1rsadalmi oszt\u00e1ly: Egy szem\u00e9ly vagy csoport t\u00e1rsadalmi-gazdas\u00e1gi st\u00e1tusz\u00e1ra utal, amely befoly\u00e1solhatja v\u00e1s\u00e1rl\u00e1si szok\u00e1saikat \u00e9s preferenci\u00e1ikat. P\u00e9ld\u00e1ul egy luxusm\u00e1rka a magas j\u00f6vedelm\u0171 fogyaszt\u00f3kat c\u00e9lozhatja meg, m\u00edg egy diszkont kiskeresked\u0151 a p\u00e9nzt\u00e1rcabar\u00e1t v\u00e1s\u00e1rl\u00f3kat sz\u00f3l\u00edthatja meg. <\/p>\n<div class=\"newlinediv\"><\/div>\n<p> 4. Csal\u00e1di \u00e9s t\u00e1rsadalmi h\u00e1l\u00f3zatok: Ezek az emberek egym\u00e1shoz f\u0171z\u0151d\u0151 kapcsolataira \u00e9s kapcsolataira utalnak, amelyek hat\u00e1ssal lehetnek a d\u00f6nt\u00e9shozatalukra. P\u00e9ld\u00e1ul el\u0151fordulhat, hogy valaki az\u00e9rt d\u00f6nt egy term\u00e9k megv\u00e1s\u00e1rl\u00e1sa mellett, mert bar\u00e1tai vagy csal\u00e1dtagjai aj\u00e1nlj\u00e1k azt. <\/p>\n<div class=\"newlinediv\"><\/div>\n<p> 5. \u00c9letm\u00f3d \u00e9s \u00e9rt\u00e9kek: Ez mag\u00e1ban foglalja az emberek \u00e9letm\u00f3dj\u00e1t \u00e9s az \u00e1ltaluk priorit\u00e1sk\u00e9nt kezelt \u00e9rt\u00e9keket. Egy olyan v\u00e1llalkoz\u00e1s, amely a k\u00f6rnyezetbar\u00e1ts\u00e1got n\u00e9pszer\u0171s\u00edti, olyan \u00fcgyfeleket vonzhat, akiknek fontos a fenntarthat\u00f3s\u00e1g, m\u00edg egy olyan v\u00e1llalat, amely a munka \u00e9s a mag\u00e1n\u00e9let egyens\u00faly\u00e1t hangs\u00falyozza, olyan munkav\u00e1llal\u00f3kat vonzhat, akik a mag\u00e1n\u00e9let\u00fcket helyezik el\u0151t\u00e9rbe. <\/p>\n<\/div>\n<div class=\"question\">\n<div class=\"qtitle\"> Hogyan befoly\u00e1solj\u00e1k a t\u00e1rsadalmi t\u00e9nyez\u0151k a szervezeti kult\u00far\u00e1t?<\/div>\n<p> A szervezeti kult\u00far\u00e1t sz\u00e1mos t\u00e9nyez\u0151 alak\u00edtja, \u00e9s a t\u00e1rsadalmi t\u00e9nyez\u0151k a legjelent\u0151sebbek k\u00f6z\u00e9 tartoznak. A t\u00e1rsadalmi t\u00e9nyez\u0151k k\u00f6z\u00e9 tartoznak a szervezeten bel\u00fcli egy\u00e9nek \u00e9s csoportok attit\u0171djei, hiedelmei \u00e9s viselked\u00e9se, valamint a sz\u00e9lesebb k\u00f6r\u0171 t\u00e1rsadalmi trendek \u00e9s norm\u00e1k. \u00cdme n\u00e9h\u00e1ny m\u00f3d, ahogyan a t\u00e1rsadalmi t\u00e9nyez\u0151k befoly\u00e1solhatj\u00e1k a szervezeti kult\u00far\u00e1t: <\/p>\n<div class=\"newlinediv\"><\/div>\n<p> 1. Soksz\u00edn\u0171s\u00e9g: A soksz\u00edn\u0171s\u00e9get \u00e9s befogad\u00e1st el\u0151t\u00e9rbe helyez\u0151 szervezetek \u00e1ltal\u00e1ban nyitottabb \u00e9s befogad\u00f3bb kult\u00far\u00e1val rendelkeznek. Ha a munkav\u00e1llal\u00f3k \u00fagy \u00e9rzik, hogy megbecs\u00fclik \u0151ket k\u00fcl\u00f6nb\u00f6z\u0151s\u00e9g\u00fck miatt, \u00e9s arra \u00f6szt\u00f6nzik \u0151ket, hogy megossz\u00e1k n\u00e9z\u0151pontjaikat, az kreat\u00edvabb \u00e9s innovat\u00edvabb munkahelyet eredm\u00e9nyezhet. <\/p>\n<div class=\"newlinediv\"><\/div>\n<p> 2. Vezet\u0151i st\u00edlus: Egy szervezet vezet\u00e9si st\u00edlusa jelent\u0151s hat\u00e1ssal lehet a szervezet kult\u00far\u00e1j\u00e1ra. Azok a vezet\u0151k, akik az egy\u00fcttm\u0171k\u00f6d\u00e9st, a kommunik\u00e1ci\u00f3t \u00e9s az \u00e1tl\u00e1that\u00f3s\u00e1got helyezik el\u0151t\u00e9rbe, \u00e1ltal\u00e1ban pozit\u00edvabb \u00e9s t\u00e1mogat\u00f3bb kult\u00far\u00e1t t\u00e1mogatnak. <\/p>\n<div class=\"newlinediv\"><\/div>\n<p> 3. Kommunik\u00e1ci\u00f3: A hat\u00e9kony kommunik\u00e1ci\u00f3 kulcsfontoss\u00e1g\u00fa az er\u0151s szervezeti kult\u00fara kialak\u00edt\u00e1s\u00e1hoz. Ha a munkav\u00e1llal\u00f3k \u00fagy \u00e9rzik, hogy meghallgatj\u00e1k \u00e9s \u00e9rt\u00e9kelik \u0151ket, nagyobb val\u00f3sz\u00edn\u0171s\u00e9ggel lesznek elk\u00f6telezettek \u00e9s elk\u00f6telezettek a szervezet c\u00e9ljai ir\u00e1nt. <\/p>\n<div class=\"newlinediv\"><\/div>\n<p> 4. T\u00e1rsadalmi norm\u00e1k: Egy szervezet t\u00e1rsadalmi norm\u00e1i pozit\u00edv \u00e9s negat\u00edv m\u00f3don egyar\u00e1nt befoly\u00e1solhatj\u00e1k a szervezet kult\u00far\u00e1j\u00e1t. Ha p\u00e9ld\u00e1ul az a norma, hogy hossz\u00fa \u00f3r\u00e1kat kell dolgozni \u00e9s fel\u00e1ldozni a szem\u00e9lyes id\u0151t a v\u00e1llalat \u00e9rdek\u00e9ben, az ki\u00e9g\u00e9shez \u00e9s m\u00e9rgez\u0151 munkahelyi k\u00f6rnyezethez vezethet. <\/p>\n<div class=\"newlinediv\"><\/div>\n<p> 5. Munkav\u00e1llal\u00f3i elk\u00f6telezetts\u00e9g: Azok a szervezetek, amelyek kiemelten kezelik a munkav\u00e1llal\u00f3k elk\u00f6telezetts\u00e9g\u00e9t, \u00e1ltal\u00e1ban pozit\u00edvabb \u00e9s t\u00e1mogat\u00f3bb kult\u00far\u00e1val rendelkeznek. Ha a munkav\u00e1llal\u00f3k \u00fagy \u00e9rzik, hogy k\u00f6t\u0151dnek a szervezethez \u00e9s annak k\u00fcldet\u00e9s\u00e9hez, nagyobb val\u00f3sz\u00edn\u0171s\u00e9ggel lesznek elk\u00f6telezettek \u00e9s motiv\u00e1ltak. <\/p>\n<div class=\"newlinediv\"><\/div>\n<p> \u00d6sszess\u00e9g\u00e9ben a t\u00e1rsadalmi t\u00e9nyez\u0151k jelent\u0151s szerepet j\u00e1tszanak a szervezeti kult\u00fara alak\u00edt\u00e1s\u00e1ban. A soksz\u00edn\u0171s\u00e9g, a hat\u00e9kony kommunik\u00e1ci\u00f3 \u00e9s a munkav\u00e1llal\u00f3k elk\u00f6telezetts\u00e9g\u00e9nek el\u0151t\u00e9rbe helyez\u00e9s\u00e9vel a szervezetek pozit\u00edv \u00e9s t\u00e1mogat\u00f3 kult\u00far\u00e1t hozhatnak l\u00e9tre, amely nagyobb termel\u00e9kenys\u00e9ghez, innov\u00e1ci\u00f3hoz \u00e9s sikerhez vezet.<\/p>\n<\/div>\n<\/div>\n","protected":false},"excerpt":{"rendered":"<p>A szervezeten bel\u00fcli szoci\u00e1lis k\u00f6rnyezet jelent\u0151s hat\u00e1ssal lehet a munkav\u00e1llal\u00f3k el\u00e9gedetts\u00e9g\u00e9re, termel\u00e9kenys\u00e9g\u00e9re \u00e9s \u00e1ltal\u00e1nos siker\u00e9re. Ennek eredm\u00e9nyek\u00e9ppen a vezet\u0151k sz\u00e1m\u00e1ra l\u00e9tfontoss\u00e1g\u00fa, hogy meg\u00e9rts\u00e9k a szoci\u00e1lis dinamik\u00e1t befoly\u00e1sol\u00f3 t\u00e9nyez\u0151ket, \u00e9s l\u00e9p\u00e9seket tegyenek a pozit\u00edv \u00e9s t\u00e1mogat\u00f3 munkahelyi kult\u00fara megteremt\u00e9se \u00e9rdek\u00e9ben. A szoci\u00e1lis k\u00f6rnyezet egyik legbefoly\u00e1sosabb t\u00e9nyez\u0151je a vezet\u00e9s. A vezet\u0151k adj\u00e1k meg a szervezet alaphangj\u00e1t, \u00e9s &#8230; <a title=\"A munkahelyi szoci\u00e1lis dinamika meg\u00e9rt\u00e9s\u00e9nek fontoss\u00e1ga\" class=\"read-more\" href=\"https:\/\/megnyitasa.com\/tudas\/a-munkahelyi-szocialis-dinamika-megertesenek-fontossaga\/\" aria-label=\"Read more about A munkahelyi szoci\u00e1lis dinamika meg\u00e9rt\u00e9s\u00e9nek fontoss\u00e1ga\">Read more<\/a><\/p>\n","protected":false},"author":1824,"featured_media":0,"comment_status":"closed","ping_status":"closed","sticky":false,"template":"","format":"standard","meta":{"footnotes":""},"categories":[9],"tags":[],"class_list":["post-14727","post","type-post","status-publish","format-standard","hentry","category-uzleti-modellek-es-szervezeti-struktura"],"_links":{"self":[{"href":"https:\/\/megnyitasa.com\/tudas\/wp-json\/wp\/v2\/posts\/14727","targetHints":{"allow":["GET"]}}],"collection":[{"href":"https:\/\/megnyitasa.com\/tudas\/wp-json\/wp\/v2\/posts"}],"about":[{"href":"https:\/\/megnyitasa.com\/tudas\/wp-json\/wp\/v2\/types\/post"}],"author":[{"embeddable":true,"href":"https:\/\/megnyitasa.com\/tudas\/wp-json\/wp\/v2\/users\/1824"}],"replies":[{"embeddable":true,"href":"https:\/\/megnyitasa.com\/tudas\/wp-json\/wp\/v2\/comments?post=14727"}],"version-history":[{"count":0,"href":"https:\/\/megnyitasa.com\/tudas\/wp-json\/wp\/v2\/posts\/14727\/revisions"}],"wp:attachment":[{"href":"https:\/\/megnyitasa.com\/tudas\/wp-json\/wp\/v2\/media?parent=14727"}],"wp:term":[{"taxonomy":"category","embeddable":true,"href":"https:\/\/megnyitasa.com\/tudas\/wp-json\/wp\/v2\/categories?post=14727"},{"taxonomy":"post_tag","embeddable":true,"href":"https:\/\/megnyitasa.com\/tudas\/wp-json\/wp\/v2\/tags?post=14727"}],"curies":[{"name":"wp","href":"https:\/\/api.w.org\/{rel}","templated":true}]}}