{"id":14749,"date":"2023-04-24T00:00:00","date_gmt":"2023-04-24T00:00:00","guid":{"rendered":"https:\/\/megnyitasa.com\/tudas\/a-munkahelyi-technologiai-iranyelvek-kialakitasanak-fontossaga\/"},"modified":"2023-04-24T00:00:00","modified_gmt":"2023-04-24T00:00:00","slug":"a-munkahelyi-technologiai-iranyelvek-kialakitasanak-fontossaga","status":"publish","type":"post","link":"https:\/\/megnyitasa.com\/tudas\/a-munkahelyi-technologiai-iranyelvek-kialakitasanak-fontossaga\/","title":{"rendered":"A munkahelyi technol\u00f3giai ir\u00e1nyelvek kialak\u00edt\u00e1s\u00e1nak fontoss\u00e1ga"},"content":{"rendered":"<div class=\"articlecontent\">\n<div class=\"newlinediv\"><\/div>\n<p> A mai digit\u00e1lis korban a technol\u00f3gia mindennapi \u00e9let\u00fcnk szerves r\u00e9sz\u00e9v\u00e9 v\u00e1lt. K\u00f6nnyebb\u00e9 \u00e9s k\u00e9nyelmesebb\u00e9 tette az \u00e9let\u00fcnket, de \u00faj kih\u00edv\u00e1sokat \u00e9s kock\u00e1zatokat is hozott mag\u00e1val. Ez\u00e9rt fontos, hogy a v\u00e1llalatok technol\u00f3giai ir\u00e1nyelveket hozzanak l\u00e9tre, hogy megv\u00e9dj\u00e9k eszk\u00f6zeiket, alkalmazottaikat \u00e9s h\u00edrnev\u00fcket. <\/p>\n<div class=\"newlinediv\"><\/div>\n<p> A v\u00e1llalatok ig\u00e9nyeikt\u0151l \u00e9s c\u00e9ljaikt\u00f3l f\u00fcgg\u0151en t\u00f6bbf\u00e9le technol\u00f3giai szab\u00e1lyzatot vezethetnek be. Az egyik leggyakoribb ir\u00e1nyelv az elfogadhat\u00f3 haszn\u00e1latra vonatkoz\u00f3 ir\u00e1nyelv, amely a v\u00e1llalat tulajdon\u00e1ban l\u00e9v\u0151 technol\u00f3gia \u00e9s eszk\u00f6z\u00f6k megfelel\u0151 haszn\u00e1lat\u00e1t hat\u00e1rozza meg. Ez a szab\u00e1lyzat jellemz\u0151en olyan k\u00e9rd\u00e9sekre terjed ki, mint az internethaszn\u00e1lat, az e-mail etikett, a k\u00f6z\u00f6ss\u00e9gi m\u00e9dia haszn\u00e1lata \u00e9s az adatbiztons\u00e1g. <\/p>\n<div class=\"newlinediv\"><\/div>\n<p> Egy m\u00e1sik fontos szab\u00e1lyzat az adatmeg\u0151rz\u00e9si szab\u00e1lyzat, amely meghat\u00e1rozza, hogy bizonyos t\u00edpus\u00fa adatokat mennyi ideig kell t\u00e1rolni, \u00e9s hogyan kell azokat megsemmis\u00edteni. Ez a szab\u00e1lyzat kritikus fontoss\u00e1g\u00fa azon v\u00e1llalatok sz\u00e1m\u00e1ra, amelyek \u00e9rz\u00e9keny inform\u00e1ci\u00f3kkal foglalkoznak, p\u00e9ld\u00e1ul p\u00e9nz\u00fcgyi nyilv\u00e1ntart\u00e1sokkal, eg\u00e9szs\u00e9g\u00fcgyi nyilv\u00e1ntart\u00e1sokkal \u00e9s szem\u00e9lyes adatokkal. <\/p>\n<div class=\"newlinediv\"><\/div>\n<p> A jelsz\u00f3ir\u00e1nyelv egy m\u00e1sik alapvet\u0151 fontoss\u00e1g\u00fa ir\u00e1nyelv, amelyet a v\u00e1llalatoknak be kell vezetni\u00fck az adataik biztons\u00e1g\u00e1nak biztos\u00edt\u00e1sa \u00e9rdek\u00e9ben. Ez a szab\u00e1lyzat meghat\u00e1rozza az er\u0151s jelszavak l\u00e9trehoz\u00e1s\u00e1nak krit\u00e9riumait \u00e9s azt, hogy milyen gyakran kell azokat megv\u00e1ltoztatni. Azt is felv\u00e1zolja, hogy milyen k\u00f6vetkezm\u00e9nyekkel j\u00e1r a jelszavak megoszt\u00e1sa vagy a gyenge jelszavak haszn\u00e1lata. <\/p>\n<div class=\"newlinediv\"><\/div>\n<p> V\u00e9gezet\u00fcl a katasztr\u00f3fa ut\u00e1ni helyre\u00e1ll\u00edt\u00e1si politika elengedhetetlen azon v\u00e1llalatok sz\u00e1m\u00e1ra, amelyek nagym\u00e9rt\u00e9kben t\u00e1maszkodnak a technol\u00f3gi\u00e1ra. Ez a szab\u00e1lyzat felv\u00e1zolja azokat a l\u00e9p\u00e9seket, amelyeket a v\u00e1llalat technol\u00f3giai infrastrukt\u00far\u00e1j\u00e1t \u00e9rint\u0151 katasztr\u00f3fa eset\u00e9n meg kell tenni. Olyan k\u00e9rd\u00e9sekre terjed ki, mint az adatment\u00e9s, a rendszer helyre\u00e1ll\u00edt\u00e1sa \u00e9s a kommunik\u00e1ci\u00f3s protokollok. <\/p>\n<div class=\"newlinediv\"><\/div>\n<p> \u00d6sszefoglalva, a technol\u00f3giai ir\u00e1nyelvek l\u00e9tfontoss\u00e1g\u00faak minden m\u00e9ret\u0171 \u00e9s ipar\u00e1g\u00fa v\u00e1llalat sz\u00e1m\u00e1ra. Seg\u00edtenek megv\u00e9deni a v\u00e1llalat eszk\u00f6zeit, alkalmazottait \u00e9s h\u00edrnev\u00e9t, valamint biztos\u00edtj\u00e1k a t\u00f6rv\u00e9nyeknek \u00e9s szab\u00e1lyoz\u00e1soknak val\u00f3 megfelel\u00e9st. A megfelel\u0151 ir\u00e1nyelvek bevezet\u00e9s\u00e9vel \u00e9s az alkalmazottak oktat\u00e1s\u00e1val ezek fontoss\u00e1g\u00e1r\u00f3l a v\u00e1llalatok minimaliz\u00e1lhatj\u00e1k a technol\u00f3gi\u00e1val kapcsolatos kock\u00e1zatokat, \u00e9s a lehet\u0151 legnagyobb m\u00e9rt\u00e9kben \u00e9lvezhetik annak el\u0151nyeit.<\/p><\/div>\n<div class=\"questions\">\n<div class=\"questionstitle\">FAQ<\/div>\n<div class=\"question\">\n<div class=\"qtitle\"> Mi az a technol\u00f3giahaszn\u00e1lati szab\u00e1lyzat?<\/div>\n<p> A technol\u00f3giahaszn\u00e1lati szab\u00e1lyzat olyan ir\u00e1nyelvek \u00e9s szab\u00e1lyok \u00f6sszess\u00e9ge, amelyeket egy szervezet \u00e1ll\u00edt fel, hogy szab\u00e1lyozza a technol\u00f3gia alkalmazottai \u00e1ltali haszn\u00e1lat\u00e1t. A szab\u00e1lyzat meghat\u00e1rozza az elv\u00e1r\u00e1sokat arra vonatkoz\u00f3an, hogy az alkalmazottak hogyan haszn\u00e1lj\u00e1k a technol\u00f3gi\u00e1t, bele\u00e9rtve a sz\u00e1m\u00edt\u00f3g\u00e9peket, a mobileszk\u00f6z\u00f6ket, az internetet, az e-mailt \u00e9s m\u00e1s elektronikus kommunik\u00e1ci\u00f3s eszk\u00f6z\u00f6ket. <\/p>\n<div class=\"newlinediv\"><\/div>\n<p> A technol\u00f3giahaszn\u00e1lati szab\u00e1lyzat c\u00e9lja annak biztos\u00edt\u00e1sa, hogy az alkalmazottak felel\u0151ss\u00e9gteljesen \u00e9s etikusan, a szervezet norm\u00e1inak \u00e9s jogi k\u00f6vetelm\u00e9nyeinek megfelel\u0151en haszn\u00e1lj\u00e1k a technol\u00f3gi\u00e1t. A szab\u00e1lyzat jellemz\u0151en olyan k\u00e9rd\u00e9sekre terjed ki, mint az elfogadhat\u00f3 haszn\u00e1lat, a biztons\u00e1g, a mag\u00e1n\u00e9let v\u00e9delme, a szellemi tulajdon, valamint a szab\u00e1lyzat megs\u00e9rt\u00e9s\u00e9nek k\u00f6vetkezm\u00e9nyei. <\/p>\n<div class=\"newlinediv\"><\/div>\n<p> Egy j\u00f3l megtervezett technol\u00f3giahaszn\u00e1lati szab\u00e1lyzat seg\u00edthet a szervezetnek a biztons\u00e1gi r\u00e9sek megel\u0151z\u00e9s\u00e9ben, a bizalmas inform\u00e1ci\u00f3k v\u00e9delm\u00e9ben \u00e9s a jogi felel\u0151ss\u00e9g elker\u00fcl\u00e9s\u00e9ben. Emellett el\u0151seg\u00edtheti a termel\u00e9kenys\u00e9get \u00e9s az egy\u00fcttm\u0171k\u00f6d\u00e9st is az\u00e1ltal, hogy egy\u00e9rtelm\u0171 ir\u00e1nymutat\u00e1sokat ad a technol\u00f3gia haszn\u00e1lat\u00e1ra vonatkoz\u00f3an a munkatev\u00e9kenys\u00e9gek t\u00e1mogat\u00e1s\u00e1ra. <\/p>\n<div class=\"newlinediv\"><\/div>\n<p> A hat\u00e9konys\u00e1g \u00e9rdek\u00e9ben a technol\u00f3giahaszn\u00e1lati szab\u00e1lyzatot vil\u00e1gosan k\u00f6z\u00f6lni kell az \u00f6sszes alkalmazottal, rendszeresen fel\u00fcl kell vizsg\u00e1lni \u00e9s friss\u00edteni kell, hogy l\u00e9p\u00e9st tartson a v\u00e1ltoz\u00f3 technol\u00f3giai \u00e9s jogi k\u00f6vetelm\u00e9nyekkel, \u00e9s a szervezeten bel\u00fcl k\u00f6vetkezetesen \u00e9rv\u00e9nyes\u00edteni kell. <\/p>\n<\/div>\n<div class=\"question\">\n<div class=\"qtitle\"> Mit kell tartalmaznia egy technol\u00f3giai szab\u00e1lyzatnak?<\/div>\n<p> A technol\u00f3giai politika a technol\u00f3gia szervezeten bel\u00fcli haszn\u00e1lat\u00e1t szab\u00e1lyoz\u00f3 ir\u00e1nyelvek \u00e9s szab\u00e1lyok \u00f6sszess\u00e9ge. A szab\u00e1lyzatnak tartalmaznia kell a technol\u00f3gia megfelel\u0151 haszn\u00e1lat\u00e1t, a szab\u00e1lyzat megs\u00e9rt\u00e9s\u00e9nek k\u00f6vetkezm\u00e9nyeit, valamint azokat a l\u00e9p\u00e9seket, amelyeket az alkalmazottak megtehetnek, ha k\u00e9rd\u00e9seik vagy agg\u00e1lyaik mer\u00fclnek fel. \u00cdme n\u00e9h\u00e1ny kulcsfontoss\u00e1g\u00fa elem, amelyet a technol\u00f3giai szab\u00e1lyzatnak tartalmaznia kell: <\/p>\n<div class=\"newlinediv\"><\/div>\n<p> 1. Elfogadhat\u00f3 haszn\u00e1lat: A szab\u00e1lyzatnak vil\u00e1gosan meg kell hat\u00e1roznia, hogy milyen technol\u00f3gi\u00e1t szabad haszn\u00e1lni, \u00e9s milyen c\u00e9lokra. Ez mag\u00e1ban foglalhatja a sz\u00e1m\u00edt\u00f3g\u00e9peket, a mobileszk\u00f6z\u00f6ket \u00e9s a szoftveralkalmaz\u00e1sokat. <\/p>\n<div class=\"newlinediv\"><\/div>\n<p> 2. Biztons\u00e1g: A szab\u00e1lyzatnak fel kell v\u00e1zolnia azokat a l\u00e9p\u00e9seket, amelyeket az alkalmazottaknak meg kell tenni\u00fck a v\u00e1llalati inform\u00e1ci\u00f3k \u00e9s adatok biztons\u00e1ga \u00e9rdek\u00e9ben. Ez mag\u00e1ban foglalhatja a jelsz\u00f3k\u00f6vetelm\u00e9nyeket, az adatment\u00e9si elj\u00e1r\u00e1sokat \u00e9s a v\u00e1llalati h\u00e1l\u00f3zatokhoz val\u00f3 hozz\u00e1f\u00e9r\u00e9sre vonatkoz\u00f3 ir\u00e1nyelveket. <\/p>\n<div class=\"newlinediv\"><\/div>\n<p> 3. Adatv\u00e9delem: A szab\u00e1lyzatnak ismertetnie kell a v\u00e1llalat adatv\u00e9delmi ir\u00e1nyelveit, bele\u00e9rtve a munkav\u00e1llal\u00f3i adatok felhaszn\u00e1l\u00e1s\u00e1nak \u00e9s v\u00e9delm\u00e9nek m\u00f3dj\u00e1t. <\/p>\n<div class=\"newlinediv\"><\/div>\n<p> 4. K\u00f6z\u00f6ss\u00e9gi m\u00e9dia: Ha a munkav\u00e1llal\u00f3k sz\u00e1m\u00e1ra enged\u00e9lyezett a k\u00f6z\u00f6ss\u00e9gi m\u00e9dia haszn\u00e1lata a munkahelyen, a szab\u00e1lyzatnak fel kell v\u00e1zolnia a megfelel\u0151 haszn\u00e1latra vonatkoz\u00f3 ir\u00e1nyelveket. <\/p>\n<div class=\"newlinediv\"><\/div>\n<p> 5. Megfigyel\u00e9s: A szab\u00e1lyzatnak ki kell t\u00e9rnie arra, hogy a v\u00e1llalat hogyan fogja nyomon k\u00f6vetni a technol\u00f3gia haszn\u00e1lat\u00e1t, bele\u00e9rtve az e-mail- \u00e9s internethaszn\u00e1latot is. <\/p>\n<div class=\"newlinediv\"><\/div>\n<p> 6. K\u00f6vetkezm\u00e9nyek: A szab\u00e1lyzatnak ismertetnie kell a szab\u00e1lyzat megs\u00e9rt\u00e9s\u00e9nek k\u00f6vetkezm\u00e9nyeit, bele\u00e9rtve a fegyelmi int\u00e9zked\u00e9seket is. <\/p>\n<div class=\"newlinediv\"><\/div>\n<p> 7. K\u00e9pz\u00e9s: A politik\u00e1nak tartalmaznia kell a munkav\u00e1llal\u00f3knak a politik\u00e1val kapcsolatos k\u00e9pz\u00e9s\u00e9re vonatkoz\u00f3 inform\u00e1ci\u00f3kat, bele\u00e9rtve a jogs\u00e9rt\u00e9sek vagy agg\u00e1lyok bejelent\u00e9s\u00e9nek m\u00f3dj\u00e1t. <\/p>\n<div class=\"newlinediv\"><\/div>\n<p> \u00d6sszess\u00e9g\u00e9ben a technol\u00f3giai szab\u00e1lyzatnak vil\u00e1gosnak, t\u00f6m\u00f6rnek \u00e9s k\u00f6nnyen hozz\u00e1f\u00e9rhet\u0151nek kell lennie minden alkalmazott sz\u00e1m\u00e1ra. A szab\u00e1lyzatot rendszeresen fel\u00fcl kell vizsg\u00e1lni \u00e9s friss\u00edteni kell annak biztos\u00edt\u00e1sa \u00e9rdek\u00e9ben, hogy relev\u00e1ns \u00e9s hat\u00e9kony maradjon. <\/p>\n<\/div>\n<div class=\"question\">\n<div class=\"qtitle\"> Mi a technol\u00f3gia 6 t\u00edpusa?<\/div>\n<p> Sajn\u00e1lom, de a &#8222;Mi a technol\u00f3gia 6 t\u00edpusa?&#8221; k\u00e9rd\u00e9s nem el\u00e9g konkr\u00e9t ahhoz, hogy pontosan lehessen r\u00e1 v\u00e1laszolni. A technol\u00f3gia egy t\u00e1g fogalom, amely sz\u00e1mos k\u00fcl\u00f6nb\u00f6z\u0151 ter\u00fcletet \u00e9s ipar\u00e1gat foglal mag\u00e1ban, a szoftvert\u0151l \u00e9s a hardvert\u0151l kezdve a m\u00e9rn\u00f6ki \u00e9s az \u00e9p\u00edt\u0151iparig. Meg tudna adni t\u00f6bb kontextust, vagy pontos\u00edtani a k\u00e9rd\u00e9s\u00e9t, hogy pontosabb v\u00e1laszt tudjak adni? <\/p>\n<\/div>\n<div class=\"question\">\n<div class=\"qtitle\"> Mi a technol\u00f3gia 7 k\u00fcl\u00f6nb\u00f6z\u0151 t\u00edpusa?<\/div>\n<p> Eln\u00e9z\u00e9st k\u00e9rek, de a &#8222;Mi a technol\u00f3gia 7 k\u00fcl\u00f6nb\u00f6z\u0151 t\u00edpusa?&#8221; k\u00e9rd\u00e9s nem kifejezetten a hum\u00e1ner\u0151forr\u00e1s kateg\u00f3ri\u00e1hoz kapcsol\u00f3dik. \u00c1ltal\u00e1nos v\u00e1laszt azonban tudok adni erre a k\u00e9rd\u00e9sre. <\/p>\n<div class=\"newlinediv\"><\/div>\n<p> A technol\u00f3gia k\u00fcl\u00f6nb\u00f6z\u0151 t\u00edpusokba sorolhat\u00f3 a c\u00e9lja, funkci\u00f3ja \u00e9s alkalmaz\u00e1sa alapj\u00e1n. \u00cdme a technol\u00f3gia h\u00e9t k\u00fcl\u00f6nb\u00f6z\u0151 t\u00edpusa: <\/p>\n<div class=\"newlinediv\"><\/div>\n<p> 1. Inform\u00e1ci\u00f3s technol\u00f3gia (IT): Ide tartoznak az inform\u00e1ci\u00f3k kezel\u00e9s\u00e9re \u00e9s feldolgoz\u00e1s\u00e1ra haszn\u00e1lt hardver-, szoftver- \u00e9s h\u00e1l\u00f3zati rendszerek. <\/p>\n<div class=\"newlinediv\"><\/div>\n<p> 2. Kommunik\u00e1ci\u00f3s technol\u00f3gia: Ide tartoznak az egy\u00e9nek vagy csoportok k\u00f6z\u00f6tti kommunik\u00e1ci\u00f3 megk\u00f6nny\u00edt\u00e9s\u00e9re haszn\u00e1lt eszk\u00f6z\u00f6k, szoftverek \u00e9s rendszerek, p\u00e9ld\u00e1ul telefonok, e-mail, sz\u00f6veges \u00fczenetek \u00e9s videokonferenci\u00e1k. <\/p>\n<div class=\"newlinediv\"><\/div>\n<p> 3. Gy\u00e1rt\u00e1stechnol\u00f3gia: Ide tartoznak az \u00e1ruk el\u0151\u00e1ll\u00edt\u00e1s\u00e1hoz haszn\u00e1lt g\u00e9pek, szersz\u00e1mok \u00e9s rendszerek, mint p\u00e9ld\u00e1ul a fut\u00f3szalagok \u00e9s a robotika. <\/p>\n<div class=\"newlinediv\"><\/div>\n<p> 4. Orvostechnol\u00f3gia: Ide tartoznak az eg\u00e9szs\u00e9g\u00fcgyben haszn\u00e1lt eszk\u00f6z\u00f6k, szoftverek \u00e9s rendszerek, mint p\u00e9ld\u00e1ul az orvosi k\u00e9palkot\u00f3 berendez\u00e9sek, az elektronikus eg\u00e9szs\u00e9g\u00fcgyi nyilv\u00e1ntart\u00e1sok \u00e9s a telemedicina. <\/p>\n<div class=\"newlinediv\"><\/div>\n<p> 5. Energetikai technol\u00f3gia: Ide tartoznak az energiatermel\u00e9sre, -t\u00e1rol\u00e1sra \u00e9s -eloszt\u00e1sra haszn\u00e1lt rendszerek \u00e9s eszk\u00f6z\u00f6k, p\u00e9ld\u00e1ul napelemek, sz\u00e9lturbin\u00e1k \u00e9s energiat\u00e1rol\u00f3 rendszerek. <\/p>\n<div class=\"newlinediv\"><\/div>\n<p> 6. K\u00f6zleked\u00e9si technol\u00f3gia: Ide tartoznak a k\u00f6zleked\u00e9sben haszn\u00e1lt eszk\u00f6z\u00f6k, szoftverek \u00e9s rendszerek, p\u00e9ld\u00e1ul az auton\u00f3m j\u00e1rm\u0171vek, a GPS-navig\u00e1ci\u00f3s rendszerek \u00e9s a forgalomir\u00e1ny\u00edt\u00e1si rendszerek. <\/p>\n<div class=\"newlinediv\"><\/div>\n<p> 7. Oktat\u00e1si technol\u00f3gia: Ide tartoznak az oktat\u00e1sban haszn\u00e1lt hardverek, szoftverek \u00e9s rendszerek, p\u00e9ld\u00e1ul online tanul\u00e1si platformok, oktat\u00e1si szoftverek \u00e9s interakt\u00edv t\u00e1bl\u00e1k.<\/p>\n<\/div>\n<\/div>\n","protected":false},"excerpt":{"rendered":"<p>A mai digit\u00e1lis korban a technol\u00f3gia mindennapi \u00e9let\u00fcnk szerves r\u00e9sz\u00e9v\u00e9 v\u00e1lt. K\u00f6nnyebb\u00e9 \u00e9s k\u00e9nyelmesebb\u00e9 tette az \u00e9let\u00fcnket, de \u00faj kih\u00edv\u00e1sokat \u00e9s kock\u00e1zatokat is hozott mag\u00e1val. Ez\u00e9rt fontos, hogy a v\u00e1llalatok technol\u00f3giai ir\u00e1nyelveket hozzanak l\u00e9tre, hogy megv\u00e9dj\u00e9k eszk\u00f6zeiket, alkalmazottaikat \u00e9s h\u00edrnev\u00fcket. A v\u00e1llalatok ig\u00e9nyeikt\u0151l \u00e9s c\u00e9ljaikt\u00f3l f\u00fcgg\u0151en t\u00f6bbf\u00e9le technol\u00f3giai szab\u00e1lyzatot vezethetnek be. Az egyik leggyakoribb ir\u00e1nyelv &#8230; <a title=\"A munkahelyi technol\u00f3giai ir\u00e1nyelvek kialak\u00edt\u00e1s\u00e1nak fontoss\u00e1ga\" class=\"read-more\" href=\"https:\/\/megnyitasa.com\/tudas\/a-munkahelyi-technologiai-iranyelvek-kialakitasanak-fontossaga\/\" aria-label=\"Read more about A munkahelyi technol\u00f3giai ir\u00e1nyelvek kialak\u00edt\u00e1s\u00e1nak fontoss\u00e1ga\">Read more<\/a><\/p>\n","protected":false},"author":1296,"featured_media":0,"comment_status":"closed","ping_status":"closed","sticky":false,"template":"","format":"standard","meta":{"footnotes":""},"categories":[14],"tags":[],"class_list":["post-14749","post","type-post","status-publish","format-standard","hentry","category-human-eroforras"],"_links":{"self":[{"href":"https:\/\/megnyitasa.com\/tudas\/wp-json\/wp\/v2\/posts\/14749","targetHints":{"allow":["GET"]}}],"collection":[{"href":"https:\/\/megnyitasa.com\/tudas\/wp-json\/wp\/v2\/posts"}],"about":[{"href":"https:\/\/megnyitasa.com\/tudas\/wp-json\/wp\/v2\/types\/post"}],"author":[{"embeddable":true,"href":"https:\/\/megnyitasa.com\/tudas\/wp-json\/wp\/v2\/users\/1296"}],"replies":[{"embeddable":true,"href":"https:\/\/megnyitasa.com\/tudas\/wp-json\/wp\/v2\/comments?post=14749"}],"version-history":[{"count":0,"href":"https:\/\/megnyitasa.com\/tudas\/wp-json\/wp\/v2\/posts\/14749\/revisions"}],"wp:attachment":[{"href":"https:\/\/megnyitasa.com\/tudas\/wp-json\/wp\/v2\/media?parent=14749"}],"wp:term":[{"taxonomy":"category","embeddable":true,"href":"https:\/\/megnyitasa.com\/tudas\/wp-json\/wp\/v2\/categories?post=14749"},{"taxonomy":"post_tag","embeddable":true,"href":"https:\/\/megnyitasa.com\/tudas\/wp-json\/wp\/v2\/tags?post=14749"}],"curies":[{"name":"wp","href":"https:\/\/api.w.org\/{rel}","templated":true}]}}