{"id":14999,"date":"2023-04-24T00:00:00","date_gmt":"2023-04-24T00:00:00","guid":{"rendered":"https:\/\/megnyitasa.com\/tudas\/a-hatekonysag-maximalizalasa-13\/"},"modified":"2023-04-24T00:00:00","modified_gmt":"2023-04-24T00:00:00","slug":"a-hatekonysag-maximalizalasa-13","status":"publish","type":"post","link":"https:\/\/megnyitasa.com\/tudas\/a-hatekonysag-maximalizalasa-13\/","title":{"rendered":"A hat\u00e9konys\u00e1g maximaliz\u00e1l\u00e1sa:"},"content":{"rendered":"<div class=\"articlecontent\">\n<div class=\"newlinediv\"><\/div>\n<p> A feldolgoz\u00f3ipar nagym\u00e9rt\u00e9kben t\u00e1maszkodik az el\u0151rejelz\u00e9si m\u00f3dszerekre a termel\u00e9si folyamatok megtervez\u00e9se, a k\u00e9szletgazd\u00e1lkod\u00e1s \u00e9s a vev\u0151i ig\u00e9nyek kiel\u00e9g\u00edt\u00e9se \u00e9rdek\u00e9ben. Az el\u0151rejelz\u00e9s seg\u00edt a gy\u00e1rt\u00f3knak a kereslet el\u0151rejelz\u00e9s\u00e9ben, a k\u00f6lts\u00e9gek ellen\u0151rz\u00e9s\u00e9ben \u00e9s az er\u0151forr\u00e1sok optimaliz\u00e1l\u00e1s\u00e1ban. Mivel azonban nagyon sok el\u0151rejelz\u00e9si m\u00f3dszer \u00e1ll rendelkez\u00e9sre, kih\u00edv\u00e1st jelenthet a megfelel\u0151 m\u00f3dszer kiv\u00e1laszt\u00e1sa egy adott gy\u00e1rt\u00e1si folyamathoz. Ebben a cikkben azt t\u00e1rgyaljuk, hogyan lehet meghat\u00e1rozni a gy\u00e1rt\u00e1sban alkalmazhat\u00f3 legjobb el\u0151rejelz\u00e9si m\u00f3dszert. <\/p>\n<div class=\"newlinediv\"><\/div>\n<p> \u00c9rtse meg az adatait <\/p>\n<div class=\"newlinediv\"><\/div>\n<p> Az el\u0151rejelz\u00e9si m\u00f3dszer kiv\u00e1laszt\u00e1sa el\u0151tt elengedhetetlen, hogy meg\u00e9rtse az adatokat, amelyekkel dolgozik. A gy\u00e1rt\u00f3knak elemezni\u00fck kell a m\u00faltbeli adatokat, hogy azonos\u00edts\u00e1k a kereslet mint\u00e1it \u00e9s trendjeit. Az adatok t\u00edpusa, p\u00e9ld\u00e1ul szezon\u00e1lis vagy nem szezon\u00e1lis, meghat\u00e1rozza a megfelel\u0151 el\u0151rejelz\u00e9si modellt. Emellett \u00e9rt\u00e9kelni kell az adatok pontoss\u00e1g\u00e1t is. Ha az adatok hi\u00e1nyosak vagy pontatlanok, az el\u0151rejelz\u00e9si m\u00f3dszer nem fog megb\u00edzhat\u00f3 eredm\u00e9nyeket produk\u00e1lni. <\/p>\n<div class=\"newlinediv\"><\/div>\n<p> Figyelembe kell venni az id\u0151horizontot <\/p>\n<div class=\"newlinediv\"><\/div>\n<p> Az el\u0151rejelz\u00e9s id\u0151horizontja az az id\u0151szak, amelyre az el\u0151rejelz\u00e9s \u00e9rv\u00e9nyes. A gy\u00e1rt\u00f3knak m\u00e9rlegelni\u00fck kell, hogy milyen id\u0151horizontra vonatkoz\u00f3an kell el\u0151rejelz\u00e9seket k\u00e9sz\u00edteni\u00fck. A r\u00f6vid t\u00e1v\u00fa el\u0151rejelz\u00e9sek, p\u00e9ld\u00e1ul a k\u00f6vetkez\u0151 n\u00e9h\u00e1ny h\u00e9tre vonatkoz\u00f3 el\u0151rejelz\u00e9sek m\u00e1s m\u00f3dszert ig\u00e9nyelnek, mint a hossz\u00fa t\u00e1v\u00fa el\u0151rejelz\u00e9sek, amelyek ak\u00e1r \u00e9vekre is kiterjedhetnek. A r\u00f6vid t\u00e1v\u00fa el\u0151rejelz\u00e9sek \u00e1ltal\u00e1ban pontosabbak, m\u00edg a hossz\u00fa t\u00e1v\u00fa el\u0151rejelz\u00e9sek t\u00f6bb felt\u00e9telez\u00e9st ig\u00e9nyelnek, \u00e9s ez\u00e9rt hajlamosabbak a hib\u00e1kra. <\/p>\n<div class=\"newlinediv\"><\/div>\n<p> V\u00e1lassza ki a megfelel\u0151 el\u0151rejelz\u00e9si m\u00f3dszert <\/p>\n<div class=\"newlinediv\"><\/div>\n<p> A gy\u00e1rt\u00f3k sz\u00e1mos el\u0151rejelz\u00e9si m\u00f3dszer k\u00f6z\u00fcl v\u00e1laszthatnak, bele\u00e9rtve az id\u0151sorelemz\u00e9st, a regresszi\u00f3elemz\u00e9st \u00e9s az \u00f6konometriai modelleket. Az id\u0151sorelemz\u00e9s n\u00e9pszer\u0171 m\u00f3dszer a kereslet el\u0151rejelz\u00e9s\u00e9re, mivel a m\u00faltbeli adatokat haszn\u00e1lja fel a mint\u00e1k \u00e9s trendek azonos\u00edt\u00e1s\u00e1ra. A regresszi\u00f3elemz\u00e9s akkor hasznos, ha kapcsolat van egy term\u00e9k ir\u00e1nti kereslet \u00e9s m\u00e1s t\u00e9nyez\u0151k, p\u00e9ld\u00e1ul az \u00e1r vagy a rekl\u00e1m k\u00f6z\u00f6tt. Az \u00f6konometriai modellek \u00f6sszetettebbek, \u00e9s kiterjedtebb adatk\u00e9szleteket ig\u00e9nyelnek, de hossz\u00fa t\u00e1v\u00fa id\u0151szakokra vonatkoz\u00f3an pontosabb el\u0151rejelz\u00e9seket tudnak adni. <\/p>\n<div class=\"newlinediv\"><\/div>\n<p> Az eredm\u00e9nyek ki\u00e9rt\u00e9kel\u00e9se <\/p>\n<div class=\"newlinediv\"><\/div>\n<p> Miut\u00e1n kiv\u00e1lasztottak \u00e9s alkalmaztak egy el\u0151rejelz\u00e9si m\u00f3dszert, a gy\u00e1rt\u00f3knak ki kell \u00e9rt\u00e9kelni\u00fck az eredm\u00e9nyeket, hogy meghat\u00e1rozz\u00e1k annak pontoss\u00e1g\u00e1t. Ha az el\u0151rejelz\u00e9s nem pontos, a j\u00f6v\u0151beni el\u0151rejelz\u00e9sek pontoss\u00e1g\u00e1nak jav\u00edt\u00e1sa \u00e9rdek\u00e9ben kiigaz\u00edt\u00e1sokat lehet v\u00e9gezni a m\u00f3dszerben vagy az adatokban. A gy\u00e1rt\u00f3knak m\u00e9rlegelni\u00fck kell az el\u0151rejelz\u00e9si m\u00f3dszer bevezet\u00e9s\u00e9hez sz\u00fcks\u00e9ges k\u00f6lts\u00e9geket \u00e9s id\u0151t is, valamint azt, hogy meg\u00e9ri-e a beruh\u00e1z\u00e1s. <\/p>\n<div class=\"newlinediv\"><\/div>\n<p> \u00d6sszefoglalva, a megfelel\u0151 el\u0151rejelz\u00e9si m\u00f3dszer kiv\u00e1laszt\u00e1sa kritikus fontoss\u00e1g\u00fa a gy\u00e1rt\u00e1s hat\u00e9konys\u00e1g\u00e1nak maximaliz\u00e1l\u00e1s\u00e1hoz. Az adatok meg\u00e9rt\u00e9s\u00e9vel, az id\u0151horizont figyelembev\u00e9tel\u00e9vel, a megfelel\u0151 el\u0151rejelz\u00e9si m\u00f3dszer kiv\u00e1laszt\u00e1s\u00e1val \u00e9s az eredm\u00e9nyek \u00e9rt\u00e9kel\u00e9s\u00e9vel a gy\u00e1rt\u00f3k megalapozott d\u00f6nt\u00e9seket hozhatnak az er\u0151forr\u00e1sok optimaliz\u00e1l\u00e1sa \u00e9s a vev\u0151i ig\u00e9nyek kiel\u00e9g\u00edt\u00e9se \u00e9rdek\u00e9ben.<\/p><\/div>\n<div class=\"questions\">\n<div class=\"questionstitle\">FAQ<\/div>\n<div class=\"question\">\n<div class=\"qtitle\"> Hogyan t\u00f6rt\u00e9nik az el\u0151rejelz\u00e9s a feldolgoz\u00f3iparban?<\/div>\n<p> Az el\u0151rejelz\u00e9s a feldolgoz\u00f3iparban az alkalmazottak ir\u00e1ny\u00edt\u00e1s\u00e1nak egyik alapvet\u0151 szempontja. Ez mag\u00e1ban foglalja a term\u00e9kek vagy szolg\u00e1ltat\u00e1sok ir\u00e1nti kereslet el\u0151rejelz\u00e9s\u00e9t \u00e9s a kereslet kiel\u00e9g\u00edt\u00e9s\u00e9hez sz\u00fcks\u00e9ges er\u0151forr\u00e1sok becsl\u00e9s\u00e9t. \u00cdme n\u00e9h\u00e1ny, a feldolgoz\u00f3iparban az el\u0151rejelz\u00e9s sor\u00e1n gyakran alkalmazott m\u00f3dszer: <\/p>\n<div class=\"newlinediv\"><\/div>\n<p> 1. T\u00f6rt\u00e9nelmi adatok elemz\u00e9se: Ez mag\u00e1ban foglalja a m\u00faltbeli \u00e9rt\u00e9kes\u00edt\u00e9si adatok elemz\u00e9s\u00e9t a j\u00f6v\u0151beli kereslet el\u0151rejelz\u00e9s\u00e9re felhaszn\u00e1lhat\u00f3 trendek \u00e9s mint\u00e1k azonos\u00edt\u00e1sa \u00e9rdek\u00e9ben. Ez a m\u00f3dszer akkor hasznos, ha a term\u00e9kek vagy szolg\u00e1ltat\u00e1sok ir\u00e1nti kereslet stabil. <\/p>\n<div class=\"newlinediv\"><\/div>\n<p> 2. Piackutat\u00e1s: Ez mag\u00e1ban foglalja felm\u00e9r\u00e9sek elv\u00e9gz\u00e9s\u00e9t \u00e9s a piaci trendek elemz\u00e9s\u00e9t a term\u00e9kek vagy szolg\u00e1ltat\u00e1sok ir\u00e1nti j\u00f6v\u0151beli kereslet azonos\u00edt\u00e1sa \u00e9rdek\u00e9ben. Ez a m\u00f3dszer akkor hasznos, ha v\u00e1ltoz\u00e1sok vannak a piacon vagy \u00faj term\u00e9kek bevezet\u00e9sekor. <\/p>\n<div class=\"newlinediv\"><\/div>\n<p> 3. Egy\u00fcttm\u0171k\u00f6d\u0151 el\u0151rejelz\u00e9s: Ez t\u00f6bb \u00e9rdekelt f\u00e9l, p\u00e9ld\u00e1ul az \u00e9rt\u00e9kes\u00edt\u00e9si k\u00e9pvisel\u0151k, a termel\u00e9si vezet\u0151k \u00e9s a besz\u00e1ll\u00edt\u00f3k bevon\u00e1s\u00e1t jelenti az el\u0151rejelz\u00e9si folyamatba. Ez a m\u00f3dszer akkor hasznos, ha a keresletet t\u00f6bb v\u00e1ltoz\u00f3 is befoly\u00e1solhatja. <\/p>\n<div class=\"newlinediv\"><\/div>\n<p> 4. Id\u0151sorelemz\u00e9s: Ez az adatok id\u0151beli elemz\u00e9s\u00e9t jelenti a mint\u00e1k \u00e9s trendek azonos\u00edt\u00e1sa \u00e9rdek\u00e9ben. Ez a m\u00f3dszer akkor hasznos, ha a term\u00e9kek vagy szolg\u00e1ltat\u00e1sok ir\u00e1nti kereslet szezon\u00e1lis vagy ciklikus. <\/p>\n<div class=\"newlinediv\"><\/div>\n<p> 5. Regresszi\u00f3s elemz\u00e9s: Ez a v\u00e1ltoz\u00f3k k\u00f6z\u00f6tti kapcsolat elemz\u00e9s\u00e9t jelenti a j\u00f6v\u0151beli kereslet el\u0151rejelz\u00e9se \u00e9rdek\u00e9ben. Ez a m\u00f3dszer akkor hasznos, ha t\u00f6bb t\u00e9nyez\u0151 is befoly\u00e1solhatja a keresletet. <\/p>\n<div class=\"newlinediv\"><\/div>\n<p> \u00d6sszess\u00e9g\u00e9ben az el\u0151rejelz\u00e9s a feldolgoz\u00f3iparban kritikus fontoss\u00e1g\u00fa annak biztos\u00edt\u00e1sa \u00e9rdek\u00e9ben, hogy a v\u00e1llalat rendelkezzen a term\u00e9kek vagy szolg\u00e1ltat\u00e1sok ir\u00e1nti kereslet kiel\u00e9g\u00edt\u00e9s\u00e9hez sz\u00fcks\u00e9ges er\u0151forr\u00e1sokkal \u00e9s kapacit\u00e1ssal. A m\u00f3dszerek kombin\u00e1ci\u00f3j\u00e1nak alkalmaz\u00e1s\u00e1val a gy\u00e1rt\u00f3k pontosabb el\u0151rejelz\u00e9seket tudnak k\u00e9sz\u00edteni, \u00e9s jobban tudj\u00e1k ir\u00e1ny\u00edtani alkalmazottaikat \u00e9s er\u0151forr\u00e1saikat. <\/p>\n<\/div>\n<div class=\"question\">\n<div class=\"qtitle\"> Milyen t\u00edpus\u00fa el\u0151rejelz\u00e9sek l\u00e9teznek a feldolgoz\u00f3iparban?<\/div>\n<p> A feldolgoz\u00f3iparban az el\u0151rejelz\u00e9seknek t\u00f6bb t\u00edpusa l\u00e9tezik, amelyeket a j\u00f6v\u0151beli tendenci\u00e1k el\u0151rejelz\u00e9s\u00e9re \u00e9s megalapozott d\u00f6nt\u00e9sek meghozatal\u00e1ra haszn\u00e1lnak. Ezek az el\u0151rejelz\u00e9sek kritikus fontoss\u00e1g\u00faak a munkav\u00e1llal\u00f3k ir\u00e1ny\u00edt\u00e1sa szempontj\u00e1b\u00f3l, mivel \u00fatitervet ny\u00fajtanak a termel\u00e9s tervez\u00e9s\u00e9hez, az er\u0151forr\u00e1sok eloszt\u00e1s\u00e1hoz \u00e9s a k\u00e9szletgazd\u00e1lkod\u00e1shoz. \u00cdme n\u00e9h\u00e1ny a feldolgoz\u00f3iparban haszn\u00e1lt leggyakoribb el\u0151rejelz\u00e9si t\u00edpusok k\u00f6z\u00fcl: <\/p>\n<div class=\"newlinediv\"><\/div>\n<p> 1. \u00c9rt\u00e9kes\u00edt\u00e9si el\u0151rejelz\u00e9sek: Ezeket az el\u0151rejelz\u00e9seket egy term\u00e9k vagy szolg\u00e1ltat\u00e1s ir\u00e1nti j\u00f6v\u0151beli kereslet el\u0151rejelz\u00e9s\u00e9re haszn\u00e1lj\u00e1k. Az \u00e9rt\u00e9kes\u00edt\u00e9si el\u0151rejelz\u00e9sek jellemz\u0151en a m\u00faltbeli \u00e9rt\u00e9kes\u00edt\u00e9si adatokon, a piaci trendeken \u00e9s az \u00fcgyfelek visszajelz\u00e9sein alapulnak. <\/p>\n<div class=\"newlinediv\"><\/div>\n<p> 2. Termel\u00e9si el\u0151rejelz\u00e9sek: Ezeket az el\u0151rejelz\u00e9seket arra haszn\u00e1lj\u00e1k, hogy megj\u00f3solj\u00e1k az adott id\u0151szakban gy\u00e1rtand\u00f3 term\u00e9k mennyis\u00e9g\u00e9t. A termel\u00e9si el\u0151rejelz\u00e9sek olyan t\u00e9nyez\u0151ket vesznek figyelembe, mint a termel\u00e9si kapacit\u00e1s, a nyersanyagok rendelkez\u00e9sre \u00e1ll\u00e1sa \u00e9s a munkaer\u0151 rendelkez\u00e9sre \u00e1ll\u00e1sa. <\/p>\n<div class=\"newlinediv\"><\/div>\n<p> 3. K\u00e9szlet el\u0151rejelz\u00e9sek: Ezeket az el\u0151rejelz\u00e9seket arra haszn\u00e1lj\u00e1k, hogy megj\u00f3solj\u00e1k a j\u00f6v\u0151beli kereslet kiel\u00e9g\u00edt\u00e9s\u00e9hez sz\u00fcks\u00e9ges k\u00e9szlet mennyis\u00e9g\u00e9t. A k\u00e9szlet-el\u0151rejelz\u00e9sek olyan t\u00e9nyez\u0151ket vesznek figyelembe, mint az \u00e1tfut\u00e1si id\u0151, a rendel\u00e9si mennyis\u00e9gek \u00e9s a biztons\u00e1gi k\u00e9szletszintek. <\/p>\n<div class=\"newlinediv\"><\/div>\n<p> 4. Munkaer\u0151-el\u0151rejelz\u00e9sek: Ezeket az el\u0151rejelz\u00e9seket arra haszn\u00e1lj\u00e1k, hogy megj\u00f3solj\u00e1k a termel\u00e9si c\u00e9lok el\u00e9r\u00e9s\u00e9hez sz\u00fcks\u00e9ges munkaer\u0151 mennyis\u00e9g\u00e9t. A munkaer\u0151-el\u0151rejelz\u00e9sek olyan t\u00e9nyez\u0151ket vesznek figyelembe, mint a termel\u00e9si kapacit\u00e1s, a munkatermel\u00e9kenys\u00e9g \u00e9s az alkalmazottak fluktu\u00e1ci\u00f3s r\u00e1t\u00e1ja. <\/p>\n<div class=\"newlinediv\"><\/div>\n<p> 5. P\u00e9nz\u00fcgyi el\u0151rejelz\u00e9sek: Ezeket az el\u0151rejelz\u00e9seket a j\u00f6v\u0151beli p\u00e9nz\u00fcgyi teljes\u00edtm\u00e9ny el\u0151rejelz\u00e9s\u00e9re haszn\u00e1lj\u00e1k olyan t\u00e9nyez\u0151k alapj\u00e1n, mint a bev\u00e9telek, kiad\u00e1sok \u00e9s t\u0151kekiad\u00e1sok. A p\u00e9nz\u00fcgyi el\u0151rejelz\u00e9sek kritikus fontoss\u00e1g\u00faak a munkav\u00e1llal\u00f3k ir\u00e1ny\u00edt\u00e1sa szempontj\u00e1b\u00f3l, mivel betekint\u00e9st ny\u00fajtanak a szervezet p\u00e9nz\u00fcgyi \u00e1llapot\u00e1ba, \u00e9s seg\u00edtenek azonos\u00edtani azokat a ter\u00fcleteket, ahol k\u00f6lts\u00e9gmegtakar\u00edt\u00e1s \u00e9rhet\u0151 el. <\/p>\n<div class=\"newlinediv\"><\/div>\n<p> \u00d6sszess\u00e9g\u00e9ben az ilyen t\u00edpus\u00fa el\u0151rejelz\u00e9sek elengedhetetlenek a feldolgoz\u00f3iparban dolgoz\u00f3k ir\u00e1ny\u00edt\u00e1s\u00e1hoz, mivel keretet biztos\u00edtanak a d\u00f6nt\u00e9shozatalhoz, \u00e9s seg\u00edtenek biztos\u00edtani az er\u0151forr\u00e1sok hat\u00e9kony eloszt\u00e1s\u00e1t a termel\u00e9si c\u00e9lok el\u00e9r\u00e9se \u00e9rdek\u00e9ben.<\/p>\n<\/div>\n<\/div>\n","protected":false},"excerpt":{"rendered":"<p>A feldolgoz\u00f3ipar nagym\u00e9rt\u00e9kben t\u00e1maszkodik az el\u0151rejelz\u00e9si m\u00f3dszerekre a termel\u00e9si folyamatok megtervez\u00e9se, a k\u00e9szletgazd\u00e1lkod\u00e1s \u00e9s a vev\u0151i ig\u00e9nyek kiel\u00e9g\u00edt\u00e9se \u00e9rdek\u00e9ben. Az el\u0151rejelz\u00e9s seg\u00edt a gy\u00e1rt\u00f3knak a kereslet el\u0151rejelz\u00e9s\u00e9ben, a k\u00f6lts\u00e9gek ellen\u0151rz\u00e9s\u00e9ben \u00e9s az er\u0151forr\u00e1sok optimaliz\u00e1l\u00e1s\u00e1ban. Mivel azonban nagyon sok el\u0151rejelz\u00e9si m\u00f3dszer \u00e1ll rendelkez\u00e9sre, kih\u00edv\u00e1st jelenthet a megfelel\u0151 m\u00f3dszer kiv\u00e1laszt\u00e1sa egy adott gy\u00e1rt\u00e1si folyamathoz. Ebben a cikkben &#8230; <a title=\"A hat\u00e9konys\u00e1g maximaliz\u00e1l\u00e1sa:\" class=\"read-more\" href=\"https:\/\/megnyitasa.com\/tudas\/a-hatekonysag-maximalizalasa-13\/\" aria-label=\"Read more about A hat\u00e9konys\u00e1g maximaliz\u00e1l\u00e1sa:\">Read more<\/a><\/p>\n","protected":false},"author":4348,"featured_media":0,"comment_status":"closed","ping_status":"closed","sticky":false,"template":"","format":"standard","meta":{"footnotes":""},"categories":[19],"tags":[],"class_list":["post-14999","post","type-post","status-publish","format-standard","hentry","category-az-alkalmazottak-iranyitasa"],"_links":{"self":[{"href":"https:\/\/megnyitasa.com\/tudas\/wp-json\/wp\/v2\/posts\/14999","targetHints":{"allow":["GET"]}}],"collection":[{"href":"https:\/\/megnyitasa.com\/tudas\/wp-json\/wp\/v2\/posts"}],"about":[{"href":"https:\/\/megnyitasa.com\/tudas\/wp-json\/wp\/v2\/types\/post"}],"author":[{"embeddable":true,"href":"https:\/\/megnyitasa.com\/tudas\/wp-json\/wp\/v2\/users\/4348"}],"replies":[{"embeddable":true,"href":"https:\/\/megnyitasa.com\/tudas\/wp-json\/wp\/v2\/comments?post=14999"}],"version-history":[{"count":0,"href":"https:\/\/megnyitasa.com\/tudas\/wp-json\/wp\/v2\/posts\/14999\/revisions"}],"wp:attachment":[{"href":"https:\/\/megnyitasa.com\/tudas\/wp-json\/wp\/v2\/media?parent=14999"}],"wp:term":[{"taxonomy":"category","embeddable":true,"href":"https:\/\/megnyitasa.com\/tudas\/wp-json\/wp\/v2\/categories?post=14999"},{"taxonomy":"post_tag","embeddable":true,"href":"https:\/\/megnyitasa.com\/tudas\/wp-json\/wp\/v2\/tags?post=14999"}],"curies":[{"name":"wp","href":"https:\/\/api.w.org\/{rel}","templated":true}]}}