{"id":15001,"date":"2023-04-24T00:00:00","date_gmt":"2023-04-24T00:00:00","guid":{"rendered":"https:\/\/megnyitasa.com\/tudas\/the-pros-and-cons-of-hiring-contract-labor\/"},"modified":"2023-04-24T00:00:00","modified_gmt":"2023-04-24T00:00:00","slug":"the-pros-and-cons-of-hiring-contract-labor","status":"publish","type":"post","link":"https:\/\/megnyitasa.com\/tudas\/the-pros-and-cons-of-hiring-contract-labor\/","title":{"rendered":"The Pros and Cons of Hiring Contract Labor"},"content":{"rendered":"<div class=\"articlecontent\">\n<div class=\"newlinediv\"><\/div>\n<p> Amikor a v\u00e1llalkoz\u00e1s m\u0171k\u00f6dtet\u00e9s\u00e9r\u0151l van sz\u00f3, az egyik legnagyobb d\u00f6nt\u00e9s, amit meg kell hoznia, hogy hogyan kell a szem\u00e9lyzetet a v\u00e1llalat. M\u00edg a legt\u00f6bb v\u00e1llalkoz\u00e1s a teljes munkaid\u0151s alkalmazottak mellett d\u00f6nt, egyesek ink\u00e1bb a szerz\u0151d\u00e9ses munkaer\u0151 alkalmaz\u00e1s\u00e1t v\u00e1lasztj\u00e1k. A b\u00e9rmunk\u00e1sok olyan f\u00fcggetlen munkav\u00e1llal\u00f3k, akiket ideiglenesen alkalmaznak egy adott projekt vagy feladat elv\u00e9gz\u00e9s\u00e9re. <\/p>\n<div class=\"newlinediv\"><\/div>\n<p> A szerz\u0151d\u00e9ses munkaer\u0151 alkalmaz\u00e1s\u00e1nak sz\u00e1mos el\u0151nye van. Egyr\u00e9szt lehet\u0151v\u00e9 teszi a v\u00e1llalkoz\u00e1sok sz\u00e1m\u00e1ra, hogy rugalmasabban kezelj\u00e9k munkaer\u0151ig\u00e9ny\u00fcket. Ha p\u00e9ld\u00e1ul egy v\u00e1llalat hirtelen megn\u00f6vekv\u0151 keresletet tapasztal, gyorsan felvehet tov\u00e1bbi szerz\u0151d\u00e9ses munkav\u00e1llal\u00f3kat, hogy seg\u00edtsen kiel\u00e9g\u00edteni a keresletet. Ezenk\u00edv\u00fcl a szerz\u0151d\u00e9ses munkaer\u0151 gyakran olcs\u00f3bb lehet, mint a teljes munkaid\u0151s alkalmazottak alkalmaz\u00e1sa, mivel a v\u00e1llalkoz\u00e1soknak nem kell olyan juttat\u00e1sokat biztos\u00edtaniuk, mint az eg\u00e9szs\u00e9gbiztos\u00edt\u00e1s vagy a fizetett szabadid\u0151. <\/p>\n<div class=\"newlinediv\"><\/div>\n<p> A szerz\u0151d\u00e9ses munkaer\u0151 alkalmaz\u00e1s\u00e1nak azonban vannak h\u00e1tr\u00e1nyai is. Egyr\u00e9szt a v\u00e1llalkoz\u00e1soknak kevesebb ellen\u0151rz\u00e9s\u00fck van a szerz\u0151d\u00e9ses munkav\u00e1llal\u00f3k felett, mint a teljes munkaid\u0151s alkalmazottak eset\u00e9ben. A szerz\u0151d\u00e9ses dolgoz\u00f3kat nem k\u00f6tik ugyanazok a szab\u00e1lyok \u00e9s el\u0151\u00edr\u00e1sok, mint a teljes munkaid\u0151s alkalmazottakat, \u00e9s el\u0151fordulhat, hogy kev\u00e9sb\u00e9 \u00e9rdekeltek a v\u00e1llalkoz\u00e1s siker\u00e9ben. Ezenk\u00edv\u00fcl a szerz\u0151d\u00e9ses munkav\u00e1llal\u00f3k nem felt\u00e9tlen\u00fcl rendelkeznek ugyanolyan szint\u0171 szak\u00e9rtelemmel vagy tapasztalattal, mint a teljes munkaid\u0151s alkalmazottak, mivel gyakran r\u00f6vid t\u00e1v\u00fa, speci\u00e1lis k\u00e9szs\u00e9geket ig\u00e9nyl\u0151 projektekhez veszik fel \u0151ket. <\/p>\n<div class=\"newlinediv\"><\/div>\n<p> Az egyik legnagyobb k\u00e9rd\u00e9s, amellyel a v\u00e1llalkoz\u00e1soknak a szerz\u0151d\u00e9ses munkaer\u0151vel kapcsolatban szembe kell n\u00e9zni\u00fck, az, hogy ad\u00f3z\u00e1si szempontb\u00f3l alkalmazottk\u00e9nt kell-e felt\u00fcntetni ezeket a munkav\u00e1llal\u00f3kat. Az IRS szigor\u00fa ir\u00e1nyelvekkel rendelkezik annak meghat\u00e1roz\u00e1s\u00e1ra, hogy egy munkav\u00e1llal\u00f3 alkalmazottnak vagy f\u00fcggetlen v\u00e1llalkoz\u00f3nak min\u0151s\u00fcl-e, \u00e9s a munkav\u00e1llal\u00f3k helytelen besorol\u00e1sa s\u00falyos b\u00edrs\u00e1gokat \u00e9s b\u00fcntet\u00e9seket vonhat maga ut\u00e1n. <\/p>\n<div class=\"newlinediv\"><\/div>\n<p> Annak meghat\u00e1roz\u00e1s\u00e1hoz, hogy egy munkav\u00e1llal\u00f3 munkav\u00e1llal\u00f3nak min\u0151s\u00fcl-e vagy sem, a v\u00e1llalkoz\u00e1soknak sz\u00e1mos t\u00e9nyez\u0151t kell figyelembe venni\u00fck, p\u00e9ld\u00e1ul a munkav\u00e1llal\u00f3 feletti ellen\u0151rz\u00e9s szintj\u00e9t, a munkav\u00e1llal\u00f3 \u00e9s a v\u00e1llalkoz\u00e1s k\u00f6z\u00f6tti kapcsolat t\u00edpus\u00e1t, valamint a munkav\u00e1llal\u00f3 f\u00fcggetlens\u00e9g\u00e9nek m\u00e9rt\u00e9k\u00e9t a feladatai elv\u00e9gz\u00e9se sor\u00e1n. \u00c1ltal\u00e1noss\u00e1gban elmondhat\u00f3, hogy ha a v\u00e1llalkoz\u00e1s nagyfok\u00fa ellen\u0151rz\u00e9st gyakorol a munkav\u00e1llal\u00f3 felett, \u00e9s a munkav\u00e1llal\u00f3 szerves r\u00e9sz\u00e9t k\u00e9pezi a v\u00e1llalkoz\u00e1s siker\u00e9nek, akkor a munkav\u00e1llal\u00f3 val\u00f3sz\u00edn\u0171leg alkalmazottnak, nem pedig f\u00fcggetlen v\u00e1llalkoz\u00f3nak min\u0151s\u00fcl. <\/p>\n<div class=\"newlinediv\"><\/div>\n<p> \u00d6sszefoglalva, a szerz\u0151d\u00e9ses munkaer\u0151 alkalmaz\u00e1sa nagyszer\u0171 m\u00f3dja lehet a v\u00e1llalkoz\u00e1soknak, hogy rugalmasabban kezelj\u00e9k munkaer\u0151ig\u00e9ny\u00fcket, \u00e9s p\u00e9nzt takar\u00edtsanak meg a munkaer\u0151k\u00f6lts\u00e9geken. Fontos azonban, hogy alaposan m\u00e9rlegelje a szerz\u0151d\u00e9ses munkaer\u0151 el\u0151nyeit \u00e9s h\u00e1tr\u00e1nyait, miel\u0151tt b\u00e1rmilyen d\u00f6nt\u00e9st hozna. Ezenk\u00edv\u00fcl a v\u00e1llalkoz\u00e1soknak \u00fcgyelni\u00fck kell arra, hogy helyesen min\u0151s\u00edts\u00e9k munkav\u00e1llal\u00f3ikat munkav\u00e1llal\u00f3knak vagy f\u00fcggetlen v\u00e1llalkoz\u00f3knak, hogy megfeleljenek az IRS el\u0151\u00edr\u00e1sainak, \u00e9s elker\u00fclj\u00e9k a k\u00f6lts\u00e9ges b\u00edrs\u00e1gokat \u00e9s b\u00fcntet\u00e9seket.<\/p><\/div>\n<div class=\"questions\">\n<div class=\"questionstitle\">FAQ<\/div>\n<div class=\"question\">\n<div class=\"qtitle\"> A szerz\u0151d\u00e9ses munkaer\u0151 levonhat\u00f3 az ad\u00f3b\u00f3l?<\/div>\n<p> Igen, a b\u00e9rmunka k\u00f6lts\u00e9gei \u00e1ltal\u00e1ban levonhat\u00f3k a v\u00e1llalkoz\u00e1sok sz\u00e1m\u00e1ra az ad\u00f3b\u00f3l. A szerz\u0151d\u00e9ses munkaer\u0151 egy\u00e9nek vagy v\u00e1llalatok ideiglenes alapon t\u00f6rt\u00e9n\u0151 b\u00e9rbead\u00e1s\u00e1t jelenti meghat\u00e1rozott feladatok vagy projektek elv\u00e9gz\u00e9s\u00e9re. Ez mag\u00e1ban foglalhatja szabad\u00fasz\u00f3k, tan\u00e1csad\u00f3k vagy m\u00e1s f\u00fcggetlen v\u00e1llalkoz\u00f3k alkalmaz\u00e1s\u00e1t. <\/p>\n<div class=\"newlinediv\"><\/div>\n<p> Az IRS a szerz\u0151d\u00e9ses munkaer\u0151k\u00f6lts\u00e9geket jogszer\u0171 \u00fczleti k\u00f6lts\u00e9gnek tekinti, \u00e9s levonhat\u00f3k a v\u00e1llalkoz\u00e1s ad\u00f3k\u00f6teles j\u00f6vedelm\u00e9b\u0151l. Fontos azonban megjegyezni, hogy a szerz\u0151d\u00e9ses munkak\u00f6lts\u00e9gek levon\u00e1s\u00e1ra vonatkoz\u00f3 szab\u00e1lyok \u00e9s el\u0151\u00edr\u00e1sok \u00f6sszetettek lehetnek, \u00e9s aj\u00e1nlott, hogy a v\u00e1llalkoz\u00e1sok konzult\u00e1ljanak egy ad\u00f3szak\u00e9rt\u0151vel, hogy megbizonyosodjanak arr\u00f3l, hogy a helyes elj\u00e1r\u00e1sokat k\u00f6vetik. <\/p>\n<div class=\"newlinediv\"><\/div>\n<p> Vannak olyan speci\u00e1lis k\u00f6vetelm\u00e9nyek is, amelyeknek a v\u00e1llalkoz\u00e1soknak meg kell felelni\u00fck ahhoz, hogy a mag\u00e1nszem\u00e9lyeket megfelel\u0151en szerz\u0151d\u00e9ses munkaer\u0151nek min\u0151s\u00edts\u00e9k, mint p\u00e9ld\u00e1ul a v\u00e1llalkoz\u00e1s \u00e1ltal az elv\u00e9gzett munka felett gyakorolt ellen\u0151rz\u00e9s m\u00e9rt\u00e9ke, valamint a v\u00e1llalkoz\u00e1s \u00e9s a munkav\u00e1llal\u00f3 k\u00f6z\u00f6tti kapcsolat. A munkav\u00e1llal\u00f3k szerz\u0151d\u00e9ses munkaer\u0151nek val\u00f3 helytelen besorol\u00e1sa b\u00fcntet\u00e9seket \u00e9s jogi probl\u00e9m\u00e1kat eredm\u00e9nyezhet a v\u00e1llalkoz\u00e1s sz\u00e1m\u00e1ra. <\/p>\n<div class=\"newlinediv\"><\/div>\n<p> \u00d6sszefoglalva, a szerz\u0151d\u00e9ses munka k\u00f6lts\u00e9gei \u00e1ltal\u00e1ban levonhat\u00f3k a v\u00e1llalkoz\u00e1sok sz\u00e1m\u00e1ra az ad\u00f3b\u00f3l, de fontos, hogy biztos\u00edtsa az IRS-el\u0151\u00edr\u00e1sok betart\u00e1s\u00e1t, \u00e9s sz\u00fcks\u00e9g eset\u00e9n k\u00e9rjen szakmai tan\u00e1csot. <\/p>\n<\/div>\n<div class=\"question\">\n<div class=\"qtitle\"> Hogyan \u00e9rv\u00e9nyes\u00edthetem a b\u00e9rmunk\u00e1t az ad\u00f3bevall\u00e1somban?<\/div>\n<p> Ha v\u00e1llalkoz\u00e1sa sz\u00e1m\u00e1ra szerz\u0151d\u00e9ses munkaer\u0151t vesz fel, k\u00f6teles jelenteni a kifizet\u00e9seiket, \u00e9s 1099-MISC nyomtatv\u00e1nyt kell beny\u00fajtania az IRS-nek. Az al\u00e1bbiakban ismertetj\u00fck a szerz\u0151d\u00e9ses munkaer\u0151 ad\u00f3bevall\u00e1s\u00e1nak l\u00e9p\u00e9seit: <\/p>\n<div class=\"newlinediv\"><\/div>\n<p> 1. Gy\u0171jtse \u00f6ssze az inform\u00e1ci\u00f3kat: Gy\u0171jtse \u00f6ssze minden olyan v\u00e1llalkoz\u00f3 nev\u00e9t, c\u00edm\u00e9t \u00e9s ad\u00f3sz\u00e1m\u00e1t (TIN), akinek az ad\u00f3\u00e9v sor\u00e1n 600 doll\u00e1rn\u00e1l t\u00f6bbet fizetett. Ezt az inform\u00e1ci\u00f3t \u00fagy szerezheti be, hogy minden v\u00e1llalkoz\u00f3t\u00f3l W-9 nyomtatv\u00e1nyt k\u00e9r. <\/p>\n<div class=\"newlinediv\"><\/div>\n<p> 2. 1099-MISC beny\u00fajt\u00e1sa: Az \u00f6sszegy\u0171jt\u00f6tt inform\u00e1ci\u00f3k alapj\u00e1n t\u00f6ltse ki a 1099-MISC nyomtatv\u00e1nyt minden egyes v\u00e1llalkoz\u00f3 sz\u00e1m\u00e1ra. K\u00fcldje el a nyomtatv\u00e1ny A p\u00e9ld\u00e1ny\u00e1t az IRS-nek, a B p\u00e9ld\u00e1nyt a v\u00e1llalkoz\u00f3nak, a C p\u00e9ld\u00e1nyt pedig \u0151rizze meg a nyilv\u00e1ntart\u00e1s\u00e1ban. <\/p>\n<div class=\"newlinediv\"><\/div>\n<p> 3. Vonja le a k\u00f6lts\u00e9geket: A munkaer\u0151k\u00f6lts\u00e9get \u00fczleti k\u00f6lts\u00e9gk\u00e9nt levonhatja az ad\u00f3bevall\u00e1s\u00e1ban. \u00dcgyeljen arra, hogy pontos nyilv\u00e1ntart\u00e1st vezessen a v\u00e1llalkoz\u00f3knak t\u00f6rt\u00e9nt kifizet\u00e9sekr\u0151l \u00e9s minden egy\u00e9b relev\u00e1ns kiad\u00e1sr\u00f3l. <\/p>\n<div class=\"newlinediv\"><\/div>\n<p> 4. Jelentse az ad\u00f3bevall\u00e1sban: Ad\u00f3bevall\u00e1s\u00e1ban jelentse a b\u00e9rmunka-k\u00f6lts\u00e9gek teljes \u00f6sszeg\u00e9t. Ezt megteheti a C list\u00e1n, ha egy\u00e9ni v\u00e1llalkoz\u00f3, vagy a megfelel\u0151 \u00fczleti ad\u00f3formanyomtatv\u00e1nyon, ha m\u00e1s \u00fczleti strukt\u00far\u00e1val rendelkezik. <\/p>\n<div class=\"newlinediv\"><\/div>\n<p> 5. Fizessen \u00f6nfoglalkoztat\u00f3i ad\u00f3t: A v\u00e1llalkoz\u00f3k \u00f6nfoglalkoztat\u00f3nak min\u0151s\u00fclnek, \u00edgy felel\u0151ss\u00e9ggel tartoznak a kereset\u00fck ut\u00e1n fizetend\u0151 \u00f6nfoglalkoztat\u00e1si ad\u00f3 megfizet\u00e9s\u00e9\u00e9rt. Munk\u00e1ltat\u00f3k\u00e9nt \u00d6n nem tartja vissza ezeket az ad\u00f3kat a kifizet\u00e9seikb\u0151l. \u00d6n azonban felel\u0151s lehet az\u00e9rt, hogy a nev\u00fckben befizesse a t\u00e1rsadalombiztos\u00edt\u00e1si \u00e9s a Medicare-ad\u00f3 munk\u00e1ltat\u00f3i r\u00e9sz\u00e9nek egy r\u00e9sz\u00e9t. <\/p>\n<div class=\"newlinediv\"><\/div>\n<p> Fontos, hogy pontos nyilv\u00e1ntart\u00e1st vezessen, \u00e9s minden sz\u00fcks\u00e9ges nyomtatv\u00e1nyt \u00e9s ad\u00f3t id\u0151ben beny\u00fajtson, hogy elker\u00fclje az IRS \u00e1ltal kiszabott b\u00fcntet\u00e9seket \u00e9s b\u00edrs\u00e1gokat. Fontolja meg, hogy konzult\u00e1ljon egy ad\u00f3szak\u00e9rt\u0151vel, aki seg\u00edthet a szerz\u0151d\u00e9ses munka ad\u00f3bevall\u00e1s\u00e1ban.<\/p>\n<\/div>\n<\/div>\n","protected":false},"excerpt":{"rendered":"<p>Amikor a v\u00e1llalkoz\u00e1s m\u0171k\u00f6dtet\u00e9s\u00e9r\u0151l van sz\u00f3, az egyik legnagyobb d\u00f6nt\u00e9s, amit meg kell hoznia, hogy hogyan kell a szem\u00e9lyzetet a v\u00e1llalat. M\u00edg a legt\u00f6bb v\u00e1llalkoz\u00e1s a teljes munkaid\u0151s alkalmazottak mellett d\u00f6nt, egyesek ink\u00e1bb a szerz\u0151d\u00e9ses munkaer\u0151 alkalmaz\u00e1s\u00e1t v\u00e1lasztj\u00e1k. A b\u00e9rmunk\u00e1sok olyan f\u00fcggetlen munkav\u00e1llal\u00f3k, akiket ideiglenesen alkalmaznak egy adott projekt vagy feladat elv\u00e9gz\u00e9s\u00e9re. A szerz\u0151d\u00e9ses munkaer\u0151 &#8230; <a title=\"The Pros and Cons of Hiring Contract Labor\" class=\"read-more\" href=\"https:\/\/megnyitasa.com\/tudas\/the-pros-and-cons-of-hiring-contract-labor\/\" aria-label=\"Read more about The Pros and Cons of Hiring Contract Labor\">Read more<\/a><\/p>\n","protected":false},"author":1013,"featured_media":0,"comment_status":"closed","ping_status":"closed","sticky":false,"template":"","format":"standard","meta":{"footnotes":""},"categories":[35],"tags":[],"class_list":["post-15001","post","type-post","status-publish","format-standard","hentry","category-running-a-business"],"_links":{"self":[{"href":"https:\/\/megnyitasa.com\/tudas\/wp-json\/wp\/v2\/posts\/15001","targetHints":{"allow":["GET"]}}],"collection":[{"href":"https:\/\/megnyitasa.com\/tudas\/wp-json\/wp\/v2\/posts"}],"about":[{"href":"https:\/\/megnyitasa.com\/tudas\/wp-json\/wp\/v2\/types\/post"}],"author":[{"embeddable":true,"href":"https:\/\/megnyitasa.com\/tudas\/wp-json\/wp\/v2\/users\/1013"}],"replies":[{"embeddable":true,"href":"https:\/\/megnyitasa.com\/tudas\/wp-json\/wp\/v2\/comments?post=15001"}],"version-history":[{"count":0,"href":"https:\/\/megnyitasa.com\/tudas\/wp-json\/wp\/v2\/posts\/15001\/revisions"}],"wp:attachment":[{"href":"https:\/\/megnyitasa.com\/tudas\/wp-json\/wp\/v2\/media?parent=15001"}],"wp:term":[{"taxonomy":"category","embeddable":true,"href":"https:\/\/megnyitasa.com\/tudas\/wp-json\/wp\/v2\/categories?post=15001"},{"taxonomy":"post_tag","embeddable":true,"href":"https:\/\/megnyitasa.com\/tudas\/wp-json\/wp\/v2\/tags?post=15001"}],"curies":[{"name":"wp","href":"https:\/\/api.w.org\/{rel}","templated":true}]}}