{"id":15069,"date":"2023-04-24T00:00:00","date_gmt":"2023-04-24T00:00:00","guid":{"rendered":"https:\/\/megnyitasa.com\/tudas\/a-vilagos-celok-kituzesenek-fontossaga-a-marketingkoordinatorok-szamara\/"},"modified":"2023-04-24T00:00:00","modified_gmt":"2023-04-24T00:00:00","slug":"a-vilagos-celok-kituzesenek-fontossaga-a-marketingkoordinatorok-szamara","status":"publish","type":"post","link":"https:\/\/megnyitasa.com\/tudas\/a-vilagos-celok-kituzesenek-fontossaga-a-marketingkoordinatorok-szamara\/","title":{"rendered":"A vil\u00e1gos c\u00e9lok kit\u0171z\u00e9s\u00e9nek fontoss\u00e1ga a marketingkoordin\u00e1torok sz\u00e1m\u00e1ra"},"content":{"rendered":"<div class=\"articlecontent\">\n<div class=\"newlinediv\"><\/div>\n<p> A marketingkoordin\u00e1torok l\u00e9tfontoss\u00e1g\u00fa szerepet j\u00e1tszanak minden szervezetben. \u0150k felel\u0151sek a marketingkamp\u00e1nyok kidolgoz\u00e1s\u00e1\u00e9rt \u00e9s v\u00e9grehajt\u00e1s\u00e1\u00e9rt, amelyek seg\u00edtik a v\u00e1llalkoz\u00e1sokat c\u00e9ljaik el\u00e9r\u00e9s\u00e9ben. Vil\u00e1gos c\u00e9lok n\u00e9lk\u00fcl azonban a marketingkoordin\u00e1torok nehezen tudnak olyan hat\u00e9kony strat\u00e9gi\u00e1kat l\u00e9trehozni, amelyek eredm\u00e9nyeket hoznak. Ebben a cikkben elmer\u00fcl\u00fcnk a marketingkoordin\u00e1torok sz\u00e1m\u00e1ra az egy\u00e9rtelm\u0171 c\u00e9lok kit\u0171z\u00e9s\u00e9nek fontoss\u00e1g\u00e1ban, \u00e9s abban, hogy mit kell priorit\u00e1sk\u00e9nt kezelni\u00fck szerep\u00fckben. <\/p>\n<div class=\"newlinediv\"><\/div>\n<p> Kezdetnek az egy\u00e9rtelm\u0171 c\u00e9lok kit\u0171z\u00e9se seg\u00edt a marketingkoordin\u00e1toroknak abban, hogy a nagy eg\u00e9szre \u00f6sszpontos\u00edtsanak. A c\u00e9lok vil\u00e1gos ir\u00e1nyt \u00e9s c\u00e9lt adnak. Lehet\u0151v\u00e9 teszik a marketingkoordin\u00e1torok sz\u00e1m\u00e1ra, hogy meghat\u00e1rozz\u00e1k, milyen taktik\u00e1k \u00e9s strat\u00e9gi\u00e1k lesznek a leghat\u00e9konyabbak egy adott c\u00e9l el\u00e9r\u00e9s\u00e9hez. C\u00e9lok n\u00e9lk\u00fcl a marketingkoordin\u00e1torok \u00fagy hajthatj\u00e1k v\u00e9gre a taktik\u00e1kat, hogy nincsenek tiszt\u00e1ban azzal, hogyan j\u00e1rulnak hozz\u00e1 az \u00e1ltal\u00e1nos sikerhez. <\/p>\n<div class=\"newlinediv\"><\/div>\n<p> A vil\u00e1gos c\u00e9lok kit\u0171z\u00e9s\u00e9nek m\u00e1sik el\u0151nye, hogy seg\u00edt a marketingkoordin\u00e1toroknak az el\u0151rehalad\u00e1s m\u00e9r\u00e9s\u00e9ben. A c\u00e9loknak konkr\u00e9tnak \u00e9s m\u00e9rhet\u0151nek kell lenni\u00fck, hogy a marketingkoordin\u00e1torok nyomon k\u00f6vethess\u00e9k a fejl\u0151d\u00e9s\u00fcket, \u00e9s l\u00e1thass\u00e1k, hogy a helyes ir\u00e1nyba haladnak-e. Ez lehet\u0151v\u00e9 teszi sz\u00e1mukra, hogy sz\u00fcks\u00e9g eset\u00e9n kiigaz\u00edts\u00e1k strat\u00e9gi\u00e1ikat, \u00e9s biztos\u00edts\u00e1k, hogy a c\u00e9ljaik el\u00e9r\u00e9s\u00e9hez vezet\u0151 \u00faton haladnak. <\/p>\n<div class=\"newlinediv\"><\/div>\n<p> A konkr\u00e9t kamp\u00e1nyokhoz kit\u0171z\u00f6tt c\u00e9lok mellett a marketingkoordin\u00e1toroknak az er\u0151s m\u00e1rka fel\u00e9p\u00edt\u00e9s\u00e9re is \u00f6sszpontos\u00edtaniuk kell. Ez mag\u00e1ban foglalja a k\u00f6vetkezetes hang \u00e9s hangnem kialak\u00edt\u00e1s\u00e1t az \u00f6sszes marketingcsatorn\u00e1n, annak biztos\u00edt\u00e1s\u00e1t, hogy az \u00fczenetek rezon\u00e1ljanak a c\u00e9lk\u00f6z\u00f6ns\u00e9ggel, \u00e9s a m\u00e1rka pozit\u00edv meg\u00edt\u00e9l\u00e9s\u00e9nek kialak\u00edt\u00e1s\u00e1t. Ezekre az elemekre \u00f6sszpontos\u00edtva a marketingkoordin\u00e1torok seg\u00edthetnek egy olyan h\u0171s\u00e9ges \u00fcgyf\u00e9lb\u00e1zis ki\u00e9p\u00edt\u00e9s\u00e9ben, amely hossz\u00fa t\u00e1von sikeress\u00e9 teszi a v\u00e1llalkoz\u00e1st. <\/p>\n<div class=\"newlinediv\"><\/div>\n<p> V\u00e9g\u00fcl pedig a marketingkoordin\u00e1toroknak priorit\u00e1sk\u00e9nt kell kezelni\u00fck, hogy naprak\u00e9szek maradjanak az ipar\u00e1gi trendekkel \u00e9s a legjobb gyakorlatokkal kapcsolatban. A marketing folyamatosan fejl\u0151dik, \u00e9s ami tavaly bev\u00e1lt, ma m\u00e1r nem biztos, hogy hat\u00e9kony. A marketingkoordin\u00e1torok a leg\u00fajabb trendekr\u0151l \u00e9s legjobb gyakorlatokr\u00f3l val\u00f3 t\u00e1j\u00e9koz\u00f3d\u00e1ssal biztos\u00edthatj\u00e1k, hogy a leghat\u00e9konyabb taktik\u00e1kat alkalmazz\u00e1k c\u00e9ljaik el\u00e9r\u00e9s\u00e9hez. <\/p>\n<div class=\"newlinediv\"><\/div>\n<p> \u00d6sszefoglalva, az egy\u00e9rtelm\u0171 c\u00e9lok kit\u0171z\u00e9se elengedhetetlen ahhoz, hogy a marketingkoordin\u00e1torok sikeresen t\u00f6lts\u00e9k be szerep\u00fcket. A c\u00e9lok ir\u00e1nyt adnak, seg\u00edtik az el\u0151rehalad\u00e1s m\u00e9r\u00e9s\u00e9t, \u00e9s biztos\u00edtj\u00e1k, hogy a marketingtev\u00e9kenys\u00e9gek hozz\u00e1j\u00e1rulnak az \u00e1ltal\u00e1nos \u00fczleti sikerhez. A c\u00e9lok rangsorol\u00e1s\u00e1val, az er\u0151s m\u00e1rka ki\u00e9p\u00edt\u00e9s\u00e9vel \u00e9s az ipar\u00e1gi trendekr\u0151l val\u00f3 t\u00e1j\u00e9koz\u00f3d\u00e1ssal a marketingkoordin\u00e1torok hat\u00e9kony strat\u00e9gi\u00e1kat hozhatnak l\u00e9tre, amelyek eredm\u00e9nyeket hoznak.<\/p><\/div>\n<div class=\"questions\">\n<div class=\"questionstitle\">FAQ<\/div>\n<div class=\"question\">\n<div class=\"qtitle\"> Mi a 4 k\u00f6z\u00f6s marketingc\u00e9l?<\/div>\n<p> A n\u00e9gy k\u00f6z\u00f6s marketingc\u00e9l a k\u00f6vetkez\u0151: <\/p>\n<div class=\"newlinediv\"><\/div>\n<p> 1. A m\u00e1rkaismerts\u00e9g n\u00f6vel\u00e9se: Ez a c\u00e9l arra \u00f6sszpontos\u00edt, hogy min\u00e9l t\u00f6bb ember tudjon a m\u00e1rka l\u00e9tez\u00e9s\u00e9r\u0151l \u00e9s arr\u00f3l, hogy mit k\u00e9pvisel. Ezt rekl\u00e1mkamp\u00e1nyokkal, k\u00f6z\u00f6ss\u00e9gi m\u00e9diamarketinggel \u00e9s PR-tev\u00e9kenys\u00e9gekkel lehet el\u00e9rni. <\/p>\n<div class=\"newlinediv\"><\/div>\n<p> 2. Leadek gener\u00e1l\u00e1sa: A leadgener\u00e1l\u00e1s a potenci\u00e1lis \u00fcgyfelek megnyer\u00e9s\u00e9re \u00e9s arra \u00f6szt\u00f6nzi \u0151ket, hogy ossz\u00e1k meg el\u00e9rhet\u0151s\u00e9geiket egy m\u00e1rk\u00e1val. Ez megval\u00f3s\u00edthat\u00f3 e-mail marketingkamp\u00e1nyok, k\u00f6z\u00f6ss\u00e9gi m\u00e9di\u00e1s lead hirdet\u00e9sek \u00e9s kapuzott tartalmak, p\u00e9ld\u00e1ul feh\u00e9r k\u00f6nyvek vagy e-k\u00f6nyvek r\u00e9v\u00e9n. <\/p>\n<div class=\"newlinediv\"><\/div>\n<p> 3. N\u00f6velje az \u00e9rt\u00e9kes\u00edt\u00e9st: Sz\u00e1mos marketingkamp\u00e1ny v\u00e9gs\u0151 c\u00e9lja a t\u00f6bb \u00e9rt\u00e9kes\u00edt\u00e9s el\u00e9r\u00e9se. Ezt sz\u00e1mos taktik\u00e1val, p\u00e9ld\u00e1ul c\u00e9lzott hirdet\u00e9sekkel, prom\u00f3ci\u00f3kkal \u00e9s kedvezm\u00e9nyekkel lehet el\u00e9rni. <\/p>\n<div class=\"newlinediv\"><\/div>\n<p> 4. \u00dcgyf\u00e9lh\u0171s\u00e9g kialak\u00edt\u00e1sa: Az \u00fcgyf\u00e9lh\u0171s\u00e9g ki\u00e9p\u00edt\u00e9se a m\u00e1rka \u00e9s az \u00fcgyfelek k\u00f6z\u00f6tti hossz\u00fa t\u00e1v\u00fa kapcsolat kialak\u00edt\u00e1s\u00e1r\u00f3l sz\u00f3l. Ezt szem\u00e9lyre szabott marketingkamp\u00e1nyokkal, h\u0171s\u00e9gprogramokkal \u00e9s kiv\u00e9teles \u00fcgyf\u00e9lszolg\u00e1lattal lehet el\u00e9rni. <\/p>\n<\/div>\n<div class=\"question\">\n<div class=\"qtitle\"> Mit\u0151l lesz j\u00f3 egy marketingkoordin\u00e1tor?<\/div>\n<p> A j\u00f3 marketingkoordin\u00e1tor olyan szem\u00e9ly, aki olyan k\u00e9szs\u00e9gek, ismeretek \u00e9s tulajdons\u00e1gok kombin\u00e1ci\u00f3j\u00e1val rendelkezik, amelyek lehet\u0151v\u00e9 teszik sz\u00e1m\u00e1ra, hogy hat\u00e9kony marketingkamp\u00e1nyokat hajtson v\u00e9gre. \u00cdme n\u00e9h\u00e1ny kulcsfontoss\u00e1g\u00fa tulajdons\u00e1g, amelyek a j\u00f3 marketingkoordin\u00e1tort jellemzik: <\/p>\n<div class=\"newlinediv\"><\/div>\n<p> 1. Er\u0151s kommunik\u00e1ci\u00f3s k\u00e9szs\u00e9gek &#8211; A marketingkoordin\u00e1tornak hat\u00e9konyan kell tudnia kommunik\u00e1lni a csapattagokkal, az \u00fcgyfelekkel \u00e9s az \u00e9rdekelt felekkel. K\u00e9pesnek kell lennie arra, hogy vil\u00e1gosan megfogalmazza az \u00f6tleteket, \u00e9s akt\u00edvan figyeljen, hogy meg\u00e9rtse m\u00e1sok ig\u00e9nyeit. <\/p>\n<div class=\"newlinediv\"><\/div>\n<p> 2. Figyelem a r\u00e9szletekre &#8211; A marketingkamp\u00e1nyok sz\u00e1mos mozg\u00f3 alkatr\u00e9szt tartalmaznak, \u00e9s egy j\u00f3 marketingkoordin\u00e1tornak k\u00e9pesnek kell lennie az \u00f6sszes r\u00e9szletet kezelni. Ez mag\u00e1ban foglalja a k\u00f6lts\u00e9gvet\u00e9sek, az \u00fctemtervek \u00e9s a projekteredm\u00e9nyek nyomon k\u00f6vet\u00e9s\u00e9t. <\/p>\n<div class=\"newlinediv\"><\/div>\n<p> 3. Kreativit\u00e1s &#8211; A j\u00f3 marketingkoordin\u00e1tornak k\u00e9pesnek kell lennie arra, hogy innovat\u00edv \u00f6tletekkel \u00e1lljon el\u0151 a marketingkamp\u00e1nyokhoz. K\u00e9pesnek kell lennie arra, hogy a dobozon k\u00edv\u00fcl gondolkodjon, \u00e9s egyedi megold\u00e1sokat tal\u00e1ljon ki a marketing kih\u00edv\u00e1sokra. <\/p>\n<div class=\"newlinediv\"><\/div>\n<p> 4. Analitikai k\u00e9szs\u00e9gek &#8211; A j\u00f3 marketingkoordin\u00e1tornak k\u00e9pesnek kell lennie az adatok elemz\u00e9s\u00e9re, hogy meg\u00e9rtse a marketingkamp\u00e1nyok hat\u00e9konys\u00e1g\u00e1t. K\u00e9pesnek kell lennie arra, hogy az adatokat felhaszn\u00e1lva megalapozott d\u00f6nt\u00e9seket hozzon a kamp\u00e1nystrat\u00e9gi\u00e1kkal kapcsolatban. <\/p>\n<div class=\"newlinediv\"><\/div>\n<p> 5. Projektmenedzsment-k\u00e9pess\u00e9gek &#8211; A marketingkamp\u00e1nyok sz\u00e1mos k\u00fcl\u00f6nb\u00f6z\u0151 feladatot foglalnak magukban, \u00e9s egy j\u00f3 marketingkoordin\u00e1tornak k\u00e9pesnek kell lennie t\u00f6bb projekt egyidej\u0171 kezel\u00e9s\u00e9re. K\u00e9pesnek kell lennie a feladatok rangsorol\u00e1s\u00e1ra, a felel\u0151ss\u00e9gek deleg\u00e1l\u00e1s\u00e1ra \u00e9s a hat\u00e1rid\u0151k betart\u00e1s\u00e1ra. <\/p>\n<div class=\"newlinediv\"><\/div>\n<p> 6. Rugalmass\u00e1g &#8211; A marketingkamp\u00e1nyok kisz\u00e1m\u00edthatatlanok lehetnek, \u00e9s a j\u00f3 marketingkoordin\u00e1tornak k\u00e9pesnek kell lennie alkalmazkodni a v\u00e1ltoz\u00f3 k\u00f6r\u00fclm\u00e9nyekhez. K\u00e9pesnek kell lennie a kamp\u00e1nystrat\u00e9gi\u00e1k sz\u00fcks\u00e9g szerinti m\u00f3dos\u00edt\u00e1s\u00e1ra, \u00e9s nyitottnak kell lennie az \u00faj \u00f6tletekre. <\/p>\n<div class=\"newlinediv\"><\/div>\n<p> \u00d6sszess\u00e9g\u00e9ben a j\u00f3 marketingkoordin\u00e1tor olyan szem\u00e9ly, aki szervezett, kreat\u00edv, analitikus \u00e9s k\u00e9pes hat\u00e9konyan kommunik\u00e1lni m\u00e1sokkal. Egyszerre t\u00f6bb projektet kell tudnia kezelni, \u00e9s el\u00e9g rugalmasnak kell lennie ahhoz, hogy alkalmazkodni tudjon a v\u00e1ltoz\u00f3 k\u00f6r\u00fclm\u00e9nyekhez.<\/p>\n<\/div>\n<\/div>\n","protected":false},"excerpt":{"rendered":"<p>A marketingkoordin\u00e1torok l\u00e9tfontoss\u00e1g\u00fa szerepet j\u00e1tszanak minden szervezetben. \u0150k felel\u0151sek a marketingkamp\u00e1nyok kidolgoz\u00e1s\u00e1\u00e9rt \u00e9s v\u00e9grehajt\u00e1s\u00e1\u00e9rt, amelyek seg\u00edtik a v\u00e1llalkoz\u00e1sokat c\u00e9ljaik el\u00e9r\u00e9s\u00e9ben. Vil\u00e1gos c\u00e9lok n\u00e9lk\u00fcl azonban a marketingkoordin\u00e1torok nehezen tudnak olyan hat\u00e9kony strat\u00e9gi\u00e1kat l\u00e9trehozni, amelyek eredm\u00e9nyeket hoznak. Ebben a cikkben elmer\u00fcl\u00fcnk a marketingkoordin\u00e1torok sz\u00e1m\u00e1ra az egy\u00e9rtelm\u0171 c\u00e9lok kit\u0171z\u00e9s\u00e9nek fontoss\u00e1g\u00e1ban, \u00e9s abban, hogy mit kell priorit\u00e1sk\u00e9nt kezelni\u00fck szerep\u00fckben. &#8230; <a title=\"A vil\u00e1gos c\u00e9lok kit\u0171z\u00e9s\u00e9nek fontoss\u00e1ga a marketingkoordin\u00e1torok sz\u00e1m\u00e1ra\" class=\"read-more\" href=\"https:\/\/megnyitasa.com\/tudas\/a-vilagos-celok-kituzesenek-fontossaga-a-marketingkoordinatorok-szamara\/\" aria-label=\"Read more about A vil\u00e1gos c\u00e9lok kit\u0171z\u00e9s\u00e9nek fontoss\u00e1ga a marketingkoordin\u00e1torok sz\u00e1m\u00e1ra\">Read more<\/a><\/p>\n","protected":false},"author":3958,"featured_media":0,"comment_status":"closed","ping_status":"closed","sticky":false,"template":"","format":"standard","meta":{"footnotes":""},"categories":[6],"tags":[],"class_list":["post-15069","post","type-post","status-publish","format-standard","hentry","category-reklam-es-marketing"],"_links":{"self":[{"href":"https:\/\/megnyitasa.com\/tudas\/wp-json\/wp\/v2\/posts\/15069","targetHints":{"allow":["GET"]}}],"collection":[{"href":"https:\/\/megnyitasa.com\/tudas\/wp-json\/wp\/v2\/posts"}],"about":[{"href":"https:\/\/megnyitasa.com\/tudas\/wp-json\/wp\/v2\/types\/post"}],"author":[{"embeddable":true,"href":"https:\/\/megnyitasa.com\/tudas\/wp-json\/wp\/v2\/users\/3958"}],"replies":[{"embeddable":true,"href":"https:\/\/megnyitasa.com\/tudas\/wp-json\/wp\/v2\/comments?post=15069"}],"version-history":[{"count":0,"href":"https:\/\/megnyitasa.com\/tudas\/wp-json\/wp\/v2\/posts\/15069\/revisions"}],"wp:attachment":[{"href":"https:\/\/megnyitasa.com\/tudas\/wp-json\/wp\/v2\/media?parent=15069"}],"wp:term":[{"taxonomy":"category","embeddable":true,"href":"https:\/\/megnyitasa.com\/tudas\/wp-json\/wp\/v2\/categories?post=15069"},{"taxonomy":"post_tag","embeddable":true,"href":"https:\/\/megnyitasa.com\/tudas\/wp-json\/wp\/v2\/tags?post=15069"}],"curies":[{"name":"wp","href":"https:\/\/api.w.org\/{rel}","templated":true}]}}