{"id":15197,"date":"2023-04-24T00:00:00","date_gmt":"2023-04-24T00:00:00","guid":{"rendered":"https:\/\/megnyitasa.com\/tudas\/egeszseges-munkakornyezet-biztositasa-tippek-a-munkavallaloi-panaszok-megvalaszolasahoz\/"},"modified":"2023-04-24T00:00:00","modified_gmt":"2023-04-24T00:00:00","slug":"egeszseges-munkakornyezet-biztositasa-tippek-a-munkavallaloi-panaszok-megvalaszolasahoz","status":"publish","type":"post","link":"https:\/\/megnyitasa.com\/tudas\/egeszseges-munkakornyezet-biztositasa-tippek-a-munkavallaloi-panaszok-megvalaszolasahoz\/","title":{"rendered":"Eg\u00e9szs\u00e9ges munkak\u00f6rnyezet biztos\u00edt\u00e1sa: Tippek a munkav\u00e1llal\u00f3i panaszok megv\u00e1laszol\u00e1s\u00e1hoz"},"content":{"rendered":"<div class=\"articlecontent\">\n<div class=\"newlinediv\"><\/div>\n<p> Munk\u00e1ltat\u00f3k\u00e9nt vagy vezet\u0151k\u00e9nt fontos, hogy eg\u00e9szs\u00e9ges munkak\u00f6rnyezetet teremtsen \u00e9s tartson fenn alkalmazottai sz\u00e1m\u00e1ra. Ennek a felel\u0151ss\u00e9gnek r\u00e9sze a munkav\u00e1llal\u00f3i panaszok id\u0151ben \u00e9s hat\u00e9konyan t\u00f6rt\u00e9n\u0151 kezel\u00e9se \u00e9s megv\u00e1laszol\u00e1sa. A munkav\u00e1llal\u00f3i panaszok a kisebb probl\u00e9m\u00e1kt\u00f3l, mint p\u00e9ld\u00e1ul egy elromlott k\u00e1v\u00e9f\u0151z\u0151, eg\u00e9szen a komolyabb probl\u00e9m\u00e1kig, mint p\u00e9ld\u00e1ul zaklat\u00e1s vagy diszkrimin\u00e1ci\u00f3, terjedhetnek. A panasz s\u00falyoss\u00e1g\u00e1t\u00f3l f\u00fcggetlen\u00fcl fontos, hogy minden egyes panaszt komolyan vegyen \u00e9s gondosan kezeljen. \u00cdme n\u00e9h\u00e1ny tipp a munkav\u00e1llal\u00f3i panaszlevelek megv\u00e1laszol\u00e1s\u00e1hoz: <\/p>\n<div class=\"newlinediv\"><\/div>\n<p> 1. Ismerje el a panaszt <\/p>\n<div class=\"newlinediv\"><\/div>\n<p> A munkav\u00e1llal\u00f3i panaszlev\u00e9lre adott v\u00e1lasz els\u0151 l\u00e9p\u00e9se a panasz elismer\u00e9se. Ez azt jelenti, hogy tudassa a munkav\u00e1llal\u00f3val, hogy megkapta a level\u00e9t, \u00e9s hogy komolyan veszi az agg\u00e1lyait. Fontos, hogy megk\u00f6sz\u00f6nje a munkav\u00e1llal\u00f3nak, hogy felh\u00edvta a figyelm\u00e9t a probl\u00e9m\u00e1ra, \u00e9s biztos\u00edtsa arr\u00f3l, hogy ki fogja vizsg\u00e1lni az \u00fcgyet. <\/p>\n<div class=\"newlinediv\"><\/div>\n<p> 2. Vizsg\u00e1lja ki a panaszt <\/p>\n<div class=\"newlinediv\"><\/div>\n<p> A k\u00f6vetkez\u0151 l\u00e9p\u00e9s a panasz kivizsg\u00e1l\u00e1sa. Ez mag\u00e1ban foglalja az inform\u00e1ci\u00f3k \u00f6sszegy\u0171jt\u00e9s\u00e9t az \u00f6sszes \u00e9rintett f\u00e9lt\u0151l \u00e9s a vonatkoz\u00f3 dokument\u00e1ci\u00f3 \u00e1ttekint\u00e9s\u00e9t. Fontos, hogy a vizsg\u00e1latot bizalmasan kezelj\u00e9k a panaszt tev\u0151 munkav\u00e1llal\u00f3 \u00e9s a t\u00f6bbi \u00e9rintett munkav\u00e1llal\u00f3 v\u00e9delme \u00e9rdek\u00e9ben. <\/p>\n<div class=\"newlinediv\"><\/div>\n<p> 3. Int\u00e9zked\u00e9s <\/p>\n<div class=\"newlinediv\"><\/div>\n<p> A vizsg\u00e1lat befejez\u00e9se ut\u00e1n fontos, hogy megtegye a megfelel\u0151 int\u00e9zked\u00e9seket. Ez mag\u00e1ban foglalhatja \u00faj ir\u00e1nyelvek vagy elj\u00e1r\u00e1sok bevezet\u00e9s\u00e9t, tov\u00e1bbi k\u00e9pz\u00e9st a munkav\u00e1llal\u00f3knak, vagy fegyelmi int\u00e9zked\u00e9st a v\u00e1llalati ir\u00e1nyelveket megs\u00e9rt\u0151 munkav\u00e1llal\u00f3val szemben. Fontos, hogy a vizsg\u00e1lat eredm\u00e9ny\u00e9r\u0151l t\u00e1j\u00e9koztassa a panaszt tev\u0151 munkav\u00e1llal\u00f3t, \u00e9s biztos\u00edtsa arr\u00f3l, hogy a megfelel\u0151 int\u00e9zked\u00e9seket megtette. <\/p>\n<div class=\"newlinediv\"><\/div>\n<p> 4. Ut\u00f3k\u00f6vet\u00e9s <\/p>\n<div class=\"newlinediv\"><\/div>\n<p> V\u00e9g\u00fcl fontos, hogy a panaszt tev\u0151 munkav\u00e1llal\u00f3t nyomon k\u00f6vesse, hogy megbizonyosodjon arr\u00f3l, hogy el\u00e9gedett az eredm\u00e9nnyel. Ez mag\u00e1ban foglalhatja egy ut\u00f3lagos megbesz\u00e9l\u00e9s kit\u0171z\u00e9s\u00e9t vagy egy ut\u00f3lagos lev\u00e9l elk\u00fcld\u00e9s\u00e9t. Fontos megbizonyosodni arr\u00f3l, hogy a munkav\u00e1llal\u00f3 \u00fagy \u00e9rzi, hogy meghallgatt\u00e1k, \u00e9s hogy aggodalmaival foglalkoztak. <\/p>\n<div class=\"newlinediv\"><\/div>\n<p> \u00d6sszefoglalva, a munkav\u00e1llal\u00f3i panaszlevelek megv\u00e1laszol\u00e1sa fontos r\u00e9sze az eg\u00e9szs\u00e9ges munkahelyi k\u00f6rnyezet megteremt\u00e9s\u00e9nek \u00e9s fenntart\u00e1s\u00e1nak. A panasz tudom\u00e1sulv\u00e9tel\u00e9vel, az \u00fcgy kivizsg\u00e1l\u00e1s\u00e1val, a megfelel\u0151 int\u00e9zked\u00e9sek megt\u00e9tel\u00e9vel \u00e9s a munkav\u00e1llal\u00f3 nyomon k\u00f6vet\u00e9s\u00e9vel biztos\u00edthatja, hogy alkalmazottai meghallgatva \u00e9s megbecs\u00fclve \u00e9rezz\u00e9k magukat. Ez seg\u00edthet a munkav\u00e1llal\u00f3i mor\u00e1l jav\u00edt\u00e1s\u00e1ban, a termel\u00e9kenys\u00e9g n\u00f6vel\u00e9s\u00e9ben \u00e9s a fluktu\u00e1ci\u00f3 cs\u00f6kkent\u00e9s\u00e9ben.<\/p><\/div>\n<div class=\"questions\">\n<div class=\"questionstitle\">FAQ<\/div>\n<div class=\"question\">\n<div class=\"qtitle\"> Hogyan v\u00e1laszoljon egy vezet\u0151 panaszlevel\u00e9re?<\/div>\n<p> Amikor egy menedzser panaszlevel\u00e9re v\u00e1laszol, fontos, hogy professzion\u00e1lis \u00e9s empatikus magatart\u00e1ssal k\u00f6zel\u00edtse meg a helyzetet. A k\u00f6vetkez\u0151 l\u00e9p\u00e9sekkel lehet megfelel\u0151en kezelni a vezet\u0151 agg\u00e1lyait: <\/p>\n<div class=\"newlinediv\"><\/div>\n<p> 1. Nyugt\u00e1zza a panaszlev\u00e9l k\u00e9zhezv\u00e9tel\u00e9t: Kezdje azzal, hogy megk\u00f6sz\u00f6ni a menedzsernek, hogy felh\u00edvta a figyelm\u00e9t a probl\u00e9m\u00e1ra, \u00e9s meger\u0151s\u00edti, hogy megkapta a panaszlevel\u00e9t. <\/p>\n<div class=\"newlinediv\"><\/div>\n<p> 2. T\u00e9rjen ki a konkr\u00e9t agg\u00e1lyokra: Olvassa \u00e1t figyelmesen a panaszlevelet, \u00e9s t\u00e9rjen ki a menedzser \u00e1ltal felvetett minden egyes konkr\u00e9t agg\u00e1lyra. \u00dcgyeljen arra, hogy minden egyes felvetett probl\u00e9m\u00e1ra vil\u00e1gos \u00e9s t\u00f6m\u00f6r v\u00e1laszt adjon. <\/p>\n<div class=\"newlinediv\"><\/div>\n<p> 3. Mutasson egy\u00fctt\u00e9rz\u00e9st a menedzserrel: Fontos, hogy emp\u00e1ti\u00e1t \u00e9s meg\u00e9rt\u00e9st tan\u00fas\u00edtson a menedzser agg\u00e1lyai ir\u00e1nt. Ismerje el, hogy a probl\u00e9ma milyen hat\u00e1ssal volt r\u00e1 \u00e9s a csapat\u00e1ra. <\/p>\n<div class=\"newlinediv\"><\/div>\n<p> 4. Adjon megold\u00e1st: Aj\u00e1nljon megold\u00e1st vagy cselekv\u00e9si tervet a panaszlev\u00e9lben felvetett probl\u00e9ma kezel\u00e9s\u00e9re. Legyen konkr\u00e9t \u00e9s re\u00e1lis azzal kapcsolatban, hogy milyen l\u00e9p\u00e9seket tesznek a probl\u00e9ma megold\u00e1sa \u00e9rdek\u00e9ben. <\/p>\n<div class=\"newlinediv\"><\/div>\n<p> 5. Ut\u00f3k\u00f6vet\u00e9s: Miut\u00e1n megold\u00e1st vagy int\u00e9zked\u00e9si tervet k\u00edn\u00e1lt, k\u00f6vesse nyomon a vezet\u0151t, hogy megbizonyosodjon arr\u00f3l, hogy a probl\u00e9ma az \u0151 megel\u00e9ged\u00e9s\u00e9re megold\u00f3dott. Ezzel demonstr\u00e1lja elk\u00f6telezetts\u00e9g\u00e9t az agg\u00e1lyok kezel\u00e9se \u00e9s a pozit\u00edv munkakapcsolat fenntart\u00e1sa ir\u00e1nt. <\/p>\n<div class=\"newlinediv\"><\/div>\n<p> \u00d6sszess\u00e9g\u00e9ben fontos, hogy a menedzser panaszlevel\u00e9re adott v\u00e1laszt professzionalizmussal, emp\u00e1ti\u00e1val \u00e9s a probl\u00e9ma megold\u00e1s\u00e1ra vonatkoz\u00f3 vil\u00e1gos cselekv\u00e9si tervvel k\u00f6zel\u00edtse meg. <\/p>\n<\/div>\n<div class=\"question\">\n<div class=\"qtitle\"> Hogyan kezelje a HR a munkav\u00e1llal\u00f3i panaszokat?<\/div>\n<p> A HR-nek (Human Resources) szakszer\u0171en \u00e9s objekt\u00edven kell kezelnie a munkav\u00e1llal\u00f3i panaszokat. \u00cdme n\u00e9h\u00e1ny l\u00e9p\u00e9s, amelyet a HR tehet a munkav\u00e1llal\u00f3i panaszok hat\u00e9kony kezel\u00e9se \u00e9rdek\u00e9ben: <\/p>\n<div class=\"newlinediv\"><\/div>\n<p> 1. Hallgassuk meg \u00e9s \u00e9rezz\u00fck \u00e1t: Amikor egy munkav\u00e1llal\u00f3 panasszal jelentkezik, fontos, hogy figyelmesen meghallgassuk \u00e9s \u00e1t\u00e9rezz\u00fck a helyzet\u00e9t. A HR-nek ki kell mutatnia, hogy komolyan veszi a panaszt, \u00e9s hogy t\u00f6r\u0151dik a munkav\u00e1llal\u00f3 j\u00f3l\u00e9t\u00e9vel. <\/p>\n<div class=\"newlinediv\"><\/div>\n<p> 2. Vizsg\u00e1lja ki: A HR-nek alaposan ki kell vizsg\u00e1lnia a panaszt. Ez mag\u00e1ban foglalhatja a munkav\u00e1llal\u00f3 kik\u00e9rdez\u00e9s\u00e9t, a tan\u00fakkal val\u00f3 besz\u00e9lget\u00e9st, a vonatkoz\u00f3 dokumentumok \u00e1ttekint\u00e9s\u00e9t \u00e9s minden egy\u00e9b relev\u00e1ns inform\u00e1ci\u00f3 \u00f6sszegy\u0171jt\u00e9s\u00e9t. <\/p>\n<div class=\"newlinediv\"><\/div>\n<p> 3. Tartsa fenn a titoktart\u00e1st: Fontos, hogy a HR a lehet\u0151 legnagyobb m\u00e9rt\u00e9kben bizalmasan kezelje a panaszt. Ez azt jelenti, hogy az inform\u00e1ci\u00f3kat csak a sz\u00fcks\u00e9ges ismeretek alapj\u00e1n kell megosztani, \u00e9s minden \u00e9rintett f\u00e9llel tiszt\u00e1zni kell a titoktart\u00e1si elv\u00e1r\u00e1sokat. <\/p>\n<div class=\"newlinediv\"><\/div>\n<p> 4. Tegye meg a megfelel\u0151 l\u00e9p\u00e9seket: A panasz jelleg\u00e9t\u0151l f\u00fcgg\u0151en a HR-nek megfelel\u0151 int\u00e9zked\u00e9seket kell tennie a probl\u00e9ma kezel\u00e9se \u00e9rdek\u00e9ben. Ez mag\u00e1ban foglalhatja a munkav\u00e1llal\u00f3 coachingj\u00e1t vagy tan\u00e1csad\u00e1st, a konfliktus k\u00f6zvet\u00edt\u00e9s\u00e9t, a munkav\u00e1llal\u00f3 m\u00e1s munkak\u00f6rbe val\u00f3 \u00e1thelyez\u00e9s\u00e9t, vagy fegyelmi int\u00e9zked\u00e9st a munkav\u00e1llal\u00f3val vagy egy m\u00e1sik f\u00e9llel szemben. <\/p>\n<div class=\"newlinediv\"><\/div>\n<p> 5. Ut\u00e1nk\u00f6vet\u00e9s: A HR-nek a panasz megold\u00e1s\u00e1t k\u00f6vet\u0151en nyomon kell k\u00f6vetnie a munkav\u00e1llal\u00f3t, hogy megbizonyosodjon arr\u00f3l, hogy az el\u00e9gedett az eredm\u00e9nnyel, \u00e9s hogy foglalkozzon az esetlegesen fenn\u00e1ll\u00f3 agg\u00e1lyokkal. <\/p>\n<div class=\"newlinediv\"><\/div>\n<p> \u00d6sszess\u00e9g\u00e9ben a HR-nek \u00fagy kell kezelnie a munkav\u00e1llal\u00f3i panaszokat, hogy az igazs\u00e1gos, k\u00f6vetkezetes \u00e9s az \u00f6sszes \u00e9rintett felet tiszteletben tart\u00f3 m\u00f3don t\u00f6rt\u00e9njen.<\/p>\n<\/div>\n<\/div>\n","protected":false},"excerpt":{"rendered":"<p>Munk\u00e1ltat\u00f3k\u00e9nt vagy vezet\u0151k\u00e9nt fontos, hogy eg\u00e9szs\u00e9ges munkak\u00f6rnyezetet teremtsen \u00e9s tartson fenn alkalmazottai sz\u00e1m\u00e1ra. Ennek a felel\u0151ss\u00e9gnek r\u00e9sze a munkav\u00e1llal\u00f3i panaszok id\u0151ben \u00e9s hat\u00e9konyan t\u00f6rt\u00e9n\u0151 kezel\u00e9se \u00e9s megv\u00e1laszol\u00e1sa. A munkav\u00e1llal\u00f3i panaszok a kisebb probl\u00e9m\u00e1kt\u00f3l, mint p\u00e9ld\u00e1ul egy elromlott k\u00e1v\u00e9f\u0151z\u0151, eg\u00e9szen a komolyabb probl\u00e9m\u00e1kig, mint p\u00e9ld\u00e1ul zaklat\u00e1s vagy diszkrimin\u00e1ci\u00f3, terjedhetnek. A panasz s\u00falyoss\u00e1g\u00e1t\u00f3l f\u00fcggetlen\u00fcl fontos, hogy minden &#8230; <a title=\"Eg\u00e9szs\u00e9ges munkak\u00f6rnyezet biztos\u00edt\u00e1sa: Tippek a munkav\u00e1llal\u00f3i panaszok megv\u00e1laszol\u00e1s\u00e1hoz\" class=\"read-more\" href=\"https:\/\/megnyitasa.com\/tudas\/egeszseges-munkakornyezet-biztositasa-tippek-a-munkavallaloi-panaszok-megvalaszolasahoz\/\" aria-label=\"Read more about Eg\u00e9szs\u00e9ges munkak\u00f6rnyezet biztos\u00edt\u00e1sa: Tippek a munkav\u00e1llal\u00f3i panaszok megv\u00e1laszol\u00e1s\u00e1hoz\">Read more<\/a><\/p>\n","protected":false},"author":1268,"featured_media":0,"comment_status":"closed","ping_status":"closed","sticky":false,"template":"","format":"standard","meta":{"footnotes":""},"categories":[37],"tags":[],"class_list":["post-15197","post","type-post","status-publish","format-standard","hentry","category-a-munkavallalok-iranyitasa"],"_links":{"self":[{"href":"https:\/\/megnyitasa.com\/tudas\/wp-json\/wp\/v2\/posts\/15197","targetHints":{"allow":["GET"]}}],"collection":[{"href":"https:\/\/megnyitasa.com\/tudas\/wp-json\/wp\/v2\/posts"}],"about":[{"href":"https:\/\/megnyitasa.com\/tudas\/wp-json\/wp\/v2\/types\/post"}],"author":[{"embeddable":true,"href":"https:\/\/megnyitasa.com\/tudas\/wp-json\/wp\/v2\/users\/1268"}],"replies":[{"embeddable":true,"href":"https:\/\/megnyitasa.com\/tudas\/wp-json\/wp\/v2\/comments?post=15197"}],"version-history":[{"count":0,"href":"https:\/\/megnyitasa.com\/tudas\/wp-json\/wp\/v2\/posts\/15197\/revisions"}],"wp:attachment":[{"href":"https:\/\/megnyitasa.com\/tudas\/wp-json\/wp\/v2\/media?parent=15197"}],"wp:term":[{"taxonomy":"category","embeddable":true,"href":"https:\/\/megnyitasa.com\/tudas\/wp-json\/wp\/v2\/categories?post=15197"},{"taxonomy":"post_tag","embeddable":true,"href":"https:\/\/megnyitasa.com\/tudas\/wp-json\/wp\/v2\/tags?post=15197"}],"curies":[{"name":"wp","href":"https:\/\/api.w.org\/{rel}","templated":true}]}}