{"id":15391,"date":"2023-04-24T00:00:00","date_gmt":"2023-04-24T00:00:00","guid":{"rendered":"https:\/\/megnyitasa.com\/tudas\/az-ertekesitesi-celok-kituzesenek-fontossaga-az-uzleti-novekedeshez\/"},"modified":"2023-04-24T00:00:00","modified_gmt":"2023-04-24T00:00:00","slug":"az-ertekesitesi-celok-kituzesenek-fontossaga-az-uzleti-novekedeshez","status":"publish","type":"post","link":"https:\/\/megnyitasa.com\/tudas\/az-ertekesitesi-celok-kituzesenek-fontossaga-az-uzleti-novekedeshez\/","title":{"rendered":"Az \u00e9rt\u00e9kes\u00edt\u00e9si c\u00e9lok kit\u0171z\u00e9s\u00e9nek fontoss\u00e1ga az \u00fczleti n\u00f6veked\u00e9shez"},"content":{"rendered":"<div class=\"articlecontent\">\n<div class=\"newlinediv\"><\/div>\n<p> \u00dczlettulajdonosk\u00e9nt vagy \u00e9rt\u00e9kes\u00edt\u00e9si vezet\u0151k\u00e9nt elengedhetetlen, hogy \u00e1tfog\u00f3 \u00e9rt\u00e9kes\u00edt\u00e9si tervvel rendelkezzen a k\u00edv\u00e1nt bev\u00e9teli c\u00e9lok el\u00e9r\u00e9s\u00e9hez. Az \u00e9rt\u00e9kes\u00edt\u00e9si tervek k\u00e9t gyakori t\u00edpusa a bev\u00e9teli \u00e9rt\u00e9kes\u00edt\u00e9si tervek \u00e9s a foglal\u00e1si \u00e9rt\u00e9kes\u00edt\u00e9si tervek. B\u00e1r mindk\u00e9t t\u00edpus\u00fa terv c\u00e9lja az \u00e9rt\u00e9kes\u00edt\u00e9si teljes\u00edtm\u00e9ny jav\u00edt\u00e1sa, elt\u00e9r\u0151 megk\u00f6zel\u00edt\u00e9sekkel \u00e9s eredm\u00e9nyekkel rendelkeznek. <\/p>\n<div class=\"title\"> Bev\u00e9teli \u00e9rt\u00e9kes\u00edt\u00e9si tervek <\/div>\n<p> A bev\u00e9teli \u00e9rt\u00e9kes\u00edt\u00e9si tervek a meghat\u00e1rozott bev\u00e9teli c\u00e9lok meghat\u00e1rozott id\u0151n bel\u00fcli el\u00e9r\u00e9s\u00e9re \u00f6sszpontos\u00edtanak. Ezt a t\u00edpus\u00fa tervet jellemz\u0151en olyan v\u00e1llalkoz\u00e1sokn\u00e1l alkalmazz\u00e1k, amelyek nagy volumen\u0171 \u00e9rt\u00e9kes\u00edt\u00e9ssel \u00e9s a term\u00e9keik vagy szolg\u00e1ltat\u00e1saik ir\u00e1nti piaci kereslet egy\u00e9rtelm\u0171 ismeret\u00e9vel rendelkeznek. A terv felv\u00e1zolja az egyes term\u00e9kekb\u0151l vagy szolg\u00e1ltat\u00e1sokb\u00f3l v\u00e1rhat\u00f3 bev\u00e9teleket \u00e9s a c\u00e9l el\u00e9r\u00e9s\u00e9hez sz\u00fcks\u00e9ges l\u00e9p\u00e9seket. <\/p>\n<div class=\"newlinediv\"><\/div>\n<p> A bev\u00e9teli \u00e9rt\u00e9kes\u00edt\u00e9si tervek seg\u00edtik a v\u00e1llalkoz\u00e1sokat abban, hogy re\u00e1lis bev\u00e9teli c\u00e9lokat hat\u00e1rozzanak meg, \u00e9s nyomon k\u00f6vess\u00e9k az ezek el\u00e9r\u00e9se fel\u00e9 tett el\u0151rehalad\u00e1sukat. Emellett keretet biztos\u00edtanak az \u00e9rt\u00e9kes\u00edt\u00e9si strat\u00e9gi\u00e1k hat\u00e9konys\u00e1g\u00e1nak m\u00e9r\u00e9s\u00e9hez \u00e9s a fejlesztend\u0151 ter\u00fcletek azonos\u00edt\u00e1s\u00e1hoz. A bev\u00e9teli \u00e9rt\u00e9kes\u00edt\u00e9si tervek h\u00e1tr\u00e1nya, hogy rugalmatlanok lehetnek, \u00e9s nem veszik figyelembe a piaci kereslet ingadoz\u00e1sait vagy az \u00e9rt\u00e9kes\u00edt\u00e9st befoly\u00e1sol\u00f3 v\u00e1ratlan esem\u00e9nyeket. <\/p>\n<div class=\"title\"> Foglal\u00e1si \u00e9rt\u00e9kes\u00edt\u00e9si tervek <\/div>\n<p> A foglal\u00e1si \u00e9rt\u00e9kes\u00edt\u00e9si tervek egy adott id\u0151szakon bel\u00fcl meghat\u00e1rozott sz\u00e1m\u00fa foglal\u00e1s vagy \u00e9rt\u00e9kes\u00edt\u00e9s el\u00e9r\u00e9s\u00e9re \u00f6sszpontos\u00edtanak. Ezt a t\u00edpus\u00fa tervet \u00e1ltal\u00e1ban a hosszabb \u00e9rt\u00e9kes\u00edt\u00e9si ciklusokkal vagy \u00f6sszetett \u00e9rt\u00e9kes\u00edt\u00e9si folyamatokkal rendelkez\u0151 v\u00e1llalkoz\u00e1sokn\u00e1l alkalmazz\u00e1k. A terv felv\u00e1zolja az \u00e9rt\u00e9kes\u00edt\u00e9s lez\u00e1r\u00e1s\u00e1hoz sz\u00fcks\u00e9ges l\u00e9p\u00e9seket, az \u00e9rdekl\u0151d\u0151k azonos\u00edt\u00e1s\u00e1t\u00f3l az \u00e9rt\u00e9kes\u00edt\u00e9s befejez\u00e9s\u00e9ig. <\/p>\n<div class=\"newlinediv\"><\/div>\n<p> A foglal\u00e1si \u00e9rt\u00e9kes\u00edt\u00e9si tervek seg\u00edtik a v\u00e1llalkoz\u00e1sokat abban, hogy nyomon k\u00f6vess\u00e9k az \u00e9rt\u00e9kes\u00edt\u00e9si c\u00e9lok el\u00e9r\u00e9se fel\u00e9 tett el\u0151rehalad\u00e1sukat, \u00e9s azonos\u00edts\u00e1k az \u00e9rt\u00e9kes\u00edt\u00e9si folyamat lehets\u00e9ges sz\u0171k keresztmetszeteit. Emellett keretet biztos\u00edtanak az \u00e9rt\u00e9kes\u00edt\u00e9si strat\u00e9gi\u00e1k hat\u00e9konys\u00e1g\u00e1nak m\u00e9r\u00e9s\u00e9hez \u00e9s a fejlesztend\u0151 ter\u00fcletek azonos\u00edt\u00e1s\u00e1hoz. A k\u00f6nyvel\u00e9si \u00e9rt\u00e9kes\u00edt\u00e9si tervek h\u00e1tr\u00e1nya, hogy nem felt\u00e9tlen\u00fcl veszik figyelembe a piaci kereslet v\u00e1ltoz\u00e1sait vagy az \u00e9rt\u00e9kes\u00edt\u00e9st befoly\u00e1sol\u00f3 v\u00e1ratlan esem\u00e9nyeket. <\/p>\n<div class=\"title\"> Melyik terv a megfelel\u0151 az \u00d6n v\u00e1llalkoz\u00e1s\u00e1nak? <\/div>\n<p> Az \u00d6n \u00e1ltal v\u00e1lasztott \u00e9rt\u00e9kes\u00edt\u00e9si terv t\u00edpusa az \u00d6n v\u00e1llalkoz\u00e1s\u00e1nak egyedi ig\u00e9nyeit\u0151l \u00e9s c\u00e9ljait\u00f3l f\u00fcgg. Ha v\u00e1llalkoz\u00e1sa tiszt\u00e1ban van a piaci kereslettel \u00e9s nagy volumen\u0171 \u00e9rt\u00e9kes\u00edt\u00e9ssel, akkor a bev\u00e9teli \u00e9rt\u00e9kes\u00edt\u00e9si terv lehet a legjobb v\u00e1laszt\u00e1s. Ha v\u00e1llalkoz\u00e1sa hosszabb \u00e9rt\u00e9kes\u00edt\u00e9si ciklussal vagy \u00f6sszetett \u00e9rt\u00e9kes\u00edt\u00e9si folyamattal rendelkezik, a foglal\u00e1si \u00e9rt\u00e9kes\u00edt\u00e9si terv megfelel\u0151bb lehet. <\/p>\n<div class=\"newlinediv\"><\/div>\n<p> F\u00fcggetlen\u00fcl att\u00f3l, hogy milyen t\u00edpus\u00fa \u00e9rt\u00e9kes\u00edt\u00e9si tervet v\u00e1laszt, fontos, hogy re\u00e1lis \u00e9rt\u00e9kes\u00edt\u00e9si c\u00e9lokat t\u0171zz\u00f6n ki, \u00e9s rendszeresen ellen\u0151rizze az ezek el\u00e9r\u00e9se fel\u00e9 tett el\u0151rel\u00e9p\u00e9st. Ez seg\u00edteni fog abban, hogy azonos\u00edtsa a fejlesztend\u0151 ter\u00fcleteket, \u00e9s ennek megfelel\u0151en kiigaz\u00edtsa \u00e9rt\u00e9kes\u00edt\u00e9si strat\u00e9gi\u00e1it. Egy j\u00f3l \u00e1tgondolt \u00e9rt\u00e9kes\u00edt\u00e9si tervvel a hely\u00e9n a k\u00f6vetkez\u0151 szintre emelheti v\u00e1llalkoz\u00e1s\u00e1t, \u00e9s hossz\u00fa t\u00e1v\u00fa n\u00f6veked\u00e9st \u00e9s sikert \u00e9rhet el.<\/p><\/div>\n<div class=\"questions\">\n<div class=\"questionstitle\">FAQ<\/div>\n<div class=\"question\">\n<div class=\"qtitle\"> Hogyan alakulnak \u00e1t a foglal\u00e1sok bev\u00e9tell\u00e9?<\/div>\n<p> A foglal\u00e1sok az \u00fcgyfelek sz\u00e1m\u00e1ra lefoglalt vagy tervezett term\u00e9kek vagy szolg\u00e1ltat\u00e1sok sz\u00e1m\u00e1t jelentik. Ez l\u00e9nyeg\u00e9ben az \u00fcgyf\u00e9l k\u00f6telezetts\u00e9gv\u00e1llal\u00e1sa arra, hogy a term\u00e9ket vagy szolg\u00e1ltat\u00e1st egy k\u00e9s\u0151bbi id\u0151pontban megv\u00e1s\u00e1rolja. A foglal\u00e1sok azonban nem felt\u00e9tlen\u00fcl garant\u00e1lj\u00e1k a bev\u00e9telt, mivel az \u00fcgyfelek lemondhatj\u00e1k vagy \u00e1t\u00fctemezhetik a foglal\u00e1saikat. <\/p>\n<div class=\"newlinediv\"><\/div>\n<p> Ahhoz, hogy a foglal\u00e1sokat bev\u00e9tell\u00e9 alak\u00edts\u00e1k, a v\u00e1llalkoz\u00e1soknak biztos\u00edtaniuk kell, hogy a teljes foglal\u00e1si folyamat kezel\u00e9s\u00e9hez szil\u00e1rd rendszerrel rendelkezzenek. Ez mag\u00e1ban foglalja az egyes foglal\u00e1sok \u00e1llapot\u00e1nak nyomon k\u00f6vet\u00e9s\u00e9t, eml\u00e9keztet\u0151k k\u00fcld\u00e9s\u00e9t az \u00fcgyfeleknek, \u00e9s az \u00fcgyfelek sz\u00e1m\u00e1ra z\u00f6kken\u0151mentes \u00e9lm\u00e9nyt ny\u00fajt. <\/p>\n<div class=\"newlinediv\"><\/div>\n<p> Amikor elj\u00f6n a foglal\u00e1s teljes\u00edt\u00e9s\u00e9nek ideje, fontos biztos\u00edtani, hogy a term\u00e9k vagy szolg\u00e1ltat\u00e1s az \u00fcgyf\u00e9llel k\u00f6t\u00f6tt meg\u00e1llapod\u00e1snak megfelel\u0151en ker\u00fclj\u00f6n \u00e1tad\u00e1sra. Ez azt jelenti, hogy a term\u00e9k vagy szolg\u00e1ltat\u00e1s min\u0151s\u00e9g\u00e9nek els\u0151rang\u00fanak kell lennie, \u00e9s a felmer\u00fcl\u0151 probl\u00e9m\u00e1kat azonnal \u00e9s hat\u00e9konyan kell kezelni. <\/p>\n<div class=\"newlinediv\"><\/div>\n<p> Amint a foglal\u00e1s teljes\u00fclt \u00e9s az \u00fcgyf\u00e9l el\u00e9gedett, a bev\u00e9tel elsz\u00e1molhat\u00f3. Ez azt jelenti, hogy a term\u00e9k vagy szolg\u00e1ltat\u00e1s ellen\u00e9rt\u00e9k\u00e9t megkapj\u00e1k \u00e9s r\u00f6gz\u00edtik a v\u00e1llalat sz\u00e1mviteli rendszer\u00e9ben. <\/p>\n<div class=\"newlinediv\"><\/div>\n<p> \u00d6sszess\u00e9g\u00e9ben a foglal\u00e1sok bev\u00e9tell\u00e9 alak\u00edt\u00e1s\u00e1nak kulcsa annak biztos\u00edt\u00e1sa, hogy az eg\u00e9sz folyamatot hat\u00e9konyan \u00e9s eredm\u00e9nyesen kezelj\u00e9k. Ez mag\u00e1ban foglalja, hogy az \u00fcgyfeleknek nagyszer\u0171 foglal\u00e1si \u00e9lm\u00e9nyt kell ny\u00fajtani, \u00e9s olyan kiv\u00e1l\u00f3 min\u0151s\u00e9g\u0171 term\u00e9keket vagy szolg\u00e1ltat\u00e1sokat kell ny\u00fajtani, amelyek megfelelnek az elv\u00e1r\u00e1saiknak. <\/p>\n<\/div>\n<div class=\"question\">\n<div class=\"qtitle\"> Mi az a bev\u00e9teli terv?<\/div>\n<p> A bev\u00e9teli terv egy olyan p\u00e9nz\u00fcgyi strat\u00e9gia, amely felv\u00e1zolja, hogy egy v\u00e1llalkoz\u00e1s hogyan k\u00edv\u00e1n bev\u00e9telt gener\u00e1lni egy adott id\u0151szak alatt. Jellemz\u0151en tartalmazza a v\u00e1llalat \u00e9rt\u00e9kes\u00edt\u00e9si t\u00f6rt\u00e9net\u00e9nek, a piaci trendeknek \u00e9s a j\u00f6v\u0151beli n\u00f6veked\u00e9si potenci\u00e1lnak a r\u00e9szletes elemz\u00e9s\u00e9t a bev\u00e9teli c\u00e9lok el\u00e9r\u00e9s\u00e9hez sz\u00fcks\u00e9ges \u00fctemterv megalkot\u00e1sa \u00e9rdek\u00e9ben. A bev\u00e9teli terv felhaszn\u00e1lhat\u00f3 az \u00e1rk\u00e9pz\u00e9si strat\u00e9gi\u00e1kkal, a term\u00e9kfejleszt\u00e9ssel, a marketingkamp\u00e1nyokkal \u00e9s az \u00e9rt\u00e9kes\u00edt\u00e9si taktik\u00e1kkal kapcsolatos d\u00f6nt\u00e9shozatal ir\u00e1ny\u00edt\u00e1s\u00e1ra a bev\u00e9tel \u00e9s a nyeres\u00e9gess\u00e9g maximaliz\u00e1l\u00e1sa \u00e9rdek\u00e9ben. Tartalmazhat tov\u00e1bb\u00e1 el\u0151rejelz\u00e9seket az \u00faj term\u00e9kekb\u0151l vagy szolg\u00e1ltat\u00e1sokb\u00f3l, \u00faj piacokra val\u00f3 terjeszked\u00e9sb\u0151l vagy egy\u00e9b n\u00f6veked\u00e9si kezdem\u00e9nyez\u00e9sekb\u0151l sz\u00e1rmaz\u00f3 j\u00f6v\u0151beli bev\u00e9teli forr\u00e1sokra vonatkoz\u00f3an. Egy j\u00f3l kidolgozott bev\u00e9teli terv seg\u00edthet egy v\u00e1llalkoz\u00e1snak abban, hogy c\u00e9ljaira \u00f6sszpontos\u00edtson, \u00e9s gyorsan alkalmazkodjon a v\u00e1ltoz\u00f3 piaci felt\u00e9telekhez, ami v\u00e9gs\u0151 soron a hossz\u00fa t\u00e1v\u00fa sikerhez vezet. <\/p>\n<\/div>\n<div class=\"question\">\n<div class=\"qtitle\"> A k\u00f6nyvel\u00e9s \u00e9s az \u00e9rt\u00e9kes\u00edt\u00e9s ugyanaz?<\/div>\n<p> Nem, a foglal\u00e1sok \u00e9s az \u00e9rt\u00e9kes\u00edt\u00e9s nem ugyanaz. A foglal\u00e1sok egy term\u00e9k vagy szolg\u00e1ltat\u00e1s lefoglal\u00e1s\u00e1ra utalnak, m\u00edg az \u00e9rt\u00e9kes\u00edt\u00e9s az adott term\u00e9k\u00e9rt vagy szolg\u00e1ltat\u00e1s\u00e9rt t\u00f6rt\u00e9n\u0151 t\u00e9nyleges p\u00e9nzv\u00e1lt\u00e1st jelenti. A foglal\u00e1sok jellemz\u0151en a t\u00e9nyleges elad\u00e1st megel\u0151z\u0151en t\u00f6rt\u00e9nnek, \u00e9s arra szolg\u00e1lnak, hogy a v\u00e1llalkoz\u00e1sok felm\u00e9rj\u00e9k az \u00fcgyfelek \u00e9rdekl\u0151d\u00e9s\u00e9t, valamint megtervezz\u00e9k a k\u00e9szlet- \u00e9s szem\u00e9lyzeti ig\u00e9nyeket. Miut\u00e1n a foglal\u00e1s megt\u00f6rt\u00e9nt, az \u00fcgyf\u00e9lnek lehet egy olyan id\u0151szak, amelyben lemondhatja vagy m\u00f3dos\u00edthatja a foglal\u00e1s\u00e1t, miel\u0151tt az \u00e9rt\u00e9kes\u00edt\u00e9s v\u00e9gleges\u00edt\u00e9sre ker\u00fclne. Az \u00e9rt\u00e9kes\u00edt\u00e9s ezzel szemben egy befejezett tranzakci\u00f3t jelent, amelyben az \u00fcgyf\u00e9l teljes eg\u00e9sz\u00e9ben kifizette a term\u00e9k vagy szolg\u00e1ltat\u00e1s \u00e1r\u00e1t. \u00d6sszefoglalva, a foglal\u00e1s \u00e9s az \u00e9rt\u00e9kes\u00edt\u00e9s rokon fogalmak, de az \u00fcgyfeleknek ny\u00fajtott \u00e1ruk \u00e9s szolg\u00e1ltat\u00e1sok folyamat\u00e1nak k\u00fcl\u00f6nb\u00f6z\u0151 szakaszaira vonatkoznak.<\/p>\n<\/div>\n<\/div>\n","protected":false},"excerpt":{"rendered":"<p>\u00dczlettulajdonosk\u00e9nt vagy \u00e9rt\u00e9kes\u00edt\u00e9si vezet\u0151k\u00e9nt elengedhetetlen, hogy \u00e1tfog\u00f3 \u00e9rt\u00e9kes\u00edt\u00e9si tervvel rendelkezzen a k\u00edv\u00e1nt bev\u00e9teli c\u00e9lok el\u00e9r\u00e9s\u00e9hez. Az \u00e9rt\u00e9kes\u00edt\u00e9si tervek k\u00e9t gyakori t\u00edpusa a bev\u00e9teli \u00e9rt\u00e9kes\u00edt\u00e9si tervek \u00e9s a foglal\u00e1si \u00e9rt\u00e9kes\u00edt\u00e9si tervek. B\u00e1r mindk\u00e9t t\u00edpus\u00fa terv c\u00e9lja az \u00e9rt\u00e9kes\u00edt\u00e9si teljes\u00edtm\u00e9ny jav\u00edt\u00e1sa, elt\u00e9r\u0151 megk\u00f6zel\u00edt\u00e9sekkel \u00e9s eredm\u00e9nyekkel rendelkeznek. Bev\u00e9teli \u00e9rt\u00e9kes\u00edt\u00e9si tervek A bev\u00e9teli \u00e9rt\u00e9kes\u00edt\u00e9si tervek a meghat\u00e1rozott bev\u00e9teli c\u00e9lok &#8230; <a title=\"Az \u00e9rt\u00e9kes\u00edt\u00e9si c\u00e9lok kit\u0171z\u00e9s\u00e9nek fontoss\u00e1ga az \u00fczleti n\u00f6veked\u00e9shez\" class=\"read-more\" href=\"https:\/\/megnyitasa.com\/tudas\/az-ertekesitesi-celok-kituzesenek-fontossaga-az-uzleti-novekedeshez\/\" aria-label=\"Read more about Az \u00e9rt\u00e9kes\u00edt\u00e9si c\u00e9lok kit\u0171z\u00e9s\u00e9nek fontoss\u00e1ga az \u00fczleti n\u00f6veked\u00e9shez\">Read more<\/a><\/p>\n","protected":false},"author":2533,"featured_media":0,"comment_status":"closed","ping_status":"closed","sticky":false,"template":"","format":"standard","meta":{"footnotes":""},"categories":[24],"tags":[],"class_list":["post-15391","post","type-post","status-publish","format-standard","hentry","category-vallalkozasvezetes"],"_links":{"self":[{"href":"https:\/\/megnyitasa.com\/tudas\/wp-json\/wp\/v2\/posts\/15391","targetHints":{"allow":["GET"]}}],"collection":[{"href":"https:\/\/megnyitasa.com\/tudas\/wp-json\/wp\/v2\/posts"}],"about":[{"href":"https:\/\/megnyitasa.com\/tudas\/wp-json\/wp\/v2\/types\/post"}],"author":[{"embeddable":true,"href":"https:\/\/megnyitasa.com\/tudas\/wp-json\/wp\/v2\/users\/2533"}],"replies":[{"embeddable":true,"href":"https:\/\/megnyitasa.com\/tudas\/wp-json\/wp\/v2\/comments?post=15391"}],"version-history":[{"count":0,"href":"https:\/\/megnyitasa.com\/tudas\/wp-json\/wp\/v2\/posts\/15391\/revisions"}],"wp:attachment":[{"href":"https:\/\/megnyitasa.com\/tudas\/wp-json\/wp\/v2\/media?parent=15391"}],"wp:term":[{"taxonomy":"category","embeddable":true,"href":"https:\/\/megnyitasa.com\/tudas\/wp-json\/wp\/v2\/categories?post=15391"},{"taxonomy":"post_tag","embeddable":true,"href":"https:\/\/megnyitasa.com\/tudas\/wp-json\/wp\/v2\/tags?post=15391"}],"curies":[{"name":"wp","href":"https:\/\/api.w.org\/{rel}","templated":true}]}}