{"id":15714,"date":"2023-04-24T00:00:00","date_gmt":"2023-04-24T00:00:00","guid":{"rendered":"https:\/\/megnyitasa.com\/tudas\/az-uzleti-etika-jelentosege-a-modern-tarsadalomban\/"},"modified":"2023-04-24T00:00:00","modified_gmt":"2023-04-24T00:00:00","slug":"az-uzleti-etika-jelentosege-a-modern-tarsadalomban","status":"publish","type":"post","link":"https:\/\/megnyitasa.com\/tudas\/az-uzleti-etika-jelentosege-a-modern-tarsadalomban\/","title":{"rendered":"Az \u00fczleti etika jelent\u0151s\u00e9ge a modern t\u00e1rsadalomban"},"content":{"rendered":"<div class=\"articlecontent\">\n<div class=\"newlinediv\"><\/div>\n<p> Az \u00fczleti etika azokat az erk\u00f6lcsi elveket \u00e9s \u00e9rt\u00e9keket jelenti, amelyek az egy\u00e9nek \u00e9s szervezetek viselked\u00e9s\u00e9t ir\u00e1ny\u00edtj\u00e1k az \u00fczleti vil\u00e1gban. Ez egy olyan szab\u00e1lyrendszer, amely szab\u00e1lyozza az egy\u00e9nek \u00e9s szervezetek viselked\u00e9s\u00e9t a piacon. A korm\u00e1nyzat szerepe az \u00fczleti etik\u00e1ban kulcsfontoss\u00e1g\u00fa annak biztos\u00edt\u00e1s\u00e1ban, hogy a v\u00e1llalkoz\u00e1sok etikusan \u00e9s a t\u00e1rsadalom \u00e9rdek\u00e9ben m\u0171k\u00f6djenek. <\/p>\n<div class=\"newlinediv\"><\/div>\n<p> A korm\u00e1ny d\u00f6nt\u0151 szerepet j\u00e1tszik az etikus gyakorlatok el\u0151mozd\u00edt\u00e1s\u00e1ban az \u00fczleti vil\u00e1gban. A korm\u00e1ny felel\u0151ss\u00e9ge, hogy olyan k\u00f6rnyezetet teremtsen, amely el\u0151seg\u00edti az etikus magatart\u00e1st \u00e9s gyakorlatot a piacon. A korm\u00e1nyzat az etikus gyakorlatok el\u0151mozd\u00edt\u00e1s\u00e1nak egyik m\u00f3dja az, hogy t\u00f6rv\u00e9nyeket \u00e9s rendeleteket hoz, amelyek szab\u00e1lyozz\u00e1k a v\u00e1llalkoz\u00e1sok viselked\u00e9s\u00e9t. Ezek a t\u00f6rv\u00e9nyek \u00e9s rendeletek azt hivatottak biztos\u00edtani, hogy a v\u00e1llalkoz\u00e1sok a t\u00e1rsadalom etikai elveinek megfelel\u0151 m\u00f3don m\u0171k\u00f6djenek. <\/p>\n<div class=\"newlinediv\"><\/div>\n<p> A korm\u00e1nynak a t\u00f6rv\u00e9nyek \u00e9s rendeletek betartat\u00e1s\u00e1ban is szerepe van. Ez k\u00fcl\u00f6nb\u00f6z\u0151 szab\u00e1lyoz\u00f3 szerveken kereszt\u00fcl t\u00f6rt\u00e9nik, amelyek fel\u00fcgyelik a v\u00e1llalkoz\u00e1sok piaci magatart\u00e1s\u00e1t. Ezek a szab\u00e1lyoz\u00f3 szervek hat\u00e1sk\u00f6rrel rendelkeznek arra, hogy kivizsg\u00e1lj\u00e1k \u00e9s megb\u00fcntess\u00e9k az etik\u00e1tlan gyakorlatot folytat\u00f3 v\u00e1llalkoz\u00e1sokat. Ez elrettent\u0151 hat\u00e1st fejt ki, amely arra \u00f6szt\u00f6nzi a v\u00e1llalkoz\u00e1sokat, hogy etikusan \u00e9s a t\u00e1rsadalom \u00e9rdek\u00e9ben m\u0171k\u00f6djenek. <\/p>\n<div class=\"newlinediv\"><\/div>\n<p> Az etikus viselked\u00e9st el\u0151seg\u00edt\u0151 k\u00f6rnyezet megteremt\u00e9s\u00e9n t\u00fal a korm\u00e1nynak az is feladata, hogy a v\u00e1llalkoz\u00e1sokat az etikus gyakorlatok fontoss\u00e1g\u00e1ra oktassa. Ez k\u00fcl\u00f6nb\u00f6z\u0151 programokon \u00e9s kezdem\u00e9nyez\u00e9seken kereszt\u00fcl t\u00f6rt\u00e9nik, amelyek el\u0151seg\u00edtik az etikus viselked\u00e9st az \u00fczleti vil\u00e1gban. E programok \u00e9s kezdem\u00e9nyez\u00e9sek c\u00e9lja, hogy felh\u00edvj\u00e1k a figyelmet az etikus magatart\u00e1s fontoss\u00e1g\u00e1ra, \u00e9s hogy a v\u00e1llalkoz\u00e1sok rendelkez\u00e9s\u00e9re bocs\u00e1ss\u00e1k az etikus m\u0171k\u00f6d\u00e9shez sz\u00fcks\u00e9ges eszk\u00f6z\u00f6ket \u00e9s forr\u00e1sokat. <\/p>\n<div class=\"newlinediv\"><\/div>\n<p> V\u00e9g\u00fcl a korm\u00e1nyzatnak is szerepe van az \u00e1tl\u00e1that\u00f3s\u00e1g \u00e9s az elsz\u00e1moltathat\u00f3s\u00e1g el\u0151mozd\u00edt\u00e1s\u00e1ban az \u00fczleti vil\u00e1gban. Ez k\u00fcl\u00f6nb\u00f6z\u0151 jelent\u00e9st\u00e9teli k\u00f6vetelm\u00e9nyeken kereszt\u00fcl t\u00f6rt\u00e9nik, amelyek megk\u00f6vetelik a v\u00e1llalkoz\u00e1sokt\u00f3l, hogy nyilv\u00e1noss\u00e1gra hozz\u00e1k a m\u0171k\u00f6d\u00e9s\u00fckre \u00e9s gyakorlatukra vonatkoz\u00f3 inform\u00e1ci\u00f3kat. Ez el\u0151seg\u00edti az \u00e1tl\u00e1that\u00f3s\u00e1got \u00e9s az elsz\u00e1moltathat\u00f3s\u00e1got, \u00e9s seg\u00edt megel\u0151zni az etik\u00e1tlan magatart\u00e1st a piacon. <\/p>\n<div class=\"newlinediv\"><\/div>\n<p> \u00d6sszefoglalva, a korm\u00e1nyzat szerepe az etikus magatart\u00e1s el\u0151mozd\u00edt\u00e1s\u00e1ban az \u00fczleti vil\u00e1gban kulcsfontoss\u00e1g\u00fa. A korm\u00e1ny l\u00e9tfontoss\u00e1g\u00fa szerepet j\u00e1tszik az etikus gyakorlatokat el\u0151seg\u00edt\u0151 k\u00f6rnyezet megteremt\u00e9s\u00e9ben, a t\u00f6rv\u00e9nyek \u00e9s rendeletek \u00e9rv\u00e9nyes\u00edt\u00e9s\u00e9ben, a v\u00e1llalkoz\u00e1sok etikus viselked\u00e9s fontoss\u00e1g\u00e1ra val\u00f3 nevel\u00e9s\u00e9ben, valamint az \u00e1tl\u00e1that\u00f3s\u00e1g \u00e9s elsz\u00e1moltathat\u00f3s\u00e1g el\u0151mozd\u00edt\u00e1s\u00e1ban. A korm\u00e1ny \u00e9s a v\u00e1llalkoz\u00e1sok egy\u00fcttm\u0171k\u00f6dve olyan piacot hozhatnak l\u00e9tre, amely a t\u00e1rsadalom \u00e9rdek\u00e9ben m\u0171k\u00f6dik.<\/p><\/div>\n<div class=\"questions\">\n<div class=\"questionstitle\">FAQ<\/div>\n<div class=\"question\">\n<div class=\"qtitle\"> Hogyan \u00f6szt\u00f6n\u00f6zte a korm\u00e1nyzat az etikus magatart\u00e1st az \u00fczleti \u00e9letben?<\/div>\n<p> A korm\u00e1nyok k\u00fcl\u00f6nb\u00f6z\u0151 politik\u00e1kat \u00e9s szab\u00e1lyoz\u00e1sokat vezettek be az etikus \u00fczleti magatart\u00e1s \u00f6szt\u00f6nz\u00e9s\u00e9re. N\u00e9h\u00e1ny ezek k\u00f6z\u00fcl a politik\u00e1k k\u00f6z\u00fcl: <\/p>\n<div class=\"newlinediv\"><\/div>\n<p> 1. Jogi keret: A korm\u00e1nyok olyan jogi keretet hoztak l\u00e9tre, amely szab\u00e1lyozza az \u00fczleti tev\u00e9kenys\u00e9geket \u00e9s b\u00fcnteti az etik\u00e1tlan magatart\u00e1st. Ez a keret mag\u00e1ban foglalja a fogyaszt\u00f3kat, a munkav\u00e1llal\u00f3kat \u00e9s a k\u00f6rnyezetet v\u00e9d\u0151 t\u00f6rv\u00e9nyeket, valamint az e t\u00f6rv\u00e9nyek megs\u00e9rt\u00e9s\u00e9\u00e9rt j\u00e1r\u00f3 b\u00fcntet\u00e9seket. <\/p>\n<div class=\"newlinediv\"><\/div>\n<p> 2. Magatart\u00e1si k\u00f3dexek: A korm\u00e1nyok arra \u00f6szt\u00f6nzik a v\u00e1llalatokat, hogy fogadjanak el etikus \u00fczleti gyakorlatot felv\u00e1zol\u00f3 magatart\u00e1si k\u00f3dexeket. Ezek a k\u00f3dexek \u00fatmutat\u00e1st ny\u00fajtanak az etikus \u00e9s t\u00e1rsadalmilag felel\u0151s \u00fczletvitelhez. <\/p>\n<div class=\"newlinediv\"><\/div>\n<p> 3. Ad\u00f3\u00f6szt\u00f6nz\u0151k: A korm\u00e1nyok ad\u00f3kedvezm\u00e9nyeket biztos\u00edtottak az etikus magatart\u00e1st tan\u00fas\u00edt\u00f3 v\u00e1llalatok sz\u00e1m\u00e1ra. Ezek az \u00f6szt\u00f6nz\u0151k tartalmazhatnak ad\u00f3kedvezm\u00e9nyeket a k\u00f6rnyezetbar\u00e1t gyakorlatok vagy az er\u0151s v\u00e1llalati t\u00e1rsadalmi felel\u0151ss\u00e9gv\u00e1llal\u00e1si programmal rendelkez\u0151 v\u00e1llalatok sz\u00e1m\u00e1ra. <\/p>\n<div class=\"newlinediv\"><\/div>\n<p> 4. Nyilv\u00e1nos k\u00f6zz\u00e9t\u00e9tel: A korm\u00e1nyok megk\u00f6vetelik a v\u00e1llalatokt\u00f3l, hogy nyilv\u00e1nosan k\u00f6zz\u00e9tegy\u00e9k az \u00fczleti gyakorlatukra vonatkoz\u00f3 inform\u00e1ci\u00f3kat, bele\u00e9rtve a k\u00f6rnyezeti hat\u00e1sukat \u00e9s a munka\u00fcgyi gyakorlatukat. Ez arra \u00f6szt\u00f6nzi a v\u00e1llalatokat, hogy \u00e1tl\u00e1that\u00f3bbak \u00e9s elsz\u00e1moltathat\u00f3bbak legyenek a nyilv\u00e1noss\u00e1g fel\u00e9. <\/p>\n<div class=\"newlinediv\"><\/div>\n<p> 5. A bejelent\u0151k v\u00e9delme: A korm\u00e1nyok olyan t\u00f6rv\u00e9nyeket vezettek be a bejelent\u0151k v\u00e9delm\u00e9re, amelyek v\u00e9dik azokat a munkav\u00e1llal\u00f3kat, akik jelentik a munkahely\u00fck\u00f6n tan\u00fas\u00edtott etik\u00e1tlan magatart\u00e1st. Ez arra \u00f6szt\u00f6nzi a munkav\u00e1llal\u00f3kat, hogy a megtorl\u00e1st\u00f3l val\u00f3 f\u00e9lelem n\u00e9lk\u00fcl jelentsenek etik\u00e1tlan magatart\u00e1st. <\/p>\n<div class=\"newlinediv\"><\/div>\n<p> \u00d6sszess\u00e9g\u00e9ben a korm\u00e1ny szerepe az etikus \u00fczleti magatart\u00e1s \u00f6szt\u00f6nz\u00e9s\u00e9ben az, hogy jogi keretet \u00e9s \u00f6szt\u00f6nz\u0151ket biztos\u00edtson a v\u00e1llalatok sz\u00e1m\u00e1ra, hogy t\u00e1rsadalmilag felel\u0151s \u00e9s etikus m\u00f3don cselekedjenek. <\/p>\n<\/div>\n<div class=\"question\">\n<div class=\"qtitle\"> Mi a korm\u00e1nyzat szerepe az \u00fczleti \u00e9let el\u0151mozd\u00edt\u00e1s\u00e1ban?<\/div>\n<p> A korm\u00e1nyzat szerepe az \u00fczleti tev\u00e9kenys\u00e9g el\u0151mozd\u00edt\u00e1s\u00e1ban orsz\u00e1gonk\u00e9nt \u00e9s gazdas\u00e1gi rendszert\u0151l f\u00fcgg\u0151en v\u00e1ltozhat. \u00c1ltal\u00e1noss\u00e1gban elmondhat\u00f3, hogy a korm\u00e1ny els\u0151dleges szerepe az, hogy olyan k\u00f6rnyezetet teremtsen, amely el\u0151seg\u00edti a v\u00e1llalkoz\u00e1sok n\u00f6veked\u00e9s\u00e9t \u00e9s fejl\u0151d\u00e9s\u00e9t. Ez sz\u00e1mos m\u00f3don t\u00f6rt\u00e9nhet, p\u00e9ld\u00e1ul az infrastrukt\u00fara biztos\u00edt\u00e1s\u00e1val, v\u00e1llalkoz\u00e1sbar\u00e1t politik\u00e1k kialak\u00edt\u00e1s\u00e1val \u00e9s a befektet\u00e9seket \u00f6szt\u00f6nz\u0151 p\u00e9nz\u00fcgyi \u00f6szt\u00f6nz\u0151kkel. <\/p>\n<div class=\"newlinediv\"><\/div>\n<p> Az egyik f\u0151 m\u00f3dja annak, hogy a korm\u00e1nyzat \u00f6szt\u00f6n\u00f6zze a v\u00e1llalkoz\u00e1sokat, az infrastrukt\u00far\u00e1ba val\u00f3 befektet\u00e9s. Ez mag\u00e1ban foglalja az utak, hidak \u00e9s egy\u00e9b k\u00f6zleked\u00e9si rendszerek \u00e9p\u00edt\u00e9s\u00e9t, amelyek megk\u00f6nny\u00edtik a v\u00e1llalatok sz\u00e1m\u00e1ra az \u00e1ruk \u00e9s szolg\u00e1ltat\u00e1sok mozgat\u00e1s\u00e1t az orsz\u00e1gban. Emellett a korm\u00e1ny beruh\u00e1zhat a t\u00e1vk\u00f6zl\u00e9si infrastrukt\u00far\u00e1ba, p\u00e9ld\u00e1ul a sz\u00e9less\u00e1v\u00fa internetbe, amely elengedhetetlen a v\u00e1llalkoz\u00e1sok sz\u00e1m\u00e1ra a mai digit\u00e1lis gazdas\u00e1gban val\u00f3 m\u0171k\u00f6d\u00e9shez. <\/p>\n<div class=\"newlinediv\"><\/div>\n<p> A korm\u00e1nyzat egy m\u00e1sik m\u00f3dja a v\u00e1llalkoz\u00e1sok t\u00e1mogat\u00e1s\u00e1nak az, hogy olyan politik\u00e1kat hoz l\u00e9tre, amelyek kedvez\u0151ek a v\u00e1llalkoz\u00f3k \u00e9s a kisv\u00e1llalkoz\u00f3k sz\u00e1m\u00e1ra. Ez mag\u00e1ban foglalhat ad\u00f3kedvezm\u00e9nyeket, szab\u00e1lyoz\u00e1si reformot \u00e9s egy\u00e9b \u00f6szt\u00f6nz\u0151ket, amelyek megk\u00f6nny\u00edtik a v\u00e1llalkoz\u00e1sok ind\u00edt\u00e1s\u00e1t \u00e9s n\u00f6veked\u00e9s\u00e9t. A korm\u00e1nyzat finansz\u00edroz\u00e1st \u00e9s t\u00e1mogat\u00e1st ny\u00fajthat a kutat\u00e1shoz \u00e9s fejleszt\u00e9shez is, ami \u00faj term\u00e9kek \u00e9s szolg\u00e1ltat\u00e1sok l\u00e9trehoz\u00e1s\u00e1hoz vezethet. <\/p>\n<div class=\"newlinediv\"><\/div>\n<p> V\u00e9g\u00fcl a korm\u00e1nyzat p\u00e9nz\u00fcgyi \u00f6szt\u00f6nz\u0151kkel, p\u00e9ld\u00e1ul t\u00e1mogat\u00e1sokkal, k\u00f6lcs\u00f6n\u00f6kkel \u00e9s ad\u00f3j\u00f3v\u00e1\u00edr\u00e1sokkal t\u00e1mogathatja a v\u00e1llalkoz\u00e1sokat. Ezek az \u00f6szt\u00f6nz\u0151k seg\u00edthetnek a v\u00e1llalkoz\u00e1soknak a m\u0171k\u00f6d\u00e9s\u00fck elind\u00edt\u00e1s\u00e1hoz vagy b\u0151v\u00edt\u00e9s\u00e9hez sz\u00fcks\u00e9ges t\u0151k\u00e9hez jutni, ami munkahelyeket teremthet \u00e9s \u00f6szt\u00f6n\u00f6zheti a gazdas\u00e1gi n\u00f6veked\u00e9st. <\/p>\n<div class=\"newlinediv\"><\/div>\n<p> \u00d6sszess\u00e9g\u00e9ben a korm\u00e1nyzat szerepe a v\u00e1llalkoz\u00e1sok t\u00e1mogat\u00e1s\u00e1ban az, hogy olyan k\u00f6rnyezetet teremtsen, amely kedvez a v\u00e1llalkoz\u00f3i tev\u00e9kenys\u00e9gnek \u00e9s a gazdas\u00e1gi n\u00f6veked\u00e9snek. Az infrastrukt\u00far\u00e1ba val\u00f3 befektet\u00e9ssel, v\u00e1llalkoz\u00e1sbar\u00e1t politik\u00e1k kialak\u00edt\u00e1s\u00e1val \u00e9s p\u00e9nz\u00fcgyi \u00f6szt\u00f6nz\u0151k ny\u00fajt\u00e1s\u00e1val a korm\u00e1nyzat seg\u00edtheti a v\u00e1llalkoz\u00e1sok vir\u00e1gz\u00e1s\u00e1t \u00e9s munkahelyek teremt\u00e9s\u00e9t a polg\u00e1rok sz\u00e1m\u00e1ra.<\/p>\n<\/div>\n<\/div>\n","protected":false},"excerpt":{"rendered":"<p>Az \u00fczleti etika azokat az erk\u00f6lcsi elveket \u00e9s \u00e9rt\u00e9keket jelenti, amelyek az egy\u00e9nek \u00e9s szervezetek viselked\u00e9s\u00e9t ir\u00e1ny\u00edtj\u00e1k az \u00fczleti vil\u00e1gban. Ez egy olyan szab\u00e1lyrendszer, amely szab\u00e1lyozza az egy\u00e9nek \u00e9s szervezetek viselked\u00e9s\u00e9t a piacon. A korm\u00e1nyzat szerepe az \u00fczleti etik\u00e1ban kulcsfontoss\u00e1g\u00fa annak biztos\u00edt\u00e1s\u00e1ban, hogy a v\u00e1llalkoz\u00e1sok etikusan \u00e9s a t\u00e1rsadalom \u00e9rdek\u00e9ben m\u0171k\u00f6djenek. A korm\u00e1ny d\u00f6nt\u0151 szerepet &#8230; <a title=\"Az \u00fczleti etika jelent\u0151s\u00e9ge a modern t\u00e1rsadalomban\" class=\"read-more\" href=\"https:\/\/megnyitasa.com\/tudas\/az-uzleti-etika-jelentosege-a-modern-tarsadalomban\/\" aria-label=\"Read more about Az \u00fczleti etika jelent\u0151s\u00e9ge a modern t\u00e1rsadalomban\">Read more<\/a><\/p>\n","protected":false},"author":754,"featured_media":0,"comment_status":"closed","ping_status":"closed","sticky":false,"template":"","format":"standard","meta":{"footnotes":""},"categories":[38],"tags":[],"class_list":["post-15714","post","type-post","status-publish","format-standard","hentry","category-emberi-eroforrasok"],"_links":{"self":[{"href":"https:\/\/megnyitasa.com\/tudas\/wp-json\/wp\/v2\/posts\/15714","targetHints":{"allow":["GET"]}}],"collection":[{"href":"https:\/\/megnyitasa.com\/tudas\/wp-json\/wp\/v2\/posts"}],"about":[{"href":"https:\/\/megnyitasa.com\/tudas\/wp-json\/wp\/v2\/types\/post"}],"author":[{"embeddable":true,"href":"https:\/\/megnyitasa.com\/tudas\/wp-json\/wp\/v2\/users\/754"}],"replies":[{"embeddable":true,"href":"https:\/\/megnyitasa.com\/tudas\/wp-json\/wp\/v2\/comments?post=15714"}],"version-history":[{"count":0,"href":"https:\/\/megnyitasa.com\/tudas\/wp-json\/wp\/v2\/posts\/15714\/revisions"}],"wp:attachment":[{"href":"https:\/\/megnyitasa.com\/tudas\/wp-json\/wp\/v2\/media?parent=15714"}],"wp:term":[{"taxonomy":"category","embeddable":true,"href":"https:\/\/megnyitasa.com\/tudas\/wp-json\/wp\/v2\/categories?post=15714"},{"taxonomy":"post_tag","embeddable":true,"href":"https:\/\/megnyitasa.com\/tudas\/wp-json\/wp\/v2\/tags?post=15714"}],"curies":[{"name":"wp","href":"https:\/\/api.w.org\/{rel}","templated":true}]}}