{"id":15980,"date":"2023-04-24T00:00:00","date_gmt":"2023-04-24T00:00:00","guid":{"rendered":"https:\/\/megnyitasa.com\/tudas\/igenybe-nem-vett-berek-mit-kell-tudni-az-utolso-fizetesrol\/"},"modified":"2023-04-24T00:00:00","modified_gmt":"2023-04-24T00:00:00","slug":"igenybe-nem-vett-berek-mit-kell-tudni-az-utolso-fizetesrol","status":"publish","type":"post","link":"https:\/\/megnyitasa.com\/tudas\/igenybe-nem-vett-berek-mit-kell-tudni-az-utolso-fizetesrol\/","title":{"rendered":"Ig\u00e9nybe nem vett b\u00e9rek: Mit kell tudni az utols\u00f3 fizet\u00e9sr\u0151l"},"content":{"rendered":"<div class=\"articlecontent\">\n<div class=\"newlinediv\"><\/div>\n<p> Amikor egy munkav\u00e1llal\u00f3 kil\u00e9p a munkahely\u00e9r\u0151l, jogosult az utols\u00f3 fizet\u00e9s\u00e9re. Ennek a fizet\u00e9si csekknek tartalmaznia kell az \u00f6sszes megkeresett b\u00e9rt, valamint a felhalmozott szabads\u00e1got \u00e9s betegszabads\u00e1got. Egyes munk\u00e1ltat\u00f3k azonban megpr\u00f3b\u00e1lhatnak p\u00e9nzt levonni a munkav\u00e1llal\u00f3 utols\u00f3 fizet\u00e9s\u00e9b\u0151l ad\u00f3ss\u00e1gok vagy egy\u00e9b kiad\u00e1sok fedez\u00e9s\u00e9re. Ez jogszer\u0171? <\/p>\n<div class=\"newlinediv\"><\/div>\n<p> A legt\u00f6bb esetben nem jogszer\u0171, hogy a munk\u00e1ltat\u00f3 a munkav\u00e1llal\u00f3 beleegyez\u00e9se n\u00e9lk\u00fcl levon\u00e1sokat eszk\u00f6z\u00f6lj\u00f6n a munkav\u00e1llal\u00f3 utols\u00f3 fizet\u00e9s\u00e9b\u0151l. Ez mag\u00e1ban foglalja az olyan dolgok levon\u00e1s\u00e1t is, mint az egyenruha, felszerel\u00e9s vagy egy\u00e9b kell\u00e9kek, amelyeket a munkav\u00e1llal\u00f3 a munkav\u00e9gz\u00e9s sor\u00e1n haszn\u00e1lhatott. A munk\u00e1ltat\u00f3 nem vonhat le p\u00e9nzt a munkav\u00e1llal\u00f3 fizet\u00e9s\u00e9b\u0151l a k\u00e9szp\u00e9nzhi\u00e1ny vagy m\u00e1s, a munkahelyen felmer\u00fcl\u0151 vesztes\u00e9gek k\u00f6lts\u00e9geinek fedez\u00e9s\u00e9re. <\/p>\n<div class=\"newlinediv\"><\/div>\n<p> Ha a munkav\u00e1llal\u00f3 tartozik a munk\u00e1ltat\u00f3j\u00e1nak, a munk\u00e1ltat\u00f3 \u00e1ltal\u00e1ban nem vonhatja le ezt a p\u00e9nzt a munkav\u00e1llal\u00f3 utols\u00f3 fizet\u00e9s\u00e9b\u0151l. Ehelyett a munk\u00e1ltat\u00f3nak m\u00e1s m\u00f3don kell behajtania a tartoz\u00e1st, p\u00e9ld\u00e1ul sz\u00e1ml\u00e1t kell k\u00fcldenie vagy jogi l\u00e9p\u00e9seket kell tennie. Egyes \u00e1llamokban a munk\u00e1ltat\u00f3knak lehet\u0151s\u00e9g\u00fck van arra, hogy a munkav\u00e1llal\u00f3 fizet\u00e9s\u00e9b\u0151l levon\u00e1sokat eszk\u00f6z\u00f6ljenek olyan dolgok miatt, mint a gyermektart\u00e1s vagy az ad\u00f3k\u00f6telezetts\u00e9gek, de ezeket a levon\u00e1sokat \u00e1ltal\u00e1ban t\u00f6rv\u00e9ny \u00edrja el\u0151. <\/p>\n<div class=\"newlinediv\"><\/div>\n<p> Egyes esetekben el\u0151fordulhat, hogy a munkav\u00e1llal\u00f3 egy\u00e1ltal\u00e1n nem kapja meg az utols\u00f3 fizet\u00e9s\u00e9t. Ez akkor fordulhat el\u0151, ha a munk\u00e1ltat\u00f3 nem tudja vagy nem akarja kifizetni a munkav\u00e1llal\u00f3t, vagy ha a munkav\u00e1llal\u00f3 b\u00e9r\u00e9t jogvita miatt visszatartj\u00e1k. Ha a munkav\u00e1llal\u00f3 utols\u00f3 fizet\u00e9s\u00e9t visszatartj\u00e1k, forduljon seg\u00edts\u00e9g\u00e9rt az \u00e1llam munka\u00fcgyi hivatal\u00e1hoz. <\/p>\n<div class=\"newlinediv\"><\/div>\n<p> \u00d6sszefoglalva, a munk\u00e1ltat\u00f3k \u00e1ltal\u00e1ban nem vonhatnak le a munkav\u00e1llal\u00f3 utols\u00f3 fizet\u00e9s\u00e9b\u0151l a munkav\u00e1llal\u00f3 beleegyez\u00e9se n\u00e9lk\u00fcl. Ha a munkav\u00e1llal\u00f3 tartozik a munk\u00e1ltat\u00f3j\u00e1nak, a munk\u00e1ltat\u00f3nak m\u00e1s m\u00f3don kell behajtania a tartoz\u00e1st. Ha a munkav\u00e1llal\u00f3 utols\u00f3 fizet\u00e9s\u00e9t visszatartj\u00e1k, forduljon seg\u00edts\u00e9g\u00e9rt az \u00e1llam munka\u00fcgyi hivatal\u00e1hoz. Mind a munk\u00e1ltat\u00f3k, mind a munkav\u00e1llal\u00f3k sz\u00e1m\u00e1ra fontos, hogy tiszt\u00e1ban legyenek a jogaik \u00e9s k\u00f6telezetts\u00e9geik az utols\u00f3 fizet\u00e9sekkel \u00e9s a be nem k\u00f6vetelt b\u00e9rekkel kapcsolatban.<\/p><\/div>\n","protected":false},"excerpt":{"rendered":"<p>Amikor egy munkav\u00e1llal\u00f3 kil\u00e9p a munkahely\u00e9r\u0151l, jogosult az utols\u00f3 fizet\u00e9s\u00e9re. Ennek a fizet\u00e9si csekknek tartalmaznia kell az \u00f6sszes megkeresett b\u00e9rt, valamint a felhalmozott szabads\u00e1got \u00e9s betegszabads\u00e1got. Egyes munk\u00e1ltat\u00f3k azonban megpr\u00f3b\u00e1lhatnak p\u00e9nzt levonni a munkav\u00e1llal\u00f3 utols\u00f3 fizet\u00e9s\u00e9b\u0151l ad\u00f3ss\u00e1gok vagy egy\u00e9b kiad\u00e1sok fedez\u00e9s\u00e9re. Ez jogszer\u0171? A legt\u00f6bb esetben nem jogszer\u0171, hogy a munk\u00e1ltat\u00f3 a munkav\u00e1llal\u00f3 beleegyez\u00e9se n\u00e9lk\u00fcl &#8230; <a title=\"Ig\u00e9nybe nem vett b\u00e9rek: Mit kell tudni az utols\u00f3 fizet\u00e9sr\u0151l\" class=\"read-more\" href=\"https:\/\/megnyitasa.com\/tudas\/igenybe-nem-vett-berek-mit-kell-tudni-az-utolso-fizetesrol\/\" aria-label=\"Read more about Ig\u00e9nybe nem vett b\u00e9rek: Mit kell tudni az utols\u00f3 fizet\u00e9sr\u0151l\">Read more<\/a><\/p>\n","protected":false},"author":1917,"featured_media":0,"comment_status":"closed","ping_status":"closed","sticky":false,"template":"","format":"standard","meta":{"footnotes":""},"categories":[28],"tags":[],"class_list":["post-15980","post","type-post","status-publish","format-standard","hentry","category-munkavallalok-kezelese"],"_links":{"self":[{"href":"https:\/\/megnyitasa.com\/tudas\/wp-json\/wp\/v2\/posts\/15980","targetHints":{"allow":["GET"]}}],"collection":[{"href":"https:\/\/megnyitasa.com\/tudas\/wp-json\/wp\/v2\/posts"}],"about":[{"href":"https:\/\/megnyitasa.com\/tudas\/wp-json\/wp\/v2\/types\/post"}],"author":[{"embeddable":true,"href":"https:\/\/megnyitasa.com\/tudas\/wp-json\/wp\/v2\/users\/1917"}],"replies":[{"embeddable":true,"href":"https:\/\/megnyitasa.com\/tudas\/wp-json\/wp\/v2\/comments?post=15980"}],"version-history":[{"count":0,"href":"https:\/\/megnyitasa.com\/tudas\/wp-json\/wp\/v2\/posts\/15980\/revisions"}],"wp:attachment":[{"href":"https:\/\/megnyitasa.com\/tudas\/wp-json\/wp\/v2\/media?parent=15980"}],"wp:term":[{"taxonomy":"category","embeddable":true,"href":"https:\/\/megnyitasa.com\/tudas\/wp-json\/wp\/v2\/categories?post=15980"},{"taxonomy":"post_tag","embeddable":true,"href":"https:\/\/megnyitasa.com\/tudas\/wp-json\/wp\/v2\/tags?post=15980"}],"curies":[{"name":"wp","href":"https:\/\/api.w.org\/{rel}","templated":true}]}}